{"id":27329,"date":"2022-08-18T18:03:31","date_gmt":"2022-08-18T21:03:31","guid":{"rendered":"https:\/\/verdadeon.com.br\/portal\/?p=27329"},"modified":"2022-08-18T18:00:34","modified_gmt":"2022-08-18T21:00:34","slug":"feac-abre-inscricoes-para-oficinas-de-historias-em-quadrinhos","status":"publish","type":"post","link":"https:\/\/verdadeon.com.br\/portal\/2022\/08\/18\/feac-abre-inscricoes-para-oficinas-de-historias-em-quadrinhos\/","title":{"rendered":"FEAC abre inscri\u00e7\u00f5es para Oficinas de Hist\u00f3rias em Quadrinhos"},"content":{"rendered":"<h2>S\u00e3o oferecidas 25 vagas para candidatos com no m\u00ednimo 16 anos de idade; aulas ser\u00e3o nos dias 1\u00ba e 2 de setembro<\/h2>\n<p>&nbsp;<\/p>\n<p><span style=\"font-weight: 400;\">A Feac (Funda\u00e7\u00e3o Esporte, Arte e Cultura) est\u00e1 com inscri\u00e7\u00f5es abertas para a \u201cOficina de Produ\u00e7\u00e3o de Quadrinhos\u201d, que ser\u00e1 ministrada atrav\u00e9s de uma parceria com o Governo do Estado, por meio da Secretaria de Cultura e Economia Criativa, Poiesis e Oficinas Culturais.<\/span><\/p>\n<p><span style=\"font-weight: 400;\">O curso gratuito \u00e9 destinado para pessoas com idade a partir de 16 anos que poder\u00e3o efetuar a inscri\u00e7\u00e3o pelo telefone (16) 3721-8692. Est\u00e3o dispon\u00edveis 25 vagas e as aulas ser\u00e3o ministradas nos dias 1\u00ba e 2 de setembro, das 15h \u00e0s 17h, na Casa da Cultura e do Artista Francano \u201cAbdias do Nascimento\u201d.<\/span><\/p>\n<p><span style=\"font-weight: 400;\">O respons\u00e1vel pela oficina ser\u00e1 Arnaldo Martinez de Bacco J\u00fanior, graduado em Hist\u00f3ria e em Pedagogia. Mestre e doutorando em Educa\u00e7\u00e3o, ele \u00e9 professor, zineiro, quadrinista, poeta e escritor, com v\u00e1rias publica\u00e7\u00f5es. \u00c9 membro da UEI (Uni\u00e3o dos Escritores Independentes) de Ribeir\u00e3o Preto, do grupo RPHQ e do Coletivo Z.\u00a0<\/span><\/p>\n<p><span style=\"font-weight: 400;\">A Oficina de Produ\u00e7\u00e3o de Quadrinhos pretende levar os participantes \u00e0 introdu\u00e7\u00e3o, conhecimento e dom\u00ednio da 9\u00aa arte, as Hist\u00f3rias em Quadrinhos, entendendo seu mecanismo e fun\u00e7\u00e3o social. Criando personagens, elaborando o roteiro, ilustrando, utilizando bal\u00f5es, diagramando a p\u00e1gina e deixando-a pronta para publicar.<\/span><\/p>\n<p><span style=\"font-weight: 400;\">Mais informa\u00e7\u00f5es poder\u00e3o ser obtidas pelo telefone (16) 3721-8692.<\/span><\/p>\n<p><b>Servi\u00e7o<\/b><\/p>\n<p><b>Oficina de Produ\u00e7\u00e3o de Quadrinhos\u00a0<\/b><\/p>\n<p><span style=\"font-weight: 400;\">Dias: 1\u00ba\/9 e 2\/9\/22 \u2013 15h \u00e0s 17h<\/span><\/p>\n<p><span style=\"font-weight: 400;\">Local: Casa da Cultura e do Artista Francano &#8216;Abdias do Nascimento&#8217;\u00a0<\/span><\/p>\n<p><span style=\"font-weight: 400;\">Rua Oscar Brasilino dos Santos, 1531 &#8211; Centro<\/span><\/p>\n<p>&nbsp;<\/p>\n","protected":false},"excerpt":{"rendered":"<p>S\u00e3o oferecidas 25 vagas para candidatos com no m\u00ednimo 16 anos de idade; aulas ser\u00e3o nos dias 1\u00ba e 2 de setembro &nbsp; A Feac (Funda\u00e7\u00e3o<span class=\"excerpt-hellip\"> [\u2026]<\/span><\/p>\n","protected":false},"author":10,"featured_media":27330,"comment_status":"open","ping_status":"open","sticky":false,"template":"","format":"standard","meta":{"_jetpack_memberships_contains_paid_content":false,"footnotes":"","jetpack_publicize_message":"","jetpack_publicize_feature_enabled":true,"jetpack_social_post_already_shared":false,"jetpack_social_options":{"image_generator_settings":{"template":"highway","default_image_id":0,"enabled":false},"version":2}},"categories":[28,44],"tags":[],"class_list":["post-27329","post","type-post","status-publish","format-standard","has-post-thumbnail","hentry","category-cotidiano","category-noticias"],"yoast_head":"<!-- This site is optimized with the Yoast SEO plugin v25.6 - https:\/\/yoast.com\/wordpress\/plugins\/seo\/ -->\n<title>FEAC abre inscri\u00e7\u00f5es para Oficinas de Hist\u00f3rias em Quadrinhos - VerdadeOn<\/title>\n<meta name=\"robots\" content=\"index, follow, max-snippet:-1, max-image-preview:large, max-video-preview:-1\" \/>\n<link rel=\"canonical\" href=\"https:\/\/verdadeon.com.br\/portal\/2022\/08\/18\/feac-abre-inscricoes-para-oficinas-de-historias-em-quadrinhos\/\" \/>\n<meta property=\"og:locale\" content=\"pt_BR\" \/>\n<meta property=\"og:type\" content=\"article\" \/>\n<meta property=\"og:title\" content=\"FEAC abre inscri\u00e7\u00f5es para Oficinas de Hist\u00f3rias em Quadrinhos - VerdadeOn\" \/>\n<meta property=\"og:description\" content=\"S\u00e3o oferecidas 25 vagas para candidatos com no m\u00ednimo 16 anos de idade; aulas ser\u00e3o nos dias 1\u00ba e 2 de setembro &nbsp; A Feac (Funda\u00e7\u00e3o [\u2026]\" \/>\n<meta property=\"og:url\" content=\"https:\/\/verdadeon.com.br\/portal\/2022\/08\/18\/feac-abre-inscricoes-para-oficinas-de-historias-em-quadrinhos\/\" \/>\n<meta property=\"og:site_name\" content=\"VerdadeOn\" \/>\n<meta property=\"article:published_time\" content=\"2022-08-18T21:03:31+00:00\" \/>\n<meta property=\"og:image\" content=\"https:\/\/verdadeon.com.br\/portal\/wp-content\/uploads\/2022\/08\/WhatsApp-Image-2022-08-18-at-17.57.05.jpeg\" \/>\n\t<meta property=\"og:image:width\" content=\"1000\" \/>\n\t<meta property=\"og:image:height\" content=\"670\" \/>\n\t<meta property=\"og:image:type\" content=\"image\/jpeg\" \/>\n<meta name=\"author\" content=\"Redacao VerdadeOn\" \/>\n<meta name=\"twitter:card\" content=\"summary_large_image\" \/>\n<meta name=\"twitter:label1\" content=\"Escrito por\" \/>\n\t<meta name=\"twitter:data1\" content=\"Redacao VerdadeOn\" \/>\n\t<meta name=\"twitter:label2\" content=\"Est. tempo de leitura\" \/>\n\t<meta name=\"twitter:data2\" content=\"2 minutos\" \/>\n<script type=\"application\/ld+json\" class=\"yoast-schema-graph\">{\"@context\":\"https:\/\/schema.org\",\"@graph\":[{\"@type\":\"WebPage\",\"@id\":\"https:\/\/verdadeon.com.br\/portal\/2022\/08\/18\/feac-abre-inscricoes-para-oficinas-de-historias-em-quadrinhos\/\",\"url\":\"https:\/\/verdadeon.com.br\/portal\/2022\/08\/18\/feac-abre-inscricoes-para-oficinas-de-historias-em-quadrinhos\/\",\"name\":\"FEAC abre inscri\u00e7\u00f5es para Oficinas de Hist\u00f3rias em Quadrinhos - VerdadeOn\",\"isPartOf\":{\"@id\":\"https:\/\/verdadeon.com.br\/portal\/#website\"},\"primaryImageOfPage\":{\"@id\":\"https:\/\/verdadeon.com.br\/portal\/2022\/08\/18\/feac-abre-inscricoes-para-oficinas-de-historias-em-quadrinhos\/#primaryimage\"},\"image\":{\"@id\":\"https:\/\/verdadeon.com.br\/portal\/2022\/08\/18\/feac-abre-inscricoes-para-oficinas-de-historias-em-quadrinhos\/#primaryimage\"},\"thumbnailUrl\":\"https:\/\/i0.wp.com\/verdadeon.com.br\/portal\/wp-content\/uploads\/2022\/08\/WhatsApp-Image-2022-08-18-at-17.57.05.jpeg?fit=1000%2C670&ssl=1\",\"datePublished\":\"2022-08-18T21:03:31+00:00\",\"author\":{\"@id\":\"https:\/\/verdadeon.com.br\/portal\/#\/schema\/person\/a5060ad1e9ea3df545188fc93ce43d2f\"},\"breadcrumb\":{\"@id\":\"https:\/\/verdadeon.com.br\/portal\/2022\/08\/18\/feac-abre-inscricoes-para-oficinas-de-historias-em-quadrinhos\/#breadcrumb\"},\"inLanguage\":\"pt-BR\",\"potentialAction\":[{\"@type\":\"ReadAction\",\"target\":[\"https:\/\/verdadeon.com.br\/portal\/2022\/08\/18\/feac-abre-inscricoes-para-oficinas-de-historias-em-quadrinhos\/\"]}]},{\"@type\":\"ImageObject\",\"inLanguage\":\"pt-BR\",\"@id\":\"https:\/\/verdadeon.com.br\/portal\/2022\/08\/18\/feac-abre-inscricoes-para-oficinas-de-historias-em-quadrinhos\/#primaryimage\",\"url\":\"https:\/\/i0.wp.com\/verdadeon.com.br\/portal\/wp-content\/uploads\/2022\/08\/WhatsApp-Image-2022-08-18-at-17.57.05.jpeg?fit=1000%2C670&ssl=1\",\"contentUrl\":\"https:\/\/i0.wp.com\/verdadeon.com.br\/portal\/wp-content\/uploads\/2022\/08\/WhatsApp-Image-2022-08-18-at-17.57.05.jpeg?fit=1000%2C670&ssl=1\",\"width\":1000,\"height\":670,\"caption\":\"A Oficina de Produ\u00e7\u00e3o de Quadrinhos ser\u00e1 na Casa da Cultura de Franca, e ministrada por Arnaldo Martinez de Bacco J\u00fanior, que \u00e9 professor, zineiro, quadrinista, poeta e escritor, com v\u00e1rias publica\u00e7\u00f5es\"},{\"@type\":\"BreadcrumbList\",\"@id\":\"https:\/\/verdadeon.com.br\/portal\/2022\/08\/18\/feac-abre-inscricoes-para-oficinas-de-historias-em-quadrinhos\/#breadcrumb\",\"itemListElement\":[{\"@type\":\"ListItem\",\"position\":1,\"name\":\"In\u00edcio\",\"item\":\"https:\/\/verdadeon.com.br\/portal\/\"},{\"@type\":\"ListItem\",\"position\":2,\"name\":\"FEAC abre inscri\u00e7\u00f5es para Oficinas de Hist\u00f3rias em Quadrinhos\"}]},{\"@type\":\"WebSite\",\"@id\":\"https:\/\/verdadeon.com.br\/portal\/#website\",\"url\":\"https:\/\/verdadeon.com.br\/portal\/\",\"name\":\"VerdadeOn\",\"description\":\"Not\u00edcias di\u00e1rias sobre Franca, Regi\u00e3o, Esporte, Cultura, Cotidiano, Colunas. Cobertura nos principais eventos da cidade \u00e9 aqui - Verdadeon Franca\",\"potentialAction\":[{\"@type\":\"SearchAction\",\"target\":{\"@type\":\"EntryPoint\",\"urlTemplate\":\"https:\/\/verdadeon.com.br\/portal\/?s={search_term_string}\"},\"query-input\":{\"@type\":\"PropertyValueSpecification\",\"valueRequired\":true,\"valueName\":\"search_term_string\"}}],\"inLanguage\":\"pt-BR\"},{\"@type\":\"Person\",\"@id\":\"https:\/\/verdadeon.com.br\/portal\/#\/schema\/person\/a5060ad1e9ea3df545188fc93ce43d2f\",\"name\":\"Redacao VerdadeOn\",\"image\":{\"@type\":\"ImageObject\",\"inLanguage\":\"pt-BR\",\"@id\":\"https:\/\/verdadeon.com.br\/portal\/#\/schema\/person\/image\/\",\"url\":\"https:\/\/secure.gravatar.com\/avatar\/459a9613caaaf07f582c3d0841eea68bdd66f533e465e6ba8b9cb45619572cf4?s=96&d=mm&r=g\",\"contentUrl\":\"https:\/\/secure.gravatar.com\/avatar\/459a9613caaaf07f582c3d0841eea68bdd66f533e465e6ba8b9cb45619572cf4?s=96&d=mm&r=g\",\"caption\":\"Redacao VerdadeOn\"},\"url\":\"https:\/\/verdadeon.com.br\/portal\/author\/redacao\/\"}]}<\/script>\n<!-- \/ Yoast SEO plugin. -->","yoast_head_json":{"title":"FEAC abre inscri\u00e7\u00f5es para Oficinas de Hist\u00f3rias em Quadrinhos - VerdadeOn","robots":{"index":"index","follow":"follow","max-snippet":"max-snippet:-1","max-image-preview":"max-image-preview:large","max-video-preview":"max-video-preview:-1"},"canonical":"https:\/\/verdadeon.com.br\/portal\/2022\/08\/18\/feac-abre-inscricoes-para-oficinas-de-historias-em-quadrinhos\/","og_locale":"pt_BR","og_type":"article","og_title":"FEAC abre inscri\u00e7\u00f5es para Oficinas de Hist\u00f3rias em Quadrinhos - VerdadeOn","og_description":"S\u00e3o oferecidas 25 vagas para candidatos com no m\u00ednimo 16 anos de idade; aulas ser\u00e3o nos dias 1\u00ba e 2 de setembro &nbsp; A Feac (Funda\u00e7\u00e3o [\u2026]","og_url":"https:\/\/verdadeon.com.br\/portal\/2022\/08\/18\/feac-abre-inscricoes-para-oficinas-de-historias-em-quadrinhos\/","og_site_name":"VerdadeOn","article_published_time":"2022-08-18T21:03:31+00:00","og_image":[{"width":1000,"height":670,"url":"https:\/\/verdadeon.com.br\/portal\/wp-content\/uploads\/2022\/08\/WhatsApp-Image-2022-08-18-at-17.57.05.jpeg","type":"image\/jpeg"}],"author":"Redacao VerdadeOn","twitter_card":"summary_large_image","twitter_misc":{"Escrito por":"Redacao VerdadeOn","Est. tempo de leitura":"2 minutos"},"schema":{"@context":"https:\/\/schema.org","@graph":[{"@type":"WebPage","@id":"https:\/\/verdadeon.com.br\/portal\/2022\/08\/18\/feac-abre-inscricoes-para-oficinas-de-historias-em-quadrinhos\/","url":"https:\/\/verdadeon.com.br\/portal\/2022\/08\/18\/feac-abre-inscricoes-para-oficinas-de-historias-em-quadrinhos\/","name":"FEAC abre inscri\u00e7\u00f5es para Oficinas de Hist\u00f3rias em Quadrinhos - VerdadeOn","isPartOf":{"@id":"https:\/\/verdadeon.com.br\/portal\/#website"},"primaryImageOfPage":{"@id":"https:\/\/verdadeon.com.br\/portal\/2022\/08\/18\/feac-abre-inscricoes-para-oficinas-de-historias-em-quadrinhos\/#primaryimage"},"image":{"@id":"https:\/\/verdadeon.com.br\/portal\/2022\/08\/18\/feac-abre-inscricoes-para-oficinas-de-historias-em-quadrinhos\/#primaryimage"},"thumbnailUrl":"https:\/\/i0.wp.com\/verdadeon.com.br\/portal\/wp-content\/uploads\/2022\/08\/WhatsApp-Image-2022-08-18-at-17.57.05.jpeg?fit=1000%2C670&ssl=1","datePublished":"2022-08-18T21:03:31+00:00","author":{"@id":"https:\/\/verdadeon.com.br\/portal\/#\/schema\/person\/a5060ad1e9ea3df545188fc93ce43d2f"},"breadcrumb":{"@id":"https:\/\/verdadeon.com.br\/portal\/2022\/08\/18\/feac-abre-inscricoes-para-oficinas-de-historias-em-quadrinhos\/#breadcrumb"},"inLanguage":"pt-BR","potentialAction":[{"@type":"ReadAction","target":["https:\/\/verdadeon.com.br\/portal\/2022\/08\/18\/feac-abre-inscricoes-para-oficinas-de-historias-em-quadrinhos\/"]}]},{"@type":"ImageObject","inLanguage":"pt-BR","@id":"https:\/\/verdadeon.com.br\/portal\/2022\/08\/18\/feac-abre-inscricoes-para-oficinas-de-historias-em-quadrinhos\/#primaryimage","url":"https:\/\/i0.wp.com\/verdadeon.com.br\/portal\/wp-content\/uploads\/2022\/08\/WhatsApp-Image-2022-08-18-at-17.57.05.jpeg?fit=1000%2C670&ssl=1","contentUrl":"https:\/\/i0.wp.com\/verdadeon.com.br\/portal\/wp-content\/uploads\/2022\/08\/WhatsApp-Image-2022-08-18-at-17.57.05.jpeg?fit=1000%2C670&ssl=1","width":1000,"height":670,"caption":"A Oficina de Produ\u00e7\u00e3o de Quadrinhos ser\u00e1 na Casa da Cultura de Franca, e ministrada por Arnaldo Martinez de Bacco J\u00fanior, que \u00e9 professor, zineiro, quadrinista, poeta e escritor, com v\u00e1rias publica\u00e7\u00f5es"},{"@type":"BreadcrumbList","@id":"https:\/\/verdadeon.com.br\/portal\/2022\/08\/18\/feac-abre-inscricoes-para-oficinas-de-historias-em-quadrinhos\/#breadcrumb","itemListElement":[{"@type":"ListItem","position":1,"name":"In\u00edcio","item":"https:\/\/verdadeon.com.br\/portal\/"},{"@type":"ListItem","position":2,"name":"FEAC abre inscri\u00e7\u00f5es para Oficinas de Hist\u00f3rias em Quadrinhos"}]},{"@type":"WebSite","@id":"https:\/\/verdadeon.com.br\/portal\/#website","url":"https:\/\/verdadeon.com.br\/portal\/","name":"VerdadeOn","description":"Not\u00edcias di\u00e1rias sobre Franca, Regi\u00e3o, Esporte, Cultura, Cotidiano, Colunas. Cobertura nos principais eventos da cidade \u00e9 aqui - Verdadeon Franca","potentialAction":[{"@type":"SearchAction","target":{"@type":"EntryPoint","urlTemplate":"https:\/\/verdadeon.com.br\/portal\/?s={search_term_string}"},"query-input":{"@type":"PropertyValueSpecification","valueRequired":true,"valueName":"search_term_string"}}],"inLanguage":"pt-BR"},{"@type":"Person","@id":"https:\/\/verdadeon.com.br\/portal\/#\/schema\/person\/a5060ad1e9ea3df545188fc93ce43d2f","name":"Redacao VerdadeOn","image":{"@type":"ImageObject","inLanguage":"pt-BR","@id":"https:\/\/verdadeon.com.br\/portal\/#\/schema\/person\/image\/","url":"https:\/\/secure.gravatar.com\/avatar\/459a9613caaaf07f582c3d0841eea68bdd66f533e465e6ba8b9cb45619572cf4?s=96&d=mm&r=g","contentUrl":"https:\/\/secure.gravatar.com\/avatar\/459a9613caaaf07f582c3d0841eea68bdd66f533e465e6ba8b9cb45619572cf4?s=96&d=mm&r=g","caption":"Redacao VerdadeOn"},"url":"https:\/\/verdadeon.com.br\/portal\/author\/redacao\/"}]}},"jetpack_publicize_connections":[],"jetpack_featured_media_url":"https:\/\/i0.wp.com\/verdadeon.com.br\/portal\/wp-content\/uploads\/2022\/08\/WhatsApp-Image-2022-08-18-at-17.57.05.jpeg?fit=1000%2C670&ssl=1","jetpack_sharing_enabled":true,"_links":{"self":[{"href":"https:\/\/verdadeon.com.br\/portal\/wp-json\/wp\/v2\/posts\/27329","targetHints":{"allow":["GET"]}}],"collection":[{"href":"https:\/\/verdadeon.com.br\/portal\/wp-json\/wp\/v2\/posts"}],"about":[{"href":"https:\/\/verdadeon.com.br\/portal\/wp-json\/wp\/v2\/types\/post"}],"author":[{"embeddable":true,"href":"https:\/\/verdadeon.com.br\/portal\/wp-json\/wp\/v2\/users\/10"}],"replies":[{"embeddable":true,"href":"https:\/\/verdadeon.com.br\/portal\/wp-json\/wp\/v2\/comments?post=27329"}],"version-history":[{"count":1,"href":"https:\/\/verdadeon.com.br\/portal\/wp-json\/wp\/v2\/posts\/27329\/revisions"}],"predecessor-version":[{"id":27331,"href":"https:\/\/verdadeon.com.br\/portal\/wp-json\/wp\/v2\/posts\/27329\/revisions\/27331"}],"wp:featuredmedia":[{"embeddable":true,"href":"https:\/\/verdadeon.com.br\/portal\/wp-json\/wp\/v2\/media\/27330"}],"wp:attachment":[{"href":"https:\/\/verdadeon.com.br\/portal\/wp-json\/wp\/v2\/media?parent=27329"}],"wp:term":[{"taxonomy":"category","embeddable":true,"href":"https:\/\/verdadeon.com.br\/portal\/wp-json\/wp\/v2\/categories?post=27329"},{"taxonomy":"post_tag","embeddable":true,"href":"https:\/\/verdadeon.com.br\/portal\/wp-json\/wp\/v2\/tags?post=27329"}],"curies":[{"name":"wp","href":"https:\/\/api.w.org\/{rel}","templated":true}]}}