{"id":27291,"date":"2022-08-17T16:02:08","date_gmt":"2022-08-17T19:02:08","guid":{"rendered":"https:\/\/verdadeon.com.br\/portal\/?p=27291"},"modified":"2022-08-17T16:02:08","modified_gmt":"2022-08-17T19:02:08","slug":"nova-onda-de-frio-e-chuva-atinge-franca-e-temperaturas-devem-chegar-a-11o","status":"publish","type":"post","link":"https:\/\/verdadeon.com.br\/portal\/2022\/08\/17\/nova-onda-de-frio-e-chuva-atinge-franca-e-temperaturas-devem-chegar-a-11o\/","title":{"rendered":"Nova onda de frio e chuva atinge Franca e temperaturas devem chegar a 11\u00ba"},"content":{"rendered":"<h2>Defesa Civil emitiu alerta por conta da queda acentuada de temperatura e fortes chuvas entre quinta-feira e domingo<\/h2>\n<p><span style=\"font-weight: 400;\">A Defesa Civil do Estado de S\u00e3o Paulo divulgou alerta para queda acentuada de temperatura, com frio intenso, e chuva forte em todo territ\u00f3rio paulista. A mudan\u00e7a clim\u00e1tica vai ser provocada por uma intensa massa de ar polar que avan\u00e7ar\u00e1 para o Estado. Para as regi\u00f5es de Franca, Ribeir\u00e3o Preto e Barretos, a Defesa emitiu aviso de risco meteorol\u00f3gico por causa da passagem da frente fria, que aumentar\u00e1 as condi\u00e7\u00f5es para chuvas e provocar\u00e1 queda de temperatura, com m\u00ednima de 11\u00ba. Na regi\u00e3o da Serra da Mantiqueira, o frio ser\u00e1 mais intenso e os term\u00f4metros podem marcar 2\u00ba.<\/span><\/p>\n<p><span style=\"font-weight: 400;\">\u201cDiante desse cen\u00e1rio, recomenda-se aten\u00e7\u00e3o especial \u00e0s pessoas mais vulner\u00e1veis, como idosos, crian\u00e7as e aquelas em situa\u00e7\u00e3o de rua, que s\u00e3o mais suscet\u00edveis a doen\u00e7as agravadas pelo frio. Fiquem atentos\u201d, afirmou o 1\u00ba Tenente PM Matheus Gon\u00e7alves Roncatto, da Defesa Civil, em v\u00eddeo divulgado nas redes sociais.<\/span><\/p>\n<p><span style=\"font-weight: 400;\">Segundo o \u00f3rg\u00e3o, a sensa\u00e7\u00e3o t\u00e9rmica pode ser ainda mais baixa dependendo da regi\u00e3o. Recomenda-se n\u00e3o fazer aquecimentos improvisados com fogueiras e manter hidrata\u00e7\u00e3o constante. Em casos de emerg\u00eancia, a popula\u00e7\u00e3o pode acionar a Defesa Civil atrav\u00e9s do telefone 199.<\/span><\/p>\n<p><span style=\"font-weight: 400;\">Mais informa\u00e7\u00f5es podem ser obtidas baixando o aplicativo Alerta SP, que al\u00e9m de informar sobre os alertas emitidos pela Defesa do Estado, apresenta recomenda\u00e7\u00f5es sobre o que fazer antes, durante e ap\u00f3s os per\u00edodos de baixas temperaturas.<\/span><\/p>\n<p>&nbsp;<\/p>\n","protected":false},"excerpt":{"rendered":"<p>Defesa Civil emitiu alerta por conta da queda acentuada de temperatura e fortes chuvas entre quinta-feira e domingo A Defesa Civil do Estado de S\u00e3o Paulo<span class=\"excerpt-hellip\"> [\u2026]<\/span><\/p>\n","protected":false},"author":12,"featured_media":27292,"comment_status":"open","ping_status":"open","sticky":false,"template":"","format":"standard","meta":{"_jetpack_memberships_contains_paid_content":false,"footnotes":"","jetpack_publicize_message":"","jetpack_publicize_feature_enabled":true,"jetpack_social_post_already_shared":false,"jetpack_social_options":{"image_generator_settings":{"template":"highway","default_image_id":0,"enabled":false},"version":2}},"categories":[28,81],"tags":[],"class_list":["post-27291","post","type-post","status-publish","format-standard","has-post-thumbnail","hentry","category-cotidiano","category-manchete"],"yoast_head":"<!-- This site is optimized with the Yoast SEO plugin v25.6 - https:\/\/yoast.com\/wordpress\/plugins\/seo\/ -->\n<title>Nova onda de frio e chuva atinge Franca e temperaturas devem chegar a 11\u00ba - VerdadeOn<\/title>\n<meta name=\"robots\" content=\"index, follow, max-snippet:-1, max-image-preview:large, max-video-preview:-1\" \/>\n<link rel=\"canonical\" href=\"https:\/\/verdadeon.com.br\/portal\/2022\/08\/17\/nova-onda-de-frio-e-chuva-atinge-franca-e-temperaturas-devem-chegar-a-11o\/\" \/>\n<meta property=\"og:locale\" content=\"pt_BR\" \/>\n<meta property=\"og:type\" content=\"article\" \/>\n<meta property=\"og:title\" content=\"Nova onda de frio e chuva atinge Franca e temperaturas devem chegar a 11\u00ba - VerdadeOn\" \/>\n<meta property=\"og:description\" content=\"Defesa Civil emitiu alerta por conta da queda acentuada de temperatura e fortes chuvas entre quinta-feira e domingo A Defesa Civil do Estado de S\u00e3o Paulo [\u2026]\" \/>\n<meta property=\"og:url\" content=\"https:\/\/verdadeon.com.br\/portal\/2022\/08\/17\/nova-onda-de-frio-e-chuva-atinge-franca-e-temperaturas-devem-chegar-a-11o\/\" \/>\n<meta property=\"og:site_name\" content=\"VerdadeOn\" \/>\n<meta property=\"article:published_time\" content=\"2022-08-17T19:02:08+00:00\" \/>\n<meta property=\"og:image\" content=\"https:\/\/verdadeon.com.br\/portal\/wp-content\/uploads\/2022\/08\/CLIMA-FRIO-EM-FRANCA-AGOSTO-2022.jpeg\" \/>\n\t<meta property=\"og:image:width\" content=\"1000\" \/>\n\t<meta property=\"og:image:height\" content=\"670\" \/>\n\t<meta property=\"og:image:type\" content=\"image\/jpeg\" \/>\n<meta name=\"author\" content=\"Nelise Luques\" \/>\n<meta name=\"twitter:card\" content=\"summary_large_image\" \/>\n<meta name=\"twitter:label1\" content=\"Escrito por\" \/>\n\t<meta name=\"twitter:data1\" content=\"Nelise Luques\" \/>\n\t<meta name=\"twitter:label2\" content=\"Est. tempo de leitura\" \/>\n\t<meta name=\"twitter:data2\" content=\"2 minutos\" \/>\n<script type=\"application\/ld+json\" class=\"yoast-schema-graph\">{\"@context\":\"https:\/\/schema.org\",\"@graph\":[{\"@type\":\"WebPage\",\"@id\":\"https:\/\/verdadeon.com.br\/portal\/2022\/08\/17\/nova-onda-de-frio-e-chuva-atinge-franca-e-temperaturas-devem-chegar-a-11o\/\",\"url\":\"https:\/\/verdadeon.com.br\/portal\/2022\/08\/17\/nova-onda-de-frio-e-chuva-atinge-franca-e-temperaturas-devem-chegar-a-11o\/\",\"name\":\"Nova onda de frio e chuva atinge Franca e temperaturas devem chegar a 11\u00ba - VerdadeOn\",\"isPartOf\":{\"@id\":\"https:\/\/verdadeon.com.br\/portal\/#website\"},\"primaryImageOfPage\":{\"@id\":\"https:\/\/verdadeon.com.br\/portal\/2022\/08\/17\/nova-onda-de-frio-e-chuva-atinge-franca-e-temperaturas-devem-chegar-a-11o\/#primaryimage\"},\"image\":{\"@id\":\"https:\/\/verdadeon.com.br\/portal\/2022\/08\/17\/nova-onda-de-frio-e-chuva-atinge-franca-e-temperaturas-devem-chegar-a-11o\/#primaryimage\"},\"thumbnailUrl\":\"https:\/\/i0.wp.com\/verdadeon.com.br\/portal\/wp-content\/uploads\/2022\/08\/CLIMA-FRIO-EM-FRANCA-AGOSTO-2022.jpeg?fit=1000%2C670&ssl=1\",\"datePublished\":\"2022-08-17T19:02:08+00:00\",\"author\":{\"@id\":\"https:\/\/verdadeon.com.br\/portal\/#\/schema\/person\/8248726d36015c1916636fabb175d972\"},\"breadcrumb\":{\"@id\":\"https:\/\/verdadeon.com.br\/portal\/2022\/08\/17\/nova-onda-de-frio-e-chuva-atinge-franca-e-temperaturas-devem-chegar-a-11o\/#breadcrumb\"},\"inLanguage\":\"pt-BR\",\"potentialAction\":[{\"@type\":\"ReadAction\",\"target\":[\"https:\/\/verdadeon.com.br\/portal\/2022\/08\/17\/nova-onda-de-frio-e-chuva-atinge-franca-e-temperaturas-devem-chegar-a-11o\/\"]}]},{\"@type\":\"ImageObject\",\"inLanguage\":\"pt-BR\",\"@id\":\"https:\/\/verdadeon.com.br\/portal\/2022\/08\/17\/nova-onda-de-frio-e-chuva-atinge-franca-e-temperaturas-devem-chegar-a-11o\/#primaryimage\",\"url\":\"https:\/\/i0.wp.com\/verdadeon.com.br\/portal\/wp-content\/uploads\/2022\/08\/CLIMA-FRIO-EM-FRANCA-AGOSTO-2022.jpeg?fit=1000%2C670&ssl=1\",\"contentUrl\":\"https:\/\/i0.wp.com\/verdadeon.com.br\/portal\/wp-content\/uploads\/2022\/08\/CLIMA-FRIO-EM-FRANCA-AGOSTO-2022.jpeg?fit=1000%2C670&ssl=1\",\"width\":1000,\"height\":670,\"caption\":\"Ciclone extratropical vindo do sul do pa\u00eds atinge regi\u00e3o Sudeste (\u00a9Fernando Calixto\/Jornal Verdade)\"},{\"@type\":\"BreadcrumbList\",\"@id\":\"https:\/\/verdadeon.com.br\/portal\/2022\/08\/17\/nova-onda-de-frio-e-chuva-atinge-franca-e-temperaturas-devem-chegar-a-11o\/#breadcrumb\",\"itemListElement\":[{\"@type\":\"ListItem\",\"position\":1,\"name\":\"In\u00edcio\",\"item\":\"https:\/\/verdadeon.com.br\/portal\/\"},{\"@type\":\"ListItem\",\"position\":2,\"name\":\"Nova onda de frio e chuva atinge Franca e temperaturas devem chegar a 11\u00ba\"}]},{\"@type\":\"WebSite\",\"@id\":\"https:\/\/verdadeon.com.br\/portal\/#website\",\"url\":\"https:\/\/verdadeon.com.br\/portal\/\",\"name\":\"VerdadeOn\",\"description\":\"Not\u00edcias di\u00e1rias sobre Franca, Regi\u00e3o, Esporte, Cultura, Cotidiano, Colunas. Cobertura nos principais eventos da cidade \u00e9 aqui - Verdadeon Franca\",\"potentialAction\":[{\"@type\":\"SearchAction\",\"target\":{\"@type\":\"EntryPoint\",\"urlTemplate\":\"https:\/\/verdadeon.com.br\/portal\/?s={search_term_string}\"},\"query-input\":{\"@type\":\"PropertyValueSpecification\",\"valueRequired\":true,\"valueName\":\"search_term_string\"}}],\"inLanguage\":\"pt-BR\"},{\"@type\":\"Person\",\"@id\":\"https:\/\/verdadeon.com.br\/portal\/#\/schema\/person\/8248726d36015c1916636fabb175d972\",\"name\":\"Nelise Luques\",\"image\":{\"@type\":\"ImageObject\",\"inLanguage\":\"pt-BR\",\"@id\":\"https:\/\/verdadeon.com.br\/portal\/#\/schema\/person\/image\/\",\"url\":\"https:\/\/secure.gravatar.com\/avatar\/29b2a17f5bcadeb827411b66f48ac13c3e0ecaf5906c0f5745ecc5d41c24eada?s=96&d=mm&r=g\",\"contentUrl\":\"https:\/\/secure.gravatar.com\/avatar\/29b2a17f5bcadeb827411b66f48ac13c3e0ecaf5906c0f5745ecc5d41c24eada?s=96&d=mm&r=g\",\"caption\":\"Nelise Luques\"},\"url\":\"https:\/\/verdadeon.com.br\/portal\/author\/verdade\/\"}]}<\/script>\n<!-- \/ Yoast SEO plugin. -->","yoast_head_json":{"title":"Nova onda de frio e chuva atinge Franca e temperaturas devem chegar a 11\u00ba - VerdadeOn","robots":{"index":"index","follow":"follow","max-snippet":"max-snippet:-1","max-image-preview":"max-image-preview:large","max-video-preview":"max-video-preview:-1"},"canonical":"https:\/\/verdadeon.com.br\/portal\/2022\/08\/17\/nova-onda-de-frio-e-chuva-atinge-franca-e-temperaturas-devem-chegar-a-11o\/","og_locale":"pt_BR","og_type":"article","og_title":"Nova onda de frio e chuva atinge Franca e temperaturas devem chegar a 11\u00ba - VerdadeOn","og_description":"Defesa Civil emitiu alerta por conta da queda acentuada de temperatura e fortes chuvas entre quinta-feira e domingo A Defesa Civil do Estado de S\u00e3o Paulo [\u2026]","og_url":"https:\/\/verdadeon.com.br\/portal\/2022\/08\/17\/nova-onda-de-frio-e-chuva-atinge-franca-e-temperaturas-devem-chegar-a-11o\/","og_site_name":"VerdadeOn","article_published_time":"2022-08-17T19:02:08+00:00","og_image":[{"width":1000,"height":670,"url":"https:\/\/verdadeon.com.br\/portal\/wp-content\/uploads\/2022\/08\/CLIMA-FRIO-EM-FRANCA-AGOSTO-2022.jpeg","type":"image\/jpeg"}],"author":"Nelise Luques","twitter_card":"summary_large_image","twitter_misc":{"Escrito por":"Nelise Luques","Est. tempo de leitura":"2 minutos"},"schema":{"@context":"https:\/\/schema.org","@graph":[{"@type":"WebPage","@id":"https:\/\/verdadeon.com.br\/portal\/2022\/08\/17\/nova-onda-de-frio-e-chuva-atinge-franca-e-temperaturas-devem-chegar-a-11o\/","url":"https:\/\/verdadeon.com.br\/portal\/2022\/08\/17\/nova-onda-de-frio-e-chuva-atinge-franca-e-temperaturas-devem-chegar-a-11o\/","name":"Nova onda de frio e chuva atinge Franca e temperaturas devem chegar a 11\u00ba - VerdadeOn","isPartOf":{"@id":"https:\/\/verdadeon.com.br\/portal\/#website"},"primaryImageOfPage":{"@id":"https:\/\/verdadeon.com.br\/portal\/2022\/08\/17\/nova-onda-de-frio-e-chuva-atinge-franca-e-temperaturas-devem-chegar-a-11o\/#primaryimage"},"image":{"@id":"https:\/\/verdadeon.com.br\/portal\/2022\/08\/17\/nova-onda-de-frio-e-chuva-atinge-franca-e-temperaturas-devem-chegar-a-11o\/#primaryimage"},"thumbnailUrl":"https:\/\/i0.wp.com\/verdadeon.com.br\/portal\/wp-content\/uploads\/2022\/08\/CLIMA-FRIO-EM-FRANCA-AGOSTO-2022.jpeg?fit=1000%2C670&ssl=1","datePublished":"2022-08-17T19:02:08+00:00","author":{"@id":"https:\/\/verdadeon.com.br\/portal\/#\/schema\/person\/8248726d36015c1916636fabb175d972"},"breadcrumb":{"@id":"https:\/\/verdadeon.com.br\/portal\/2022\/08\/17\/nova-onda-de-frio-e-chuva-atinge-franca-e-temperaturas-devem-chegar-a-11o\/#breadcrumb"},"inLanguage":"pt-BR","potentialAction":[{"@type":"ReadAction","target":["https:\/\/verdadeon.com.br\/portal\/2022\/08\/17\/nova-onda-de-frio-e-chuva-atinge-franca-e-temperaturas-devem-chegar-a-11o\/"]}]},{"@type":"ImageObject","inLanguage":"pt-BR","@id":"https:\/\/verdadeon.com.br\/portal\/2022\/08\/17\/nova-onda-de-frio-e-chuva-atinge-franca-e-temperaturas-devem-chegar-a-11o\/#primaryimage","url":"https:\/\/i0.wp.com\/verdadeon.com.br\/portal\/wp-content\/uploads\/2022\/08\/CLIMA-FRIO-EM-FRANCA-AGOSTO-2022.jpeg?fit=1000%2C670&ssl=1","contentUrl":"https:\/\/i0.wp.com\/verdadeon.com.br\/portal\/wp-content\/uploads\/2022\/08\/CLIMA-FRIO-EM-FRANCA-AGOSTO-2022.jpeg?fit=1000%2C670&ssl=1","width":1000,"height":670,"caption":"Ciclone extratropical vindo do sul do pa\u00eds atinge regi\u00e3o Sudeste (\u00a9Fernando Calixto\/Jornal Verdade)"},{"@type":"BreadcrumbList","@id":"https:\/\/verdadeon.com.br\/portal\/2022\/08\/17\/nova-onda-de-frio-e-chuva-atinge-franca-e-temperaturas-devem-chegar-a-11o\/#breadcrumb","itemListElement":[{"@type":"ListItem","position":1,"name":"In\u00edcio","item":"https:\/\/verdadeon.com.br\/portal\/"},{"@type":"ListItem","position":2,"name":"Nova onda de frio e chuva atinge Franca e temperaturas devem chegar a 11\u00ba"}]},{"@type":"WebSite","@id":"https:\/\/verdadeon.com.br\/portal\/#website","url":"https:\/\/verdadeon.com.br\/portal\/","name":"VerdadeOn","description":"Not\u00edcias di\u00e1rias sobre Franca, Regi\u00e3o, Esporte, Cultura, Cotidiano, Colunas. Cobertura nos principais eventos da cidade \u00e9 aqui - Verdadeon Franca","potentialAction":[{"@type":"SearchAction","target":{"@type":"EntryPoint","urlTemplate":"https:\/\/verdadeon.com.br\/portal\/?s={search_term_string}"},"query-input":{"@type":"PropertyValueSpecification","valueRequired":true,"valueName":"search_term_string"}}],"inLanguage":"pt-BR"},{"@type":"Person","@id":"https:\/\/verdadeon.com.br\/portal\/#\/schema\/person\/8248726d36015c1916636fabb175d972","name":"Nelise Luques","image":{"@type":"ImageObject","inLanguage":"pt-BR","@id":"https:\/\/verdadeon.com.br\/portal\/#\/schema\/person\/image\/","url":"https:\/\/secure.gravatar.com\/avatar\/29b2a17f5bcadeb827411b66f48ac13c3e0ecaf5906c0f5745ecc5d41c24eada?s=96&d=mm&r=g","contentUrl":"https:\/\/secure.gravatar.com\/avatar\/29b2a17f5bcadeb827411b66f48ac13c3e0ecaf5906c0f5745ecc5d41c24eada?s=96&d=mm&r=g","caption":"Nelise Luques"},"url":"https:\/\/verdadeon.com.br\/portal\/author\/verdade\/"}]}},"jetpack_publicize_connections":[],"jetpack_featured_media_url":"https:\/\/i0.wp.com\/verdadeon.com.br\/portal\/wp-content\/uploads\/2022\/08\/CLIMA-FRIO-EM-FRANCA-AGOSTO-2022.jpeg?fit=1000%2C670&ssl=1","jetpack_sharing_enabled":true,"_links":{"self":[{"href":"https:\/\/verdadeon.com.br\/portal\/wp-json\/wp\/v2\/posts\/27291","targetHints":{"allow":["GET"]}}],"collection":[{"href":"https:\/\/verdadeon.com.br\/portal\/wp-json\/wp\/v2\/posts"}],"about":[{"href":"https:\/\/verdadeon.com.br\/portal\/wp-json\/wp\/v2\/types\/post"}],"author":[{"embeddable":true,"href":"https:\/\/verdadeon.com.br\/portal\/wp-json\/wp\/v2\/users\/12"}],"replies":[{"embeddable":true,"href":"https:\/\/verdadeon.com.br\/portal\/wp-json\/wp\/v2\/comments?post=27291"}],"version-history":[{"count":1,"href":"https:\/\/verdadeon.com.br\/portal\/wp-json\/wp\/v2\/posts\/27291\/revisions"}],"predecessor-version":[{"id":27293,"href":"https:\/\/verdadeon.com.br\/portal\/wp-json\/wp\/v2\/posts\/27291\/revisions\/27293"}],"wp:featuredmedia":[{"embeddable":true,"href":"https:\/\/verdadeon.com.br\/portal\/wp-json\/wp\/v2\/media\/27292"}],"wp:attachment":[{"href":"https:\/\/verdadeon.com.br\/portal\/wp-json\/wp\/v2\/media?parent=27291"}],"wp:term":[{"taxonomy":"category","embeddable":true,"href":"https:\/\/verdadeon.com.br\/portal\/wp-json\/wp\/v2\/categories?post=27291"},{"taxonomy":"post_tag","embeddable":true,"href":"https:\/\/verdadeon.com.br\/portal\/wp-json\/wp\/v2\/tags?post=27291"}],"curies":[{"name":"wp","href":"https:\/\/api.w.org\/{rel}","templated":true}]}}