{"id":27219,"date":"2022-08-13T13:53:14","date_gmt":"2022-08-13T16:53:14","guid":{"rendered":"https:\/\/verdadeon.com.br\/portal\/?p=27219"},"modified":"2022-08-13T13:51:01","modified_gmt":"2022-08-13T16:51:01","slug":"ubss-ampliam-horario-e-passam-a-atender-ate-19h-a-partir-de-segunda-feira","status":"publish","type":"post","link":"https:\/\/verdadeon.com.br\/portal\/2022\/08\/13\/ubss-ampliam-horario-e-passam-a-atender-ate-19h-a-partir-de-segunda-feira\/","title":{"rendered":"UBSs ampliam hor\u00e1rio e passam a atender at\u00e9 19h a partir de segunda-feira"},"content":{"rendered":"<h2>Medida \u00e9 v\u00e1lida para as 15 Unidades B\u00e1sicas de Sa\u00fade, com realiza\u00e7\u00e3o de procedimentos de enfermagem e vacina\u00e7\u00e3o<\/h2>\n<p>&nbsp;<\/p>\n<p><span style=\"font-weight: 400;\">A popula\u00e7\u00e3o de Franca ter\u00e1 atendimento ampliado na rede de UBSs (Unidades B\u00e1sicas de Sa\u00fade) a partir desta segunda-feira (15), com uma hora a mais para o funcionamento, at\u00e9 \u00e0s 19h. Atualmente, as UBS funcionam no hor\u00e1rio das 7h \u00e0s 18h.<\/span><\/p>\n<p><span style=\"font-weight: 400;\">A Prefeitura informou que a medida est\u00e1 sendo adotada com o objetivo de atender \u00e0s pessoas que trabalham e ficam impossibilitadas de buscar o atendimento durante o dia, inclusive para completar o ciclo vacinal contra a Covid-19.<\/span><\/p>\n<p><span style=\"font-weight: 400;\">Com a extens\u00e3o no hor\u00e1rio de funcionamento das 15 UBSs da cidade, localizadas em diferentes bairros, ser\u00e3o intensificados os atendimentos de enfermagem, como aplica\u00e7\u00e3o de vacinas e os imunizantes de rotina dispon\u00edveis, diariamente, al\u00e9m de realiza\u00e7\u00e3o de curativos, agendamento de consultas e outros procedimentos.\u00a0<\/span><\/p>\n<p><span style=\"font-weight: 400;\">A abertura em hor\u00e1rio ampliado, inicialmente, ser\u00e1 exclusivamente para procedimentos de enfermagem, mas, com a realiza\u00e7\u00e3o de novo concurso p\u00fablico, o munic\u00edpio pretende contratar mais m\u00e9dicos para ampliar o atendimento com consultas\u00a0 tamb\u00e9m.<\/span><\/p>\n<p><span style=\"font-weight: 400;\">As unidades de ESF (Estrat\u00e9gia de Sa\u00fade da Fam\u00edlia) nos Jardins Palma, City Petr\u00f3polis, Esmeralda, Paineiras e Lu\u00edza permanecer\u00e3o com o funcionamento das 7h \u00e0s 17h.<\/span><\/p>\n<p><span style=\"font-weight: 400;\">Segundo a Prefeitura, nesta semana deve come\u00e7ar a constru\u00e7\u00e3o da UBS do City Petr\u00f3polis e est\u00e1 em andamento a licita\u00e7\u00e3o para a constru\u00e7\u00e3o de mais duas unidades, no Jardim Parati\/Ana Doroth\u00e9ia e outra no Jardim Paineiras\/S\u00e3o Domingos. Os investimentos para as tr\u00eas unidades ser\u00e3o superiores a R$ 7 milh\u00f5es.\u00a0<\/span><\/p>\n<p>&nbsp;<\/p>\n","protected":false},"excerpt":{"rendered":"<p>Medida \u00e9 v\u00e1lida para as 15 Unidades B\u00e1sicas de Sa\u00fade, com realiza\u00e7\u00e3o de procedimentos de enfermagem e vacina\u00e7\u00e3o &nbsp; A popula\u00e7\u00e3o de Franca ter\u00e1 atendimento ampliado<span class=\"excerpt-hellip\"> [\u2026]<\/span><\/p>\n","protected":false},"author":12,"featured_media":27220,"comment_status":"open","ping_status":"open","sticky":false,"template":"","format":"standard","meta":{"_jetpack_memberships_contains_paid_content":false,"footnotes":"","jetpack_publicize_message":"","jetpack_publicize_feature_enabled":true,"jetpack_social_post_already_shared":false,"jetpack_social_options":{"image_generator_settings":{"template":"highway","default_image_id":0,"enabled":false},"version":2}},"categories":[28,81],"tags":[],"class_list":["post-27219","post","type-post","status-publish","format-standard","has-post-thumbnail","hentry","category-cotidiano","category-manchete"],"yoast_head":"<!-- This site is optimized with the Yoast SEO plugin v25.6 - https:\/\/yoast.com\/wordpress\/plugins\/seo\/ -->\n<title>UBSs ampliam hor\u00e1rio e passam a atender at\u00e9 19h a partir de segunda-feira - VerdadeOn<\/title>\n<meta name=\"robots\" content=\"index, follow, max-snippet:-1, max-image-preview:large, max-video-preview:-1\" \/>\n<link rel=\"canonical\" href=\"https:\/\/verdadeon.com.br\/portal\/2022\/08\/13\/ubss-ampliam-horario-e-passam-a-atender-ate-19h-a-partir-de-segunda-feira\/\" \/>\n<meta property=\"og:locale\" content=\"pt_BR\" \/>\n<meta property=\"og:type\" content=\"article\" \/>\n<meta property=\"og:title\" content=\"UBSs ampliam hor\u00e1rio e passam a atender at\u00e9 19h a partir de segunda-feira - VerdadeOn\" \/>\n<meta property=\"og:description\" content=\"Medida \u00e9 v\u00e1lida para as 15 Unidades B\u00e1sicas de Sa\u00fade, com realiza\u00e7\u00e3o de procedimentos de enfermagem e vacina\u00e7\u00e3o &nbsp; A popula\u00e7\u00e3o de Franca ter\u00e1 atendimento ampliado [\u2026]\" \/>\n<meta property=\"og:url\" content=\"https:\/\/verdadeon.com.br\/portal\/2022\/08\/13\/ubss-ampliam-horario-e-passam-a-atender-ate-19h-a-partir-de-segunda-feira\/\" \/>\n<meta property=\"og:site_name\" content=\"VerdadeOn\" \/>\n<meta property=\"article:published_time\" content=\"2022-08-13T16:53:14+00:00\" \/>\n<meta property=\"og:image\" content=\"https:\/\/verdadeon.com.br\/portal\/wp-content\/uploads\/2022\/08\/FOTO-01.jpg\" \/>\n\t<meta property=\"og:image:width\" content=\"1920\" \/>\n\t<meta property=\"og:image:height\" content=\"1080\" \/>\n\t<meta property=\"og:image:type\" content=\"image\/jpeg\" \/>\n<meta name=\"author\" content=\"Nelise Luques\" \/>\n<meta name=\"twitter:card\" content=\"summary_large_image\" \/>\n<meta name=\"twitter:label1\" content=\"Escrito por\" \/>\n\t<meta name=\"twitter:data1\" content=\"Nelise Luques\" \/>\n\t<meta name=\"twitter:label2\" content=\"Est. tempo de leitura\" \/>\n\t<meta name=\"twitter:data2\" content=\"2 minutos\" \/>\n<script type=\"application\/ld+json\" class=\"yoast-schema-graph\">{\"@context\":\"https:\/\/schema.org\",\"@graph\":[{\"@type\":\"WebPage\",\"@id\":\"https:\/\/verdadeon.com.br\/portal\/2022\/08\/13\/ubss-ampliam-horario-e-passam-a-atender-ate-19h-a-partir-de-segunda-feira\/\",\"url\":\"https:\/\/verdadeon.com.br\/portal\/2022\/08\/13\/ubss-ampliam-horario-e-passam-a-atender-ate-19h-a-partir-de-segunda-feira\/\",\"name\":\"UBSs ampliam hor\u00e1rio e passam a atender at\u00e9 19h a partir de segunda-feira - VerdadeOn\",\"isPartOf\":{\"@id\":\"https:\/\/verdadeon.com.br\/portal\/#website\"},\"primaryImageOfPage\":{\"@id\":\"https:\/\/verdadeon.com.br\/portal\/2022\/08\/13\/ubss-ampliam-horario-e-passam-a-atender-ate-19h-a-partir-de-segunda-feira\/#primaryimage\"},\"image\":{\"@id\":\"https:\/\/verdadeon.com.br\/portal\/2022\/08\/13\/ubss-ampliam-horario-e-passam-a-atender-ate-19h-a-partir-de-segunda-feira\/#primaryimage\"},\"thumbnailUrl\":\"https:\/\/i0.wp.com\/verdadeon.com.br\/portal\/wp-content\/uploads\/2022\/08\/FOTO-01.jpg?fit=1920%2C1080&ssl=1\",\"datePublished\":\"2022-08-13T16:53:14+00:00\",\"author\":{\"@id\":\"https:\/\/verdadeon.com.br\/portal\/#\/schema\/person\/8248726d36015c1916636fabb175d972\"},\"breadcrumb\":{\"@id\":\"https:\/\/verdadeon.com.br\/portal\/2022\/08\/13\/ubss-ampliam-horario-e-passam-a-atender-ate-19h-a-partir-de-segunda-feira\/#breadcrumb\"},\"inLanguage\":\"pt-BR\",\"potentialAction\":[{\"@type\":\"ReadAction\",\"target\":[\"https:\/\/verdadeon.com.br\/portal\/2022\/08\/13\/ubss-ampliam-horario-e-passam-a-atender-ate-19h-a-partir-de-segunda-feira\/\"]}]},{\"@type\":\"ImageObject\",\"inLanguage\":\"pt-BR\",\"@id\":\"https:\/\/verdadeon.com.br\/portal\/2022\/08\/13\/ubss-ampliam-horario-e-passam-a-atender-ate-19h-a-partir-de-segunda-feira\/#primaryimage\",\"url\":\"https:\/\/i0.wp.com\/verdadeon.com.br\/portal\/wp-content\/uploads\/2022\/08\/FOTO-01.jpg?fit=1920%2C1080&ssl=1\",\"contentUrl\":\"https:\/\/i0.wp.com\/verdadeon.com.br\/portal\/wp-content\/uploads\/2022\/08\/FOTO-01.jpg?fit=1920%2C1080&ssl=1\",\"width\":1920,\"height\":1080,\"caption\":\"A partir de segunda (15), as 15 UBSs de Franca passam a atender at\u00e9 as 19h; futuramente, consultas m\u00e9dicas tamb\u00e9m ter\u00e3o expediente ampliado | Foto: Divulga\u00e7\u00e3o\"},{\"@type\":\"BreadcrumbList\",\"@id\":\"https:\/\/verdadeon.com.br\/portal\/2022\/08\/13\/ubss-ampliam-horario-e-passam-a-atender-ate-19h-a-partir-de-segunda-feira\/#breadcrumb\",\"itemListElement\":[{\"@type\":\"ListItem\",\"position\":1,\"name\":\"In\u00edcio\",\"item\":\"https:\/\/verdadeon.com.br\/portal\/\"},{\"@type\":\"ListItem\",\"position\":2,\"name\":\"UBSs ampliam hor\u00e1rio e passam a atender at\u00e9 19h a partir de segunda-feira\"}]},{\"@type\":\"WebSite\",\"@id\":\"https:\/\/verdadeon.com.br\/portal\/#website\",\"url\":\"https:\/\/verdadeon.com.br\/portal\/\",\"name\":\"VerdadeOn\",\"description\":\"Not\u00edcias di\u00e1rias sobre Franca, Regi\u00e3o, Esporte, Cultura, Cotidiano, Colunas. Cobertura nos principais eventos da cidade \u00e9 aqui - Verdadeon Franca\",\"potentialAction\":[{\"@type\":\"SearchAction\",\"target\":{\"@type\":\"EntryPoint\",\"urlTemplate\":\"https:\/\/verdadeon.com.br\/portal\/?s={search_term_string}\"},\"query-input\":{\"@type\":\"PropertyValueSpecification\",\"valueRequired\":true,\"valueName\":\"search_term_string\"}}],\"inLanguage\":\"pt-BR\"},{\"@type\":\"Person\",\"@id\":\"https:\/\/verdadeon.com.br\/portal\/#\/schema\/person\/8248726d36015c1916636fabb175d972\",\"name\":\"Nelise Luques\",\"image\":{\"@type\":\"ImageObject\",\"inLanguage\":\"pt-BR\",\"@id\":\"https:\/\/verdadeon.com.br\/portal\/#\/schema\/person\/image\/\",\"url\":\"https:\/\/secure.gravatar.com\/avatar\/29b2a17f5bcadeb827411b66f48ac13c3e0ecaf5906c0f5745ecc5d41c24eada?s=96&d=mm&r=g\",\"contentUrl\":\"https:\/\/secure.gravatar.com\/avatar\/29b2a17f5bcadeb827411b66f48ac13c3e0ecaf5906c0f5745ecc5d41c24eada?s=96&d=mm&r=g\",\"caption\":\"Nelise Luques\"},\"url\":\"https:\/\/verdadeon.com.br\/portal\/author\/verdade\/\"}]}<\/script>\n<!-- \/ Yoast SEO plugin. -->","yoast_head_json":{"title":"UBSs ampliam hor\u00e1rio e passam a atender at\u00e9 19h a partir de segunda-feira - VerdadeOn","robots":{"index":"index","follow":"follow","max-snippet":"max-snippet:-1","max-image-preview":"max-image-preview:large","max-video-preview":"max-video-preview:-1"},"canonical":"https:\/\/verdadeon.com.br\/portal\/2022\/08\/13\/ubss-ampliam-horario-e-passam-a-atender-ate-19h-a-partir-de-segunda-feira\/","og_locale":"pt_BR","og_type":"article","og_title":"UBSs ampliam hor\u00e1rio e passam a atender at\u00e9 19h a partir de segunda-feira - VerdadeOn","og_description":"Medida \u00e9 v\u00e1lida para as 15 Unidades B\u00e1sicas de Sa\u00fade, com realiza\u00e7\u00e3o de procedimentos de enfermagem e vacina\u00e7\u00e3o &nbsp; A popula\u00e7\u00e3o de Franca ter\u00e1 atendimento ampliado [\u2026]","og_url":"https:\/\/verdadeon.com.br\/portal\/2022\/08\/13\/ubss-ampliam-horario-e-passam-a-atender-ate-19h-a-partir-de-segunda-feira\/","og_site_name":"VerdadeOn","article_published_time":"2022-08-13T16:53:14+00:00","og_image":[{"width":1920,"height":1080,"url":"https:\/\/verdadeon.com.br\/portal\/wp-content\/uploads\/2022\/08\/FOTO-01.jpg","type":"image\/jpeg"}],"author":"Nelise Luques","twitter_card":"summary_large_image","twitter_misc":{"Escrito por":"Nelise Luques","Est. tempo de leitura":"2 minutos"},"schema":{"@context":"https:\/\/schema.org","@graph":[{"@type":"WebPage","@id":"https:\/\/verdadeon.com.br\/portal\/2022\/08\/13\/ubss-ampliam-horario-e-passam-a-atender-ate-19h-a-partir-de-segunda-feira\/","url":"https:\/\/verdadeon.com.br\/portal\/2022\/08\/13\/ubss-ampliam-horario-e-passam-a-atender-ate-19h-a-partir-de-segunda-feira\/","name":"UBSs ampliam hor\u00e1rio e passam a atender at\u00e9 19h a partir de segunda-feira - VerdadeOn","isPartOf":{"@id":"https:\/\/verdadeon.com.br\/portal\/#website"},"primaryImageOfPage":{"@id":"https:\/\/verdadeon.com.br\/portal\/2022\/08\/13\/ubss-ampliam-horario-e-passam-a-atender-ate-19h-a-partir-de-segunda-feira\/#primaryimage"},"image":{"@id":"https:\/\/verdadeon.com.br\/portal\/2022\/08\/13\/ubss-ampliam-horario-e-passam-a-atender-ate-19h-a-partir-de-segunda-feira\/#primaryimage"},"thumbnailUrl":"https:\/\/i0.wp.com\/verdadeon.com.br\/portal\/wp-content\/uploads\/2022\/08\/FOTO-01.jpg?fit=1920%2C1080&ssl=1","datePublished":"2022-08-13T16:53:14+00:00","author":{"@id":"https:\/\/verdadeon.com.br\/portal\/#\/schema\/person\/8248726d36015c1916636fabb175d972"},"breadcrumb":{"@id":"https:\/\/verdadeon.com.br\/portal\/2022\/08\/13\/ubss-ampliam-horario-e-passam-a-atender-ate-19h-a-partir-de-segunda-feira\/#breadcrumb"},"inLanguage":"pt-BR","potentialAction":[{"@type":"ReadAction","target":["https:\/\/verdadeon.com.br\/portal\/2022\/08\/13\/ubss-ampliam-horario-e-passam-a-atender-ate-19h-a-partir-de-segunda-feira\/"]}]},{"@type":"ImageObject","inLanguage":"pt-BR","@id":"https:\/\/verdadeon.com.br\/portal\/2022\/08\/13\/ubss-ampliam-horario-e-passam-a-atender-ate-19h-a-partir-de-segunda-feira\/#primaryimage","url":"https:\/\/i0.wp.com\/verdadeon.com.br\/portal\/wp-content\/uploads\/2022\/08\/FOTO-01.jpg?fit=1920%2C1080&ssl=1","contentUrl":"https:\/\/i0.wp.com\/verdadeon.com.br\/portal\/wp-content\/uploads\/2022\/08\/FOTO-01.jpg?fit=1920%2C1080&ssl=1","width":1920,"height":1080,"caption":"A partir de segunda (15), as 15 UBSs de Franca passam a atender at\u00e9 as 19h; futuramente, consultas m\u00e9dicas tamb\u00e9m ter\u00e3o expediente ampliado | Foto: Divulga\u00e7\u00e3o"},{"@type":"BreadcrumbList","@id":"https:\/\/verdadeon.com.br\/portal\/2022\/08\/13\/ubss-ampliam-horario-e-passam-a-atender-ate-19h-a-partir-de-segunda-feira\/#breadcrumb","itemListElement":[{"@type":"ListItem","position":1,"name":"In\u00edcio","item":"https:\/\/verdadeon.com.br\/portal\/"},{"@type":"ListItem","position":2,"name":"UBSs ampliam hor\u00e1rio e passam a atender at\u00e9 19h a partir de segunda-feira"}]},{"@type":"WebSite","@id":"https:\/\/verdadeon.com.br\/portal\/#website","url":"https:\/\/verdadeon.com.br\/portal\/","name":"VerdadeOn","description":"Not\u00edcias di\u00e1rias sobre Franca, Regi\u00e3o, Esporte, Cultura, Cotidiano, Colunas. Cobertura nos principais eventos da cidade \u00e9 aqui - Verdadeon Franca","potentialAction":[{"@type":"SearchAction","target":{"@type":"EntryPoint","urlTemplate":"https:\/\/verdadeon.com.br\/portal\/?s={search_term_string}"},"query-input":{"@type":"PropertyValueSpecification","valueRequired":true,"valueName":"search_term_string"}}],"inLanguage":"pt-BR"},{"@type":"Person","@id":"https:\/\/verdadeon.com.br\/portal\/#\/schema\/person\/8248726d36015c1916636fabb175d972","name":"Nelise Luques","image":{"@type":"ImageObject","inLanguage":"pt-BR","@id":"https:\/\/verdadeon.com.br\/portal\/#\/schema\/person\/image\/","url":"https:\/\/secure.gravatar.com\/avatar\/29b2a17f5bcadeb827411b66f48ac13c3e0ecaf5906c0f5745ecc5d41c24eada?s=96&d=mm&r=g","contentUrl":"https:\/\/secure.gravatar.com\/avatar\/29b2a17f5bcadeb827411b66f48ac13c3e0ecaf5906c0f5745ecc5d41c24eada?s=96&d=mm&r=g","caption":"Nelise Luques"},"url":"https:\/\/verdadeon.com.br\/portal\/author\/verdade\/"}]}},"jetpack_publicize_connections":[],"jetpack_featured_media_url":"https:\/\/i0.wp.com\/verdadeon.com.br\/portal\/wp-content\/uploads\/2022\/08\/FOTO-01.jpg?fit=1920%2C1080&ssl=1","jetpack_sharing_enabled":true,"_links":{"self":[{"href":"https:\/\/verdadeon.com.br\/portal\/wp-json\/wp\/v2\/posts\/27219","targetHints":{"allow":["GET"]}}],"collection":[{"href":"https:\/\/verdadeon.com.br\/portal\/wp-json\/wp\/v2\/posts"}],"about":[{"href":"https:\/\/verdadeon.com.br\/portal\/wp-json\/wp\/v2\/types\/post"}],"author":[{"embeddable":true,"href":"https:\/\/verdadeon.com.br\/portal\/wp-json\/wp\/v2\/users\/12"}],"replies":[{"embeddable":true,"href":"https:\/\/verdadeon.com.br\/portal\/wp-json\/wp\/v2\/comments?post=27219"}],"version-history":[{"count":1,"href":"https:\/\/verdadeon.com.br\/portal\/wp-json\/wp\/v2\/posts\/27219\/revisions"}],"predecessor-version":[{"id":27221,"href":"https:\/\/verdadeon.com.br\/portal\/wp-json\/wp\/v2\/posts\/27219\/revisions\/27221"}],"wp:featuredmedia":[{"embeddable":true,"href":"https:\/\/verdadeon.com.br\/portal\/wp-json\/wp\/v2\/media\/27220"}],"wp:attachment":[{"href":"https:\/\/verdadeon.com.br\/portal\/wp-json\/wp\/v2\/media?parent=27219"}],"wp:term":[{"taxonomy":"category","embeddable":true,"href":"https:\/\/verdadeon.com.br\/portal\/wp-json\/wp\/v2\/categories?post=27219"},{"taxonomy":"post_tag","embeddable":true,"href":"https:\/\/verdadeon.com.br\/portal\/wp-json\/wp\/v2\/tags?post=27219"}],"curies":[{"name":"wp","href":"https:\/\/api.w.org\/{rel}","templated":true}]}}