{"id":27168,"date":"2022-08-11T17:03:15","date_gmt":"2022-08-11T20:03:15","guid":{"rendered":"https:\/\/verdadeon.com.br\/portal\/?p=27168"},"modified":"2022-08-11T17:00:24","modified_gmt":"2022-08-11T20:00:24","slug":"camara-de-franca-implanta-vaga-de-estacionamento-reservada-para-autistas","status":"publish","type":"post","link":"https:\/\/verdadeon.com.br\/portal\/2022\/08\/11\/camara-de-franca-implanta-vaga-de-estacionamento-reservada-para-autistas\/","title":{"rendered":"C\u00e2mara de Franca implanta vaga de estacionamento reservada para autistas"},"content":{"rendered":"<h2>Medida cumpre lei municipal rec\u00e9m-aprovada pelos vereadores. Outros locais t\u00eam 120 dias para se adaptarem<\/h2>\n<p>&nbsp;<\/p>\n<p><span style=\"font-weight: 400;\">A C\u00e2mara Municipal de Franca implantou em seu estacionamento destinado ao p\u00fablico, na parte externa do pr\u00e9dio, uma vaga reservada \u00e0s pessoas com Transtorno do Espectro Autista \u2013 TEA.\u00a0\u00a0<\/span><\/p>\n<p><span style=\"font-weight: 400;\">A medida cumpre a Lei 9.181\/2022, que prev\u00ea a obriga\u00e7\u00e3o para estabelecimentos privados com \u00e1rea superior a 1,5 mil metros quadrados que disponibilizam vagas de estacionamento preferenciais reservadas \u00e0s pessoas com defici\u00eancias a reservar vagas para pessoas autistas.<\/span><\/p>\n<p><span style=\"font-weight: 400;\">As \u00e1reas devem conter sinaliza\u00e7\u00e3o com placas indicativas e tamb\u00e9m com a demarca\u00e7\u00e3o horizontal com o S\u00edmbolo Mundial de Conscientiza\u00e7\u00e3o do Autismo.<\/span><\/p>\n<p><span style=\"font-weight: 400;\">O tema proposto pelos vereadores Donizete da Farm\u00e1cia (MDB) e Daniel Bassi (PSDB) tamb\u00e9m contou com apoio na elabora\u00e7\u00e3o dos vereadores Marcelo Tidy (Uni\u00e3o) e Ronaldo Carvalho (Cidadania) e foi aprovado no dia 5 de abril de 2022.<\/span><\/p>\n<p><span style=\"font-weight: 400;\">O projeto chegou a ser vetado pelo prefeito Alexandre Ferreira (MDB), submetido a uma nova an\u00e1lise das Comiss\u00f5es, e o veto foi rejeitado em Plen\u00e1rio.\u00a0 A mat\u00e9ria foi transformada em lei por promulga\u00e7\u00e3o sendo publicada no Di\u00e1rio Oficial do Munic\u00edpio no dia 20 de maio de 2022.<\/span><\/p>\n<p><span style=\"font-weight: 400;\">\u201cEstou muito feliz porque a C\u00e2mara Municipal \u00e9 a primeira a instalar a vaga reservada ao autista, mais um benef\u00edcio que vem dar qualidade de vida aos autistas e familiares\u201d, comentou o vereador Donizete.\u00a0<\/span><\/p>\n<p><span style=\"font-weight: 400;\">Ainda de acordo com a lei, os estabelecimentos ter\u00e3o prazo de 120 (cento e vinte) dias para se adequarem.<\/span><\/p>\n<h4><span style=\"font-weight: 400;\">Em an\u00e1lise nas Comiss\u00f5es<\/span><\/h4>\n<p><span style=\"font-weight: 400;\">As Comiss\u00f5es de Legisla\u00e7\u00e3o, Justi\u00e7a e Reda\u00e7\u00e3o e de Finan\u00e7as e Or\u00e7amento se re\u00fanem na manh\u00e3 desta sexta-feira (12), a partir das 9h, no Plen\u00e1rio, para an\u00e1lise dos projetos em tramita\u00e7\u00e3o na C\u00e2mara Municipal de Franca.<\/span><\/p>\n<p><span style=\"font-weight: 400;\">Em pauta est\u00e3o dois assuntos, sendo um deles o projeto de lei de autoria do prefeito Alexandre Ferreira (MDB) que disp\u00f5e sobre a celebra\u00e7\u00e3o de acordo de coopera\u00e7\u00e3o com a Esac (Escola de Aprendizagem e Cidadania) de Franca. Trata-se de parceria visando a utiliza\u00e7\u00e3o do pr\u00e9dio p\u00fablico localizado no centro da Pra\u00e7a Bar\u00e3o (antigo \u201cQuiosque do Artes\u00e3o\u201d).<\/span><\/p>\n<p><span style=\"font-weight: 400;\">O prefeito justifica que \u201ccom a cess\u00e3o do pr\u00e9dio, a ESAC garantir\u00e1 a manuten\u00e7\u00e3o e conserva\u00e7\u00e3o do mesmo, al\u00e9m de facilitar o acesso da popula\u00e7\u00e3o aos cart\u00f5es de estacionamento e servir como ponto de informa\u00e7\u00f5es tur\u00edsticas municipais\u201d.<\/span><\/p>\n<p><span style=\"font-weight: 400;\">As comiss\u00f5es analisam tamb\u00e9m o projeto de lei que institui e inclui no calend\u00e1rio oficial de eventos do munic\u00edpio de Franca a Semana Municipal de Conscientiza\u00e7\u00e3o Sobre o Uso Correto das Cal\u00e7adas no munic\u00edpio de Franca.<\/span><\/p>\n<p><span style=\"font-weight: 400;\">O vereador Ilton Ferreira destaca que \u201co Poder Executivo poder\u00e1 realizar a\u00e7\u00f5es de conscientiza\u00e7\u00e3o para que a comunidade desenvolva uma mudan\u00e7a no padr\u00e3o cultural e mantenha suas cal\u00e7adas destinadas exclusivamente \u00e0 livre circula\u00e7\u00e3o de pedestres\u201d.<\/span><\/p>\n<p>&nbsp;<\/p>\n","protected":false},"excerpt":{"rendered":"<p>Medida cumpre lei municipal rec\u00e9m-aprovada pelos vereadores. Outros locais t\u00eam 120 dias para se adaptarem &nbsp; A C\u00e2mara Municipal de Franca implantou em seu estacionamento destinado<span class=\"excerpt-hellip\"> [\u2026]<\/span><\/p>\n","protected":false},"author":10,"featured_media":27170,"comment_status":"open","ping_status":"open","sticky":false,"template":"","format":"standard","meta":{"_jetpack_memberships_contains_paid_content":false,"footnotes":"","jetpack_publicize_message":"","jetpack_publicize_feature_enabled":true,"jetpack_social_post_already_shared":false,"jetpack_social_options":{"image_generator_settings":{"template":"highway","default_image_id":0,"enabled":false},"version":2}},"categories":[28,44],"tags":[],"class_list":["post-27168","post","type-post","status-publish","format-standard","has-post-thumbnail","hentry","category-cotidiano","category-noticias"],"yoast_head":"<!-- This site is optimized with the Yoast SEO plugin v25.6 - https:\/\/yoast.com\/wordpress\/plugins\/seo\/ -->\n<title>C\u00e2mara de Franca implanta vaga de estacionamento reservada para autistas - VerdadeOn<\/title>\n<meta name=\"robots\" content=\"index, follow, max-snippet:-1, max-image-preview:large, max-video-preview:-1\" \/>\n<link rel=\"canonical\" href=\"https:\/\/verdadeon.com.br\/portal\/2022\/08\/11\/camara-de-franca-implanta-vaga-de-estacionamento-reservada-para-autistas\/\" \/>\n<meta property=\"og:locale\" content=\"pt_BR\" \/>\n<meta property=\"og:type\" content=\"article\" \/>\n<meta property=\"og:title\" content=\"C\u00e2mara de Franca implanta vaga de estacionamento reservada para autistas - VerdadeOn\" \/>\n<meta property=\"og:description\" content=\"Medida cumpre lei municipal rec\u00e9m-aprovada pelos vereadores. Outros locais t\u00eam 120 dias para se adaptarem &nbsp; A C\u00e2mara Municipal de Franca implantou em seu estacionamento destinado [\u2026]\" \/>\n<meta property=\"og:url\" content=\"https:\/\/verdadeon.com.br\/portal\/2022\/08\/11\/camara-de-franca-implanta-vaga-de-estacionamento-reservada-para-autistas\/\" \/>\n<meta property=\"og:site_name\" content=\"VerdadeOn\" \/>\n<meta property=\"article:published_time\" content=\"2022-08-11T20:03:15+00:00\" \/>\n<meta property=\"og:image\" content=\"https:\/\/verdadeon.com.br\/portal\/wp-content\/uploads\/2022\/08\/fachadaplenario2022-2-1.jpeg\" \/>\n\t<meta property=\"og:image:width\" content=\"930\" \/>\n\t<meta property=\"og:image:height\" content=\"558\" \/>\n\t<meta property=\"og:image:type\" content=\"image\/jpeg\" \/>\n<meta name=\"author\" content=\"Redacao VerdadeOn\" \/>\n<meta name=\"twitter:card\" content=\"summary_large_image\" \/>\n<meta name=\"twitter:label1\" content=\"Escrito por\" \/>\n\t<meta name=\"twitter:data1\" content=\"Redacao VerdadeOn\" \/>\n\t<meta name=\"twitter:label2\" content=\"Est. tempo de leitura\" \/>\n\t<meta name=\"twitter:data2\" content=\"3 minutos\" \/>\n<script type=\"application\/ld+json\" class=\"yoast-schema-graph\">{\"@context\":\"https:\/\/schema.org\",\"@graph\":[{\"@type\":\"WebPage\",\"@id\":\"https:\/\/verdadeon.com.br\/portal\/2022\/08\/11\/camara-de-franca-implanta-vaga-de-estacionamento-reservada-para-autistas\/\",\"url\":\"https:\/\/verdadeon.com.br\/portal\/2022\/08\/11\/camara-de-franca-implanta-vaga-de-estacionamento-reservada-para-autistas\/\",\"name\":\"C\u00e2mara de Franca implanta vaga de estacionamento reservada para autistas - VerdadeOn\",\"isPartOf\":{\"@id\":\"https:\/\/verdadeon.com.br\/portal\/#website\"},\"primaryImageOfPage\":{\"@id\":\"https:\/\/verdadeon.com.br\/portal\/2022\/08\/11\/camara-de-franca-implanta-vaga-de-estacionamento-reservada-para-autistas\/#primaryimage\"},\"image\":{\"@id\":\"https:\/\/verdadeon.com.br\/portal\/2022\/08\/11\/camara-de-franca-implanta-vaga-de-estacionamento-reservada-para-autistas\/#primaryimage\"},\"thumbnailUrl\":\"https:\/\/i0.wp.com\/verdadeon.com.br\/portal\/wp-content\/uploads\/2022\/08\/fachadaplenario2022-2-1.jpeg?fit=930%2C558&ssl=1\",\"datePublished\":\"2022-08-11T20:03:15+00:00\",\"author\":{\"@id\":\"https:\/\/verdadeon.com.br\/portal\/#\/schema\/person\/a5060ad1e9ea3df545188fc93ce43d2f\"},\"breadcrumb\":{\"@id\":\"https:\/\/verdadeon.com.br\/portal\/2022\/08\/11\/camara-de-franca-implanta-vaga-de-estacionamento-reservada-para-autistas\/#breadcrumb\"},\"inLanguage\":\"pt-BR\",\"potentialAction\":[{\"@type\":\"ReadAction\",\"target\":[\"https:\/\/verdadeon.com.br\/portal\/2022\/08\/11\/camara-de-franca-implanta-vaga-de-estacionamento-reservada-para-autistas\/\"]}]},{\"@type\":\"ImageObject\",\"inLanguage\":\"pt-BR\",\"@id\":\"https:\/\/verdadeon.com.br\/portal\/2022\/08\/11\/camara-de-franca-implanta-vaga-de-estacionamento-reservada-para-autistas\/#primaryimage\",\"url\":\"https:\/\/i0.wp.com\/verdadeon.com.br\/portal\/wp-content\/uploads\/2022\/08\/fachadaplenario2022-2-1.jpeg?fit=930%2C558&ssl=1\",\"contentUrl\":\"https:\/\/i0.wp.com\/verdadeon.com.br\/portal\/wp-content\/uploads\/2022\/08\/fachadaplenario2022-2-1.jpeg?fit=930%2C558&ssl=1\",\"width\":930,\"height\":558,\"caption\":\"C\u00e2mara de Franca implanta vaga de estacionamento reservada para autistas | Foto: Comunica\u00e7\u00e3o Institucional da C\u00e2mara\"},{\"@type\":\"BreadcrumbList\",\"@id\":\"https:\/\/verdadeon.com.br\/portal\/2022\/08\/11\/camara-de-franca-implanta-vaga-de-estacionamento-reservada-para-autistas\/#breadcrumb\",\"itemListElement\":[{\"@type\":\"ListItem\",\"position\":1,\"name\":\"In\u00edcio\",\"item\":\"https:\/\/verdadeon.com.br\/portal\/\"},{\"@type\":\"ListItem\",\"position\":2,\"name\":\"C\u00e2mara de Franca implanta vaga de estacionamento reservada para autistas\"}]},{\"@type\":\"WebSite\",\"@id\":\"https:\/\/verdadeon.com.br\/portal\/#website\",\"url\":\"https:\/\/verdadeon.com.br\/portal\/\",\"name\":\"VerdadeOn\",\"description\":\"Not\u00edcias di\u00e1rias sobre Franca, Regi\u00e3o, Esporte, Cultura, Cotidiano, Colunas. Cobertura nos principais eventos da cidade \u00e9 aqui - Verdadeon Franca\",\"potentialAction\":[{\"@type\":\"SearchAction\",\"target\":{\"@type\":\"EntryPoint\",\"urlTemplate\":\"https:\/\/verdadeon.com.br\/portal\/?s={search_term_string}\"},\"query-input\":{\"@type\":\"PropertyValueSpecification\",\"valueRequired\":true,\"valueName\":\"search_term_string\"}}],\"inLanguage\":\"pt-BR\"},{\"@type\":\"Person\",\"@id\":\"https:\/\/verdadeon.com.br\/portal\/#\/schema\/person\/a5060ad1e9ea3df545188fc93ce43d2f\",\"name\":\"Redacao VerdadeOn\",\"image\":{\"@type\":\"ImageObject\",\"inLanguage\":\"pt-BR\",\"@id\":\"https:\/\/verdadeon.com.br\/portal\/#\/schema\/person\/image\/\",\"url\":\"https:\/\/secure.gravatar.com\/avatar\/459a9613caaaf07f582c3d0841eea68bdd66f533e465e6ba8b9cb45619572cf4?s=96&d=mm&r=g\",\"contentUrl\":\"https:\/\/secure.gravatar.com\/avatar\/459a9613caaaf07f582c3d0841eea68bdd66f533e465e6ba8b9cb45619572cf4?s=96&d=mm&r=g\",\"caption\":\"Redacao VerdadeOn\"},\"url\":\"https:\/\/verdadeon.com.br\/portal\/author\/redacao\/\"}]}<\/script>\n<!-- \/ Yoast SEO plugin. -->","yoast_head_json":{"title":"C\u00e2mara de Franca implanta vaga de estacionamento reservada para autistas - VerdadeOn","robots":{"index":"index","follow":"follow","max-snippet":"max-snippet:-1","max-image-preview":"max-image-preview:large","max-video-preview":"max-video-preview:-1"},"canonical":"https:\/\/verdadeon.com.br\/portal\/2022\/08\/11\/camara-de-franca-implanta-vaga-de-estacionamento-reservada-para-autistas\/","og_locale":"pt_BR","og_type":"article","og_title":"C\u00e2mara de Franca implanta vaga de estacionamento reservada para autistas - VerdadeOn","og_description":"Medida cumpre lei municipal rec\u00e9m-aprovada pelos vereadores. Outros locais t\u00eam 120 dias para se adaptarem &nbsp; A C\u00e2mara Municipal de Franca implantou em seu estacionamento destinado [\u2026]","og_url":"https:\/\/verdadeon.com.br\/portal\/2022\/08\/11\/camara-de-franca-implanta-vaga-de-estacionamento-reservada-para-autistas\/","og_site_name":"VerdadeOn","article_published_time":"2022-08-11T20:03:15+00:00","og_image":[{"width":930,"height":558,"url":"https:\/\/verdadeon.com.br\/portal\/wp-content\/uploads\/2022\/08\/fachadaplenario2022-2-1.jpeg","type":"image\/jpeg"}],"author":"Redacao VerdadeOn","twitter_card":"summary_large_image","twitter_misc":{"Escrito por":"Redacao VerdadeOn","Est. tempo de leitura":"3 minutos"},"schema":{"@context":"https:\/\/schema.org","@graph":[{"@type":"WebPage","@id":"https:\/\/verdadeon.com.br\/portal\/2022\/08\/11\/camara-de-franca-implanta-vaga-de-estacionamento-reservada-para-autistas\/","url":"https:\/\/verdadeon.com.br\/portal\/2022\/08\/11\/camara-de-franca-implanta-vaga-de-estacionamento-reservada-para-autistas\/","name":"C\u00e2mara de Franca implanta vaga de estacionamento reservada para autistas - VerdadeOn","isPartOf":{"@id":"https:\/\/verdadeon.com.br\/portal\/#website"},"primaryImageOfPage":{"@id":"https:\/\/verdadeon.com.br\/portal\/2022\/08\/11\/camara-de-franca-implanta-vaga-de-estacionamento-reservada-para-autistas\/#primaryimage"},"image":{"@id":"https:\/\/verdadeon.com.br\/portal\/2022\/08\/11\/camara-de-franca-implanta-vaga-de-estacionamento-reservada-para-autistas\/#primaryimage"},"thumbnailUrl":"https:\/\/i0.wp.com\/verdadeon.com.br\/portal\/wp-content\/uploads\/2022\/08\/fachadaplenario2022-2-1.jpeg?fit=930%2C558&ssl=1","datePublished":"2022-08-11T20:03:15+00:00","author":{"@id":"https:\/\/verdadeon.com.br\/portal\/#\/schema\/person\/a5060ad1e9ea3df545188fc93ce43d2f"},"breadcrumb":{"@id":"https:\/\/verdadeon.com.br\/portal\/2022\/08\/11\/camara-de-franca-implanta-vaga-de-estacionamento-reservada-para-autistas\/#breadcrumb"},"inLanguage":"pt-BR","potentialAction":[{"@type":"ReadAction","target":["https:\/\/verdadeon.com.br\/portal\/2022\/08\/11\/camara-de-franca-implanta-vaga-de-estacionamento-reservada-para-autistas\/"]}]},{"@type":"ImageObject","inLanguage":"pt-BR","@id":"https:\/\/verdadeon.com.br\/portal\/2022\/08\/11\/camara-de-franca-implanta-vaga-de-estacionamento-reservada-para-autistas\/#primaryimage","url":"https:\/\/i0.wp.com\/verdadeon.com.br\/portal\/wp-content\/uploads\/2022\/08\/fachadaplenario2022-2-1.jpeg?fit=930%2C558&ssl=1","contentUrl":"https:\/\/i0.wp.com\/verdadeon.com.br\/portal\/wp-content\/uploads\/2022\/08\/fachadaplenario2022-2-1.jpeg?fit=930%2C558&ssl=1","width":930,"height":558,"caption":"C\u00e2mara de Franca implanta vaga de estacionamento reservada para autistas | Foto: Comunica\u00e7\u00e3o Institucional da C\u00e2mara"},{"@type":"BreadcrumbList","@id":"https:\/\/verdadeon.com.br\/portal\/2022\/08\/11\/camara-de-franca-implanta-vaga-de-estacionamento-reservada-para-autistas\/#breadcrumb","itemListElement":[{"@type":"ListItem","position":1,"name":"In\u00edcio","item":"https:\/\/verdadeon.com.br\/portal\/"},{"@type":"ListItem","position":2,"name":"C\u00e2mara de Franca implanta vaga de estacionamento reservada para autistas"}]},{"@type":"WebSite","@id":"https:\/\/verdadeon.com.br\/portal\/#website","url":"https:\/\/verdadeon.com.br\/portal\/","name":"VerdadeOn","description":"Not\u00edcias di\u00e1rias sobre Franca, Regi\u00e3o, Esporte, Cultura, Cotidiano, Colunas. Cobertura nos principais eventos da cidade \u00e9 aqui - Verdadeon Franca","potentialAction":[{"@type":"SearchAction","target":{"@type":"EntryPoint","urlTemplate":"https:\/\/verdadeon.com.br\/portal\/?s={search_term_string}"},"query-input":{"@type":"PropertyValueSpecification","valueRequired":true,"valueName":"search_term_string"}}],"inLanguage":"pt-BR"},{"@type":"Person","@id":"https:\/\/verdadeon.com.br\/portal\/#\/schema\/person\/a5060ad1e9ea3df545188fc93ce43d2f","name":"Redacao VerdadeOn","image":{"@type":"ImageObject","inLanguage":"pt-BR","@id":"https:\/\/verdadeon.com.br\/portal\/#\/schema\/person\/image\/","url":"https:\/\/secure.gravatar.com\/avatar\/459a9613caaaf07f582c3d0841eea68bdd66f533e465e6ba8b9cb45619572cf4?s=96&d=mm&r=g","contentUrl":"https:\/\/secure.gravatar.com\/avatar\/459a9613caaaf07f582c3d0841eea68bdd66f533e465e6ba8b9cb45619572cf4?s=96&d=mm&r=g","caption":"Redacao VerdadeOn"},"url":"https:\/\/verdadeon.com.br\/portal\/author\/redacao\/"}]}},"jetpack_publicize_connections":[],"jetpack_featured_media_url":"https:\/\/i0.wp.com\/verdadeon.com.br\/portal\/wp-content\/uploads\/2022\/08\/fachadaplenario2022-2-1.jpeg?fit=930%2C558&ssl=1","jetpack_sharing_enabled":true,"_links":{"self":[{"href":"https:\/\/verdadeon.com.br\/portal\/wp-json\/wp\/v2\/posts\/27168","targetHints":{"allow":["GET"]}}],"collection":[{"href":"https:\/\/verdadeon.com.br\/portal\/wp-json\/wp\/v2\/posts"}],"about":[{"href":"https:\/\/verdadeon.com.br\/portal\/wp-json\/wp\/v2\/types\/post"}],"author":[{"embeddable":true,"href":"https:\/\/verdadeon.com.br\/portal\/wp-json\/wp\/v2\/users\/10"}],"replies":[{"embeddable":true,"href":"https:\/\/verdadeon.com.br\/portal\/wp-json\/wp\/v2\/comments?post=27168"}],"version-history":[{"count":1,"href":"https:\/\/verdadeon.com.br\/portal\/wp-json\/wp\/v2\/posts\/27168\/revisions"}],"predecessor-version":[{"id":27171,"href":"https:\/\/verdadeon.com.br\/portal\/wp-json\/wp\/v2\/posts\/27168\/revisions\/27171"}],"wp:featuredmedia":[{"embeddable":true,"href":"https:\/\/verdadeon.com.br\/portal\/wp-json\/wp\/v2\/media\/27170"}],"wp:attachment":[{"href":"https:\/\/verdadeon.com.br\/portal\/wp-json\/wp\/v2\/media?parent=27168"}],"wp:term":[{"taxonomy":"category","embeddable":true,"href":"https:\/\/verdadeon.com.br\/portal\/wp-json\/wp\/v2\/categories?post=27168"},{"taxonomy":"post_tag","embeddable":true,"href":"https:\/\/verdadeon.com.br\/portal\/wp-json\/wp\/v2\/tags?post=27168"}],"curies":[{"name":"wp","href":"https:\/\/api.w.org\/{rel}","templated":true}]}}