{"id":27055,"date":"2022-08-06T16:00:25","date_gmt":"2022-08-06T19:00:25","guid":{"rendered":"https:\/\/verdadeon.com.br\/portal\/?p=27055"},"modified":"2022-08-06T19:17:23","modified_gmt":"2022-08-06T22:17:23","slug":"jovens-investem-em-loja-de-roupas-e-comemoram-sucesso-com-empreendedorismo-em-franca","status":"publish","type":"post","link":"https:\/\/verdadeon.com.br\/portal\/2022\/08\/06\/jovens-investem-em-loja-de-roupas-e-comemoram-sucesso-com-empreendedorismo-em-franca\/","title":{"rendered":"Jovens investem em loja de roupas e comemoram sucesso com empreendedorismo em Franca"},"content":{"rendered":"<h2>Aos 28 anos, Matheus Peixoto e Let\u00edcia Iunes, de 27,\u00a0 come\u00e7aram como sacoleiros em 2017 e acabaram de abrir a nova loja no Bairro Cidade Nova<\/h2>\n<p>&nbsp;<\/p>\n<p><span style=\"font-weight: 400;\">Matheus de Barros Bettarello Peixoto, 28, e a noiva Let\u00edcia Costa Iunes, 27, estavam na Austr\u00e1lia, em 2017, quando tiveram a ideia de vender roupas. Antes mesmo de voltar para o Brasil, fizeram compras nos \u00faltimos dias da viagem e Let\u00edcia come\u00e7ou as vendas como sacoleira. O interesse das clientes foi grande e logo precisaram repor o estoque em S\u00e3o Paulo.<\/span><\/p>\n<p><span style=\"font-weight: 400;\">Assim nasceu a Lelle&amp;Co, de propriedade dos dois jovens empreendedores. Em pouco tempo, o casal se instalou em um sal\u00e3o de beleza, depois passou para um im\u00f3vel na Rua General Carneiro e nesta semana acabou de inaugurar uma ampla e moderna loja, no Bairro Cidade Nova.<\/span><\/p>\n<p><span style=\"font-weight: 400;\">Matheus \u00e9 engenheiro civil e Let\u00edcia se formou em Administra\u00e7\u00e3o de Empresas. Antes da Lelle&amp;Co, ele trabalhava em um pet shop com seu pai e ela no com\u00e9rcio. Os dois deixaram os empregos anteriores e hoje se dedicam exclusivamente \u00e0 loja, que tamb\u00e9m tem site pr\u00f3prio para vendas.\u00a0<\/span><\/p>\n<p><span style=\"font-weight: 400;\">Neste momento em que o empreendedorismo se fortalece cada vez mais no pa\u00eds, a hist\u00f3ria dos francanos Matheus e Let\u00edcia, com a Lelle&amp;Co, \u00e9 inspiradora. Nesta entrevista ao Verdade, o casal compartilha suas ideias, planos e conquistas. Confira!<\/span><\/p>\n<p>&nbsp;<\/p>\n<p><b>Como surgiu a ideia de abrir uma loja de roupas femininas?<\/b><\/p>\n<p><b>Matheus &#8211;<\/b><span style=\"font-weight: 400;\"> A ideia da loja surgiu em uma viagem que a gente fez. Em 2017, surgiu a oportunidade da gente ir para a Austr\u00e1lia visitar a tia da Let\u00edcia, que mora l\u00e1. A viagem ia ser de um m\u00eas e a gente pensou em ficar mais, fazer um interc\u00e2mbio, ent\u00e3o a gente foi com essa ideia e, faltando poucos dias para acabar a viagem, a gente viu que n\u00e3o ia ter como ficar mais e a gente pensou o que poderia fazer depois. Eu trabalhava com o meu pai, a Let\u00edcia tamb\u00e9m trabalhava no com\u00e9rcio e eu sempre soube do potencial dela, minha fam\u00edlia me falava, meus amigos tamb\u00e9m, e l\u00e1 eu tive a ideia de montar uma loja de roupas para a gente poder juntar dinheiro e voltar para a Austr\u00e1lia. Ent\u00e3o, na mesma hora que a gente teve a ideia, eu mandei mensagem para um amigo meu, o Jo\u00e3o, que faz at\u00e9 hoje as nossas artes, o nosso marketing, pedi para ele criar uma logo, falei para ele que tinha que chamar Lel\u00ea. Como a L\u00ea ia dar a cara para a loja, a gente achou que poderia ter o apelido no nome. E foi assim que come\u00e7ou.\u00a0<\/span><\/p>\n<p>&nbsp;<\/p>\n<p><b>Em que data esse projeto se concretizou?<\/b><\/p>\n<p><b>Matheus &#8211; <\/b><span style=\"font-weight: 400;\">Essa ideia foi no final de julho de 2017, faltavam ainda uns cinco dias para a gente voltar da Austr\u00e1lia, n\u00f3s decidimos ent\u00e3o come\u00e7ar a vender roupas. O nome foi o Jo\u00e3o que inventou, no come\u00e7o era um outro nome, chamava Lele Clothing. Nesses \u00faltimos cinco dias, a gente comprou roupas l\u00e1 na Austr\u00e1lia para trazer e, quando a gente chegou aqui, a Let\u00edcia come\u00e7ou como sacoleira mesmo e vendeu muito r\u00e1pido. Tudo que a gente trouxe, ela conseguiu vender super r\u00e1pido. E a\u00ed, j\u00e1 na outra semana, se eu n\u00e3o me engano, a gente come\u00e7ou a ir para S\u00e3o Paulo, ela continuou como sacoleira ainda. Depois de um m\u00eas e pouco, eu fui cortar o cabelo em uma cabeleireira com quem eu tinha amizade e ela me ofereceu um espa\u00e7o dentro do sal\u00e3o. Era na Rua Tiradentes, e ela me ofereceu esse espa\u00e7o, eu conversei com a Let\u00edcia e a gente topou. Come\u00e7ou l\u00e1 a nossa primeira loja f\u00edsica. N\u00f3s ficamos dez meses l\u00e1 at\u00e9 que surgiu a oportunidade de ir para um outro sal\u00e3o, que \u00e9 o espa\u00e7o KS, e a gente ficou l\u00e1 quase dois anos. Depois a gente resolveu ir para um espa\u00e7o f\u00edsico na rua mesmo, que foi a nossa primeira loja na rua, na General Carneiro. Assim que a gente mudou, a gente sentiu necessidade de uma mudan\u00e7a de identidade, de nome, assim, o Lele continuou, aumentou um \u201cL\u201d, teve um complemento e passou a ser Lelle&amp;Co, a logo tamb\u00e9m mudou. A gente fez isso para tentar o registro da marca, a patente, e deu tudo certo. Na General Carneiro, ficamos dois anos e dois meses at\u00e9 a \u00faltima quinta-feira (dia 4 de agosto), quando a gente inaugurou a loja nova.\u00a0<\/span><\/p>\n<p>&nbsp;<\/p>\n<p><b>Voc\u00eas acabaram de inaugurar esse espa\u00e7o. O que representa para voc\u00eas esse novo passo da Lelle&amp;Co?<\/b><\/p>\n<p><b>Let\u00edcia &#8211; <\/b><span style=\"font-weight: 400;\">Esse novo passo \u00e9 a realiza\u00e7\u00e3o de um sonho. \u00c9 mais espa\u00e7o, mais conforto para as nossas clientes, \u00e9 mais praticidade em tudo que a gente faz, conseguimos unir o nosso site com a nossa loja f\u00edsica e estar mais perto das nossas clientes de Franca. N\u00e3o \u00e9 nenhum luxo para n\u00f3s. A gente n\u00e3o mudou porque a gente quer mostrar para algu\u00e9m ou porque a gente quer fazer alguma coisa para aparecer, n\u00e3o \u00e9 isso, e sim porque o nosso espa\u00e7o estava pequeno, a gente precisava de um local mais amplo, maior, mais aconchegante para as clientes. E \u00e9 o passo maior mesmo que a gente d\u00e1 a cada dia, cada dia a gente sente que realiza um sonho novo e que a gente est\u00e1 em busca de coisas maiores ainda. A gente achou o lugar perfeito para n\u00f3s, para tudo isso, para a gente unir tudo, em um espa\u00e7o grande, confort\u00e1vel e moderno. Deu tudo muito certo.<\/span><\/p>\n<p>&nbsp;<\/p>\n<p><b>Let\u00edcia, voc\u00ea divulgou um v\u00eddeo comentando que a mudan\u00e7a representa a abertura de portas para viverem um sonho ainda maior. Conte um pouco sobre esse sonho.<\/b><\/p>\n<p><b>Let\u00edcia &#8211;<\/b><span style=\"font-weight: 400;\"> A Lelle vive v\u00e1rios e v\u00e1rios sonhos, a gente nunca para de sonhar e essa loja, ela foi sonhada por n\u00f3s, desejada por muito tempo, pelo conforto e pela modernidade que ela oferece, para ser uma loja modelo de futuras lojas, futuras instala\u00e7\u00f5es que a gente pretende ter um dia. Ent\u00e3o, essas ser\u00e3o novas portas que se abrir\u00e3o em breve, se Deus quiser, com o crescimento da Lelle. Falando em sonhos, nesta semana, uma amiga minha lembrou e comentou, at\u00e9 falamos com a nossa arquiteta sobre isso, que um dia, h\u00e1 muitos anos, antes mesmo de ter a minha antiga loja, passando em Ribeir\u00e3o, eu vi em uma loja uma arara (de roupas) muito parecida com as que eu tenho hoje, essas araras grandes, de ferro, no teto e eu falei que um dia eu ainda teria uma loja com estruturas como aquelas. E acho que isso ficou gravado na minha cabe\u00e7a e hoje poder realizar esse sonho, ver que eu concretizei isso \u00e9 muito importante.<\/span><\/p>\n<p><b>Al\u00e9m da loja f\u00edsica, voc\u00eas trabalham com vendas online. O com\u00e9rcio eletr\u00f4nico est\u00e1 em alta. No Brasil, essa modalidade de vendas registrou faturamento de R$ 73,5 bilh\u00f5es no primeiro semestre de 2022, segundo a Associa\u00e7\u00e3o Brasileira de Com\u00e9rcio Eletr\u00f4nico. Como voc\u00eas avaliam esse canal de vendas da Lelle&amp;Co?\u00a0<\/b><\/p>\n<p><b>Matheus &#8211;<\/b><span style=\"font-weight: 400;\"> Al\u00e9m da loja f\u00edsica, a gente tem as vendas online pelo site, que \u00e9 tratado por n\u00f3s como uma segunda loja, a gente leva ele muito a s\u00e9rio, a gente tem com ele o mesmo comprometimento que sempre teve e tem at\u00e9 hoje com a loja f\u00edsica. Ent\u00e3o, a loja cresceu gra\u00e7as a isso e a gente se empenha cada dia mais para acontecer o mesmo com o site. E ele vem tendo bons resultados, o site tem um espa\u00e7o pr\u00f3prio, ele tem equipe diferente trabalhando, tem investimento diferente, estoque separado, \u00e9 realmente a nossa segunda loja. E a gente enxerga ele com uma escalabilidade maior, para a gente poder fazer a Lelle chegar mais longe ainda.<\/span><\/p>\n<p>&nbsp;<\/p>\n<p><b>Voc\u00eas vendem para o Brasil todo. Sendo jovens empreendedores, o que acham dessa possibilidade do nome e dos produtos de voc\u00eas circularem pelas mais diferentes cidades do pa\u00eds?<\/b><\/p>\n<p><b>Let\u00edcia &#8211;<\/b><span style=\"font-weight: 400;\"> Acho que a parte mais gratificante \u00e9 ver quantas pessoas no Brasil todo podem estar usando as nossas pe\u00e7as, est\u00e3o usando e gostando das pe\u00e7as que eu mesma escolhi, que eu montei as combina\u00e7\u00f5es. \u00c9 muito bom ver a satisfa\u00e7\u00e3o de quando a cliente recebe a pe\u00e7a e manda feedback para a gente, gosta do nosso bilhetinho, do nosso carinho, do nosso cheirinho, manda foto com o look e comenta que se sentiu bem com a nossa roupa. Isso me mostra cada vez mais que a Lelle veio para elevar a autoestima da mulher e nada melhor do que ver mulheres do Brasil todo se sentindo mais amadas, mais bonitas, de Lelle.<\/span><\/p>\n<p>&nbsp;<\/p>\n<p><b>Vemos uma presen\u00e7a digital muito forte da marca, com conte\u00fados interessantes no Instagram. Voc\u00eas mesmos que administram a produ\u00e7\u00e3o para as redes sociais?\u00a0<\/b><\/p>\n<p><b>Let\u00edcia &#8211; <\/b><span style=\"font-weight: 400;\">Eu mesma que administro todas as redes sociais da Lelle e posto, gero esses conte\u00fados. Eu tenho algumas ideias minhas, mas semanalmente ou quinzenalmente, eu tenho reuni\u00f5es com o pessoal que cuida do nosso marketing e tr\u00e1fego pago. S\u00e3o ideias daqui, ideias de l\u00e1 que a gente une tudo e faz um planejamento, alinha estrat\u00e9gias e isso faz com que a Lelle tenha mais resultados a cada dia, porque s\u00e3o muitas ideias juntas com pessoas que s\u00e3o muito boas na parte do marketing juntamente com as ideias que a gente tem, com esses conte\u00fados voltados para as mulheres, com muita modernidade.<\/span><\/p>\n<p>&nbsp;<\/p>\n<p><b>O perfil da Lelle&amp;Co tem mais de 36 mil seguidores no Instagram. Como tem sido o retorno do p\u00fablico?<\/b><\/p>\n<p><span style=\"font-weight: 400;\">Let\u00edcia &#8211; N\u00f3s n\u00e3o ficamos muito apegados a n\u00famero de seguidores, a gente se interessa bem mais no engajamento, nas seguidoras, clientes, no retorno que elas d\u00e3o para a gente a cada post. E percebemos o tanto que elas torcem para a gente, elas sempre perguntam tanto de looks, como de outras coisas que a gente acaba postando, ent\u00e3o essa intera\u00e7\u00e3o que \u00e9 muito importante para n\u00f3s. Acho que o mais importante n\u00e3o \u00e9 a quantidade de seguidores ali, mas os fi\u00e9is que a gente tem, que a gente cativa a cada dia. Eu acho muito importante esses seguidores se sentirem presentes, se sentirem parte da Lelle&amp;Co.<\/span><\/p>\n<p>&nbsp;<\/p>\n<p><b>Quais s\u00e3o os pr\u00f3ximos planos e metas da loja, de voc\u00eas?<\/b><\/p>\n<p><b>Matheus &#8211;<\/b><span style=\"font-weight: 400;\"> N\u00f3s temos v\u00e1rios planos para a Lelle, mas no momento n\u00f3s estamos focados em duas coisas. O primeiro plano \u00e9 a consolida\u00e7\u00e3o ainda maior da nossa loja na cidade de Franca, ainda mais agora que a gente abriu uma loja nova. E o outro plano, que caminha junto, \u00e9 a consolida\u00e7\u00e3o do site, para a gente poder cada vez mais expandir para o Brasil todo e atingir cada vez mais mulheres no pa\u00eds.<\/span><\/p>\n<p>&nbsp;<\/p>\n<p><b>Qual mensagem voc\u00eas gostariam de deixar para quem tem vontade de ser empreendedor, come\u00e7ar um neg\u00f3cio do zero?<\/b><\/p>\n<p><b>Let\u00edcia &#8211;<\/b><span style=\"font-weight: 400;\"> A mensagem que eu deixo para quem quer come\u00e7ar do zero, igual a gente come\u00e7ou, \u00e9 que, primeiro de tudo, voc\u00ea tem que acreditar no seu sonho e saber, sentir o que te faz bem, qual \u00e9 o seu dom. E foi o que eu fiz, eu segui rumo ao que eu sempre tive vontade, porque desde crian\u00e7a eu sempre gostei de vender, sempre quis que a minha m\u00e3e tivesse a loja dela para eu tomar conta, e hoje eu tenho a minha pr\u00f3pria loja. E disso eu fiz esse sonho, acreditei nele e fui atr\u00e1s, com muita dedica\u00e7\u00e3o, com muito amor pelo o que eu fa\u00e7o, pondo a minha ess\u00eancia, meus ideais todos neste sonho. Ent\u00e3o, eu acho que o mais importante \u00e9 acreditar e correr atr\u00e1s.<\/span><\/p>\n<p><b>Matheus &#8211;<\/b><span style=\"font-weight: 400;\"> Minha mensagem para quem est\u00e1 come\u00e7ando do zero \u00e9 que tem que ter resili\u00eancia, const\u00e2ncia, aprender todo dia, melhorar todo dia. O come\u00e7o \u00e9 muito dif\u00edcil, voc\u00ea vai se questionar muito, se est\u00e1 no caminho certo, se vai dar certo, mas se voc\u00ea gosta daquilo que faz, se dedica para aquilo, o resultado vem!<\/span><\/p>\n<p>&nbsp;<\/p>\n<p><img data-recalc-dims=\"1\" loading=\"lazy\" decoding=\"async\" class=\"alignnone wp-image-27057 size-large\" src=\"https:\/\/i0.wp.com\/verdadeon.com.br\/portal\/wp-content\/uploads\/2022\/08\/LELLECO-2.jpg?resize=1024%2C678&#038;ssl=1\" alt=\"\" width=\"1024\" height=\"678\" srcset=\"https:\/\/i0.wp.com\/verdadeon.com.br\/portal\/wp-content\/uploads\/2022\/08\/LELLECO-2.jpg?resize=1024%2C678&amp;ssl=1 1024w, https:\/\/i0.wp.com\/verdadeon.com.br\/portal\/wp-content\/uploads\/2022\/08\/LELLECO-2.jpg?resize=300%2C199&amp;ssl=1 300w, https:\/\/i0.wp.com\/verdadeon.com.br\/portal\/wp-content\/uploads\/2022\/08\/LELLECO-2.jpg?resize=768%2C509&amp;ssl=1 768w, https:\/\/i0.wp.com\/verdadeon.com.br\/portal\/wp-content\/uploads\/2022\/08\/LELLECO-2.jpg?resize=1536%2C1017&amp;ssl=1 1536w, https:\/\/i0.wp.com\/verdadeon.com.br\/portal\/wp-content\/uploads\/2022\/08\/LELLECO-2.jpg?resize=2048%2C1356&amp;ssl=1 2048w, https:\/\/i0.wp.com\/verdadeon.com.br\/portal\/wp-content\/uploads\/2022\/08\/LELLECO-2.jpg?resize=220%2C146&amp;ssl=1 220w, https:\/\/i0.wp.com\/verdadeon.com.br\/portal\/wp-content\/uploads\/2022\/08\/LELLECO-2.jpg?resize=50%2C33&amp;ssl=1 50w, https:\/\/i0.wp.com\/verdadeon.com.br\/portal\/wp-content\/uploads\/2022\/08\/LELLECO-2.jpg?resize=113%2C75&amp;ssl=1 113w, https:\/\/i0.wp.com\/verdadeon.com.br\/portal\/wp-content\/uploads\/2022\/08\/LELLECO-2.jpg?w=2440&amp;ssl=1 2440w\" sizes=\"auto, (max-width: 1024px) 100vw, 1024px\" \/><\/p>\n","protected":false},"excerpt":{"rendered":"<p>Aos 28 anos, Matheus Peixoto e Let\u00edcia Iunes, de 27,\u00a0 come\u00e7aram como sacoleiros em 2017 e acabaram de abrir a nova loja no Bairro Cidade Nova<span class=\"excerpt-hellip\"> [\u2026]<\/span><\/p>\n","protected":false},"author":12,"featured_media":27056,"comment_status":"open","ping_status":"open","sticky":false,"template":"","format":"standard","meta":{"_jetpack_memberships_contains_paid_content":false,"footnotes":"","jetpack_publicize_message":"","jetpack_publicize_feature_enabled":true,"jetpack_social_post_already_shared":false,"jetpack_social_options":{"image_generator_settings":{"template":"highway","default_image_id":0,"enabled":false},"version":2}},"categories":[28,81],"tags":[],"class_list":["post-27055","post","type-post","status-publish","format-standard","has-post-thumbnail","hentry","category-cotidiano","category-manchete"],"yoast_head":"<!-- This site is optimized with the Yoast SEO plugin v25.6 - https:\/\/yoast.com\/wordpress\/plugins\/seo\/ -->\n<title>Jovens investem em loja de roupas e comemoram sucesso com empreendedorismo em Franca - VerdadeOn<\/title>\n<meta name=\"robots\" content=\"index, follow, max-snippet:-1, max-image-preview:large, max-video-preview:-1\" \/>\n<link rel=\"canonical\" href=\"https:\/\/verdadeon.com.br\/portal\/2022\/08\/06\/jovens-investem-em-loja-de-roupas-e-comemoram-sucesso-com-empreendedorismo-em-franca\/\" \/>\n<meta property=\"og:locale\" content=\"pt_BR\" \/>\n<meta property=\"og:type\" content=\"article\" \/>\n<meta property=\"og:title\" content=\"Jovens investem em loja de roupas e comemoram sucesso com empreendedorismo em Franca - VerdadeOn\" \/>\n<meta property=\"og:description\" content=\"Aos 28 anos, Matheus Peixoto e Let\u00edcia Iunes, de 27,\u00a0 come\u00e7aram como sacoleiros em 2017 e acabaram de abrir a nova loja no Bairro Cidade Nova [\u2026]\" \/>\n<meta property=\"og:url\" content=\"https:\/\/verdadeon.com.br\/portal\/2022\/08\/06\/jovens-investem-em-loja-de-roupas-e-comemoram-sucesso-com-empreendedorismo-em-franca\/\" \/>\n<meta property=\"og:site_name\" content=\"VerdadeOn\" \/>\n<meta property=\"article:published_time\" content=\"2022-08-06T19:00:25+00:00\" \/>\n<meta property=\"article:modified_time\" content=\"2022-08-06T22:17:23+00:00\" \/>\n<meta property=\"og:image\" content=\"https:\/\/verdadeon.com.br\/portal\/wp-content\/uploads\/2022\/08\/Matheus-Peixoto-e-Leticia-Iunes-da-LelleCo.jpeg\" \/>\n\t<meta property=\"og:image:width\" content=\"1600\" \/>\n\t<meta property=\"og:image:height\" content=\"1060\" \/>\n\t<meta property=\"og:image:type\" content=\"image\/jpeg\" \/>\n<meta name=\"author\" content=\"Nelise Luques\" \/>\n<meta name=\"twitter:card\" content=\"summary_large_image\" \/>\n<meta name=\"twitter:label1\" content=\"Escrito por\" \/>\n\t<meta name=\"twitter:data1\" content=\"Nelise Luques\" \/>\n\t<meta name=\"twitter:label2\" content=\"Est. tempo de leitura\" \/>\n\t<meta name=\"twitter:data2\" content=\"11 minutos\" \/>\n<script type=\"application\/ld+json\" class=\"yoast-schema-graph\">{\"@context\":\"https:\/\/schema.org\",\"@graph\":[{\"@type\":\"WebPage\",\"@id\":\"https:\/\/verdadeon.com.br\/portal\/2022\/08\/06\/jovens-investem-em-loja-de-roupas-e-comemoram-sucesso-com-empreendedorismo-em-franca\/\",\"url\":\"https:\/\/verdadeon.com.br\/portal\/2022\/08\/06\/jovens-investem-em-loja-de-roupas-e-comemoram-sucesso-com-empreendedorismo-em-franca\/\",\"name\":\"Jovens investem em loja de roupas e comemoram sucesso com empreendedorismo em Franca - VerdadeOn\",\"isPartOf\":{\"@id\":\"https:\/\/verdadeon.com.br\/portal\/#website\"},\"primaryImageOfPage\":{\"@id\":\"https:\/\/verdadeon.com.br\/portal\/2022\/08\/06\/jovens-investem-em-loja-de-roupas-e-comemoram-sucesso-com-empreendedorismo-em-franca\/#primaryimage\"},\"image\":{\"@id\":\"https:\/\/verdadeon.com.br\/portal\/2022\/08\/06\/jovens-investem-em-loja-de-roupas-e-comemoram-sucesso-com-empreendedorismo-em-franca\/#primaryimage\"},\"thumbnailUrl\":\"https:\/\/i0.wp.com\/verdadeon.com.br\/portal\/wp-content\/uploads\/2022\/08\/Matheus-Peixoto-e-Leticia-Iunes-da-LelleCo.jpeg?fit=1600%2C1060&ssl=1\",\"datePublished\":\"2022-08-06T19:00:25+00:00\",\"dateModified\":\"2022-08-06T22:17:23+00:00\",\"author\":{\"@id\":\"https:\/\/verdadeon.com.br\/portal\/#\/schema\/person\/8248726d36015c1916636fabb175d972\"},\"breadcrumb\":{\"@id\":\"https:\/\/verdadeon.com.br\/portal\/2022\/08\/06\/jovens-investem-em-loja-de-roupas-e-comemoram-sucesso-com-empreendedorismo-em-franca\/#breadcrumb\"},\"inLanguage\":\"pt-BR\",\"potentialAction\":[{\"@type\":\"ReadAction\",\"target\":[\"https:\/\/verdadeon.com.br\/portal\/2022\/08\/06\/jovens-investem-em-loja-de-roupas-e-comemoram-sucesso-com-empreendedorismo-em-franca\/\"]}]},{\"@type\":\"ImageObject\",\"inLanguage\":\"pt-BR\",\"@id\":\"https:\/\/verdadeon.com.br\/portal\/2022\/08\/06\/jovens-investem-em-loja-de-roupas-e-comemoram-sucesso-com-empreendedorismo-em-franca\/#primaryimage\",\"url\":\"https:\/\/i0.wp.com\/verdadeon.com.br\/portal\/wp-content\/uploads\/2022\/08\/Matheus-Peixoto-e-Leticia-Iunes-da-LelleCo.jpeg?fit=1600%2C1060&ssl=1\",\"contentUrl\":\"https:\/\/i0.wp.com\/verdadeon.com.br\/portal\/wp-content\/uploads\/2022\/08\/Matheus-Peixoto-e-Leticia-Iunes-da-LelleCo.jpeg?fit=1600%2C1060&ssl=1\",\"width\":1600,\"height\":1060,\"caption\":\"Matheus Peixoto \u00e9 engenheiro civil e trabalhava com pet shop; Let\u00edcia Iunes \u00e9 administradora de empresas e atuava no com\u00e9rcio. Os dois mudaram de emprego para abrir a pr\u00f3pria loja\"},{\"@type\":\"BreadcrumbList\",\"@id\":\"https:\/\/verdadeon.com.br\/portal\/2022\/08\/06\/jovens-investem-em-loja-de-roupas-e-comemoram-sucesso-com-empreendedorismo-em-franca\/#breadcrumb\",\"itemListElement\":[{\"@type\":\"ListItem\",\"position\":1,\"name\":\"In\u00edcio\",\"item\":\"https:\/\/verdadeon.com.br\/portal\/\"},{\"@type\":\"ListItem\",\"position\":2,\"name\":\"Jovens investem em loja de roupas e comemoram sucesso com empreendedorismo em Franca\"}]},{\"@type\":\"WebSite\",\"@id\":\"https:\/\/verdadeon.com.br\/portal\/#website\",\"url\":\"https:\/\/verdadeon.com.br\/portal\/\",\"name\":\"VerdadeOn\",\"description\":\"Not\u00edcias di\u00e1rias sobre Franca, Regi\u00e3o, Esporte, Cultura, Cotidiano, Colunas. Cobertura nos principais eventos da cidade \u00e9 aqui - Verdadeon Franca\",\"potentialAction\":[{\"@type\":\"SearchAction\",\"target\":{\"@type\":\"EntryPoint\",\"urlTemplate\":\"https:\/\/verdadeon.com.br\/portal\/?s={search_term_string}\"},\"query-input\":{\"@type\":\"PropertyValueSpecification\",\"valueRequired\":true,\"valueName\":\"search_term_string\"}}],\"inLanguage\":\"pt-BR\"},{\"@type\":\"Person\",\"@id\":\"https:\/\/verdadeon.com.br\/portal\/#\/schema\/person\/8248726d36015c1916636fabb175d972\",\"name\":\"Nelise Luques\",\"image\":{\"@type\":\"ImageObject\",\"inLanguage\":\"pt-BR\",\"@id\":\"https:\/\/verdadeon.com.br\/portal\/#\/schema\/person\/image\/\",\"url\":\"https:\/\/secure.gravatar.com\/avatar\/29b2a17f5bcadeb827411b66f48ac13c3e0ecaf5906c0f5745ecc5d41c24eada?s=96&d=mm&r=g\",\"contentUrl\":\"https:\/\/secure.gravatar.com\/avatar\/29b2a17f5bcadeb827411b66f48ac13c3e0ecaf5906c0f5745ecc5d41c24eada?s=96&d=mm&r=g\",\"caption\":\"Nelise Luques\"},\"url\":\"https:\/\/verdadeon.com.br\/portal\/author\/verdade\/\"}]}<\/script>\n<!-- \/ Yoast SEO plugin. -->","yoast_head_json":{"title":"Jovens investem em loja de roupas e comemoram sucesso com empreendedorismo em Franca - VerdadeOn","robots":{"index":"index","follow":"follow","max-snippet":"max-snippet:-1","max-image-preview":"max-image-preview:large","max-video-preview":"max-video-preview:-1"},"canonical":"https:\/\/verdadeon.com.br\/portal\/2022\/08\/06\/jovens-investem-em-loja-de-roupas-e-comemoram-sucesso-com-empreendedorismo-em-franca\/","og_locale":"pt_BR","og_type":"article","og_title":"Jovens investem em loja de roupas e comemoram sucesso com empreendedorismo em Franca - VerdadeOn","og_description":"Aos 28 anos, Matheus Peixoto e Let\u00edcia Iunes, de 27,\u00a0 come\u00e7aram como sacoleiros em 2017 e acabaram de abrir a nova loja no Bairro Cidade Nova [\u2026]","og_url":"https:\/\/verdadeon.com.br\/portal\/2022\/08\/06\/jovens-investem-em-loja-de-roupas-e-comemoram-sucesso-com-empreendedorismo-em-franca\/","og_site_name":"VerdadeOn","article_published_time":"2022-08-06T19:00:25+00:00","article_modified_time":"2022-08-06T22:17:23+00:00","og_image":[{"width":1600,"height":1060,"url":"https:\/\/verdadeon.com.br\/portal\/wp-content\/uploads\/2022\/08\/Matheus-Peixoto-e-Leticia-Iunes-da-LelleCo.jpeg","type":"image\/jpeg"}],"author":"Nelise Luques","twitter_card":"summary_large_image","twitter_misc":{"Escrito por":"Nelise Luques","Est. tempo de leitura":"11 minutos"},"schema":{"@context":"https:\/\/schema.org","@graph":[{"@type":"WebPage","@id":"https:\/\/verdadeon.com.br\/portal\/2022\/08\/06\/jovens-investem-em-loja-de-roupas-e-comemoram-sucesso-com-empreendedorismo-em-franca\/","url":"https:\/\/verdadeon.com.br\/portal\/2022\/08\/06\/jovens-investem-em-loja-de-roupas-e-comemoram-sucesso-com-empreendedorismo-em-franca\/","name":"Jovens investem em loja de roupas e comemoram sucesso com empreendedorismo em Franca - VerdadeOn","isPartOf":{"@id":"https:\/\/verdadeon.com.br\/portal\/#website"},"primaryImageOfPage":{"@id":"https:\/\/verdadeon.com.br\/portal\/2022\/08\/06\/jovens-investem-em-loja-de-roupas-e-comemoram-sucesso-com-empreendedorismo-em-franca\/#primaryimage"},"image":{"@id":"https:\/\/verdadeon.com.br\/portal\/2022\/08\/06\/jovens-investem-em-loja-de-roupas-e-comemoram-sucesso-com-empreendedorismo-em-franca\/#primaryimage"},"thumbnailUrl":"https:\/\/i0.wp.com\/verdadeon.com.br\/portal\/wp-content\/uploads\/2022\/08\/Matheus-Peixoto-e-Leticia-Iunes-da-LelleCo.jpeg?fit=1600%2C1060&ssl=1","datePublished":"2022-08-06T19:00:25+00:00","dateModified":"2022-08-06T22:17:23+00:00","author":{"@id":"https:\/\/verdadeon.com.br\/portal\/#\/schema\/person\/8248726d36015c1916636fabb175d972"},"breadcrumb":{"@id":"https:\/\/verdadeon.com.br\/portal\/2022\/08\/06\/jovens-investem-em-loja-de-roupas-e-comemoram-sucesso-com-empreendedorismo-em-franca\/#breadcrumb"},"inLanguage":"pt-BR","potentialAction":[{"@type":"ReadAction","target":["https:\/\/verdadeon.com.br\/portal\/2022\/08\/06\/jovens-investem-em-loja-de-roupas-e-comemoram-sucesso-com-empreendedorismo-em-franca\/"]}]},{"@type":"ImageObject","inLanguage":"pt-BR","@id":"https:\/\/verdadeon.com.br\/portal\/2022\/08\/06\/jovens-investem-em-loja-de-roupas-e-comemoram-sucesso-com-empreendedorismo-em-franca\/#primaryimage","url":"https:\/\/i0.wp.com\/verdadeon.com.br\/portal\/wp-content\/uploads\/2022\/08\/Matheus-Peixoto-e-Leticia-Iunes-da-LelleCo.jpeg?fit=1600%2C1060&ssl=1","contentUrl":"https:\/\/i0.wp.com\/verdadeon.com.br\/portal\/wp-content\/uploads\/2022\/08\/Matheus-Peixoto-e-Leticia-Iunes-da-LelleCo.jpeg?fit=1600%2C1060&ssl=1","width":1600,"height":1060,"caption":"Matheus Peixoto \u00e9 engenheiro civil e trabalhava com pet shop; Let\u00edcia Iunes \u00e9 administradora de empresas e atuava no com\u00e9rcio. Os dois mudaram de emprego para abrir a pr\u00f3pria loja"},{"@type":"BreadcrumbList","@id":"https:\/\/verdadeon.com.br\/portal\/2022\/08\/06\/jovens-investem-em-loja-de-roupas-e-comemoram-sucesso-com-empreendedorismo-em-franca\/#breadcrumb","itemListElement":[{"@type":"ListItem","position":1,"name":"In\u00edcio","item":"https:\/\/verdadeon.com.br\/portal\/"},{"@type":"ListItem","position":2,"name":"Jovens investem em loja de roupas e comemoram sucesso com empreendedorismo em Franca"}]},{"@type":"WebSite","@id":"https:\/\/verdadeon.com.br\/portal\/#website","url":"https:\/\/verdadeon.com.br\/portal\/","name":"VerdadeOn","description":"Not\u00edcias di\u00e1rias sobre Franca, Regi\u00e3o, Esporte, Cultura, Cotidiano, Colunas. Cobertura nos principais eventos da cidade \u00e9 aqui - Verdadeon Franca","potentialAction":[{"@type":"SearchAction","target":{"@type":"EntryPoint","urlTemplate":"https:\/\/verdadeon.com.br\/portal\/?s={search_term_string}"},"query-input":{"@type":"PropertyValueSpecification","valueRequired":true,"valueName":"search_term_string"}}],"inLanguage":"pt-BR"},{"@type":"Person","@id":"https:\/\/verdadeon.com.br\/portal\/#\/schema\/person\/8248726d36015c1916636fabb175d972","name":"Nelise Luques","image":{"@type":"ImageObject","inLanguage":"pt-BR","@id":"https:\/\/verdadeon.com.br\/portal\/#\/schema\/person\/image\/","url":"https:\/\/secure.gravatar.com\/avatar\/29b2a17f5bcadeb827411b66f48ac13c3e0ecaf5906c0f5745ecc5d41c24eada?s=96&d=mm&r=g","contentUrl":"https:\/\/secure.gravatar.com\/avatar\/29b2a17f5bcadeb827411b66f48ac13c3e0ecaf5906c0f5745ecc5d41c24eada?s=96&d=mm&r=g","caption":"Nelise Luques"},"url":"https:\/\/verdadeon.com.br\/portal\/author\/verdade\/"}]}},"jetpack_publicize_connections":[],"jetpack_featured_media_url":"https:\/\/i0.wp.com\/verdadeon.com.br\/portal\/wp-content\/uploads\/2022\/08\/Matheus-Peixoto-e-Leticia-Iunes-da-LelleCo.jpeg?fit=1600%2C1060&ssl=1","jetpack_sharing_enabled":true,"_links":{"self":[{"href":"https:\/\/verdadeon.com.br\/portal\/wp-json\/wp\/v2\/posts\/27055","targetHints":{"allow":["GET"]}}],"collection":[{"href":"https:\/\/verdadeon.com.br\/portal\/wp-json\/wp\/v2\/posts"}],"about":[{"href":"https:\/\/verdadeon.com.br\/portal\/wp-json\/wp\/v2\/types\/post"}],"author":[{"embeddable":true,"href":"https:\/\/verdadeon.com.br\/portal\/wp-json\/wp\/v2\/users\/12"}],"replies":[{"embeddable":true,"href":"https:\/\/verdadeon.com.br\/portal\/wp-json\/wp\/v2\/comments?post=27055"}],"version-history":[{"count":2,"href":"https:\/\/verdadeon.com.br\/portal\/wp-json\/wp\/v2\/posts\/27055\/revisions"}],"predecessor-version":[{"id":27070,"href":"https:\/\/verdadeon.com.br\/portal\/wp-json\/wp\/v2\/posts\/27055\/revisions\/27070"}],"wp:featuredmedia":[{"embeddable":true,"href":"https:\/\/verdadeon.com.br\/portal\/wp-json\/wp\/v2\/media\/27056"}],"wp:attachment":[{"href":"https:\/\/verdadeon.com.br\/portal\/wp-json\/wp\/v2\/media?parent=27055"}],"wp:term":[{"taxonomy":"category","embeddable":true,"href":"https:\/\/verdadeon.com.br\/portal\/wp-json\/wp\/v2\/categories?post=27055"},{"taxonomy":"post_tag","embeddable":true,"href":"https:\/\/verdadeon.com.br\/portal\/wp-json\/wp\/v2\/tags?post=27055"}],"curies":[{"name":"wp","href":"https:\/\/api.w.org\/{rel}","templated":true}]}}