{"id":27027,"date":"2022-08-05T18:05:24","date_gmt":"2022-08-05T21:05:24","guid":{"rendered":"https:\/\/verdadeon.com.br\/portal\/?p=27027"},"modified":"2022-08-05T18:19:13","modified_gmt":"2022-08-05T21:19:13","slug":"hospital-do-cancer-de-franca-anuncia-mcdia-feliz-para-o-proximo-dia-27","status":"publish","type":"post","link":"https:\/\/verdadeon.com.br\/portal\/2022\/08\/05\/hospital-do-cancer-de-franca-anuncia-mcdia-feliz-para-o-proximo-dia-27\/","title":{"rendered":"Hospital do C\u00e2ncer de Franca anuncia McDia Feliz para o pr\u00f3ximo dia 27"},"content":{"rendered":"<h2>Toda verba com a venda de lanches Big Mac nesta data ser\u00e1 doada para revitalizar \u00e1rea de Quimioterapia Infanto-Juvenil<\/h2>\n<p>&nbsp;<\/p>\n<p><span style=\"font-weight: 400;\">O Hospital do C\u00e2ncer de Franca realizou o lan\u00e7amento da campanha McDia Feliz 2022, na tarde desta sexta-feira (5), no restaurante McDonald&#8217;s Fraternidade. A a\u00e7\u00e3o, em prol do Hospital do C\u00e2ncer &#8211; do Grupo Santa Casa, acontecer\u00e1 no dia 27 de agosto, nas tr\u00eas lojas do McDonald`s da cidade.<\/span><\/p>\n<p><span style=\"font-weight: 400;\">O presidente do Hospital do C\u00e2ncer, Tony Graciano, fez a abertura do evento, agradeceu a presen\u00e7a de todos os convidados e enfatizou a import\u00e2ncia do apoio dos parceiros, para que a campanha alcance a meta para investimento na remodela\u00e7\u00e3o da \u00e1rea da Quimioterapia Infantojuvenil, com o objetivo de oferecer acolhimento, conforto e humaniza\u00e7\u00e3o aos pacientes. \u201cHoje \u00e9 um dia muito especial, por estarmos dando in\u00edcio novamente \u00e0 nossa campanha do McDia Feliz. 2022 \u00e9 um ano muito aguardado, porque estamos voltando com as nossas atividades sociais, especiallmente com um belo evento como este.\u201d<\/span><\/p>\n<p><span style=\"font-weight: 400;\">O m\u00e9dico Laurence Dias de Oliveira, diretor t\u00e9cnico do Hospital do C\u00e2ncer, destacou a import\u00e2ncia dos recursos da campanha para propiciar a revitaliza\u00e7\u00e3o da ala de quimioterapia infanto-juvenil, o que, destacou ele, \u00e9 um ponto importante que tamb\u00e9m faz parte do tratamento. \u201cA gente acredita que o tratamento do c\u00e2ncer n\u00e3o passa apenas pela parte f\u00edsica, a radioterapia, a quimioterapia, ent\u00e3o, ter um ambiente mais agrad\u00e1vel e confort\u00e1vel para essas crian\u00e7as faz parte sim do tratamento\u201d, afirmou Laurence, ao lembrar que a renova\u00e7\u00e3o da brinquedoteca da institui\u00e7\u00e3o \u00e9 fruto da verba doada por uma das edi\u00e7\u00f5es do McDia Feliz.<\/span><\/p>\n<p><span style=\"font-weight: 400;\">Os padrinhos do McDia Feliz tamb\u00e9m estiveram presentes: Noedi Martins Freitas, Alisson Rodrigues e Fernanda Peixoto (na ocasi\u00e3o representada por seu pai, Samuel). \u201cA gente ter sido escolhido para apadrinhar o McDia Feliz \u00e9 um privil\u00e9gio, porque \u00e9 uma causa muito nobre, o Hospital do C\u00e2ncer precisa dessa ajuda. Para a gente, \u00e9 muito gratificante, eu amo ajudar os outros\u201d, disse Noedi.<\/span><\/p>\n<p><span style=\"font-weight: 400;\">O cantor Alisson tamb\u00e9m agradeceu a oportunidade. \u201cEstou muito feliz por ser padrinho desta campanha, porque eu sempre quis fazer algo pela minha cidade, pelas pessoas daqui e \u00e9 muito gratificante estar ajudando as crian\u00e7as em tratamento contra o c\u00e2ncer\u201d.\u00a0<\/span><\/p>\n<p><span style=\"font-weight: 400;\">O lan\u00e7amento contou com as presen\u00e7as da diretoria, equipe gerencial, m\u00e9dicos e colaboradores do Hospital do C\u00e2ncer, parceiros da campanha, gerentes das unidades do McDonald&#8217;s de Franca, diretoria do Centro de Volunt\u00e1rios e imprensa.<\/span><\/p>\n<p><span style=\"font-weight: 400;\">O rob\u00f4 Bumblebee, dos Transformers, animou os participantes do evento e estar\u00e1, acompanhado de outros super her\u00f3is &#8211; volunt\u00e1rios, como Homem Aranha, Pantera Negra, Capit\u00e3o Am\u00e9rica e Batman, nas unidades do McDonald`s no McDia Feliz.<\/span><\/p>\n<p><span style=\"font-weight: 400;\">Ao final, a equipe do McDonald&#8217;s serviu aos participantes o lanche que ser\u00e1 o carro-chefe da campanha: o Big Mac!<\/span><\/p>\n<h4>Como participar<\/h4>\n<p><span style=\"font-weight: 400;\">O Hospital do C\u00e2ncer de Franca convida a sociedade de Franca e regi\u00e3o a ajudar os pacientes do Hospital do C\u00e2ncer, comprando Big Mac no dia 27 de agosto, um s\u00e1bado, ou adquirindo os t\u00edquetes digitais de lanche antecipadamente (R$ 18) e tamb\u00e9m a camiseta oficial (R$ 30), al\u00e9m de outros produtos da campanha.<\/span><\/p>\n<p><span style=\"font-weight: 400;\">Para comprar, \u00e9 s\u00f3 acessar o site www.santacasadefranca.com.br e clicar no banner no topo da p\u00e1gina inicial que indicar\u00e1 os produtos dispon\u00edveis para compra. As vendas j\u00e1 est\u00e3o liberadas.<\/span><\/p>\n<p><img data-recalc-dims=\"1\" loading=\"lazy\" decoding=\"async\" class=\"alignnone wp-image-27030 size-full\" src=\"https:\/\/i0.wp.com\/verdadeon.com.br\/portal\/wp-content\/uploads\/2022\/08\/MC-DIA-FELIZ-2022-LANCAMENTO-3.jpeg?resize=1220%2C813&#038;ssl=1\" alt=\"\" width=\"1220\" height=\"813\" srcset=\"https:\/\/i0.wp.com\/verdadeon.com.br\/portal\/wp-content\/uploads\/2022\/08\/MC-DIA-FELIZ-2022-LANCAMENTO-3.jpeg?w=1280&amp;ssl=1 1280w, https:\/\/i0.wp.com\/verdadeon.com.br\/portal\/wp-content\/uploads\/2022\/08\/MC-DIA-FELIZ-2022-LANCAMENTO-3.jpeg?resize=300%2C200&amp;ssl=1 300w, https:\/\/i0.wp.com\/verdadeon.com.br\/portal\/wp-content\/uploads\/2022\/08\/MC-DIA-FELIZ-2022-LANCAMENTO-3.jpeg?resize=1024%2C682&amp;ssl=1 1024w, https:\/\/i0.wp.com\/verdadeon.com.br\/portal\/wp-content\/uploads\/2022\/08\/MC-DIA-FELIZ-2022-LANCAMENTO-3.jpeg?resize=768%2C512&amp;ssl=1 768w, https:\/\/i0.wp.com\/verdadeon.com.br\/portal\/wp-content\/uploads\/2022\/08\/MC-DIA-FELIZ-2022-LANCAMENTO-3.jpeg?resize=219%2C146&amp;ssl=1 219w, https:\/\/i0.wp.com\/verdadeon.com.br\/portal\/wp-content\/uploads\/2022\/08\/MC-DIA-FELIZ-2022-LANCAMENTO-3.jpeg?resize=50%2C33&amp;ssl=1 50w, https:\/\/i0.wp.com\/verdadeon.com.br\/portal\/wp-content\/uploads\/2022\/08\/MC-DIA-FELIZ-2022-LANCAMENTO-3.jpeg?resize=113%2C75&amp;ssl=1 113w\" sizes=\"auto, (max-width: 1220px) 100vw, 1220px\" \/><\/p>\n<p><img data-recalc-dims=\"1\" loading=\"lazy\" decoding=\"async\" class=\"alignnone wp-image-27029 size-full\" src=\"https:\/\/i0.wp.com\/verdadeon.com.br\/portal\/wp-content\/uploads\/2022\/08\/MC-DIA-FELIZ-2022-LANCAMENTO-2.jpeg?resize=1220%2C813&#038;ssl=1\" alt=\"\" width=\"1220\" height=\"813\" srcset=\"https:\/\/i0.wp.com\/verdadeon.com.br\/portal\/wp-content\/uploads\/2022\/08\/MC-DIA-FELIZ-2022-LANCAMENTO-2.jpeg?w=1280&amp;ssl=1 1280w, https:\/\/i0.wp.com\/verdadeon.com.br\/portal\/wp-content\/uploads\/2022\/08\/MC-DIA-FELIZ-2022-LANCAMENTO-2.jpeg?resize=300%2C200&amp;ssl=1 300w, https:\/\/i0.wp.com\/verdadeon.com.br\/portal\/wp-content\/uploads\/2022\/08\/MC-DIA-FELIZ-2022-LANCAMENTO-2.jpeg?resize=1024%2C682&amp;ssl=1 1024w, https:\/\/i0.wp.com\/verdadeon.com.br\/portal\/wp-content\/uploads\/2022\/08\/MC-DIA-FELIZ-2022-LANCAMENTO-2.jpeg?resize=768%2C512&amp;ssl=1 768w, https:\/\/i0.wp.com\/verdadeon.com.br\/portal\/wp-content\/uploads\/2022\/08\/MC-DIA-FELIZ-2022-LANCAMENTO-2.jpeg?resize=219%2C146&amp;ssl=1 219w, https:\/\/i0.wp.com\/verdadeon.com.br\/portal\/wp-content\/uploads\/2022\/08\/MC-DIA-FELIZ-2022-LANCAMENTO-2.jpeg?resize=50%2C33&amp;ssl=1 50w, https:\/\/i0.wp.com\/verdadeon.com.br\/portal\/wp-content\/uploads\/2022\/08\/MC-DIA-FELIZ-2022-LANCAMENTO-2.jpeg?resize=113%2C75&amp;ssl=1 113w\" sizes=\"auto, (max-width: 1220px) 100vw, 1220px\" \/><\/p>\n","protected":false},"excerpt":{"rendered":"<p>Toda verba com a venda de lanches Big Mac nesta data ser\u00e1 doada para revitalizar \u00e1rea de Quimioterapia Infanto-Juvenil &nbsp; O Hospital do C\u00e2ncer de Franca<span class=\"excerpt-hellip\"> [\u2026]<\/span><\/p>\n","protected":false},"author":12,"featured_media":27040,"comment_status":"open","ping_status":"open","sticky":false,"template":"","format":"standard","meta":{"_jetpack_memberships_contains_paid_content":false,"footnotes":"","jetpack_publicize_message":"","jetpack_publicize_feature_enabled":true,"jetpack_social_post_already_shared":false,"jetpack_social_options":{"image_generator_settings":{"template":"highway","default_image_id":0,"enabled":false},"version":2}},"categories":[28,81],"tags":[],"class_list":["post-27027","post","type-post","status-publish","format-standard","has-post-thumbnail","hentry","category-cotidiano","category-manchete"],"yoast_head":"<!-- This site is optimized with the Yoast SEO plugin v25.6 - https:\/\/yoast.com\/wordpress\/plugins\/seo\/ -->\n<title>Hospital do C\u00e2ncer de Franca anuncia McDia Feliz para o pr\u00f3ximo dia 27 - VerdadeOn<\/title>\n<meta name=\"robots\" content=\"index, follow, max-snippet:-1, max-image-preview:large, max-video-preview:-1\" \/>\n<link rel=\"canonical\" href=\"https:\/\/verdadeon.com.br\/portal\/2022\/08\/05\/hospital-do-cancer-de-franca-anuncia-mcdia-feliz-para-o-proximo-dia-27\/\" \/>\n<meta property=\"og:locale\" content=\"pt_BR\" \/>\n<meta property=\"og:type\" content=\"article\" \/>\n<meta property=\"og:title\" content=\"Hospital do C\u00e2ncer de Franca anuncia McDia Feliz para o pr\u00f3ximo dia 27 - VerdadeOn\" \/>\n<meta property=\"og:description\" content=\"Toda verba com a venda de lanches Big Mac nesta data ser\u00e1 doada para revitalizar \u00e1rea de Quimioterapia Infanto-Juvenil &nbsp; O Hospital do C\u00e2ncer de Franca [\u2026]\" \/>\n<meta property=\"og:url\" content=\"https:\/\/verdadeon.com.br\/portal\/2022\/08\/05\/hospital-do-cancer-de-franca-anuncia-mcdia-feliz-para-o-proximo-dia-27\/\" \/>\n<meta property=\"og:site_name\" content=\"VerdadeOn\" \/>\n<meta property=\"article:published_time\" content=\"2022-08-05T21:05:24+00:00\" \/>\n<meta property=\"article:modified_time\" content=\"2022-08-05T21:19:13+00:00\" \/>\n<meta property=\"og:image\" content=\"https:\/\/verdadeon.com.br\/portal\/wp-content\/uploads\/2022\/08\/WhatsApp-Image-2022-08-05-at-17.50.09.jpeg\" \/>\n\t<meta property=\"og:image:width\" content=\"1000\" \/>\n\t<meta property=\"og:image:height\" content=\"670\" \/>\n\t<meta property=\"og:image:type\" content=\"image\/jpeg\" \/>\n<meta name=\"author\" content=\"Nelise Luques\" \/>\n<meta name=\"twitter:card\" content=\"summary_large_image\" \/>\n<meta name=\"twitter:label1\" content=\"Escrito por\" \/>\n\t<meta name=\"twitter:data1\" content=\"Nelise Luques\" \/>\n\t<meta name=\"twitter:label2\" content=\"Est. tempo de leitura\" \/>\n\t<meta name=\"twitter:data2\" content=\"4 minutos\" \/>\n<script type=\"application\/ld+json\" class=\"yoast-schema-graph\">{\"@context\":\"https:\/\/schema.org\",\"@graph\":[{\"@type\":\"WebPage\",\"@id\":\"https:\/\/verdadeon.com.br\/portal\/2022\/08\/05\/hospital-do-cancer-de-franca-anuncia-mcdia-feliz-para-o-proximo-dia-27\/\",\"url\":\"https:\/\/verdadeon.com.br\/portal\/2022\/08\/05\/hospital-do-cancer-de-franca-anuncia-mcdia-feliz-para-o-proximo-dia-27\/\",\"name\":\"Hospital do C\u00e2ncer de Franca anuncia McDia Feliz para o pr\u00f3ximo dia 27 - VerdadeOn\",\"isPartOf\":{\"@id\":\"https:\/\/verdadeon.com.br\/portal\/#website\"},\"primaryImageOfPage\":{\"@id\":\"https:\/\/verdadeon.com.br\/portal\/2022\/08\/05\/hospital-do-cancer-de-franca-anuncia-mcdia-feliz-para-o-proximo-dia-27\/#primaryimage\"},\"image\":{\"@id\":\"https:\/\/verdadeon.com.br\/portal\/2022\/08\/05\/hospital-do-cancer-de-franca-anuncia-mcdia-feliz-para-o-proximo-dia-27\/#primaryimage\"},\"thumbnailUrl\":\"https:\/\/i0.wp.com\/verdadeon.com.br\/portal\/wp-content\/uploads\/2022\/08\/WhatsApp-Image-2022-08-05-at-17.50.09.jpeg?fit=1000%2C670&ssl=1\",\"datePublished\":\"2022-08-05T21:05:24+00:00\",\"dateModified\":\"2022-08-05T21:19:13+00:00\",\"author\":{\"@id\":\"https:\/\/verdadeon.com.br\/portal\/#\/schema\/person\/8248726d36015c1916636fabb175d972\"},\"breadcrumb\":{\"@id\":\"https:\/\/verdadeon.com.br\/portal\/2022\/08\/05\/hospital-do-cancer-de-franca-anuncia-mcdia-feliz-para-o-proximo-dia-27\/#breadcrumb\"},\"inLanguage\":\"pt-BR\",\"potentialAction\":[{\"@type\":\"ReadAction\",\"target\":[\"https:\/\/verdadeon.com.br\/portal\/2022\/08\/05\/hospital-do-cancer-de-franca-anuncia-mcdia-feliz-para-o-proximo-dia-27\/\"]}]},{\"@type\":\"ImageObject\",\"inLanguage\":\"pt-BR\",\"@id\":\"https:\/\/verdadeon.com.br\/portal\/2022\/08\/05\/hospital-do-cancer-de-franca-anuncia-mcdia-feliz-para-o-proximo-dia-27\/#primaryimage\",\"url\":\"https:\/\/i0.wp.com\/verdadeon.com.br\/portal\/wp-content\/uploads\/2022\/08\/WhatsApp-Image-2022-08-05-at-17.50.09.jpeg?fit=1000%2C670&ssl=1\",\"contentUrl\":\"https:\/\/i0.wp.com\/verdadeon.com.br\/portal\/wp-content\/uploads\/2022\/08\/WhatsApp-Image-2022-08-05-at-17.50.09.jpeg?fit=1000%2C670&ssl=1\",\"width\":1000,\"height\":670,\"caption\":\"O presidente do Hospital do C\u00e2ncer, Tony Graciano (ao centro), agradeceu os parceiros durante o lan\u00e7amento do McDia Feliz 2022, que ser\u00e1 em 27 de agosto | Foto: Jornal Verdade\"},{\"@type\":\"BreadcrumbList\",\"@id\":\"https:\/\/verdadeon.com.br\/portal\/2022\/08\/05\/hospital-do-cancer-de-franca-anuncia-mcdia-feliz-para-o-proximo-dia-27\/#breadcrumb\",\"itemListElement\":[{\"@type\":\"ListItem\",\"position\":1,\"name\":\"In\u00edcio\",\"item\":\"https:\/\/verdadeon.com.br\/portal\/\"},{\"@type\":\"ListItem\",\"position\":2,\"name\":\"Hospital do C\u00e2ncer de Franca anuncia McDia Feliz para o pr\u00f3ximo dia 27\"}]},{\"@type\":\"WebSite\",\"@id\":\"https:\/\/verdadeon.com.br\/portal\/#website\",\"url\":\"https:\/\/verdadeon.com.br\/portal\/\",\"name\":\"VerdadeOn\",\"description\":\"Not\u00edcias di\u00e1rias sobre Franca, Regi\u00e3o, Esporte, Cultura, Cotidiano, Colunas. Cobertura nos principais eventos da cidade \u00e9 aqui - Verdadeon Franca\",\"potentialAction\":[{\"@type\":\"SearchAction\",\"target\":{\"@type\":\"EntryPoint\",\"urlTemplate\":\"https:\/\/verdadeon.com.br\/portal\/?s={search_term_string}\"},\"query-input\":{\"@type\":\"PropertyValueSpecification\",\"valueRequired\":true,\"valueName\":\"search_term_string\"}}],\"inLanguage\":\"pt-BR\"},{\"@type\":\"Person\",\"@id\":\"https:\/\/verdadeon.com.br\/portal\/#\/schema\/person\/8248726d36015c1916636fabb175d972\",\"name\":\"Nelise Luques\",\"image\":{\"@type\":\"ImageObject\",\"inLanguage\":\"pt-BR\",\"@id\":\"https:\/\/verdadeon.com.br\/portal\/#\/schema\/person\/image\/\",\"url\":\"https:\/\/secure.gravatar.com\/avatar\/29b2a17f5bcadeb827411b66f48ac13c3e0ecaf5906c0f5745ecc5d41c24eada?s=96&d=mm&r=g\",\"contentUrl\":\"https:\/\/secure.gravatar.com\/avatar\/29b2a17f5bcadeb827411b66f48ac13c3e0ecaf5906c0f5745ecc5d41c24eada?s=96&d=mm&r=g\",\"caption\":\"Nelise Luques\"},\"url\":\"https:\/\/verdadeon.com.br\/portal\/author\/verdade\/\"}]}<\/script>\n<!-- \/ Yoast SEO plugin. -->","yoast_head_json":{"title":"Hospital do C\u00e2ncer de Franca anuncia McDia Feliz para o pr\u00f3ximo dia 27 - VerdadeOn","robots":{"index":"index","follow":"follow","max-snippet":"max-snippet:-1","max-image-preview":"max-image-preview:large","max-video-preview":"max-video-preview:-1"},"canonical":"https:\/\/verdadeon.com.br\/portal\/2022\/08\/05\/hospital-do-cancer-de-franca-anuncia-mcdia-feliz-para-o-proximo-dia-27\/","og_locale":"pt_BR","og_type":"article","og_title":"Hospital do C\u00e2ncer de Franca anuncia McDia Feliz para o pr\u00f3ximo dia 27 - VerdadeOn","og_description":"Toda verba com a venda de lanches Big Mac nesta data ser\u00e1 doada para revitalizar \u00e1rea de Quimioterapia Infanto-Juvenil &nbsp; O Hospital do C\u00e2ncer de Franca [\u2026]","og_url":"https:\/\/verdadeon.com.br\/portal\/2022\/08\/05\/hospital-do-cancer-de-franca-anuncia-mcdia-feliz-para-o-proximo-dia-27\/","og_site_name":"VerdadeOn","article_published_time":"2022-08-05T21:05:24+00:00","article_modified_time":"2022-08-05T21:19:13+00:00","og_image":[{"width":1000,"height":670,"url":"https:\/\/verdadeon.com.br\/portal\/wp-content\/uploads\/2022\/08\/WhatsApp-Image-2022-08-05-at-17.50.09.jpeg","type":"image\/jpeg"}],"author":"Nelise Luques","twitter_card":"summary_large_image","twitter_misc":{"Escrito por":"Nelise Luques","Est. tempo de leitura":"4 minutos"},"schema":{"@context":"https:\/\/schema.org","@graph":[{"@type":"WebPage","@id":"https:\/\/verdadeon.com.br\/portal\/2022\/08\/05\/hospital-do-cancer-de-franca-anuncia-mcdia-feliz-para-o-proximo-dia-27\/","url":"https:\/\/verdadeon.com.br\/portal\/2022\/08\/05\/hospital-do-cancer-de-franca-anuncia-mcdia-feliz-para-o-proximo-dia-27\/","name":"Hospital do C\u00e2ncer de Franca anuncia McDia Feliz para o pr\u00f3ximo dia 27 - VerdadeOn","isPartOf":{"@id":"https:\/\/verdadeon.com.br\/portal\/#website"},"primaryImageOfPage":{"@id":"https:\/\/verdadeon.com.br\/portal\/2022\/08\/05\/hospital-do-cancer-de-franca-anuncia-mcdia-feliz-para-o-proximo-dia-27\/#primaryimage"},"image":{"@id":"https:\/\/verdadeon.com.br\/portal\/2022\/08\/05\/hospital-do-cancer-de-franca-anuncia-mcdia-feliz-para-o-proximo-dia-27\/#primaryimage"},"thumbnailUrl":"https:\/\/i0.wp.com\/verdadeon.com.br\/portal\/wp-content\/uploads\/2022\/08\/WhatsApp-Image-2022-08-05-at-17.50.09.jpeg?fit=1000%2C670&ssl=1","datePublished":"2022-08-05T21:05:24+00:00","dateModified":"2022-08-05T21:19:13+00:00","author":{"@id":"https:\/\/verdadeon.com.br\/portal\/#\/schema\/person\/8248726d36015c1916636fabb175d972"},"breadcrumb":{"@id":"https:\/\/verdadeon.com.br\/portal\/2022\/08\/05\/hospital-do-cancer-de-franca-anuncia-mcdia-feliz-para-o-proximo-dia-27\/#breadcrumb"},"inLanguage":"pt-BR","potentialAction":[{"@type":"ReadAction","target":["https:\/\/verdadeon.com.br\/portal\/2022\/08\/05\/hospital-do-cancer-de-franca-anuncia-mcdia-feliz-para-o-proximo-dia-27\/"]}]},{"@type":"ImageObject","inLanguage":"pt-BR","@id":"https:\/\/verdadeon.com.br\/portal\/2022\/08\/05\/hospital-do-cancer-de-franca-anuncia-mcdia-feliz-para-o-proximo-dia-27\/#primaryimage","url":"https:\/\/i0.wp.com\/verdadeon.com.br\/portal\/wp-content\/uploads\/2022\/08\/WhatsApp-Image-2022-08-05-at-17.50.09.jpeg?fit=1000%2C670&ssl=1","contentUrl":"https:\/\/i0.wp.com\/verdadeon.com.br\/portal\/wp-content\/uploads\/2022\/08\/WhatsApp-Image-2022-08-05-at-17.50.09.jpeg?fit=1000%2C670&ssl=1","width":1000,"height":670,"caption":"O presidente do Hospital do C\u00e2ncer, Tony Graciano (ao centro), agradeceu os parceiros durante o lan\u00e7amento do McDia Feliz 2022, que ser\u00e1 em 27 de agosto | Foto: Jornal Verdade"},{"@type":"BreadcrumbList","@id":"https:\/\/verdadeon.com.br\/portal\/2022\/08\/05\/hospital-do-cancer-de-franca-anuncia-mcdia-feliz-para-o-proximo-dia-27\/#breadcrumb","itemListElement":[{"@type":"ListItem","position":1,"name":"In\u00edcio","item":"https:\/\/verdadeon.com.br\/portal\/"},{"@type":"ListItem","position":2,"name":"Hospital do C\u00e2ncer de Franca anuncia McDia Feliz para o pr\u00f3ximo dia 27"}]},{"@type":"WebSite","@id":"https:\/\/verdadeon.com.br\/portal\/#website","url":"https:\/\/verdadeon.com.br\/portal\/","name":"VerdadeOn","description":"Not\u00edcias di\u00e1rias sobre Franca, Regi\u00e3o, Esporte, Cultura, Cotidiano, Colunas. Cobertura nos principais eventos da cidade \u00e9 aqui - Verdadeon Franca","potentialAction":[{"@type":"SearchAction","target":{"@type":"EntryPoint","urlTemplate":"https:\/\/verdadeon.com.br\/portal\/?s={search_term_string}"},"query-input":{"@type":"PropertyValueSpecification","valueRequired":true,"valueName":"search_term_string"}}],"inLanguage":"pt-BR"},{"@type":"Person","@id":"https:\/\/verdadeon.com.br\/portal\/#\/schema\/person\/8248726d36015c1916636fabb175d972","name":"Nelise Luques","image":{"@type":"ImageObject","inLanguage":"pt-BR","@id":"https:\/\/verdadeon.com.br\/portal\/#\/schema\/person\/image\/","url":"https:\/\/secure.gravatar.com\/avatar\/29b2a17f5bcadeb827411b66f48ac13c3e0ecaf5906c0f5745ecc5d41c24eada?s=96&d=mm&r=g","contentUrl":"https:\/\/secure.gravatar.com\/avatar\/29b2a17f5bcadeb827411b66f48ac13c3e0ecaf5906c0f5745ecc5d41c24eada?s=96&d=mm&r=g","caption":"Nelise Luques"},"url":"https:\/\/verdadeon.com.br\/portal\/author\/verdade\/"}]}},"jetpack_publicize_connections":[],"jetpack_featured_media_url":"https:\/\/i0.wp.com\/verdadeon.com.br\/portal\/wp-content\/uploads\/2022\/08\/WhatsApp-Image-2022-08-05-at-17.50.09.jpeg?fit=1000%2C670&ssl=1","jetpack_sharing_enabled":true,"_links":{"self":[{"href":"https:\/\/verdadeon.com.br\/portal\/wp-json\/wp\/v2\/posts\/27027","targetHints":{"allow":["GET"]}}],"collection":[{"href":"https:\/\/verdadeon.com.br\/portal\/wp-json\/wp\/v2\/posts"}],"about":[{"href":"https:\/\/verdadeon.com.br\/portal\/wp-json\/wp\/v2\/types\/post"}],"author":[{"embeddable":true,"href":"https:\/\/verdadeon.com.br\/portal\/wp-json\/wp\/v2\/users\/12"}],"replies":[{"embeddable":true,"href":"https:\/\/verdadeon.com.br\/portal\/wp-json\/wp\/v2\/comments?post=27027"}],"version-history":[{"count":1,"href":"https:\/\/verdadeon.com.br\/portal\/wp-json\/wp\/v2\/posts\/27027\/revisions"}],"predecessor-version":[{"id":27033,"href":"https:\/\/verdadeon.com.br\/portal\/wp-json\/wp\/v2\/posts\/27027\/revisions\/27033"}],"wp:featuredmedia":[{"embeddable":true,"href":"https:\/\/verdadeon.com.br\/portal\/wp-json\/wp\/v2\/media\/27040"}],"wp:attachment":[{"href":"https:\/\/verdadeon.com.br\/portal\/wp-json\/wp\/v2\/media?parent=27027"}],"wp:term":[{"taxonomy":"category","embeddable":true,"href":"https:\/\/verdadeon.com.br\/portal\/wp-json\/wp\/v2\/categories?post=27027"},{"taxonomy":"post_tag","embeddable":true,"href":"https:\/\/verdadeon.com.br\/portal\/wp-json\/wp\/v2\/tags?post=27027"}],"curies":[{"name":"wp","href":"https:\/\/api.w.org\/{rel}","templated":true}]}}