{"id":26980,"date":"2022-08-04T16:05:17","date_gmt":"2022-08-04T19:05:17","guid":{"rendered":"https:\/\/verdadeon.com.br\/portal\/?p=26980"},"modified":"2022-08-04T16:05:17","modified_gmt":"2022-08-04T19:05:17","slug":"partidos-politicos-tem-ate-esta-sexta-feira-para-realizar-convencoes-partidarias","status":"publish","type":"post","link":"https:\/\/verdadeon.com.br\/portal\/2022\/08\/04\/partidos-politicos-tem-ate-esta-sexta-feira-para-realizar-convencoes-partidarias\/","title":{"rendered":"Partidos pol\u00edticos t\u00eam at\u00e9 esta sexta-feira para realizar conven\u00e7\u00f5es partid\u00e1rias"},"content":{"rendered":"<div class=\"col-lg-12 mb-3\">\n<div class=\"row\">\n<h3 class=\"col-10 offset-1 animated fadeInDown dealy-900 display-8 display-md-8 alt-font font-italic my-1 text-center\">Este ano, 34 legendas foram autorizadas a realizar as reuni\u00f5es<\/h3>\n<\/div>\n<\/div>\n<div class=\"col-xl-7 offset-xl-1 col-lg-8 offset-lg-0 col-md-10 offset-md-1 mb-3\">\n<div class=\"post-item alt-font\">\n<div class=\"post-item-wrap\">\n<p>Os partidos pol\u00edticos e as federa\u00e7\u00f5es partid\u00e1rias t\u00eam at\u00e9 esta sexta-feira (5) para realizar suas conven\u00e7\u00f5es e escolher os candidatos e candidatas que v\u00e3o disputar um cargo eletivo nas elei\u00e7\u00f5es deste ano, bem como para decidir sobre a forma\u00e7\u00e3o de coliga\u00e7\u00f5es.<img data-recalc-dims=\"1\" decoding=\"async\" src=\"https:\/\/i0.wp.com\/agenciabrasil.ebc.com.br\/ebc.png?w=1220&#038;ssl=1\" \/><img data-recalc-dims=\"1\" decoding=\"async\" src=\"https:\/\/i0.wp.com\/agenciabrasil.ebc.com.br\/ebc.gif?w=1220&#038;ssl=1\" \/><\/p>\n<p>Este ano, as 34 legendas pol\u00edticas registradas no Tribunal Superior Eleitoral (TSE) foram liberadas para realizar suas reuni\u00f5es nacionais a partir de 20 de julho. Conforme estabelece o Calend\u00e1rio das Elei\u00e7\u00f5es 2022, ap\u00f3s definir os nomes que disputar\u00e3o a um cargo, os partidos, federa\u00e7\u00f5es e coliga\u00e7\u00f5es ter\u00e3o at\u00e9 o dia 15 de agosto para solicitarem o registro das candidaturas. No caso de federa\u00e7\u00f5es partid\u00e1rias, a conven\u00e7\u00e3o deve ocorrer de forma unificada, com a participa\u00e7\u00e3o de todos os partidos integrantes.<\/p>\n<p>At\u00e9 a manh\u00e3 desta quinta-feira (4), apenas quatro candidatos \u00e0 Presid\u00eancia da Rep\u00fablica tinham registrado suas candidaturas no TSE: Felipe D\u00b4Avila (Novo); L\u00e9o P\u00e9ricles (Unidade Popular-UP); Pablo Mar\u00e7al (Partido Republicano da Ordem Social-Pros) e Sofia Manzano (Partido Comunista Brasileiro-PCB). Seus vices s\u00e3o, respectivamente: Tiago Mitraud; Samara Martins; F\u00e1tima P\u00e9rola Neggra e Antonio Alves.<\/p>\n<p>Mais de 156,45 milh\u00f5es de eleitores e eleitoras est\u00e3o aptos a votar no pr\u00f3ximo dia 2 de outubro, quando os brasileiros come\u00e7ar\u00e3o a escolher o pr\u00f3ximo presidente da Rep\u00fablica, al\u00e9m dos futuros governadores, senadores e deputados federais, estaduais e distritais. A possibilidade de coliga\u00e7\u00f5es entre partidos s\u00f3 se aplica \u00e0 disputa pelos chamados cargos majorit\u00e1rios (ou seja, aqueles em que fica com a vaga o candidato que tiver mais votos, caso da escolha para presidente, governador, prefeito e senador), n\u00e3o valendo para as elei\u00e7\u00f5es proporcionais (deputados).<\/p>\n<h2>Propaganda eleitoral<\/h2>\n<p>A propaganda eleitoral somente ser\u00e1 permitida a partir do dia 16 de agosto. Consequentemente, j\u00e1 a partir do pr\u00f3ximo s\u00e1bado (6), as emissoras de r\u00e1dio e de televis\u00e3o estar\u00e3o proibidas de fazer proselitismo pol\u00edtico, n\u00e3o podendo dispensar tratamento privilegiado a qualquer candidato ou partido.<\/p>\n<p>As emissoras de r\u00e1dio e tv tamb\u00e9m n\u00e3o poder\u00e3o transmitir, mesmo que sob a forma de material jornal\u00edstico, entrevistas sobre inten\u00e7\u00e3o de voto que permitam a identifica\u00e7\u00e3o dos eleitores. E tamb\u00e9m n\u00e3o poder\u00e3o divulgar nomes de programas associados a candidaturas ou mesmo atra\u00e7\u00f5es com \u201calus\u00e3o ou cr\u00edtica a candidata, candidato, partido pol\u00edtico, federa\u00e7\u00e3o ou coliga\u00e7\u00e3o, mesmo que dissimuladamente, exceto programas jornal\u00edsticos ou debates pol\u00edticos\u201d.<\/p>\n<p>Em nota divulgada\u00a0 na quarta-feira (3), o TSE destacou que o C\u00f3digo Eleitoral veda propagandas alusivas a \u201cprocessos violentos para subverter o regime, a ordem pol\u00edtica e social ou de preconceitos de ra\u00e7a ou de classes; bem como que provoquem animosidade entre as For\u00e7as Armadas ou contra elas, ou delas contra as classes e institui\u00e7\u00f5es civis; incitamento de atentado contra pessoa ou bens; instiga\u00e7\u00e3o \u00e0 desobedi\u00eancia coletiva ao cumprimento da lei de ordem p\u00fablica e que implique oferecimento, promessa ou solicita\u00e7\u00e3o de dinheiro, d\u00e1diva, rifa, sorteio ou vantagem de qualquer natureza\u201d.<\/p>\n<\/div>\n<p class=\"alt-font font-italic my-2 small text-info\">Fonte: Agencia Brasil<\/p>\n<\/div>\n<\/div>\n","protected":false},"excerpt":{"rendered":"<p>Este ano, 34 legendas foram autorizadas a realizar as reuni\u00f5es Os partidos pol\u00edticos e as federa\u00e7\u00f5es partid\u00e1rias t\u00eam at\u00e9 esta sexta-feira (5) para realizar suas conven\u00e7\u00f5es<span class=\"excerpt-hellip\"> [\u2026]<\/span><\/p>\n","protected":false},"author":4,"featured_media":26984,"comment_status":"open","ping_status":"open","sticky":false,"template":"","format":"standard","meta":{"_jetpack_memberships_contains_paid_content":false,"footnotes":"","jetpack_publicize_message":"","jetpack_publicize_feature_enabled":true,"jetpack_social_post_already_shared":false,"jetpack_social_options":{"image_generator_settings":{"template":"highway","default_image_id":0,"enabled":false},"version":2}},"categories":[28,44],"tags":[],"class_list":["post-26980","post","type-post","status-publish","format-standard","has-post-thumbnail","hentry","category-cotidiano","category-noticias"],"yoast_head":"<!-- This site is optimized with the Yoast SEO plugin v25.6 - https:\/\/yoast.com\/wordpress\/plugins\/seo\/ -->\n<title>Partidos pol\u00edticos t\u00eam at\u00e9 esta sexta-feira para realizar conven\u00e7\u00f5es partid\u00e1rias - VerdadeOn<\/title>\n<meta name=\"robots\" content=\"index, follow, max-snippet:-1, max-image-preview:large, max-video-preview:-1\" \/>\n<link rel=\"canonical\" href=\"https:\/\/verdadeon.com.br\/portal\/2022\/08\/04\/partidos-politicos-tem-ate-esta-sexta-feira-para-realizar-convencoes-partidarias\/\" \/>\n<meta property=\"og:locale\" content=\"pt_BR\" \/>\n<meta property=\"og:type\" content=\"article\" \/>\n<meta property=\"og:title\" content=\"Partidos pol\u00edticos t\u00eam at\u00e9 esta sexta-feira para realizar conven\u00e7\u00f5es partid\u00e1rias - VerdadeOn\" \/>\n<meta property=\"og:description\" content=\"Este ano, 34 legendas foram autorizadas a realizar as reuni\u00f5es Os partidos pol\u00edticos e as federa\u00e7\u00f5es partid\u00e1rias t\u00eam at\u00e9 esta sexta-feira (5) para realizar suas conven\u00e7\u00f5es [\u2026]\" \/>\n<meta property=\"og:url\" content=\"https:\/\/verdadeon.com.br\/portal\/2022\/08\/04\/partidos-politicos-tem-ate-esta-sexta-feira-para-realizar-convencoes-partidarias\/\" \/>\n<meta property=\"og:site_name\" content=\"VerdadeOn\" \/>\n<meta property=\"article:published_time\" content=\"2022-08-04T19:05:17+00:00\" \/>\n<meta property=\"og:image\" content=\"https:\/\/verdadeon.com.br\/portal\/wp-content\/uploads\/2022\/08\/51744870269_7f6b655a3d_o.jpg\" \/>\n\t<meta property=\"og:image:width\" content=\"1000\" \/>\n\t<meta property=\"og:image:height\" content=\"670\" \/>\n\t<meta property=\"og:image:type\" content=\"image\/jpeg\" \/>\n<meta name=\"author\" content=\"Fernando Calixto\" \/>\n<meta name=\"twitter:card\" content=\"summary_large_image\" \/>\n<meta name=\"twitter:label1\" content=\"Escrito por\" \/>\n\t<meta name=\"twitter:data1\" content=\"Fernando Calixto\" \/>\n\t<meta name=\"twitter:label2\" content=\"Est. tempo de leitura\" \/>\n\t<meta name=\"twitter:data2\" content=\"4 minutos\" \/>\n<script type=\"application\/ld+json\" class=\"yoast-schema-graph\">{\"@context\":\"https:\/\/schema.org\",\"@graph\":[{\"@type\":\"WebPage\",\"@id\":\"https:\/\/verdadeon.com.br\/portal\/2022\/08\/04\/partidos-politicos-tem-ate-esta-sexta-feira-para-realizar-convencoes-partidarias\/\",\"url\":\"https:\/\/verdadeon.com.br\/portal\/2022\/08\/04\/partidos-politicos-tem-ate-esta-sexta-feira-para-realizar-convencoes-partidarias\/\",\"name\":\"Partidos pol\u00edticos t\u00eam at\u00e9 esta sexta-feira para realizar conven\u00e7\u00f5es partid\u00e1rias - VerdadeOn\",\"isPartOf\":{\"@id\":\"https:\/\/verdadeon.com.br\/portal\/#website\"},\"primaryImageOfPage\":{\"@id\":\"https:\/\/verdadeon.com.br\/portal\/2022\/08\/04\/partidos-politicos-tem-ate-esta-sexta-feira-para-realizar-convencoes-partidarias\/#primaryimage\"},\"image\":{\"@id\":\"https:\/\/verdadeon.com.br\/portal\/2022\/08\/04\/partidos-politicos-tem-ate-esta-sexta-feira-para-realizar-convencoes-partidarias\/#primaryimage\"},\"thumbnailUrl\":\"https:\/\/i0.wp.com\/verdadeon.com.br\/portal\/wp-content\/uploads\/2022\/08\/51744870269_7f6b655a3d_o.jpg?fit=1000%2C670&ssl=1\",\"datePublished\":\"2022-08-04T19:05:17+00:00\",\"author\":{\"@id\":\"https:\/\/verdadeon.com.br\/portal\/#\/schema\/person\/8994718f49ee62ba5610471e29ca1f62\"},\"breadcrumb\":{\"@id\":\"https:\/\/verdadeon.com.br\/portal\/2022\/08\/04\/partidos-politicos-tem-ate-esta-sexta-feira-para-realizar-convencoes-partidarias\/#breadcrumb\"},\"inLanguage\":\"pt-BR\",\"potentialAction\":[{\"@type\":\"ReadAction\",\"target\":[\"https:\/\/verdadeon.com.br\/portal\/2022\/08\/04\/partidos-politicos-tem-ate-esta-sexta-feira-para-realizar-convencoes-partidarias\/\"]}]},{\"@type\":\"ImageObject\",\"inLanguage\":\"pt-BR\",\"@id\":\"https:\/\/verdadeon.com.br\/portal\/2022\/08\/04\/partidos-politicos-tem-ate-esta-sexta-feira-para-realizar-convencoes-partidarias\/#primaryimage\",\"url\":\"https:\/\/i0.wp.com\/verdadeon.com.br\/portal\/wp-content\/uploads\/2022\/08\/51744870269_7f6b655a3d_o.jpg?fit=1000%2C670&ssl=1\",\"contentUrl\":\"https:\/\/i0.wp.com\/verdadeon.com.br\/portal\/wp-content\/uploads\/2022\/08\/51744870269_7f6b655a3d_o.jpg?fit=1000%2C670&ssl=1\",\"width\":1000,\"height\":670,\"caption\":\"O desrespeito ao C\u00f3digo Eleitoral pode configurar crime eleitoral, com previs\u00e3o de pena de pris\u00e3o de seis meses a seis anos, mais multa, seja por impedir ou embara\u00e7ar o exerc\u00edcio do sufr\u00e1gio, seja por coagir algu\u00e9m a votar em determinado candidato (\u00a9Ag\u00eancia Brasil)\"},{\"@type\":\"BreadcrumbList\",\"@id\":\"https:\/\/verdadeon.com.br\/portal\/2022\/08\/04\/partidos-politicos-tem-ate-esta-sexta-feira-para-realizar-convencoes-partidarias\/#breadcrumb\",\"itemListElement\":[{\"@type\":\"ListItem\",\"position\":1,\"name\":\"In\u00edcio\",\"item\":\"https:\/\/verdadeon.com.br\/portal\/\"},{\"@type\":\"ListItem\",\"position\":2,\"name\":\"Partidos pol\u00edticos t\u00eam at\u00e9 esta sexta-feira para realizar conven\u00e7\u00f5es partid\u00e1rias\"}]},{\"@type\":\"WebSite\",\"@id\":\"https:\/\/verdadeon.com.br\/portal\/#website\",\"url\":\"https:\/\/verdadeon.com.br\/portal\/\",\"name\":\"VerdadeOn\",\"description\":\"Not\u00edcias di\u00e1rias sobre Franca, Regi\u00e3o, Esporte, Cultura, Cotidiano, Colunas. Cobertura nos principais eventos da cidade \u00e9 aqui - Verdadeon Franca\",\"potentialAction\":[{\"@type\":\"SearchAction\",\"target\":{\"@type\":\"EntryPoint\",\"urlTemplate\":\"https:\/\/verdadeon.com.br\/portal\/?s={search_term_string}\"},\"query-input\":{\"@type\":\"PropertyValueSpecification\",\"valueRequired\":true,\"valueName\":\"search_term_string\"}}],\"inLanguage\":\"pt-BR\"},{\"@type\":\"Person\",\"@id\":\"https:\/\/verdadeon.com.br\/portal\/#\/schema\/person\/8994718f49ee62ba5610471e29ca1f62\",\"name\":\"Fernando Calixto\",\"image\":{\"@type\":\"ImageObject\",\"inLanguage\":\"pt-BR\",\"@id\":\"https:\/\/verdadeon.com.br\/portal\/#\/schema\/person\/image\/\",\"url\":\"https:\/\/secure.gravatar.com\/avatar\/7578910c24966c0316c340f9dbd601e93ee9f9212e1033968b367af9306bd9fb?s=96&d=mm&r=g\",\"contentUrl\":\"https:\/\/secure.gravatar.com\/avatar\/7578910c24966c0316c340f9dbd601e93ee9f9212e1033968b367af9306bd9fb?s=96&d=mm&r=g\",\"caption\":\"Fernando Calixto\"},\"url\":\"https:\/\/verdadeon.com.br\/portal\/author\/fernando-calixto\/\"}]}<\/script>\n<!-- \/ Yoast SEO plugin. -->","yoast_head_json":{"title":"Partidos pol\u00edticos t\u00eam at\u00e9 esta sexta-feira para realizar conven\u00e7\u00f5es partid\u00e1rias - VerdadeOn","robots":{"index":"index","follow":"follow","max-snippet":"max-snippet:-1","max-image-preview":"max-image-preview:large","max-video-preview":"max-video-preview:-1"},"canonical":"https:\/\/verdadeon.com.br\/portal\/2022\/08\/04\/partidos-politicos-tem-ate-esta-sexta-feira-para-realizar-convencoes-partidarias\/","og_locale":"pt_BR","og_type":"article","og_title":"Partidos pol\u00edticos t\u00eam at\u00e9 esta sexta-feira para realizar conven\u00e7\u00f5es partid\u00e1rias - VerdadeOn","og_description":"Este ano, 34 legendas foram autorizadas a realizar as reuni\u00f5es Os partidos pol\u00edticos e as federa\u00e7\u00f5es partid\u00e1rias t\u00eam at\u00e9 esta sexta-feira (5) para realizar suas conven\u00e7\u00f5es [\u2026]","og_url":"https:\/\/verdadeon.com.br\/portal\/2022\/08\/04\/partidos-politicos-tem-ate-esta-sexta-feira-para-realizar-convencoes-partidarias\/","og_site_name":"VerdadeOn","article_published_time":"2022-08-04T19:05:17+00:00","og_image":[{"width":1000,"height":670,"url":"https:\/\/verdadeon.com.br\/portal\/wp-content\/uploads\/2022\/08\/51744870269_7f6b655a3d_o.jpg","type":"image\/jpeg"}],"author":"Fernando Calixto","twitter_card":"summary_large_image","twitter_misc":{"Escrito por":"Fernando Calixto","Est. tempo de leitura":"4 minutos"},"schema":{"@context":"https:\/\/schema.org","@graph":[{"@type":"WebPage","@id":"https:\/\/verdadeon.com.br\/portal\/2022\/08\/04\/partidos-politicos-tem-ate-esta-sexta-feira-para-realizar-convencoes-partidarias\/","url":"https:\/\/verdadeon.com.br\/portal\/2022\/08\/04\/partidos-politicos-tem-ate-esta-sexta-feira-para-realizar-convencoes-partidarias\/","name":"Partidos pol\u00edticos t\u00eam at\u00e9 esta sexta-feira para realizar conven\u00e7\u00f5es partid\u00e1rias - VerdadeOn","isPartOf":{"@id":"https:\/\/verdadeon.com.br\/portal\/#website"},"primaryImageOfPage":{"@id":"https:\/\/verdadeon.com.br\/portal\/2022\/08\/04\/partidos-politicos-tem-ate-esta-sexta-feira-para-realizar-convencoes-partidarias\/#primaryimage"},"image":{"@id":"https:\/\/verdadeon.com.br\/portal\/2022\/08\/04\/partidos-politicos-tem-ate-esta-sexta-feira-para-realizar-convencoes-partidarias\/#primaryimage"},"thumbnailUrl":"https:\/\/i0.wp.com\/verdadeon.com.br\/portal\/wp-content\/uploads\/2022\/08\/51744870269_7f6b655a3d_o.jpg?fit=1000%2C670&ssl=1","datePublished":"2022-08-04T19:05:17+00:00","author":{"@id":"https:\/\/verdadeon.com.br\/portal\/#\/schema\/person\/8994718f49ee62ba5610471e29ca1f62"},"breadcrumb":{"@id":"https:\/\/verdadeon.com.br\/portal\/2022\/08\/04\/partidos-politicos-tem-ate-esta-sexta-feira-para-realizar-convencoes-partidarias\/#breadcrumb"},"inLanguage":"pt-BR","potentialAction":[{"@type":"ReadAction","target":["https:\/\/verdadeon.com.br\/portal\/2022\/08\/04\/partidos-politicos-tem-ate-esta-sexta-feira-para-realizar-convencoes-partidarias\/"]}]},{"@type":"ImageObject","inLanguage":"pt-BR","@id":"https:\/\/verdadeon.com.br\/portal\/2022\/08\/04\/partidos-politicos-tem-ate-esta-sexta-feira-para-realizar-convencoes-partidarias\/#primaryimage","url":"https:\/\/i0.wp.com\/verdadeon.com.br\/portal\/wp-content\/uploads\/2022\/08\/51744870269_7f6b655a3d_o.jpg?fit=1000%2C670&ssl=1","contentUrl":"https:\/\/i0.wp.com\/verdadeon.com.br\/portal\/wp-content\/uploads\/2022\/08\/51744870269_7f6b655a3d_o.jpg?fit=1000%2C670&ssl=1","width":1000,"height":670,"caption":"O desrespeito ao C\u00f3digo Eleitoral pode configurar crime eleitoral, com previs\u00e3o de pena de pris\u00e3o de seis meses a seis anos, mais multa, seja por impedir ou embara\u00e7ar o exerc\u00edcio do sufr\u00e1gio, seja por coagir algu\u00e9m a votar em determinado candidato (\u00a9Ag\u00eancia Brasil)"},{"@type":"BreadcrumbList","@id":"https:\/\/verdadeon.com.br\/portal\/2022\/08\/04\/partidos-politicos-tem-ate-esta-sexta-feira-para-realizar-convencoes-partidarias\/#breadcrumb","itemListElement":[{"@type":"ListItem","position":1,"name":"In\u00edcio","item":"https:\/\/verdadeon.com.br\/portal\/"},{"@type":"ListItem","position":2,"name":"Partidos pol\u00edticos t\u00eam at\u00e9 esta sexta-feira para realizar conven\u00e7\u00f5es partid\u00e1rias"}]},{"@type":"WebSite","@id":"https:\/\/verdadeon.com.br\/portal\/#website","url":"https:\/\/verdadeon.com.br\/portal\/","name":"VerdadeOn","description":"Not\u00edcias di\u00e1rias sobre Franca, Regi\u00e3o, Esporte, Cultura, Cotidiano, Colunas. Cobertura nos principais eventos da cidade \u00e9 aqui - Verdadeon Franca","potentialAction":[{"@type":"SearchAction","target":{"@type":"EntryPoint","urlTemplate":"https:\/\/verdadeon.com.br\/portal\/?s={search_term_string}"},"query-input":{"@type":"PropertyValueSpecification","valueRequired":true,"valueName":"search_term_string"}}],"inLanguage":"pt-BR"},{"@type":"Person","@id":"https:\/\/verdadeon.com.br\/portal\/#\/schema\/person\/8994718f49ee62ba5610471e29ca1f62","name":"Fernando Calixto","image":{"@type":"ImageObject","inLanguage":"pt-BR","@id":"https:\/\/verdadeon.com.br\/portal\/#\/schema\/person\/image\/","url":"https:\/\/secure.gravatar.com\/avatar\/7578910c24966c0316c340f9dbd601e93ee9f9212e1033968b367af9306bd9fb?s=96&d=mm&r=g","contentUrl":"https:\/\/secure.gravatar.com\/avatar\/7578910c24966c0316c340f9dbd601e93ee9f9212e1033968b367af9306bd9fb?s=96&d=mm&r=g","caption":"Fernando Calixto"},"url":"https:\/\/verdadeon.com.br\/portal\/author\/fernando-calixto\/"}]}},"jetpack_publicize_connections":[],"jetpack_featured_media_url":"https:\/\/i0.wp.com\/verdadeon.com.br\/portal\/wp-content\/uploads\/2022\/08\/51744870269_7f6b655a3d_o.jpg?fit=1000%2C670&ssl=1","jetpack_sharing_enabled":true,"_links":{"self":[{"href":"https:\/\/verdadeon.com.br\/portal\/wp-json\/wp\/v2\/posts\/26980","targetHints":{"allow":["GET"]}}],"collection":[{"href":"https:\/\/verdadeon.com.br\/portal\/wp-json\/wp\/v2\/posts"}],"about":[{"href":"https:\/\/verdadeon.com.br\/portal\/wp-json\/wp\/v2\/types\/post"}],"author":[{"embeddable":true,"href":"https:\/\/verdadeon.com.br\/portal\/wp-json\/wp\/v2\/users\/4"}],"replies":[{"embeddable":true,"href":"https:\/\/verdadeon.com.br\/portal\/wp-json\/wp\/v2\/comments?post=26980"}],"version-history":[{"count":1,"href":"https:\/\/verdadeon.com.br\/portal\/wp-json\/wp\/v2\/posts\/26980\/revisions"}],"predecessor-version":[{"id":26987,"href":"https:\/\/verdadeon.com.br\/portal\/wp-json\/wp\/v2\/posts\/26980\/revisions\/26987"}],"wp:featuredmedia":[{"embeddable":true,"href":"https:\/\/verdadeon.com.br\/portal\/wp-json\/wp\/v2\/media\/26984"}],"wp:attachment":[{"href":"https:\/\/verdadeon.com.br\/portal\/wp-json\/wp\/v2\/media?parent=26980"}],"wp:term":[{"taxonomy":"category","embeddable":true,"href":"https:\/\/verdadeon.com.br\/portal\/wp-json\/wp\/v2\/categories?post=26980"},{"taxonomy":"post_tag","embeddable":true,"href":"https:\/\/verdadeon.com.br\/portal\/wp-json\/wp\/v2\/tags?post=26980"}],"curies":[{"name":"wp","href":"https:\/\/api.w.org\/{rel}","templated":true}]}}