{"id":26961,"date":"2022-08-03T18:07:39","date_gmt":"2022-08-03T21:07:39","guid":{"rendered":"https:\/\/verdadeon.com.br\/portal\/?p=26961"},"modified":"2022-08-03T18:07:39","modified_gmt":"2022-08-03T21:07:39","slug":"professora-de-restinga-acusada-de-colocar-criancas-em-saco-e-absolvida-pela-justica","status":"publish","type":"post","link":"https:\/\/verdadeon.com.br\/portal\/2022\/08\/03\/professora-de-restinga-acusada-de-colocar-criancas-em-saco-e-absolvida-pela-justica\/","title":{"rendered":"Professora de Restinga acusada de colocar crian\u00e7as em saco \u00e9 absolvida pela Justi\u00e7a"},"content":{"rendered":"<h2>Justi\u00e7a absolveu auxiliar tamb\u00e9m; juiz argumenta que &#8216;n\u00e3o ficou provado que houve sofrimento imposto \u00e0s crian\u00e7as&#8217;<\/h2>\n<p>&nbsp;<\/p>\n<p>&nbsp;<\/p>\n<p><span style=\"font-weight: 400;\">Uma professora e uma auxiliar de classe, acusadas de colocar crian\u00e7as em sacos de lixo em uma escola-creche da rede p\u00fablica de Restinga foram absolvidas pela Justi\u00e7a. O juiz Alexandre Semedo de Oliveira julgou improcedente a a\u00e7\u00e3o por totura. Na senten\u00e7a, proferida nesta ter\u00e7a-feira (2), o magistrado argumentou que, embora possa ter ocorrido, n\u00e3o ficou comprovado que houve sofrimento imposto \u00e0s crian\u00e7as.<\/span><\/p>\n<p><span style=\"font-weight: 400;\">O caso se tornou conhecido em 2017, ap\u00f3s c\u00e2meras na sala de aula flagrarem alunos de 4 anos sendo colocados em sacos de lixo pela professora e a estagi\u00e1ria. No processo, alguns pais narram que os filhos contaram que a professora colocava as crian\u00e7as dentro de um saco preto e contava at\u00e9 dez, como forma de castigo e para que ficassem quietas.<\/span><\/p>\n<p><span style=\"font-weight: 400;\">No processo, que tramita na 1\u00aa Vara Criminal do F\u00f3rum de Franca, o juiz Alexandre Semedo de Oliveira afirma que \u201cno presente caso, o que se tem por ausente \u00e9 justamente a intensidade dos supostos sofrimentos suportados pelas v\u00edtimas&#8221;. De fato, tem-se que a prova oral em peso deu a entender que os fatos, em que pese a serem bastante critic\u00e1veis, ocorreram poucas vezes, n\u00e3o mais que em duas situa\u00e7\u00f5es e que, em ambas, n\u00e3o duraram mais do que poucos segundos. Outrossim, \u00e9 dessa mesma prova oral que, ao menos em uma delas, a r\u00e9 teria inclusive tomado e abra\u00e7ado a crian\u00e7a, o que \u00e9 incompat\u00edvel com o dolo de tortur\u00e1-la.\u201d<\/span><\/p>\n<p><span style=\"font-weight: 400;\">Ainda na decis\u00e3o, o magistrado argumenta que \u201cas atividades dentro de sala de aula eram filmadas e gravadas e que ambas as r\u00e9s tinham conhecimento desse fato\u201d. Na avalia\u00e7\u00e3o dele, \u201cisso torna improv\u00e1vel que qualquer uma delas se pusesse a torturar menores cientes de que a tortura mesma estaria sendo registrada nas c\u00e2meras\u201d.\u00a0\u00a0<\/span><\/p>\n<h4>Prefeitura condenada<\/h4>\n<p><span style=\"font-weight: 400;\">Em mar\u00e7o deste ano, a Prefeitura de Restinga foi condenada a pagar R$ 150 mil de indeniza\u00e7\u00e3o a duas fam\u00edlias dos alunos que foram colocadas em sacos de lixo. Na decis\u00e3o, a Comarca de Franca havia acatado o pedido da defesa das fam\u00edlias, de que houve danos morais para as crian\u00e7as e familiares.<\/span><\/p>\n<p><span style=\"font-weight: 400;\">Em entrevista ao Verdade, quando a senten\u00e7a foi proferida, Fernando Goulart, advogado de defesa das fam\u00edlias, destacou que desde o fato as crian\u00e7as ficaram estigmatizadas na cidade, o que causou grande constrangimento a elas e aos parentes.<\/span><\/p>\n<p><span style=\"font-weight: 400;\">Na ocasi\u00e3o, o advogado de defesa da Prefeitura de Restinga afirmou que o munic\u00edpio iria recorrer da condena\u00e7\u00e3o.<\/span><\/p>\n<p><span style=\"font-weight: 400;\">Em 2017, as imagens das crian\u00e7as sendo colocadas em sacos de lixo repercutiram em todo o pa\u00eds. Alguns pais de alunos registraram um boletim de ocorr\u00eancia por maus tratos e a Prefeitura abriu uma sindic\u00e2ncia para apurar o caso. Ao final, a professora foi demitida por justa causa.<\/span><\/p>\n<p>&nbsp;<\/p>\n","protected":false},"excerpt":{"rendered":"<p>Justi\u00e7a absolveu auxiliar tamb\u00e9m; juiz argumenta que &#8216;n\u00e3o ficou provado que houve sofrimento imposto \u00e0s crian\u00e7as&#8217; &nbsp; &nbsp; Uma professora e uma auxiliar de classe, acusadas<span class=\"excerpt-hellip\"> [\u2026]<\/span><\/p>\n","protected":false},"author":12,"featured_media":23867,"comment_status":"open","ping_status":"open","sticky":false,"template":"","format":"standard","meta":{"_jetpack_memberships_contains_paid_content":false,"footnotes":"","jetpack_publicize_message":"","jetpack_publicize_feature_enabled":true,"jetpack_social_post_already_shared":false,"jetpack_social_options":{"image_generator_settings":{"template":"highway","default_image_id":0,"enabled":false},"version":2}},"categories":[28,81],"tags":[],"class_list":["post-26961","post","type-post","status-publish","format-standard","has-post-thumbnail","hentry","category-cotidiano","category-manchete"],"yoast_head":"<!-- This site is optimized with the Yoast SEO plugin v25.6 - https:\/\/yoast.com\/wordpress\/plugins\/seo\/ -->\n<title>Professora de Restinga acusada de colocar crian\u00e7as em saco \u00e9 absolvida pela Justi\u00e7a - VerdadeOn<\/title>\n<meta name=\"robots\" content=\"index, follow, max-snippet:-1, max-image-preview:large, max-video-preview:-1\" \/>\n<link rel=\"canonical\" href=\"https:\/\/verdadeon.com.br\/portal\/2022\/08\/03\/professora-de-restinga-acusada-de-colocar-criancas-em-saco-e-absolvida-pela-justica\/\" \/>\n<meta property=\"og:locale\" content=\"pt_BR\" \/>\n<meta property=\"og:type\" content=\"article\" \/>\n<meta property=\"og:title\" content=\"Professora de Restinga acusada de colocar crian\u00e7as em saco \u00e9 absolvida pela Justi\u00e7a - VerdadeOn\" \/>\n<meta property=\"og:description\" content=\"Justi\u00e7a absolveu auxiliar tamb\u00e9m; juiz argumenta que &#8216;n\u00e3o ficou provado que houve sofrimento imposto \u00e0s crian\u00e7as&#8217; &nbsp; &nbsp; Uma professora e uma auxiliar de classe, acusadas [\u2026]\" \/>\n<meta property=\"og:url\" content=\"https:\/\/verdadeon.com.br\/portal\/2022\/08\/03\/professora-de-restinga-acusada-de-colocar-criancas-em-saco-e-absolvida-pela-justica\/\" \/>\n<meta property=\"og:site_name\" content=\"VerdadeOn\" \/>\n<meta property=\"article:published_time\" content=\"2022-08-03T21:07:39+00:00\" \/>\n<meta property=\"og:image\" content=\"https:\/\/verdadeon.com.br\/portal\/wp-content\/uploads\/2022\/03\/PROFESSORA.png\" \/>\n\t<meta property=\"og:image:width\" content=\"1362\" \/>\n\t<meta property=\"og:image:height\" content=\"768\" \/>\n\t<meta property=\"og:image:type\" content=\"image\/png\" \/>\n<meta name=\"author\" content=\"Nelise Luques\" \/>\n<meta name=\"twitter:card\" content=\"summary_large_image\" \/>\n<meta name=\"twitter:label1\" content=\"Escrito por\" \/>\n\t<meta name=\"twitter:data1\" content=\"Nelise Luques\" \/>\n\t<meta name=\"twitter:label2\" content=\"Est. tempo de leitura\" \/>\n\t<meta name=\"twitter:data2\" content=\"3 minutos\" \/>\n<script type=\"application\/ld+json\" class=\"yoast-schema-graph\">{\"@context\":\"https:\/\/schema.org\",\"@graph\":[{\"@type\":\"WebPage\",\"@id\":\"https:\/\/verdadeon.com.br\/portal\/2022\/08\/03\/professora-de-restinga-acusada-de-colocar-criancas-em-saco-e-absolvida-pela-justica\/\",\"url\":\"https:\/\/verdadeon.com.br\/portal\/2022\/08\/03\/professora-de-restinga-acusada-de-colocar-criancas-em-saco-e-absolvida-pela-justica\/\",\"name\":\"Professora de Restinga acusada de colocar crian\u00e7as em saco \u00e9 absolvida pela Justi\u00e7a - VerdadeOn\",\"isPartOf\":{\"@id\":\"https:\/\/verdadeon.com.br\/portal\/#website\"},\"primaryImageOfPage\":{\"@id\":\"https:\/\/verdadeon.com.br\/portal\/2022\/08\/03\/professora-de-restinga-acusada-de-colocar-criancas-em-saco-e-absolvida-pela-justica\/#primaryimage\"},\"image\":{\"@id\":\"https:\/\/verdadeon.com.br\/portal\/2022\/08\/03\/professora-de-restinga-acusada-de-colocar-criancas-em-saco-e-absolvida-pela-justica\/#primaryimage\"},\"thumbnailUrl\":\"https:\/\/i0.wp.com\/verdadeon.com.br\/portal\/wp-content\/uploads\/2022\/03\/PROFESSORA.png?fit=1362%2C768&ssl=1\",\"datePublished\":\"2022-08-03T21:07:39+00:00\",\"author\":{\"@id\":\"https:\/\/verdadeon.com.br\/portal\/#\/schema\/person\/8248726d36015c1916636fabb175d972\"},\"breadcrumb\":{\"@id\":\"https:\/\/verdadeon.com.br\/portal\/2022\/08\/03\/professora-de-restinga-acusada-de-colocar-criancas-em-saco-e-absolvida-pela-justica\/#breadcrumb\"},\"inLanguage\":\"pt-BR\",\"potentialAction\":[{\"@type\":\"ReadAction\",\"target\":[\"https:\/\/verdadeon.com.br\/portal\/2022\/08\/03\/professora-de-restinga-acusada-de-colocar-criancas-em-saco-e-absolvida-pela-justica\/\"]}]},{\"@type\":\"ImageObject\",\"inLanguage\":\"pt-BR\",\"@id\":\"https:\/\/verdadeon.com.br\/portal\/2022\/08\/03\/professora-de-restinga-acusada-de-colocar-criancas-em-saco-e-absolvida-pela-justica\/#primaryimage\",\"url\":\"https:\/\/i0.wp.com\/verdadeon.com.br\/portal\/wp-content\/uploads\/2022\/03\/PROFESSORA.png?fit=1362%2C768&ssl=1\",\"contentUrl\":\"https:\/\/i0.wp.com\/verdadeon.com.br\/portal\/wp-content\/uploads\/2022\/03\/PROFESSORA.png?fit=1362%2C768&ssl=1\",\"width\":1362,\"height\":768,\"caption\":\"C\u00e2meras de seguran\u00e7a cedidas pela Pol\u00edcia Civil mostraram a a\u00e7\u00e3o da professora dentro da sala de aula | Foto: Reprodu\u00e7\u00e3o\"},{\"@type\":\"BreadcrumbList\",\"@id\":\"https:\/\/verdadeon.com.br\/portal\/2022\/08\/03\/professora-de-restinga-acusada-de-colocar-criancas-em-saco-e-absolvida-pela-justica\/#breadcrumb\",\"itemListElement\":[{\"@type\":\"ListItem\",\"position\":1,\"name\":\"In\u00edcio\",\"item\":\"https:\/\/verdadeon.com.br\/portal\/\"},{\"@type\":\"ListItem\",\"position\":2,\"name\":\"Professora de Restinga acusada de colocar crian\u00e7as em saco \u00e9 absolvida pela Justi\u00e7a\"}]},{\"@type\":\"WebSite\",\"@id\":\"https:\/\/verdadeon.com.br\/portal\/#website\",\"url\":\"https:\/\/verdadeon.com.br\/portal\/\",\"name\":\"VerdadeOn\",\"description\":\"Not\u00edcias di\u00e1rias sobre Franca, Regi\u00e3o, Esporte, Cultura, Cotidiano, Colunas. Cobertura nos principais eventos da cidade \u00e9 aqui - Verdadeon Franca\",\"potentialAction\":[{\"@type\":\"SearchAction\",\"target\":{\"@type\":\"EntryPoint\",\"urlTemplate\":\"https:\/\/verdadeon.com.br\/portal\/?s={search_term_string}\"},\"query-input\":{\"@type\":\"PropertyValueSpecification\",\"valueRequired\":true,\"valueName\":\"search_term_string\"}}],\"inLanguage\":\"pt-BR\"},{\"@type\":\"Person\",\"@id\":\"https:\/\/verdadeon.com.br\/portal\/#\/schema\/person\/8248726d36015c1916636fabb175d972\",\"name\":\"Nelise Luques\",\"image\":{\"@type\":\"ImageObject\",\"inLanguage\":\"pt-BR\",\"@id\":\"https:\/\/verdadeon.com.br\/portal\/#\/schema\/person\/image\/\",\"url\":\"https:\/\/secure.gravatar.com\/avatar\/29b2a17f5bcadeb827411b66f48ac13c3e0ecaf5906c0f5745ecc5d41c24eada?s=96&d=mm&r=g\",\"contentUrl\":\"https:\/\/secure.gravatar.com\/avatar\/29b2a17f5bcadeb827411b66f48ac13c3e0ecaf5906c0f5745ecc5d41c24eada?s=96&d=mm&r=g\",\"caption\":\"Nelise Luques\"},\"url\":\"https:\/\/verdadeon.com.br\/portal\/author\/verdade\/\"}]}<\/script>\n<!-- \/ Yoast SEO plugin. -->","yoast_head_json":{"title":"Professora de Restinga acusada de colocar crian\u00e7as em saco \u00e9 absolvida pela Justi\u00e7a - VerdadeOn","robots":{"index":"index","follow":"follow","max-snippet":"max-snippet:-1","max-image-preview":"max-image-preview:large","max-video-preview":"max-video-preview:-1"},"canonical":"https:\/\/verdadeon.com.br\/portal\/2022\/08\/03\/professora-de-restinga-acusada-de-colocar-criancas-em-saco-e-absolvida-pela-justica\/","og_locale":"pt_BR","og_type":"article","og_title":"Professora de Restinga acusada de colocar crian\u00e7as em saco \u00e9 absolvida pela Justi\u00e7a - VerdadeOn","og_description":"Justi\u00e7a absolveu auxiliar tamb\u00e9m; juiz argumenta que &#8216;n\u00e3o ficou provado que houve sofrimento imposto \u00e0s crian\u00e7as&#8217; &nbsp; &nbsp; Uma professora e uma auxiliar de classe, acusadas [\u2026]","og_url":"https:\/\/verdadeon.com.br\/portal\/2022\/08\/03\/professora-de-restinga-acusada-de-colocar-criancas-em-saco-e-absolvida-pela-justica\/","og_site_name":"VerdadeOn","article_published_time":"2022-08-03T21:07:39+00:00","og_image":[{"width":1362,"height":768,"url":"https:\/\/verdadeon.com.br\/portal\/wp-content\/uploads\/2022\/03\/PROFESSORA.png","type":"image\/png"}],"author":"Nelise Luques","twitter_card":"summary_large_image","twitter_misc":{"Escrito por":"Nelise Luques","Est. tempo de leitura":"3 minutos"},"schema":{"@context":"https:\/\/schema.org","@graph":[{"@type":"WebPage","@id":"https:\/\/verdadeon.com.br\/portal\/2022\/08\/03\/professora-de-restinga-acusada-de-colocar-criancas-em-saco-e-absolvida-pela-justica\/","url":"https:\/\/verdadeon.com.br\/portal\/2022\/08\/03\/professora-de-restinga-acusada-de-colocar-criancas-em-saco-e-absolvida-pela-justica\/","name":"Professora de Restinga acusada de colocar crian\u00e7as em saco \u00e9 absolvida pela Justi\u00e7a - VerdadeOn","isPartOf":{"@id":"https:\/\/verdadeon.com.br\/portal\/#website"},"primaryImageOfPage":{"@id":"https:\/\/verdadeon.com.br\/portal\/2022\/08\/03\/professora-de-restinga-acusada-de-colocar-criancas-em-saco-e-absolvida-pela-justica\/#primaryimage"},"image":{"@id":"https:\/\/verdadeon.com.br\/portal\/2022\/08\/03\/professora-de-restinga-acusada-de-colocar-criancas-em-saco-e-absolvida-pela-justica\/#primaryimage"},"thumbnailUrl":"https:\/\/i0.wp.com\/verdadeon.com.br\/portal\/wp-content\/uploads\/2022\/03\/PROFESSORA.png?fit=1362%2C768&ssl=1","datePublished":"2022-08-03T21:07:39+00:00","author":{"@id":"https:\/\/verdadeon.com.br\/portal\/#\/schema\/person\/8248726d36015c1916636fabb175d972"},"breadcrumb":{"@id":"https:\/\/verdadeon.com.br\/portal\/2022\/08\/03\/professora-de-restinga-acusada-de-colocar-criancas-em-saco-e-absolvida-pela-justica\/#breadcrumb"},"inLanguage":"pt-BR","potentialAction":[{"@type":"ReadAction","target":["https:\/\/verdadeon.com.br\/portal\/2022\/08\/03\/professora-de-restinga-acusada-de-colocar-criancas-em-saco-e-absolvida-pela-justica\/"]}]},{"@type":"ImageObject","inLanguage":"pt-BR","@id":"https:\/\/verdadeon.com.br\/portal\/2022\/08\/03\/professora-de-restinga-acusada-de-colocar-criancas-em-saco-e-absolvida-pela-justica\/#primaryimage","url":"https:\/\/i0.wp.com\/verdadeon.com.br\/portal\/wp-content\/uploads\/2022\/03\/PROFESSORA.png?fit=1362%2C768&ssl=1","contentUrl":"https:\/\/i0.wp.com\/verdadeon.com.br\/portal\/wp-content\/uploads\/2022\/03\/PROFESSORA.png?fit=1362%2C768&ssl=1","width":1362,"height":768,"caption":"C\u00e2meras de seguran\u00e7a cedidas pela Pol\u00edcia Civil mostraram a a\u00e7\u00e3o da professora dentro da sala de aula | Foto: Reprodu\u00e7\u00e3o"},{"@type":"BreadcrumbList","@id":"https:\/\/verdadeon.com.br\/portal\/2022\/08\/03\/professora-de-restinga-acusada-de-colocar-criancas-em-saco-e-absolvida-pela-justica\/#breadcrumb","itemListElement":[{"@type":"ListItem","position":1,"name":"In\u00edcio","item":"https:\/\/verdadeon.com.br\/portal\/"},{"@type":"ListItem","position":2,"name":"Professora de Restinga acusada de colocar crian\u00e7as em saco \u00e9 absolvida pela Justi\u00e7a"}]},{"@type":"WebSite","@id":"https:\/\/verdadeon.com.br\/portal\/#website","url":"https:\/\/verdadeon.com.br\/portal\/","name":"VerdadeOn","description":"Not\u00edcias di\u00e1rias sobre Franca, Regi\u00e3o, Esporte, Cultura, Cotidiano, Colunas. Cobertura nos principais eventos da cidade \u00e9 aqui - Verdadeon Franca","potentialAction":[{"@type":"SearchAction","target":{"@type":"EntryPoint","urlTemplate":"https:\/\/verdadeon.com.br\/portal\/?s={search_term_string}"},"query-input":{"@type":"PropertyValueSpecification","valueRequired":true,"valueName":"search_term_string"}}],"inLanguage":"pt-BR"},{"@type":"Person","@id":"https:\/\/verdadeon.com.br\/portal\/#\/schema\/person\/8248726d36015c1916636fabb175d972","name":"Nelise Luques","image":{"@type":"ImageObject","inLanguage":"pt-BR","@id":"https:\/\/verdadeon.com.br\/portal\/#\/schema\/person\/image\/","url":"https:\/\/secure.gravatar.com\/avatar\/29b2a17f5bcadeb827411b66f48ac13c3e0ecaf5906c0f5745ecc5d41c24eada?s=96&d=mm&r=g","contentUrl":"https:\/\/secure.gravatar.com\/avatar\/29b2a17f5bcadeb827411b66f48ac13c3e0ecaf5906c0f5745ecc5d41c24eada?s=96&d=mm&r=g","caption":"Nelise Luques"},"url":"https:\/\/verdadeon.com.br\/portal\/author\/verdade\/"}]}},"jetpack_publicize_connections":[],"jetpack_featured_media_url":"https:\/\/i0.wp.com\/verdadeon.com.br\/portal\/wp-content\/uploads\/2022\/03\/PROFESSORA.png?fit=1362%2C768&ssl=1","jetpack_sharing_enabled":true,"_links":{"self":[{"href":"https:\/\/verdadeon.com.br\/portal\/wp-json\/wp\/v2\/posts\/26961","targetHints":{"allow":["GET"]}}],"collection":[{"href":"https:\/\/verdadeon.com.br\/portal\/wp-json\/wp\/v2\/posts"}],"about":[{"href":"https:\/\/verdadeon.com.br\/portal\/wp-json\/wp\/v2\/types\/post"}],"author":[{"embeddable":true,"href":"https:\/\/verdadeon.com.br\/portal\/wp-json\/wp\/v2\/users\/12"}],"replies":[{"embeddable":true,"href":"https:\/\/verdadeon.com.br\/portal\/wp-json\/wp\/v2\/comments?post=26961"}],"version-history":[{"count":1,"href":"https:\/\/verdadeon.com.br\/portal\/wp-json\/wp\/v2\/posts\/26961\/revisions"}],"predecessor-version":[{"id":26962,"href":"https:\/\/verdadeon.com.br\/portal\/wp-json\/wp\/v2\/posts\/26961\/revisions\/26962"}],"wp:featuredmedia":[{"embeddable":true,"href":"https:\/\/verdadeon.com.br\/portal\/wp-json\/wp\/v2\/media\/23867"}],"wp:attachment":[{"href":"https:\/\/verdadeon.com.br\/portal\/wp-json\/wp\/v2\/media?parent=26961"}],"wp:term":[{"taxonomy":"category","embeddable":true,"href":"https:\/\/verdadeon.com.br\/portal\/wp-json\/wp\/v2\/categories?post=26961"},{"taxonomy":"post_tag","embeddable":true,"href":"https:\/\/verdadeon.com.br\/portal\/wp-json\/wp\/v2\/tags?post=26961"}],"curies":[{"name":"wp","href":"https:\/\/api.w.org\/{rel}","templated":true}]}}