{"id":26951,"date":"2022-08-03T16:04:04","date_gmt":"2022-08-03T19:04:04","guid":{"rendered":"https:\/\/verdadeon.com.br\/portal\/?p=26951"},"modified":"2022-08-03T16:04:04","modified_gmt":"2022-08-03T19:04:04","slug":"preco-medio-do-gas-de-cozinha-e-r10576-em-franca-o-menor-valor-em-quatro-meses","status":"publish","type":"post","link":"https:\/\/verdadeon.com.br\/portal\/2022\/08\/03\/preco-medio-do-gas-de-cozinha-e-r10576-em-franca-o-menor-valor-em-quatro-meses\/","title":{"rendered":"Pre\u00e7o m\u00e9dio do g\u00e1s de cozinha \u00e9 R$105,76 em Franca, o menor valor em quatro meses"},"content":{"rendered":"<h2>Ainda assim o pre\u00e7o permanece em alta se comparado aos meses de janeiro e fevereiro<\/h2>\n<p>Os valores praticados em Franca na venda do g\u00e1s de GLP de 13 quilos, o popular g\u00e1s de cozinha, registrou uma queda de cerca de 5% nos \u00faltimos quatro meses, \u00e9 o que aponta um levantamento da Ag\u00eancia Nacional do Petr\u00f3leo, G\u00e1s Natural e Biocombust\u00edveis (ANP).<\/p>\n<p>Os dados mostram que em julho o valor m\u00ednimo encontrado na cidade foi de R$ 97,99, o valor m\u00e1ximo R$ 119, o que equivale a um pre\u00e7o m\u00e9dio de R$ 105,76 e uma varia\u00e7\u00e3o de 21%.<\/p>\n<p>Ainda segundo os dados da ANP, o menor valor encontrado fica em uma distribuidora na Vila Santa Maria do Carmo, onde o g\u00e1s \u00e9 vendido a R$ 97.99, ao mesmo tempo o botij\u00e3o mais caro fica no Jardim Marambaia, na zona norte de Franca a R$ 119.<\/p>\n<p>Veja o comparativo e a evolu\u00e7\u00e3o dos pre\u00e7os neste ano:<\/p>\n<p>&nbsp;<\/p>\n<table style=\"height: 754px;\" width=\"780\">\n<tbody>\n<tr>\n<td width=\"139\">G\u00e1s GLP<\/td>\n<td width=\"139\">Pre\u00e7o M\u00ednimo<\/td>\n<td width=\"139\">Pre\u00e7o M\u00e1ximo<\/td>\n<td width=\"139\">Pre\u00e7o M\u00e9dio<\/td>\n<\/tr>\n<tr>\n<td width=\"139\">Janeiro<\/td>\n<td width=\"139\">&nbsp;<\/p>\n<p>R$ 94.99<\/p>\n<p>&nbsp;<\/td>\n<td width=\"139\">R$ 115.00<\/td>\n<td width=\"139\">R$ 102.19<\/td>\n<\/tr>\n<tr>\n<td width=\"139\">Fevereiro<\/td>\n<td width=\"139\">&nbsp;<\/p>\n<p>R$ 91.99<\/p>\n<p>&nbsp;<\/td>\n<td width=\"139\">R$ 110.00<\/td>\n<td width=\"139\">R$ 100.16<\/td>\n<\/tr>\n<tr>\n<td width=\"139\">Mar\u00e7o<\/td>\n<td width=\"139\">&nbsp;<\/p>\n<p>R$ 94.99<\/p>\n<p>&nbsp;<\/td>\n<td width=\"139\">R$ 129.90<\/td>\n<td width=\"139\">R$ 111.85<\/td>\n<\/tr>\n<tr>\n<td width=\"139\">Abril<\/td>\n<td width=\"139\">&nbsp;<\/p>\n<p>R$ 97.99<\/p>\n<p>&nbsp;<\/td>\n<td width=\"139\">R$ 129.90<\/td>\n<td width=\"139\">R$ 113.07<\/td>\n<\/tr>\n<tr>\n<td width=\"139\">Maio<\/td>\n<td width=\"139\">&nbsp;<\/p>\n<p>R$ 104.90<\/p>\n<p>&nbsp;<\/td>\n<td width=\"139\">R$ 129.90<\/td>\n<td width=\"139\">R$ 111.95<\/td>\n<\/tr>\n<tr>\n<td width=\"139\">Junho<\/td>\n<td width=\"139\">&nbsp;<\/p>\n<p>R$ 100.00<\/p>\n<p>&nbsp;<\/td>\n<td width=\"139\">R$ 130.00<\/td>\n<td width=\"139\">R$ 111.18<\/td>\n<\/tr>\n<tr>\n<td width=\"139\">Julho<\/td>\n<td width=\"139\">&nbsp;<\/p>\n<p>R$ 97.99<\/p>\n<p>&nbsp;<\/td>\n<td width=\"139\">R$ 119.00<\/td>\n<td width=\"139\">R$ 105.76<\/td>\n<\/tr>\n<\/tbody>\n<\/table>\n<p>&nbsp;<\/p>\n<p>Como observado na tabela, desde janeiro os pre\u00e7os variaram na cidade permanecendo em alta. O maior salto no pre\u00e7o m\u00e9dio foi registrado entre fevereiro e mar\u00e7o, quando o valor saltou de R$ 100 para R$ 111, crescimento de 11%. O pre\u00e7o m\u00e9dio subiu para mais de R$ 113 em abril, voltou para a casa dos R$ 111 em maio e junho, sendo a maior queda registrada em julho, para uma m\u00e9dia de R$ 105, o que representa uma diminui\u00e7\u00e3o de 5% no valor m\u00e9dio, segundo a ANP.<\/p>\n<h4>Aux\u00edlio<\/h4>\n<p>A Caixa Econ\u00f4mica Federal anunciou que em agosto mais de cinco milh\u00f5es de fam\u00edlias v\u00e3o receber o Aux\u00edlio G\u00e1s, pago pelo Governo Federal,\u00a0o benef\u00edcio ter\u00e1 o valor dobrado por causa da emenda constitucional que elevou benef\u00edcios sociais.<img data-recalc-dims=\"1\" decoding=\"async\" src=\"https:\/\/i0.wp.com\/agenciabrasil.ebc.com.br\/ebc.png?w=1220&#038;ssl=1\" \/><img data-recalc-dims=\"1\" decoding=\"async\" src=\"https:\/\/i0.wp.com\/agenciabrasil.ebc.com.br\/ebc.gif?w=1220&#038;ssl=1\" \/><\/p>\n<p>O pagamento ocorrer\u00e1 de 9 a 22 de agosto, com base no d\u00edgito final do N\u00famero de Inscri\u00e7\u00e3o Social (NIS). As datas s\u00e3o as mesmas datas das parcelas do Aux\u00edlio Brasil, que teve o calend\u00e1rio de pagamento deste m\u00eas\u00a0antecipado.<\/p>\n<p>Tradicionalmente, os dois benef\u00edcios s\u00e3o pagos nos \u00faltimos dez dias \u00fateis do m\u00eas, sendo que o Aux\u00edlio G\u00e1s \u00e9 bimestral, pago a cada dois meses. Originalmente, a parcela de agosto seria paga entre os dias 18 e 31, mas foi antecipada.<\/p>\n<p>Com a emenda constitucional que elevou benef\u00edcios sociais, o Aux\u00edlio G\u00e1s teve o valor dobrado, equivalendo a 100% do valor m\u00e9dio do botij\u00e3o de 13 quilos nas parcelas de agosto, outubro e dezembro. Em 2023, o benef\u00edcio voltar\u00e1 a valer metade do pre\u00e7o m\u00e9dio do botij\u00e3o.<\/p>\n<p>Para calcular o benef\u00edcio, a Caixa Econ\u00f4mica Federal baseia-se nas pesquisas da Ag\u00eancia Nacional do Petr\u00f3leo, G\u00e1s Natural e Biocombust\u00edveis (ANP), que at\u00e9 o d\u00e9cimo dia \u00fatil de cada m\u00eas divulga o pre\u00e7o m\u00e9dio dos seis meses anteriores do botij\u00e3o de 13 quilos de g\u00e1s liquefeito de petr\u00f3leo (GLP). Dessa forma, a cada dois meses, o benef\u00edcio muda de valor.<\/p>\n<p>O Aux\u00edlio G\u00e1s totalizou R$ 52 em janeiro, R$ 51 em abril e R$ 53 em junho, quando equivalia a 50% do pre\u00e7o m\u00e9dio do botij\u00e3o. Tradicionalmente, o benef\u00edcio \u00e9 pago a cada dois meses, mas a parcela de fevereiro foi antecipada para janeiro.<\/p>\n","protected":false},"excerpt":{"rendered":"<p>Ainda assim o pre\u00e7o permanece em alta se comparado aos meses de janeiro e fevereiro Os valores praticados em Franca na venda do g\u00e1s de GLP<span class=\"excerpt-hellip\"> [\u2026]<\/span><\/p>\n","protected":false},"author":7,"featured_media":24356,"comment_status":"open","ping_status":"open","sticky":false,"template":"","format":"standard","meta":{"_jetpack_memberships_contains_paid_content":false,"footnotes":"","jetpack_publicize_message":"","jetpack_publicize_feature_enabled":true,"jetpack_social_post_already_shared":false,"jetpack_social_options":{"image_generator_settings":{"template":"highway","default_image_id":0,"enabled":false},"version":2}},"categories":[28,81],"tags":[],"class_list":["post-26951","post","type-post","status-publish","format-standard","has-post-thumbnail","hentry","category-cotidiano","category-manchete"],"yoast_head":"<!-- This site is optimized with the Yoast SEO plugin v25.6 - https:\/\/yoast.com\/wordpress\/plugins\/seo\/ -->\n<title>Pre\u00e7o m\u00e9dio do g\u00e1s de cozinha \u00e9 R$105,76 em Franca, o menor valor em quatro meses - VerdadeOn<\/title>\n<meta name=\"robots\" content=\"index, follow, max-snippet:-1, max-image-preview:large, max-video-preview:-1\" \/>\n<link rel=\"canonical\" href=\"https:\/\/verdadeon.com.br\/portal\/2022\/08\/03\/preco-medio-do-gas-de-cozinha-e-r10576-em-franca-o-menor-valor-em-quatro-meses\/\" \/>\n<meta property=\"og:locale\" content=\"pt_BR\" \/>\n<meta property=\"og:type\" content=\"article\" \/>\n<meta property=\"og:title\" content=\"Pre\u00e7o m\u00e9dio do g\u00e1s de cozinha \u00e9 R$105,76 em Franca, o menor valor em quatro meses - VerdadeOn\" \/>\n<meta property=\"og:description\" content=\"Ainda assim o pre\u00e7o permanece em alta se comparado aos meses de janeiro e fevereiro Os valores praticados em Franca na venda do g\u00e1s de GLP [\u2026]\" \/>\n<meta property=\"og:url\" content=\"https:\/\/verdadeon.com.br\/portal\/2022\/08\/03\/preco-medio-do-gas-de-cozinha-e-r10576-em-franca-o-menor-valor-em-quatro-meses\/\" \/>\n<meta property=\"og:site_name\" content=\"VerdadeOn\" \/>\n<meta property=\"article:published_time\" content=\"2022-08-03T19:04:04+00:00\" \/>\n<meta property=\"og:image\" content=\"https:\/\/verdadeon.com.br\/portal\/wp-content\/uploads\/2022\/04\/gas-de-cozinha-agencia-brasil-e1649450200224.jpg\" \/>\n\t<meta property=\"og:image:width\" content=\"1000\" \/>\n\t<meta property=\"og:image:height\" content=\"669\" \/>\n\t<meta property=\"og:image:type\" content=\"image\/jpeg\" \/>\n<meta name=\"author\" content=\"Fernando Lima\" \/>\n<meta name=\"twitter:card\" content=\"summary_large_image\" \/>\n<meta name=\"twitter:label1\" content=\"Escrito por\" \/>\n\t<meta name=\"twitter:data1\" content=\"Fernando Lima\" \/>\n\t<meta name=\"twitter:label2\" content=\"Est. tempo de leitura\" \/>\n\t<meta name=\"twitter:data2\" content=\"4 minutos\" \/>\n<script type=\"application\/ld+json\" class=\"yoast-schema-graph\">{\"@context\":\"https:\/\/schema.org\",\"@graph\":[{\"@type\":\"WebPage\",\"@id\":\"https:\/\/verdadeon.com.br\/portal\/2022\/08\/03\/preco-medio-do-gas-de-cozinha-e-r10576-em-franca-o-menor-valor-em-quatro-meses\/\",\"url\":\"https:\/\/verdadeon.com.br\/portal\/2022\/08\/03\/preco-medio-do-gas-de-cozinha-e-r10576-em-franca-o-menor-valor-em-quatro-meses\/\",\"name\":\"Pre\u00e7o m\u00e9dio do g\u00e1s de cozinha \u00e9 R$105,76 em Franca, o menor valor em quatro meses - VerdadeOn\",\"isPartOf\":{\"@id\":\"https:\/\/verdadeon.com.br\/portal\/#website\"},\"primaryImageOfPage\":{\"@id\":\"https:\/\/verdadeon.com.br\/portal\/2022\/08\/03\/preco-medio-do-gas-de-cozinha-e-r10576-em-franca-o-menor-valor-em-quatro-meses\/#primaryimage\"},\"image\":{\"@id\":\"https:\/\/verdadeon.com.br\/portal\/2022\/08\/03\/preco-medio-do-gas-de-cozinha-e-r10576-em-franca-o-menor-valor-em-quatro-meses\/#primaryimage\"},\"thumbnailUrl\":\"https:\/\/i0.wp.com\/verdadeon.com.br\/portal\/wp-content\/uploads\/2022\/04\/gas-de-cozinha-agencia-brasil-e1649450200224.jpg?fit=1000%2C669&ssl=1\",\"datePublished\":\"2022-08-03T19:04:04+00:00\",\"author\":{\"@id\":\"https:\/\/verdadeon.com.br\/portal\/#\/schema\/person\/cc32be22b8e8599387c480bc83e1d11a\"},\"breadcrumb\":{\"@id\":\"https:\/\/verdadeon.com.br\/portal\/2022\/08\/03\/preco-medio-do-gas-de-cozinha-e-r10576-em-franca-o-menor-valor-em-quatro-meses\/#breadcrumb\"},\"inLanguage\":\"pt-BR\",\"potentialAction\":[{\"@type\":\"ReadAction\",\"target\":[\"https:\/\/verdadeon.com.br\/portal\/2022\/08\/03\/preco-medio-do-gas-de-cozinha-e-r10576-em-franca-o-menor-valor-em-quatro-meses\/\"]}]},{\"@type\":\"ImageObject\",\"inLanguage\":\"pt-BR\",\"@id\":\"https:\/\/verdadeon.com.br\/portal\/2022\/08\/03\/preco-medio-do-gas-de-cozinha-e-r10576-em-franca-o-menor-valor-em-quatro-meses\/#primaryimage\",\"url\":\"https:\/\/i0.wp.com\/verdadeon.com.br\/portal\/wp-content\/uploads\/2022\/04\/gas-de-cozinha-agencia-brasil-e1649450200224.jpg?fit=1000%2C669&ssl=1\",\"contentUrl\":\"https:\/\/i0.wp.com\/verdadeon.com.br\/portal\/wp-content\/uploads\/2022\/04\/gas-de-cozinha-agencia-brasil-e1649450200224.jpg?fit=1000%2C669&ssl=1\",\"width\":1000,\"height\":669,\"caption\":\"Valor do G\u00e1s de Cozinha no munic\u00edpio foi consultado em 19 postos (\u00a9Ag\u00eancia Brasil)\"},{\"@type\":\"BreadcrumbList\",\"@id\":\"https:\/\/verdadeon.com.br\/portal\/2022\/08\/03\/preco-medio-do-gas-de-cozinha-e-r10576-em-franca-o-menor-valor-em-quatro-meses\/#breadcrumb\",\"itemListElement\":[{\"@type\":\"ListItem\",\"position\":1,\"name\":\"In\u00edcio\",\"item\":\"https:\/\/verdadeon.com.br\/portal\/\"},{\"@type\":\"ListItem\",\"position\":2,\"name\":\"Pre\u00e7o m\u00e9dio do g\u00e1s de cozinha \u00e9 R$105,76 em Franca, o menor valor em quatro meses\"}]},{\"@type\":\"WebSite\",\"@id\":\"https:\/\/verdadeon.com.br\/portal\/#website\",\"url\":\"https:\/\/verdadeon.com.br\/portal\/\",\"name\":\"VerdadeOn\",\"description\":\"Not\u00edcias di\u00e1rias sobre Franca, Regi\u00e3o, Esporte, Cultura, Cotidiano, Colunas. Cobertura nos principais eventos da cidade \u00e9 aqui - Verdadeon Franca\",\"potentialAction\":[{\"@type\":\"SearchAction\",\"target\":{\"@type\":\"EntryPoint\",\"urlTemplate\":\"https:\/\/verdadeon.com.br\/portal\/?s={search_term_string}\"},\"query-input\":{\"@type\":\"PropertyValueSpecification\",\"valueRequired\":true,\"valueName\":\"search_term_string\"}}],\"inLanguage\":\"pt-BR\"},{\"@type\":\"Person\",\"@id\":\"https:\/\/verdadeon.com.br\/portal\/#\/schema\/person\/cc32be22b8e8599387c480bc83e1d11a\",\"name\":\"Fernando Lima\",\"image\":{\"@type\":\"ImageObject\",\"inLanguage\":\"pt-BR\",\"@id\":\"https:\/\/verdadeon.com.br\/portal\/#\/schema\/person\/image\/\",\"url\":\"https:\/\/secure.gravatar.com\/avatar\/df4c8e132080d2b3a4841d5d232045464e0eed11a1d6e43115ca0843d48768d3?s=96&d=mm&r=g\",\"contentUrl\":\"https:\/\/secure.gravatar.com\/avatar\/df4c8e132080d2b3a4841d5d232045464e0eed11a1d6e43115ca0843d48768d3?s=96&d=mm&r=g\",\"caption\":\"Fernando Lima\"},\"sameAs\":[\"http:\/\/verdadeon.com.br\/\"],\"url\":\"https:\/\/verdadeon.com.br\/portal\/author\/fernando-lima\/\"}]}<\/script>\n<!-- \/ Yoast SEO plugin. -->","yoast_head_json":{"title":"Pre\u00e7o m\u00e9dio do g\u00e1s de cozinha \u00e9 R$105,76 em Franca, o menor valor em quatro meses - VerdadeOn","robots":{"index":"index","follow":"follow","max-snippet":"max-snippet:-1","max-image-preview":"max-image-preview:large","max-video-preview":"max-video-preview:-1"},"canonical":"https:\/\/verdadeon.com.br\/portal\/2022\/08\/03\/preco-medio-do-gas-de-cozinha-e-r10576-em-franca-o-menor-valor-em-quatro-meses\/","og_locale":"pt_BR","og_type":"article","og_title":"Pre\u00e7o m\u00e9dio do g\u00e1s de cozinha \u00e9 R$105,76 em Franca, o menor valor em quatro meses - VerdadeOn","og_description":"Ainda assim o pre\u00e7o permanece em alta se comparado aos meses de janeiro e fevereiro Os valores praticados em Franca na venda do g\u00e1s de GLP [\u2026]","og_url":"https:\/\/verdadeon.com.br\/portal\/2022\/08\/03\/preco-medio-do-gas-de-cozinha-e-r10576-em-franca-o-menor-valor-em-quatro-meses\/","og_site_name":"VerdadeOn","article_published_time":"2022-08-03T19:04:04+00:00","og_image":[{"width":1000,"height":669,"url":"https:\/\/verdadeon.com.br\/portal\/wp-content\/uploads\/2022\/04\/gas-de-cozinha-agencia-brasil-e1649450200224.jpg","type":"image\/jpeg"}],"author":"Fernando Lima","twitter_card":"summary_large_image","twitter_misc":{"Escrito por":"Fernando Lima","Est. tempo de leitura":"4 minutos"},"schema":{"@context":"https:\/\/schema.org","@graph":[{"@type":"WebPage","@id":"https:\/\/verdadeon.com.br\/portal\/2022\/08\/03\/preco-medio-do-gas-de-cozinha-e-r10576-em-franca-o-menor-valor-em-quatro-meses\/","url":"https:\/\/verdadeon.com.br\/portal\/2022\/08\/03\/preco-medio-do-gas-de-cozinha-e-r10576-em-franca-o-menor-valor-em-quatro-meses\/","name":"Pre\u00e7o m\u00e9dio do g\u00e1s de cozinha \u00e9 R$105,76 em Franca, o menor valor em quatro meses - VerdadeOn","isPartOf":{"@id":"https:\/\/verdadeon.com.br\/portal\/#website"},"primaryImageOfPage":{"@id":"https:\/\/verdadeon.com.br\/portal\/2022\/08\/03\/preco-medio-do-gas-de-cozinha-e-r10576-em-franca-o-menor-valor-em-quatro-meses\/#primaryimage"},"image":{"@id":"https:\/\/verdadeon.com.br\/portal\/2022\/08\/03\/preco-medio-do-gas-de-cozinha-e-r10576-em-franca-o-menor-valor-em-quatro-meses\/#primaryimage"},"thumbnailUrl":"https:\/\/i0.wp.com\/verdadeon.com.br\/portal\/wp-content\/uploads\/2022\/04\/gas-de-cozinha-agencia-brasil-e1649450200224.jpg?fit=1000%2C669&ssl=1","datePublished":"2022-08-03T19:04:04+00:00","author":{"@id":"https:\/\/verdadeon.com.br\/portal\/#\/schema\/person\/cc32be22b8e8599387c480bc83e1d11a"},"breadcrumb":{"@id":"https:\/\/verdadeon.com.br\/portal\/2022\/08\/03\/preco-medio-do-gas-de-cozinha-e-r10576-em-franca-o-menor-valor-em-quatro-meses\/#breadcrumb"},"inLanguage":"pt-BR","potentialAction":[{"@type":"ReadAction","target":["https:\/\/verdadeon.com.br\/portal\/2022\/08\/03\/preco-medio-do-gas-de-cozinha-e-r10576-em-franca-o-menor-valor-em-quatro-meses\/"]}]},{"@type":"ImageObject","inLanguage":"pt-BR","@id":"https:\/\/verdadeon.com.br\/portal\/2022\/08\/03\/preco-medio-do-gas-de-cozinha-e-r10576-em-franca-o-menor-valor-em-quatro-meses\/#primaryimage","url":"https:\/\/i0.wp.com\/verdadeon.com.br\/portal\/wp-content\/uploads\/2022\/04\/gas-de-cozinha-agencia-brasil-e1649450200224.jpg?fit=1000%2C669&ssl=1","contentUrl":"https:\/\/i0.wp.com\/verdadeon.com.br\/portal\/wp-content\/uploads\/2022\/04\/gas-de-cozinha-agencia-brasil-e1649450200224.jpg?fit=1000%2C669&ssl=1","width":1000,"height":669,"caption":"Valor do G\u00e1s de Cozinha no munic\u00edpio foi consultado em 19 postos (\u00a9Ag\u00eancia Brasil)"},{"@type":"BreadcrumbList","@id":"https:\/\/verdadeon.com.br\/portal\/2022\/08\/03\/preco-medio-do-gas-de-cozinha-e-r10576-em-franca-o-menor-valor-em-quatro-meses\/#breadcrumb","itemListElement":[{"@type":"ListItem","position":1,"name":"In\u00edcio","item":"https:\/\/verdadeon.com.br\/portal\/"},{"@type":"ListItem","position":2,"name":"Pre\u00e7o m\u00e9dio do g\u00e1s de cozinha \u00e9 R$105,76 em Franca, o menor valor em quatro meses"}]},{"@type":"WebSite","@id":"https:\/\/verdadeon.com.br\/portal\/#website","url":"https:\/\/verdadeon.com.br\/portal\/","name":"VerdadeOn","description":"Not\u00edcias di\u00e1rias sobre Franca, Regi\u00e3o, Esporte, Cultura, Cotidiano, Colunas. Cobertura nos principais eventos da cidade \u00e9 aqui - Verdadeon Franca","potentialAction":[{"@type":"SearchAction","target":{"@type":"EntryPoint","urlTemplate":"https:\/\/verdadeon.com.br\/portal\/?s={search_term_string}"},"query-input":{"@type":"PropertyValueSpecification","valueRequired":true,"valueName":"search_term_string"}}],"inLanguage":"pt-BR"},{"@type":"Person","@id":"https:\/\/verdadeon.com.br\/portal\/#\/schema\/person\/cc32be22b8e8599387c480bc83e1d11a","name":"Fernando Lima","image":{"@type":"ImageObject","inLanguage":"pt-BR","@id":"https:\/\/verdadeon.com.br\/portal\/#\/schema\/person\/image\/","url":"https:\/\/secure.gravatar.com\/avatar\/df4c8e132080d2b3a4841d5d232045464e0eed11a1d6e43115ca0843d48768d3?s=96&d=mm&r=g","contentUrl":"https:\/\/secure.gravatar.com\/avatar\/df4c8e132080d2b3a4841d5d232045464e0eed11a1d6e43115ca0843d48768d3?s=96&d=mm&r=g","caption":"Fernando Lima"},"sameAs":["http:\/\/verdadeon.com.br\/"],"url":"https:\/\/verdadeon.com.br\/portal\/author\/fernando-lima\/"}]}},"jetpack_publicize_connections":[],"jetpack_featured_media_url":"https:\/\/i0.wp.com\/verdadeon.com.br\/portal\/wp-content\/uploads\/2022\/04\/gas-de-cozinha-agencia-brasil-e1649450200224.jpg?fit=1000%2C669&ssl=1","jetpack_sharing_enabled":true,"_links":{"self":[{"href":"https:\/\/verdadeon.com.br\/portal\/wp-json\/wp\/v2\/posts\/26951","targetHints":{"allow":["GET"]}}],"collection":[{"href":"https:\/\/verdadeon.com.br\/portal\/wp-json\/wp\/v2\/posts"}],"about":[{"href":"https:\/\/verdadeon.com.br\/portal\/wp-json\/wp\/v2\/types\/post"}],"author":[{"embeddable":true,"href":"https:\/\/verdadeon.com.br\/portal\/wp-json\/wp\/v2\/users\/7"}],"replies":[{"embeddable":true,"href":"https:\/\/verdadeon.com.br\/portal\/wp-json\/wp\/v2\/comments?post=26951"}],"version-history":[{"count":1,"href":"https:\/\/verdadeon.com.br\/portal\/wp-json\/wp\/v2\/posts\/26951\/revisions"}],"predecessor-version":[{"id":26955,"href":"https:\/\/verdadeon.com.br\/portal\/wp-json\/wp\/v2\/posts\/26951\/revisions\/26955"}],"wp:featuredmedia":[{"embeddable":true,"href":"https:\/\/verdadeon.com.br\/portal\/wp-json\/wp\/v2\/media\/24356"}],"wp:attachment":[{"href":"https:\/\/verdadeon.com.br\/portal\/wp-json\/wp\/v2\/media?parent=26951"}],"wp:term":[{"taxonomy":"category","embeddable":true,"href":"https:\/\/verdadeon.com.br\/portal\/wp-json\/wp\/v2\/categories?post=26951"},{"taxonomy":"post_tag","embeddable":true,"href":"https:\/\/verdadeon.com.br\/portal\/wp-json\/wp\/v2\/tags?post=26951"}],"curies":[{"name":"wp","href":"https:\/\/api.w.org\/{rel}","templated":true}]}}