{"id":26924,"date":"2022-08-02T15:57:47","date_gmt":"2022-08-02T18:57:47","guid":{"rendered":"https:\/\/verdadeon.com.br\/portal\/?p=26924"},"modified":"2022-08-02T15:57:47","modified_gmt":"2022-08-02T18:57:47","slug":"area-azul-de-franca-se-torna-100-digital-50-mil-folhas-deixam-de-ser-impressas-por-mes","status":"publish","type":"post","link":"https:\/\/verdadeon.com.br\/portal\/2022\/08\/02\/area-azul-de-franca-se-torna-100-digital-50-mil-folhas-deixam-de-ser-impressas-por-mes\/","title":{"rendered":"\u00c1rea Azul de Franca se torna 100% digital, 50 mil folhas deixam de ser impressas por m\u00eas"},"content":{"rendered":"<h2>Agora motorista poder\u00e1 pagar com pix, cart\u00e3o de cr\u00e9dito ou de d\u00e9bito, aplicativo tamb\u00e9m \u00e9 op\u00e7\u00e3o<\/h2>\n<p>A Escola de Aprendizagem e Cidadania de Franca (ESAC), respons\u00e1vel pela \u00c1rea Azul de Franca, est\u00e1 fazendo todo o trabalho de forma digital desde o dia 29 de julho.<\/p>\n<p>Segundo o comunicado, os agentes de \u00e1rea azul continuar\u00e3o seu trabalho normalmente, fazendo ativa\u00e7\u00f5es da hora estacionada ou a recarga de cr\u00e9ditos, o que muda \u00e9 que agora o atendimento ser\u00e1 feito com uma m\u00e1quina de cart\u00e3o de cr\u00e9dito e a hora estacionada poder\u00e1 ser paga em dinheiro, por PIX, com cart\u00e3o de cr\u00e9dito ou de d\u00e9bito.<\/p>\n<p>O motorista poder\u00e1 optar ainda pelo aplicativo \u201cFaixa Azul Digital Franca\u201d, acess\u00edvel na Play Store ou na iOS, onde poder\u00e1 fazer seu cadastro, inserir cr\u00e9ditos a qualquer hora do dia e estacionar no Centro da cidade tornando o carro regular atrav\u00e9s do pr\u00f3prio aplicativo.<\/p>\n<p>Outra op\u00e7\u00e3o da moderniza\u00e7\u00e3o \u00e9 que caso o ve\u00edculo esteja irregular, o motorista poder\u00e1 tornar o ve\u00edculo regular atrav\u00e9s de um agente de \u00e1rea azul, comprando o ticket referente ao per\u00edodo irregular e deixando de tornar o ve\u00edculo suscet\u00edvel \u00e0s multas, op\u00e7\u00e3o que somente ser\u00e1 poss\u00edvel se o carro ainda n\u00e3o tiver sido multado.<\/p>\n<p>\u201cA entidade possui um compromisso com a moderniza\u00e7\u00e3o e com os usu\u00e1rios do estacionamento rotativo e encontrou solu\u00e7\u00f5es pr\u00e1ticas para quem quiser estacionar no Centro da cidade\u201d, informou a ESAC.<\/p>\n<p>Ainda segundo o comunicado, al\u00e9m da moderniza\u00e7\u00e3o do sistema, a iniciativa vai colaborar com o meio ambiente. \u201cMais de 50.000 folhas em papel eram impressas mensalmente, o que deixar\u00e1 de acontecer com a forma digital de explora\u00e7\u00e3o da \u00e1rea azul. Nossos canais de atendimento est\u00e3o dispon\u00edveis para sanar quaisquer d\u00favidas e pedimos compreens\u00e3o de todos quanto ao per\u00edodo de adapta\u00e7\u00e3o ao novo sistema\u201d.<\/p>\n<h4>Multas<\/h4>\n<p>No comunicado a ESAC ressaltou que em breve os \u00f3rg\u00e3os fiscalizadores poder\u00e3o ter acesso ao sistema digital de \u00e1rea azul, o que poder\u00e1 aumentar a incid\u00eancia das multas, o que segundo eles n\u00e3o \u00e9 interesse da institui\u00e7\u00e3o. \u201cNosso interesse \u00e9 regulamentar o estacionamento rotativo e tornar o Centro da cidade um local poss\u00edvel de estacionar, de maneira a fomentar o com\u00e9rcio local e aumentar o tr\u00e2nsito livre e desimpedido na \u00e1rea central. Lembramos que estacionar na \u00e1rea azul gera oportunidades a mais de 400 jovens anualmente, encaminhando-os ao mercado de trabalho e transformando suas vidas atrav\u00e9s das oportunidades geradas, j\u00e1 que toda renda advinda da explora\u00e7\u00e3o da \u00e1rea azul \u00e9 destinada ao Programa de Aprendizagem ofertado pela ESAC, programa existente h\u00e1 mais de 53 anos, em suas diferentes formula\u00e7\u00f5es, mas com o \u00fanico prop\u00f3sito de transformar vidas\u201d, finalizou.<\/p>\n","protected":false},"excerpt":{"rendered":"<p>Agora motorista poder\u00e1 pagar com pix, cart\u00e3o de cr\u00e9dito ou de d\u00e9bito, aplicativo tamb\u00e9m \u00e9 op\u00e7\u00e3o A Escola de Aprendizagem e Cidadania de Franca (ESAC), respons\u00e1vel<span class=\"excerpt-hellip\"> [\u2026]<\/span><\/p>\n","protected":false},"author":7,"featured_media":17790,"comment_status":"open","ping_status":"open","sticky":false,"template":"","format":"standard","meta":{"_jetpack_memberships_contains_paid_content":false,"footnotes":"","jetpack_publicize_message":"","jetpack_publicize_feature_enabled":true,"jetpack_social_post_already_shared":false,"jetpack_social_options":{"image_generator_settings":{"template":"highway","default_image_id":0,"enabled":false},"version":2}},"categories":[28,81],"tags":[],"class_list":["post-26924","post","type-post","status-publish","format-standard","has-post-thumbnail","hentry","category-cotidiano","category-manchete"],"yoast_head":"<!-- This site is optimized with the Yoast SEO plugin v25.6 - https:\/\/yoast.com\/wordpress\/plugins\/seo\/ -->\n<title>\u00c1rea Azul de Franca se torna 100% digital, 50 mil folhas deixam de ser impressas por m\u00eas - VerdadeOn<\/title>\n<meta name=\"robots\" content=\"index, follow, max-snippet:-1, max-image-preview:large, max-video-preview:-1\" \/>\n<link rel=\"canonical\" href=\"https:\/\/verdadeon.com.br\/portal\/2022\/08\/02\/area-azul-de-franca-se-torna-100-digital-50-mil-folhas-deixam-de-ser-impressas-por-mes\/\" \/>\n<meta property=\"og:locale\" content=\"pt_BR\" \/>\n<meta property=\"og:type\" content=\"article\" \/>\n<meta property=\"og:title\" content=\"\u00c1rea Azul de Franca se torna 100% digital, 50 mil folhas deixam de ser impressas por m\u00eas - VerdadeOn\" \/>\n<meta property=\"og:description\" content=\"Agora motorista poder\u00e1 pagar com pix, cart\u00e3o de cr\u00e9dito ou de d\u00e9bito, aplicativo tamb\u00e9m \u00e9 op\u00e7\u00e3o A Escola de Aprendizagem e Cidadania de Franca (ESAC), respons\u00e1vel [\u2026]\" \/>\n<meta property=\"og:url\" content=\"https:\/\/verdadeon.com.br\/portal\/2022\/08\/02\/area-azul-de-franca-se-torna-100-digital-50-mil-folhas-deixam-de-ser-impressas-por-mes\/\" \/>\n<meta property=\"og:site_name\" content=\"VerdadeOn\" \/>\n<meta property=\"article:published_time\" content=\"2022-08-02T18:57:47+00:00\" \/>\n<meta property=\"og:image\" content=\"https:\/\/verdadeon.com.br\/portal\/wp-content\/uploads\/2021\/07\/CENTRO-DE-FRANCA.jpeg\" \/>\n\t<meta property=\"og:image:width\" content=\"1000\" \/>\n\t<meta property=\"og:image:height\" content=\"670\" \/>\n\t<meta property=\"og:image:type\" content=\"image\/jpeg\" \/>\n<meta name=\"author\" content=\"Fernando Lima\" \/>\n<meta name=\"twitter:card\" content=\"summary_large_image\" \/>\n<meta name=\"twitter:label1\" content=\"Escrito por\" \/>\n\t<meta name=\"twitter:data1\" content=\"Fernando Lima\" \/>\n\t<meta name=\"twitter:label2\" content=\"Est. tempo de leitura\" \/>\n\t<meta name=\"twitter:data2\" content=\"3 minutos\" \/>\n<script type=\"application\/ld+json\" class=\"yoast-schema-graph\">{\"@context\":\"https:\/\/schema.org\",\"@graph\":[{\"@type\":\"WebPage\",\"@id\":\"https:\/\/verdadeon.com.br\/portal\/2022\/08\/02\/area-azul-de-franca-se-torna-100-digital-50-mil-folhas-deixam-de-ser-impressas-por-mes\/\",\"url\":\"https:\/\/verdadeon.com.br\/portal\/2022\/08\/02\/area-azul-de-franca-se-torna-100-digital-50-mil-folhas-deixam-de-ser-impressas-por-mes\/\",\"name\":\"\u00c1rea Azul de Franca se torna 100% digital, 50 mil folhas deixam de ser impressas por m\u00eas - VerdadeOn\",\"isPartOf\":{\"@id\":\"https:\/\/verdadeon.com.br\/portal\/#website\"},\"primaryImageOfPage\":{\"@id\":\"https:\/\/verdadeon.com.br\/portal\/2022\/08\/02\/area-azul-de-franca-se-torna-100-digital-50-mil-folhas-deixam-de-ser-impressas-por-mes\/#primaryimage\"},\"image\":{\"@id\":\"https:\/\/verdadeon.com.br\/portal\/2022\/08\/02\/area-azul-de-franca-se-torna-100-digital-50-mil-folhas-deixam-de-ser-impressas-por-mes\/#primaryimage\"},\"thumbnailUrl\":\"https:\/\/i0.wp.com\/verdadeon.com.br\/portal\/wp-content\/uploads\/2021\/07\/CENTRO-DE-FRANCA.jpeg?fit=1000%2C670&ssl=1\",\"datePublished\":\"2022-08-02T18:57:47+00:00\",\"author\":{\"@id\":\"https:\/\/verdadeon.com.br\/portal\/#\/schema\/person\/cc32be22b8e8599387c480bc83e1d11a\"},\"breadcrumb\":{\"@id\":\"https:\/\/verdadeon.com.br\/portal\/2022\/08\/02\/area-azul-de-franca-se-torna-100-digital-50-mil-folhas-deixam-de-ser-impressas-por-mes\/#breadcrumb\"},\"inLanguage\":\"pt-BR\",\"potentialAction\":[{\"@type\":\"ReadAction\",\"target\":[\"https:\/\/verdadeon.com.br\/portal\/2022\/08\/02\/area-azul-de-franca-se-torna-100-digital-50-mil-folhas-deixam-de-ser-impressas-por-mes\/\"]}]},{\"@type\":\"ImageObject\",\"inLanguage\":\"pt-BR\",\"@id\":\"https:\/\/verdadeon.com.br\/portal\/2022\/08\/02\/area-azul-de-franca-se-torna-100-digital-50-mil-folhas-deixam-de-ser-impressas-por-mes\/#primaryimage\",\"url\":\"https:\/\/i0.wp.com\/verdadeon.com.br\/portal\/wp-content\/uploads\/2021\/07\/CENTRO-DE-FRANCA.jpeg?fit=1000%2C670&ssl=1\",\"contentUrl\":\"https:\/\/i0.wp.com\/verdadeon.com.br\/portal\/wp-content\/uploads\/2021\/07\/CENTRO-DE-FRANCA.jpeg?fit=1000%2C670&ssl=1\",\"width\":1000,\"height\":670,\"caption\":\"Para estacionar no centro de Franca, motorista tem que pagar \u00e1rea azul, que agora aposta em moderniza\u00e7\u00e3o | Foto: Jornal Verdade\"},{\"@type\":\"BreadcrumbList\",\"@id\":\"https:\/\/verdadeon.com.br\/portal\/2022\/08\/02\/area-azul-de-franca-se-torna-100-digital-50-mil-folhas-deixam-de-ser-impressas-por-mes\/#breadcrumb\",\"itemListElement\":[{\"@type\":\"ListItem\",\"position\":1,\"name\":\"In\u00edcio\",\"item\":\"https:\/\/verdadeon.com.br\/portal\/\"},{\"@type\":\"ListItem\",\"position\":2,\"name\":\"\u00c1rea Azul de Franca se torna 100% digital, 50 mil folhas deixam de ser impressas por m\u00eas\"}]},{\"@type\":\"WebSite\",\"@id\":\"https:\/\/verdadeon.com.br\/portal\/#website\",\"url\":\"https:\/\/verdadeon.com.br\/portal\/\",\"name\":\"VerdadeOn\",\"description\":\"Not\u00edcias di\u00e1rias sobre Franca, Regi\u00e3o, Esporte, Cultura, Cotidiano, Colunas. Cobertura nos principais eventos da cidade \u00e9 aqui - Verdadeon Franca\",\"potentialAction\":[{\"@type\":\"SearchAction\",\"target\":{\"@type\":\"EntryPoint\",\"urlTemplate\":\"https:\/\/verdadeon.com.br\/portal\/?s={search_term_string}\"},\"query-input\":{\"@type\":\"PropertyValueSpecification\",\"valueRequired\":true,\"valueName\":\"search_term_string\"}}],\"inLanguage\":\"pt-BR\"},{\"@type\":\"Person\",\"@id\":\"https:\/\/verdadeon.com.br\/portal\/#\/schema\/person\/cc32be22b8e8599387c480bc83e1d11a\",\"name\":\"Fernando Lima\",\"image\":{\"@type\":\"ImageObject\",\"inLanguage\":\"pt-BR\",\"@id\":\"https:\/\/verdadeon.com.br\/portal\/#\/schema\/person\/image\/\",\"url\":\"https:\/\/secure.gravatar.com\/avatar\/df4c8e132080d2b3a4841d5d232045464e0eed11a1d6e43115ca0843d48768d3?s=96&d=mm&r=g\",\"contentUrl\":\"https:\/\/secure.gravatar.com\/avatar\/df4c8e132080d2b3a4841d5d232045464e0eed11a1d6e43115ca0843d48768d3?s=96&d=mm&r=g\",\"caption\":\"Fernando Lima\"},\"sameAs\":[\"http:\/\/verdadeon.com.br\/\"],\"url\":\"https:\/\/verdadeon.com.br\/portal\/author\/fernando-lima\/\"}]}<\/script>\n<!-- \/ Yoast SEO plugin. -->","yoast_head_json":{"title":"\u00c1rea Azul de Franca se torna 100% digital, 50 mil folhas deixam de ser impressas por m\u00eas - VerdadeOn","robots":{"index":"index","follow":"follow","max-snippet":"max-snippet:-1","max-image-preview":"max-image-preview:large","max-video-preview":"max-video-preview:-1"},"canonical":"https:\/\/verdadeon.com.br\/portal\/2022\/08\/02\/area-azul-de-franca-se-torna-100-digital-50-mil-folhas-deixam-de-ser-impressas-por-mes\/","og_locale":"pt_BR","og_type":"article","og_title":"\u00c1rea Azul de Franca se torna 100% digital, 50 mil folhas deixam de ser impressas por m\u00eas - VerdadeOn","og_description":"Agora motorista poder\u00e1 pagar com pix, cart\u00e3o de cr\u00e9dito ou de d\u00e9bito, aplicativo tamb\u00e9m \u00e9 op\u00e7\u00e3o A Escola de Aprendizagem e Cidadania de Franca (ESAC), respons\u00e1vel [\u2026]","og_url":"https:\/\/verdadeon.com.br\/portal\/2022\/08\/02\/area-azul-de-franca-se-torna-100-digital-50-mil-folhas-deixam-de-ser-impressas-por-mes\/","og_site_name":"VerdadeOn","article_published_time":"2022-08-02T18:57:47+00:00","og_image":[{"width":1000,"height":670,"url":"https:\/\/verdadeon.com.br\/portal\/wp-content\/uploads\/2021\/07\/CENTRO-DE-FRANCA.jpeg","type":"image\/jpeg"}],"author":"Fernando Lima","twitter_card":"summary_large_image","twitter_misc":{"Escrito por":"Fernando Lima","Est. tempo de leitura":"3 minutos"},"schema":{"@context":"https:\/\/schema.org","@graph":[{"@type":"WebPage","@id":"https:\/\/verdadeon.com.br\/portal\/2022\/08\/02\/area-azul-de-franca-se-torna-100-digital-50-mil-folhas-deixam-de-ser-impressas-por-mes\/","url":"https:\/\/verdadeon.com.br\/portal\/2022\/08\/02\/area-azul-de-franca-se-torna-100-digital-50-mil-folhas-deixam-de-ser-impressas-por-mes\/","name":"\u00c1rea Azul de Franca se torna 100% digital, 50 mil folhas deixam de ser impressas por m\u00eas - VerdadeOn","isPartOf":{"@id":"https:\/\/verdadeon.com.br\/portal\/#website"},"primaryImageOfPage":{"@id":"https:\/\/verdadeon.com.br\/portal\/2022\/08\/02\/area-azul-de-franca-se-torna-100-digital-50-mil-folhas-deixam-de-ser-impressas-por-mes\/#primaryimage"},"image":{"@id":"https:\/\/verdadeon.com.br\/portal\/2022\/08\/02\/area-azul-de-franca-se-torna-100-digital-50-mil-folhas-deixam-de-ser-impressas-por-mes\/#primaryimage"},"thumbnailUrl":"https:\/\/i0.wp.com\/verdadeon.com.br\/portal\/wp-content\/uploads\/2021\/07\/CENTRO-DE-FRANCA.jpeg?fit=1000%2C670&ssl=1","datePublished":"2022-08-02T18:57:47+00:00","author":{"@id":"https:\/\/verdadeon.com.br\/portal\/#\/schema\/person\/cc32be22b8e8599387c480bc83e1d11a"},"breadcrumb":{"@id":"https:\/\/verdadeon.com.br\/portal\/2022\/08\/02\/area-azul-de-franca-se-torna-100-digital-50-mil-folhas-deixam-de-ser-impressas-por-mes\/#breadcrumb"},"inLanguage":"pt-BR","potentialAction":[{"@type":"ReadAction","target":["https:\/\/verdadeon.com.br\/portal\/2022\/08\/02\/area-azul-de-franca-se-torna-100-digital-50-mil-folhas-deixam-de-ser-impressas-por-mes\/"]}]},{"@type":"ImageObject","inLanguage":"pt-BR","@id":"https:\/\/verdadeon.com.br\/portal\/2022\/08\/02\/area-azul-de-franca-se-torna-100-digital-50-mil-folhas-deixam-de-ser-impressas-por-mes\/#primaryimage","url":"https:\/\/i0.wp.com\/verdadeon.com.br\/portal\/wp-content\/uploads\/2021\/07\/CENTRO-DE-FRANCA.jpeg?fit=1000%2C670&ssl=1","contentUrl":"https:\/\/i0.wp.com\/verdadeon.com.br\/portal\/wp-content\/uploads\/2021\/07\/CENTRO-DE-FRANCA.jpeg?fit=1000%2C670&ssl=1","width":1000,"height":670,"caption":"Para estacionar no centro de Franca, motorista tem que pagar \u00e1rea azul, que agora aposta em moderniza\u00e7\u00e3o | Foto: Jornal Verdade"},{"@type":"BreadcrumbList","@id":"https:\/\/verdadeon.com.br\/portal\/2022\/08\/02\/area-azul-de-franca-se-torna-100-digital-50-mil-folhas-deixam-de-ser-impressas-por-mes\/#breadcrumb","itemListElement":[{"@type":"ListItem","position":1,"name":"In\u00edcio","item":"https:\/\/verdadeon.com.br\/portal\/"},{"@type":"ListItem","position":2,"name":"\u00c1rea Azul de Franca se torna 100% digital, 50 mil folhas deixam de ser impressas por m\u00eas"}]},{"@type":"WebSite","@id":"https:\/\/verdadeon.com.br\/portal\/#website","url":"https:\/\/verdadeon.com.br\/portal\/","name":"VerdadeOn","description":"Not\u00edcias di\u00e1rias sobre Franca, Regi\u00e3o, Esporte, Cultura, Cotidiano, Colunas. Cobertura nos principais eventos da cidade \u00e9 aqui - Verdadeon Franca","potentialAction":[{"@type":"SearchAction","target":{"@type":"EntryPoint","urlTemplate":"https:\/\/verdadeon.com.br\/portal\/?s={search_term_string}"},"query-input":{"@type":"PropertyValueSpecification","valueRequired":true,"valueName":"search_term_string"}}],"inLanguage":"pt-BR"},{"@type":"Person","@id":"https:\/\/verdadeon.com.br\/portal\/#\/schema\/person\/cc32be22b8e8599387c480bc83e1d11a","name":"Fernando Lima","image":{"@type":"ImageObject","inLanguage":"pt-BR","@id":"https:\/\/verdadeon.com.br\/portal\/#\/schema\/person\/image\/","url":"https:\/\/secure.gravatar.com\/avatar\/df4c8e132080d2b3a4841d5d232045464e0eed11a1d6e43115ca0843d48768d3?s=96&d=mm&r=g","contentUrl":"https:\/\/secure.gravatar.com\/avatar\/df4c8e132080d2b3a4841d5d232045464e0eed11a1d6e43115ca0843d48768d3?s=96&d=mm&r=g","caption":"Fernando Lima"},"sameAs":["http:\/\/verdadeon.com.br\/"],"url":"https:\/\/verdadeon.com.br\/portal\/author\/fernando-lima\/"}]}},"jetpack_publicize_connections":[],"jetpack_featured_media_url":"https:\/\/i0.wp.com\/verdadeon.com.br\/portal\/wp-content\/uploads\/2021\/07\/CENTRO-DE-FRANCA.jpeg?fit=1000%2C670&ssl=1","jetpack_sharing_enabled":true,"_links":{"self":[{"href":"https:\/\/verdadeon.com.br\/portal\/wp-json\/wp\/v2\/posts\/26924","targetHints":{"allow":["GET"]}}],"collection":[{"href":"https:\/\/verdadeon.com.br\/portal\/wp-json\/wp\/v2\/posts"}],"about":[{"href":"https:\/\/verdadeon.com.br\/portal\/wp-json\/wp\/v2\/types\/post"}],"author":[{"embeddable":true,"href":"https:\/\/verdadeon.com.br\/portal\/wp-json\/wp\/v2\/users\/7"}],"replies":[{"embeddable":true,"href":"https:\/\/verdadeon.com.br\/portal\/wp-json\/wp\/v2\/comments?post=26924"}],"version-history":[{"count":1,"href":"https:\/\/verdadeon.com.br\/portal\/wp-json\/wp\/v2\/posts\/26924\/revisions"}],"predecessor-version":[{"id":26933,"href":"https:\/\/verdadeon.com.br\/portal\/wp-json\/wp\/v2\/posts\/26924\/revisions\/26933"}],"wp:featuredmedia":[{"embeddable":true,"href":"https:\/\/verdadeon.com.br\/portal\/wp-json\/wp\/v2\/media\/17790"}],"wp:attachment":[{"href":"https:\/\/verdadeon.com.br\/portal\/wp-json\/wp\/v2\/media?parent=26924"}],"wp:term":[{"taxonomy":"category","embeddable":true,"href":"https:\/\/verdadeon.com.br\/portal\/wp-json\/wp\/v2\/categories?post=26924"},{"taxonomy":"post_tag","embeddable":true,"href":"https:\/\/verdadeon.com.br\/portal\/wp-json\/wp\/v2\/tags?post=26924"}],"curies":[{"name":"wp","href":"https:\/\/api.w.org\/{rel}","templated":true}]}}