{"id":26910,"date":"2022-08-01T19:06:56","date_gmt":"2022-08-01T22:06:56","guid":{"rendered":"https:\/\/verdadeon.com.br\/portal\/?p=26910"},"modified":"2022-08-01T19:06:56","modified_gmt":"2022-08-01T22:06:56","slug":"tse-recebe-os-primeiros-registros-de-candidatura-a-presidente","status":"publish","type":"post","link":"https:\/\/verdadeon.com.br\/portal\/2022\/08\/01\/tse-recebe-os-primeiros-registros-de-candidatura-a-presidente\/","title":{"rendered":"TSE recebe os primeiros registros de candidatura a presidente"},"content":{"rendered":"<h2 class=\"col-10 offset-1 animated fadeInDown dealy-900 display-8 display-md-8 alt-font font-italic my-1 text-center\">Candidatos do Pros e do PCB foram primeiros a se registrar os nomes nesta segunda-feira<\/h2>\n<p>O Tribunal Superior Eleitoral (TSE) come\u00e7ou a receber os registros de candidatura \u00e0 Presid\u00eancia da Rep\u00fablica para as elei\u00e7\u00f5es deste ano. Os dois primeiros registros que o tribunal recebeu foram dos candidatos Pablo Mar\u00e7al (Pros) e Sofia Manzano (PCB).<img data-recalc-dims=\"1\" decoding=\"async\" src=\"https:\/\/i0.wp.com\/agenciabrasil.ebc.com.br\/ebc.png?w=1220&#038;ssl=1\" \/><img data-recalc-dims=\"1\" decoding=\"async\" src=\"https:\/\/i0.wp.com\/agenciabrasil.ebc.com.br\/ebc.gif?w=1220&#038;ssl=1\" \/><\/p>\n<p>As conven\u00e7\u00f5es partid\u00e1rias est\u00e3o ocorrendo desde o dia 20 de julho. \u00c9 na conven\u00e7\u00e3o que os filiados ao partido aprovam o nome de determinado pr\u00e9-candidato \u00e0 corrida presidencial. Ap\u00f3s a conven\u00e7\u00e3o, os partidos enviam os nomes dos candidatos a um sistema desenvolvido pela Justi\u00e7a Eleitoral exclusivamente para o registro de atas de conven\u00e7\u00f5es partid\u00e1rias e de pedidos de registro de candidaturas.<\/p>\n<p>O calend\u00e1rio eleitoral de 2022 define o dia 15 de agosto como a data-limite para que partidos pol\u00edticos, federa\u00e7\u00f5es e coliga\u00e7\u00f5es solicitem o registro de candidatas e candidatos aos cargos de presidente da Rep\u00fablica, governador e senador, bem como \u00e0s vagas de deputados federais, estaduais e distritais.<\/p>\n<p>O cidad\u00e3o pode acompanhar os registros pelo sistema\u00a0DivulgaCandContas, do TSE. Ele traz informa\u00e7\u00f5es referentes detalhadas sobre candidatas e candidatos, tais como certid\u00f5es criminais e declara\u00e7\u00e3o de bens. O sistema tamb\u00e9m permite consultar a presta\u00e7\u00e3o de contas com a arrecada\u00e7\u00e3o e gastos durante a campanha.<\/p>\n<h2>Perfis<\/h2>\n<p>Natural de Goi\u00e2nia (GO), Pablo Mar\u00e7al tem 35 anos, \u00e9 empres\u00e1rio e ter\u00e1 como vice F\u00e1tima P\u00e9rola Neggra, de 54 anos. Ela \u00e9 policial militar e escritora, nascida em Ipor\u00e3 (PR).<\/p>\n<p>A candidata Sofia Manzano tem 51 anos, \u00e9 professora universit\u00e1ria e natural de S\u00e3o Paulo (SP). Ela ter\u00e1 como vice Ant\u00f4nio Alves da Silva Junior, de 43 anos, jornalista, natural de Recife (PE).<\/p>\n<p>Fonte: Ag\u00eancia Brasil<\/p>\n","protected":false},"excerpt":{"rendered":"<p>Candidatos do Pros e do PCB foram primeiros a se registrar os nomes nesta segunda-feira O Tribunal Superior Eleitoral (TSE) come\u00e7ou a receber os registros de<span class=\"excerpt-hellip\"> [\u2026]<\/span><\/p>\n","protected":false},"author":7,"featured_media":11840,"comment_status":"open","ping_status":"open","sticky":false,"template":"","format":"standard","meta":{"_jetpack_memberships_contains_paid_content":false,"footnotes":"","jetpack_publicize_message":"","jetpack_publicize_feature_enabled":true,"jetpack_social_post_already_shared":false,"jetpack_social_options":{"image_generator_settings":{"template":"highway","default_image_id":0,"enabled":false},"version":2}},"categories":[28,44],"tags":[],"class_list":["post-26910","post","type-post","status-publish","format-standard","has-post-thumbnail","hentry","category-cotidiano","category-noticias"],"yoast_head":"<!-- This site is optimized with the Yoast SEO plugin v25.6 - https:\/\/yoast.com\/wordpress\/plugins\/seo\/ -->\n<title>TSE recebe os primeiros registros de candidatura a presidente - VerdadeOn<\/title>\n<meta name=\"robots\" content=\"index, follow, max-snippet:-1, max-image-preview:large, max-video-preview:-1\" \/>\n<link rel=\"canonical\" href=\"https:\/\/verdadeon.com.br\/portal\/2022\/08\/01\/tse-recebe-os-primeiros-registros-de-candidatura-a-presidente\/\" \/>\n<meta property=\"og:locale\" content=\"pt_BR\" \/>\n<meta property=\"og:type\" content=\"article\" \/>\n<meta property=\"og:title\" content=\"TSE recebe os primeiros registros de candidatura a presidente - VerdadeOn\" \/>\n<meta property=\"og:description\" content=\"Candidatos do Pros e do PCB foram primeiros a se registrar os nomes nesta segunda-feira O Tribunal Superior Eleitoral (TSE) come\u00e7ou a receber os registros de [\u2026]\" \/>\n<meta property=\"og:url\" content=\"https:\/\/verdadeon.com.br\/portal\/2022\/08\/01\/tse-recebe-os-primeiros-registros-de-candidatura-a-presidente\/\" \/>\n<meta property=\"og:site_name\" content=\"VerdadeOn\" \/>\n<meta property=\"article:published_time\" content=\"2022-08-01T22:06:56+00:00\" \/>\n<meta property=\"og:image\" content=\"https:\/\/verdadeon.com.br\/portal\/wp-content\/uploads\/2020\/11\/tse_foto.jpg\" \/>\n\t<meta property=\"og:image:width\" content=\"1000\" \/>\n\t<meta property=\"og:image:height\" content=\"670\" \/>\n\t<meta property=\"og:image:type\" content=\"image\/jpeg\" \/>\n<meta name=\"author\" content=\"Fernando Lima\" \/>\n<meta name=\"twitter:card\" content=\"summary_large_image\" \/>\n<meta name=\"twitter:label1\" content=\"Escrito por\" \/>\n\t<meta name=\"twitter:data1\" content=\"Fernando Lima\" \/>\n\t<meta name=\"twitter:label2\" content=\"Est. tempo de leitura\" \/>\n\t<meta name=\"twitter:data2\" content=\"2 minutos\" \/>\n<script type=\"application\/ld+json\" class=\"yoast-schema-graph\">{\"@context\":\"https:\/\/schema.org\",\"@graph\":[{\"@type\":\"WebPage\",\"@id\":\"https:\/\/verdadeon.com.br\/portal\/2022\/08\/01\/tse-recebe-os-primeiros-registros-de-candidatura-a-presidente\/\",\"url\":\"https:\/\/verdadeon.com.br\/portal\/2022\/08\/01\/tse-recebe-os-primeiros-registros-de-candidatura-a-presidente\/\",\"name\":\"TSE recebe os primeiros registros de candidatura a presidente - VerdadeOn\",\"isPartOf\":{\"@id\":\"https:\/\/verdadeon.com.br\/portal\/#website\"},\"primaryImageOfPage\":{\"@id\":\"https:\/\/verdadeon.com.br\/portal\/2022\/08\/01\/tse-recebe-os-primeiros-registros-de-candidatura-a-presidente\/#primaryimage\"},\"image\":{\"@id\":\"https:\/\/verdadeon.com.br\/portal\/2022\/08\/01\/tse-recebe-os-primeiros-registros-de-candidatura-a-presidente\/#primaryimage\"},\"thumbnailUrl\":\"https:\/\/i0.wp.com\/verdadeon.com.br\/portal\/wp-content\/uploads\/2020\/11\/tse_foto.jpg?fit=1000%2C670&ssl=1\",\"datePublished\":\"2022-08-01T22:06:56+00:00\",\"author\":{\"@id\":\"https:\/\/verdadeon.com.br\/portal\/#\/schema\/person\/cc32be22b8e8599387c480bc83e1d11a\"},\"breadcrumb\":{\"@id\":\"https:\/\/verdadeon.com.br\/portal\/2022\/08\/01\/tse-recebe-os-primeiros-registros-de-candidatura-a-presidente\/#breadcrumb\"},\"inLanguage\":\"pt-BR\",\"potentialAction\":[{\"@type\":\"ReadAction\",\"target\":[\"https:\/\/verdadeon.com.br\/portal\/2022\/08\/01\/tse-recebe-os-primeiros-registros-de-candidatura-a-presidente\/\"]}]},{\"@type\":\"ImageObject\",\"inLanguage\":\"pt-BR\",\"@id\":\"https:\/\/verdadeon.com.br\/portal\/2022\/08\/01\/tse-recebe-os-primeiros-registros-de-candidatura-a-presidente\/#primaryimage\",\"url\":\"https:\/\/i0.wp.com\/verdadeon.com.br\/portal\/wp-content\/uploads\/2020\/11\/tse_foto.jpg?fit=1000%2C670&ssl=1\",\"contentUrl\":\"https:\/\/i0.wp.com\/verdadeon.com.br\/portal\/wp-content\/uploads\/2020\/11\/tse_foto.jpg?fit=1000%2C670&ssl=1\",\"width\":1000,\"height\":670,\"caption\":\"Desde as elei\u00e7\u00f5es municipais de 2020, o TSE vem ampliando o rol de entidades que podem ter acesso livre aos c\u00f3digos-fonte do sistema eletr\u00f4nico de vota\u00e7\u00e3o, desenvolvidos por programadores da pr\u00f3pria Justi\u00e7a Eleitoral | Foto: Ag\u00eancia Brasil\"},{\"@type\":\"BreadcrumbList\",\"@id\":\"https:\/\/verdadeon.com.br\/portal\/2022\/08\/01\/tse-recebe-os-primeiros-registros-de-candidatura-a-presidente\/#breadcrumb\",\"itemListElement\":[{\"@type\":\"ListItem\",\"position\":1,\"name\":\"In\u00edcio\",\"item\":\"https:\/\/verdadeon.com.br\/portal\/\"},{\"@type\":\"ListItem\",\"position\":2,\"name\":\"TSE recebe os primeiros registros de candidatura a presidente\"}]},{\"@type\":\"WebSite\",\"@id\":\"https:\/\/verdadeon.com.br\/portal\/#website\",\"url\":\"https:\/\/verdadeon.com.br\/portal\/\",\"name\":\"VerdadeOn\",\"description\":\"Not\u00edcias di\u00e1rias sobre Franca, Regi\u00e3o, Esporte, Cultura, Cotidiano, Colunas. Cobertura nos principais eventos da cidade \u00e9 aqui - Verdadeon Franca\",\"potentialAction\":[{\"@type\":\"SearchAction\",\"target\":{\"@type\":\"EntryPoint\",\"urlTemplate\":\"https:\/\/verdadeon.com.br\/portal\/?s={search_term_string}\"},\"query-input\":{\"@type\":\"PropertyValueSpecification\",\"valueRequired\":true,\"valueName\":\"search_term_string\"}}],\"inLanguage\":\"pt-BR\"},{\"@type\":\"Person\",\"@id\":\"https:\/\/verdadeon.com.br\/portal\/#\/schema\/person\/cc32be22b8e8599387c480bc83e1d11a\",\"name\":\"Fernando Lima\",\"image\":{\"@type\":\"ImageObject\",\"inLanguage\":\"pt-BR\",\"@id\":\"https:\/\/verdadeon.com.br\/portal\/#\/schema\/person\/image\/\",\"url\":\"https:\/\/secure.gravatar.com\/avatar\/df4c8e132080d2b3a4841d5d232045464e0eed11a1d6e43115ca0843d48768d3?s=96&d=mm&r=g\",\"contentUrl\":\"https:\/\/secure.gravatar.com\/avatar\/df4c8e132080d2b3a4841d5d232045464e0eed11a1d6e43115ca0843d48768d3?s=96&d=mm&r=g\",\"caption\":\"Fernando Lima\"},\"sameAs\":[\"http:\/\/verdadeon.com.br\/\"],\"url\":\"https:\/\/verdadeon.com.br\/portal\/author\/fernando-lima\/\"}]}<\/script>\n<!-- \/ Yoast SEO plugin. -->","yoast_head_json":{"title":"TSE recebe os primeiros registros de candidatura a presidente - VerdadeOn","robots":{"index":"index","follow":"follow","max-snippet":"max-snippet:-1","max-image-preview":"max-image-preview:large","max-video-preview":"max-video-preview:-1"},"canonical":"https:\/\/verdadeon.com.br\/portal\/2022\/08\/01\/tse-recebe-os-primeiros-registros-de-candidatura-a-presidente\/","og_locale":"pt_BR","og_type":"article","og_title":"TSE recebe os primeiros registros de candidatura a presidente - VerdadeOn","og_description":"Candidatos do Pros e do PCB foram primeiros a se registrar os nomes nesta segunda-feira O Tribunal Superior Eleitoral (TSE) come\u00e7ou a receber os registros de [\u2026]","og_url":"https:\/\/verdadeon.com.br\/portal\/2022\/08\/01\/tse-recebe-os-primeiros-registros-de-candidatura-a-presidente\/","og_site_name":"VerdadeOn","article_published_time":"2022-08-01T22:06:56+00:00","og_image":[{"width":1000,"height":670,"url":"https:\/\/verdadeon.com.br\/portal\/wp-content\/uploads\/2020\/11\/tse_foto.jpg","type":"image\/jpeg"}],"author":"Fernando Lima","twitter_card":"summary_large_image","twitter_misc":{"Escrito por":"Fernando Lima","Est. tempo de leitura":"2 minutos"},"schema":{"@context":"https:\/\/schema.org","@graph":[{"@type":"WebPage","@id":"https:\/\/verdadeon.com.br\/portal\/2022\/08\/01\/tse-recebe-os-primeiros-registros-de-candidatura-a-presidente\/","url":"https:\/\/verdadeon.com.br\/portal\/2022\/08\/01\/tse-recebe-os-primeiros-registros-de-candidatura-a-presidente\/","name":"TSE recebe os primeiros registros de candidatura a presidente - VerdadeOn","isPartOf":{"@id":"https:\/\/verdadeon.com.br\/portal\/#website"},"primaryImageOfPage":{"@id":"https:\/\/verdadeon.com.br\/portal\/2022\/08\/01\/tse-recebe-os-primeiros-registros-de-candidatura-a-presidente\/#primaryimage"},"image":{"@id":"https:\/\/verdadeon.com.br\/portal\/2022\/08\/01\/tse-recebe-os-primeiros-registros-de-candidatura-a-presidente\/#primaryimage"},"thumbnailUrl":"https:\/\/i0.wp.com\/verdadeon.com.br\/portal\/wp-content\/uploads\/2020\/11\/tse_foto.jpg?fit=1000%2C670&ssl=1","datePublished":"2022-08-01T22:06:56+00:00","author":{"@id":"https:\/\/verdadeon.com.br\/portal\/#\/schema\/person\/cc32be22b8e8599387c480bc83e1d11a"},"breadcrumb":{"@id":"https:\/\/verdadeon.com.br\/portal\/2022\/08\/01\/tse-recebe-os-primeiros-registros-de-candidatura-a-presidente\/#breadcrumb"},"inLanguage":"pt-BR","potentialAction":[{"@type":"ReadAction","target":["https:\/\/verdadeon.com.br\/portal\/2022\/08\/01\/tse-recebe-os-primeiros-registros-de-candidatura-a-presidente\/"]}]},{"@type":"ImageObject","inLanguage":"pt-BR","@id":"https:\/\/verdadeon.com.br\/portal\/2022\/08\/01\/tse-recebe-os-primeiros-registros-de-candidatura-a-presidente\/#primaryimage","url":"https:\/\/i0.wp.com\/verdadeon.com.br\/portal\/wp-content\/uploads\/2020\/11\/tse_foto.jpg?fit=1000%2C670&ssl=1","contentUrl":"https:\/\/i0.wp.com\/verdadeon.com.br\/portal\/wp-content\/uploads\/2020\/11\/tse_foto.jpg?fit=1000%2C670&ssl=1","width":1000,"height":670,"caption":"Desde as elei\u00e7\u00f5es municipais de 2020, o TSE vem ampliando o rol de entidades que podem ter acesso livre aos c\u00f3digos-fonte do sistema eletr\u00f4nico de vota\u00e7\u00e3o, desenvolvidos por programadores da pr\u00f3pria Justi\u00e7a Eleitoral | Foto: Ag\u00eancia Brasil"},{"@type":"BreadcrumbList","@id":"https:\/\/verdadeon.com.br\/portal\/2022\/08\/01\/tse-recebe-os-primeiros-registros-de-candidatura-a-presidente\/#breadcrumb","itemListElement":[{"@type":"ListItem","position":1,"name":"In\u00edcio","item":"https:\/\/verdadeon.com.br\/portal\/"},{"@type":"ListItem","position":2,"name":"TSE recebe os primeiros registros de candidatura a presidente"}]},{"@type":"WebSite","@id":"https:\/\/verdadeon.com.br\/portal\/#website","url":"https:\/\/verdadeon.com.br\/portal\/","name":"VerdadeOn","description":"Not\u00edcias di\u00e1rias sobre Franca, Regi\u00e3o, Esporte, Cultura, Cotidiano, Colunas. Cobertura nos principais eventos da cidade \u00e9 aqui - Verdadeon Franca","potentialAction":[{"@type":"SearchAction","target":{"@type":"EntryPoint","urlTemplate":"https:\/\/verdadeon.com.br\/portal\/?s={search_term_string}"},"query-input":{"@type":"PropertyValueSpecification","valueRequired":true,"valueName":"search_term_string"}}],"inLanguage":"pt-BR"},{"@type":"Person","@id":"https:\/\/verdadeon.com.br\/portal\/#\/schema\/person\/cc32be22b8e8599387c480bc83e1d11a","name":"Fernando Lima","image":{"@type":"ImageObject","inLanguage":"pt-BR","@id":"https:\/\/verdadeon.com.br\/portal\/#\/schema\/person\/image\/","url":"https:\/\/secure.gravatar.com\/avatar\/df4c8e132080d2b3a4841d5d232045464e0eed11a1d6e43115ca0843d48768d3?s=96&d=mm&r=g","contentUrl":"https:\/\/secure.gravatar.com\/avatar\/df4c8e132080d2b3a4841d5d232045464e0eed11a1d6e43115ca0843d48768d3?s=96&d=mm&r=g","caption":"Fernando Lima"},"sameAs":["http:\/\/verdadeon.com.br\/"],"url":"https:\/\/verdadeon.com.br\/portal\/author\/fernando-lima\/"}]}},"jetpack_publicize_connections":[],"jetpack_featured_media_url":"https:\/\/i0.wp.com\/verdadeon.com.br\/portal\/wp-content\/uploads\/2020\/11\/tse_foto.jpg?fit=1000%2C670&ssl=1","jetpack_sharing_enabled":true,"_links":{"self":[{"href":"https:\/\/verdadeon.com.br\/portal\/wp-json\/wp\/v2\/posts\/26910","targetHints":{"allow":["GET"]}}],"collection":[{"href":"https:\/\/verdadeon.com.br\/portal\/wp-json\/wp\/v2\/posts"}],"about":[{"href":"https:\/\/verdadeon.com.br\/portal\/wp-json\/wp\/v2\/types\/post"}],"author":[{"embeddable":true,"href":"https:\/\/verdadeon.com.br\/portal\/wp-json\/wp\/v2\/users\/7"}],"replies":[{"embeddable":true,"href":"https:\/\/verdadeon.com.br\/portal\/wp-json\/wp\/v2\/comments?post=26910"}],"version-history":[{"count":1,"href":"https:\/\/verdadeon.com.br\/portal\/wp-json\/wp\/v2\/posts\/26910\/revisions"}],"predecessor-version":[{"id":26911,"href":"https:\/\/verdadeon.com.br\/portal\/wp-json\/wp\/v2\/posts\/26910\/revisions\/26911"}],"wp:featuredmedia":[{"embeddable":true,"href":"https:\/\/verdadeon.com.br\/portal\/wp-json\/wp\/v2\/media\/11840"}],"wp:attachment":[{"href":"https:\/\/verdadeon.com.br\/portal\/wp-json\/wp\/v2\/media?parent=26910"}],"wp:term":[{"taxonomy":"category","embeddable":true,"href":"https:\/\/verdadeon.com.br\/portal\/wp-json\/wp\/v2\/categories?post=26910"},{"taxonomy":"post_tag","embeddable":true,"href":"https:\/\/verdadeon.com.br\/portal\/wp-json\/wp\/v2\/tags?post=26910"}],"curies":[{"name":"wp","href":"https:\/\/api.w.org\/{rel}","templated":true}]}}