{"id":26898,"date":"2022-08-01T17:04:56","date_gmt":"2022-08-01T20:04:56","guid":{"rendered":"https:\/\/verdadeon.com.br\/portal\/?p=26898"},"modified":"2022-08-01T17:04:56","modified_gmt":"2022-08-01T20:04:56","slug":"falta-de-chuva-faz-franca-entrar-em-alerta-de-risco-do-inmet","status":"publish","type":"post","link":"https:\/\/verdadeon.com.br\/portal\/2022\/08\/01\/falta-de-chuva-faz-franca-entrar-em-alerta-de-risco-do-inmet\/","title":{"rendered":"Falta de chuva faz Franca entrar em alerta de risco do INMET"},"content":{"rendered":"<h2>Doen\u00e7as respirat\u00f3rias se manifestam com mais frequ\u00eancia nessa \u00e9poca, cidade est\u00e1 h\u00e1 mais de um m\u00eas sem chuva<\/h2>\n<p>A semana come\u00e7ou com Franca mais uma vez na \u00e1rea de alerta do Instituto Nacional de Meteorologia (INMET), por conta da baixa umidade relativa do ar, causada pela falta de chuva.<\/p>\n<p>O cen\u00e1rio de estiagem vai permanecer por toda essa semana, \u00e9 o que indica o INMET, que n\u00e3o prev\u00ea chuva para a cidade que est\u00e1 h\u00e1 mais de 40 dias sem chuva volumosa, aquela suficiente para melhorar a umidade do ar.<\/p>\n<p>A segunda-feira (1) come\u00e7ou com 15\u00b0, e chegou a 29\u00b0, a tarde teve n\u00e9voa seca e a umidade do ar chegou a apenas 30%.<\/p>\n<p>Na ter\u00e7a-feira (2), o cen\u00e1rio muda em rela\u00e7\u00e3o as temperaturas, a m\u00ednima ser\u00e1 elevada e nem parece temperatura de inverno e fica em 17\u00b0, a m\u00e1xima atinge os 30\u00b0, ao mesmo tempo a umidade relativa do ar diminui ainda mais e fica em 20%.<\/p>\n<p>Na quarta-feira (3) as temperaturas v\u00e3o variar entre 17\u00b0 e 29\u00b0, mesmo com algumas nuvens no c\u00e9u n\u00e3o h\u00e1 chances de chuva segundo o INMET. A umidade relativa do ar sobe um pouco em compara\u00e7\u00e3o ao dia anterior e fica em 30%.<\/p>\n<p>A semana segue com uma quinta-feira (4) com term\u00f4metros em alta, entre 16\u00b0 e 29\u00b0, mais uma vez o dia ser\u00e1 de muitas nuvens mas sem chances de chuva. A umidade do ar responde a isso e cai para apenas 25%.<\/p>\n<p>A semana se encerra com poucas nuvens no c\u00e9u e temperaturas elevadas, variando entre 16\u00b0 e 30\u00b0, a umidade despenca novamente chegando a apenas 20%.<\/p>\n<h4>Recomenda\u00e7\u00f5es<\/h4>\n<p>Segundo a Organiza\u00e7\u00e3o Mundial da Sa\u00fade (OMS), o \u00edndice adequado de umidade do ar \u00e9 entre 50% e 80%, sendo que este \u00edndice abaixo dos 30% pode aumentar os riscos \u00e0 sa\u00fade, principalmente doen\u00e7as respirat\u00f3rias.<\/p>\n<p>Isso acontece porque o tempo sexo tamb\u00e9m agrava a polui\u00e7\u00e3o, j\u00e1 que dificulta a dispers\u00e3o dos poluentes no ar.<\/p>\n<p>\u201cBeba bastante l\u00edquido. Evite desgaste f\u00edsico nas horas mais secas e evite exposi\u00e7\u00e3o ao sol nas horas mais quentes do dia\u201d, orienta o INMET em seu site.<\/p>\n","protected":false},"excerpt":{"rendered":"<p>Doen\u00e7as respirat\u00f3rias se manifestam com mais frequ\u00eancia nessa \u00e9poca, cidade est\u00e1 h\u00e1 mais de um m\u00eas sem chuva A semana come\u00e7ou com Franca mais uma vez<span class=\"excerpt-hellip\"> [\u2026]<\/span><\/p>\n","protected":false},"author":7,"featured_media":21248,"comment_status":"open","ping_status":"open","sticky":false,"template":"","format":"standard","meta":{"_jetpack_memberships_contains_paid_content":false,"footnotes":"","jetpack_publicize_message":"","jetpack_publicize_feature_enabled":true,"jetpack_social_post_already_shared":false,"jetpack_social_options":{"image_generator_settings":{"template":"highway","default_image_id":0,"enabled":false},"version":2}},"categories":[28,44],"tags":[],"class_list":["post-26898","post","type-post","status-publish","format-standard","has-post-thumbnail","hentry","category-cotidiano","category-noticias"],"yoast_head":"<!-- This site is optimized with the Yoast SEO plugin v25.6 - https:\/\/yoast.com\/wordpress\/plugins\/seo\/ -->\n<title>Falta de chuva faz Franca entrar em alerta de risco do INMET - VerdadeOn<\/title>\n<meta name=\"robots\" content=\"index, follow, max-snippet:-1, max-image-preview:large, max-video-preview:-1\" \/>\n<link rel=\"canonical\" href=\"https:\/\/verdadeon.com.br\/portal\/2022\/08\/01\/falta-de-chuva-faz-franca-entrar-em-alerta-de-risco-do-inmet\/\" \/>\n<meta property=\"og:locale\" content=\"pt_BR\" \/>\n<meta property=\"og:type\" content=\"article\" \/>\n<meta property=\"og:title\" content=\"Falta de chuva faz Franca entrar em alerta de risco do INMET - VerdadeOn\" \/>\n<meta property=\"og:description\" content=\"Doen\u00e7as respirat\u00f3rias se manifestam com mais frequ\u00eancia nessa \u00e9poca, cidade est\u00e1 h\u00e1 mais de um m\u00eas sem chuva A semana come\u00e7ou com Franca mais uma vez [\u2026]\" \/>\n<meta property=\"og:url\" content=\"https:\/\/verdadeon.com.br\/portal\/2022\/08\/01\/falta-de-chuva-faz-franca-entrar-em-alerta-de-risco-do-inmet\/\" \/>\n<meta property=\"og:site_name\" content=\"VerdadeOn\" \/>\n<meta property=\"article:published_time\" content=\"2022-08-01T20:04:56+00:00\" \/>\n<meta property=\"og:image\" content=\"https:\/\/verdadeon.com.br\/portal\/wp-content\/uploads\/2021\/11\/CHUVA-EM-FRANCA.jpeg\" \/>\n\t<meta property=\"og:image:width\" content=\"1000\" \/>\n\t<meta property=\"og:image:height\" content=\"670\" \/>\n\t<meta property=\"og:image:type\" content=\"image\/jpeg\" \/>\n<meta name=\"author\" content=\"Fernando Lima\" \/>\n<meta name=\"twitter:card\" content=\"summary_large_image\" \/>\n<meta name=\"twitter:label1\" content=\"Escrito por\" \/>\n\t<meta name=\"twitter:data1\" content=\"Fernando Lima\" \/>\n\t<meta name=\"twitter:label2\" content=\"Est. tempo de leitura\" \/>\n\t<meta name=\"twitter:data2\" content=\"2 minutos\" \/>\n<script type=\"application\/ld+json\" class=\"yoast-schema-graph\">{\"@context\":\"https:\/\/schema.org\",\"@graph\":[{\"@type\":\"WebPage\",\"@id\":\"https:\/\/verdadeon.com.br\/portal\/2022\/08\/01\/falta-de-chuva-faz-franca-entrar-em-alerta-de-risco-do-inmet\/\",\"url\":\"https:\/\/verdadeon.com.br\/portal\/2022\/08\/01\/falta-de-chuva-faz-franca-entrar-em-alerta-de-risco-do-inmet\/\",\"name\":\"Falta de chuva faz Franca entrar em alerta de risco do INMET - VerdadeOn\",\"isPartOf\":{\"@id\":\"https:\/\/verdadeon.com.br\/portal\/#website\"},\"primaryImageOfPage\":{\"@id\":\"https:\/\/verdadeon.com.br\/portal\/2022\/08\/01\/falta-de-chuva-faz-franca-entrar-em-alerta-de-risco-do-inmet\/#primaryimage\"},\"image\":{\"@id\":\"https:\/\/verdadeon.com.br\/portal\/2022\/08\/01\/falta-de-chuva-faz-franca-entrar-em-alerta-de-risco-do-inmet\/#primaryimage\"},\"thumbnailUrl\":\"https:\/\/i0.wp.com\/verdadeon.com.br\/portal\/wp-content\/uploads\/2021\/11\/CHUVA-EM-FRANCA.jpeg?fit=1000%2C670&ssl=1\",\"datePublished\":\"2022-08-01T20:04:56+00:00\",\"author\":{\"@id\":\"https:\/\/verdadeon.com.br\/portal\/#\/schema\/person\/cc32be22b8e8599387c480bc83e1d11a\"},\"breadcrumb\":{\"@id\":\"https:\/\/verdadeon.com.br\/portal\/2022\/08\/01\/falta-de-chuva-faz-franca-entrar-em-alerta-de-risco-do-inmet\/#breadcrumb\"},\"inLanguage\":\"pt-BR\",\"potentialAction\":[{\"@type\":\"ReadAction\",\"target\":[\"https:\/\/verdadeon.com.br\/portal\/2022\/08\/01\/falta-de-chuva-faz-franca-entrar-em-alerta-de-risco-do-inmet\/\"]}]},{\"@type\":\"ImageObject\",\"inLanguage\":\"pt-BR\",\"@id\":\"https:\/\/verdadeon.com.br\/portal\/2022\/08\/01\/falta-de-chuva-faz-franca-entrar-em-alerta-de-risco-do-inmet\/#primaryimage\",\"url\":\"https:\/\/i0.wp.com\/verdadeon.com.br\/portal\/wp-content\/uploads\/2021\/11\/CHUVA-EM-FRANCA.jpeg?fit=1000%2C670&ssl=1\",\"contentUrl\":\"https:\/\/i0.wp.com\/verdadeon.com.br\/portal\/wp-content\/uploads\/2021\/11\/CHUVA-EM-FRANCA.jpeg?fit=1000%2C670&ssl=1\",\"width\":1000,\"height\":670,\"caption\":\"Instituto Climatempo aponta acumulados de chuva em Franca at\u00e9 sexta-feira, 27 (\u00a9Jornal Verdade)\"},{\"@type\":\"BreadcrumbList\",\"@id\":\"https:\/\/verdadeon.com.br\/portal\/2022\/08\/01\/falta-de-chuva-faz-franca-entrar-em-alerta-de-risco-do-inmet\/#breadcrumb\",\"itemListElement\":[{\"@type\":\"ListItem\",\"position\":1,\"name\":\"In\u00edcio\",\"item\":\"https:\/\/verdadeon.com.br\/portal\/\"},{\"@type\":\"ListItem\",\"position\":2,\"name\":\"Falta de chuva faz Franca entrar em alerta de risco do INMET\"}]},{\"@type\":\"WebSite\",\"@id\":\"https:\/\/verdadeon.com.br\/portal\/#website\",\"url\":\"https:\/\/verdadeon.com.br\/portal\/\",\"name\":\"VerdadeOn\",\"description\":\"Not\u00edcias di\u00e1rias sobre Franca, Regi\u00e3o, Esporte, Cultura, Cotidiano, Colunas. Cobertura nos principais eventos da cidade \u00e9 aqui - Verdadeon Franca\",\"potentialAction\":[{\"@type\":\"SearchAction\",\"target\":{\"@type\":\"EntryPoint\",\"urlTemplate\":\"https:\/\/verdadeon.com.br\/portal\/?s={search_term_string}\"},\"query-input\":{\"@type\":\"PropertyValueSpecification\",\"valueRequired\":true,\"valueName\":\"search_term_string\"}}],\"inLanguage\":\"pt-BR\"},{\"@type\":\"Person\",\"@id\":\"https:\/\/verdadeon.com.br\/portal\/#\/schema\/person\/cc32be22b8e8599387c480bc83e1d11a\",\"name\":\"Fernando Lima\",\"image\":{\"@type\":\"ImageObject\",\"inLanguage\":\"pt-BR\",\"@id\":\"https:\/\/verdadeon.com.br\/portal\/#\/schema\/person\/image\/\",\"url\":\"https:\/\/secure.gravatar.com\/avatar\/df4c8e132080d2b3a4841d5d232045464e0eed11a1d6e43115ca0843d48768d3?s=96&d=mm&r=g\",\"contentUrl\":\"https:\/\/secure.gravatar.com\/avatar\/df4c8e132080d2b3a4841d5d232045464e0eed11a1d6e43115ca0843d48768d3?s=96&d=mm&r=g\",\"caption\":\"Fernando Lima\"},\"sameAs\":[\"http:\/\/verdadeon.com.br\/\"],\"url\":\"https:\/\/verdadeon.com.br\/portal\/author\/fernando-lima\/\"}]}<\/script>\n<!-- \/ Yoast SEO plugin. -->","yoast_head_json":{"title":"Falta de chuva faz Franca entrar em alerta de risco do INMET - VerdadeOn","robots":{"index":"index","follow":"follow","max-snippet":"max-snippet:-1","max-image-preview":"max-image-preview:large","max-video-preview":"max-video-preview:-1"},"canonical":"https:\/\/verdadeon.com.br\/portal\/2022\/08\/01\/falta-de-chuva-faz-franca-entrar-em-alerta-de-risco-do-inmet\/","og_locale":"pt_BR","og_type":"article","og_title":"Falta de chuva faz Franca entrar em alerta de risco do INMET - VerdadeOn","og_description":"Doen\u00e7as respirat\u00f3rias se manifestam com mais frequ\u00eancia nessa \u00e9poca, cidade est\u00e1 h\u00e1 mais de um m\u00eas sem chuva A semana come\u00e7ou com Franca mais uma vez [\u2026]","og_url":"https:\/\/verdadeon.com.br\/portal\/2022\/08\/01\/falta-de-chuva-faz-franca-entrar-em-alerta-de-risco-do-inmet\/","og_site_name":"VerdadeOn","article_published_time":"2022-08-01T20:04:56+00:00","og_image":[{"width":1000,"height":670,"url":"https:\/\/verdadeon.com.br\/portal\/wp-content\/uploads\/2021\/11\/CHUVA-EM-FRANCA.jpeg","type":"image\/jpeg"}],"author":"Fernando Lima","twitter_card":"summary_large_image","twitter_misc":{"Escrito por":"Fernando Lima","Est. tempo de leitura":"2 minutos"},"schema":{"@context":"https:\/\/schema.org","@graph":[{"@type":"WebPage","@id":"https:\/\/verdadeon.com.br\/portal\/2022\/08\/01\/falta-de-chuva-faz-franca-entrar-em-alerta-de-risco-do-inmet\/","url":"https:\/\/verdadeon.com.br\/portal\/2022\/08\/01\/falta-de-chuva-faz-franca-entrar-em-alerta-de-risco-do-inmet\/","name":"Falta de chuva faz Franca entrar em alerta de risco do INMET - VerdadeOn","isPartOf":{"@id":"https:\/\/verdadeon.com.br\/portal\/#website"},"primaryImageOfPage":{"@id":"https:\/\/verdadeon.com.br\/portal\/2022\/08\/01\/falta-de-chuva-faz-franca-entrar-em-alerta-de-risco-do-inmet\/#primaryimage"},"image":{"@id":"https:\/\/verdadeon.com.br\/portal\/2022\/08\/01\/falta-de-chuva-faz-franca-entrar-em-alerta-de-risco-do-inmet\/#primaryimage"},"thumbnailUrl":"https:\/\/i0.wp.com\/verdadeon.com.br\/portal\/wp-content\/uploads\/2021\/11\/CHUVA-EM-FRANCA.jpeg?fit=1000%2C670&ssl=1","datePublished":"2022-08-01T20:04:56+00:00","author":{"@id":"https:\/\/verdadeon.com.br\/portal\/#\/schema\/person\/cc32be22b8e8599387c480bc83e1d11a"},"breadcrumb":{"@id":"https:\/\/verdadeon.com.br\/portal\/2022\/08\/01\/falta-de-chuva-faz-franca-entrar-em-alerta-de-risco-do-inmet\/#breadcrumb"},"inLanguage":"pt-BR","potentialAction":[{"@type":"ReadAction","target":["https:\/\/verdadeon.com.br\/portal\/2022\/08\/01\/falta-de-chuva-faz-franca-entrar-em-alerta-de-risco-do-inmet\/"]}]},{"@type":"ImageObject","inLanguage":"pt-BR","@id":"https:\/\/verdadeon.com.br\/portal\/2022\/08\/01\/falta-de-chuva-faz-franca-entrar-em-alerta-de-risco-do-inmet\/#primaryimage","url":"https:\/\/i0.wp.com\/verdadeon.com.br\/portal\/wp-content\/uploads\/2021\/11\/CHUVA-EM-FRANCA.jpeg?fit=1000%2C670&ssl=1","contentUrl":"https:\/\/i0.wp.com\/verdadeon.com.br\/portal\/wp-content\/uploads\/2021\/11\/CHUVA-EM-FRANCA.jpeg?fit=1000%2C670&ssl=1","width":1000,"height":670,"caption":"Instituto Climatempo aponta acumulados de chuva em Franca at\u00e9 sexta-feira, 27 (\u00a9Jornal Verdade)"},{"@type":"BreadcrumbList","@id":"https:\/\/verdadeon.com.br\/portal\/2022\/08\/01\/falta-de-chuva-faz-franca-entrar-em-alerta-de-risco-do-inmet\/#breadcrumb","itemListElement":[{"@type":"ListItem","position":1,"name":"In\u00edcio","item":"https:\/\/verdadeon.com.br\/portal\/"},{"@type":"ListItem","position":2,"name":"Falta de chuva faz Franca entrar em alerta de risco do INMET"}]},{"@type":"WebSite","@id":"https:\/\/verdadeon.com.br\/portal\/#website","url":"https:\/\/verdadeon.com.br\/portal\/","name":"VerdadeOn","description":"Not\u00edcias di\u00e1rias sobre Franca, Regi\u00e3o, Esporte, Cultura, Cotidiano, Colunas. Cobertura nos principais eventos da cidade \u00e9 aqui - Verdadeon Franca","potentialAction":[{"@type":"SearchAction","target":{"@type":"EntryPoint","urlTemplate":"https:\/\/verdadeon.com.br\/portal\/?s={search_term_string}"},"query-input":{"@type":"PropertyValueSpecification","valueRequired":true,"valueName":"search_term_string"}}],"inLanguage":"pt-BR"},{"@type":"Person","@id":"https:\/\/verdadeon.com.br\/portal\/#\/schema\/person\/cc32be22b8e8599387c480bc83e1d11a","name":"Fernando Lima","image":{"@type":"ImageObject","inLanguage":"pt-BR","@id":"https:\/\/verdadeon.com.br\/portal\/#\/schema\/person\/image\/","url":"https:\/\/secure.gravatar.com\/avatar\/df4c8e132080d2b3a4841d5d232045464e0eed11a1d6e43115ca0843d48768d3?s=96&d=mm&r=g","contentUrl":"https:\/\/secure.gravatar.com\/avatar\/df4c8e132080d2b3a4841d5d232045464e0eed11a1d6e43115ca0843d48768d3?s=96&d=mm&r=g","caption":"Fernando Lima"},"sameAs":["http:\/\/verdadeon.com.br\/"],"url":"https:\/\/verdadeon.com.br\/portal\/author\/fernando-lima\/"}]}},"jetpack_publicize_connections":[],"jetpack_featured_media_url":"https:\/\/i0.wp.com\/verdadeon.com.br\/portal\/wp-content\/uploads\/2021\/11\/CHUVA-EM-FRANCA.jpeg?fit=1000%2C670&ssl=1","jetpack_sharing_enabled":true,"_links":{"self":[{"href":"https:\/\/verdadeon.com.br\/portal\/wp-json\/wp\/v2\/posts\/26898","targetHints":{"allow":["GET"]}}],"collection":[{"href":"https:\/\/verdadeon.com.br\/portal\/wp-json\/wp\/v2\/posts"}],"about":[{"href":"https:\/\/verdadeon.com.br\/portal\/wp-json\/wp\/v2\/types\/post"}],"author":[{"embeddable":true,"href":"https:\/\/verdadeon.com.br\/portal\/wp-json\/wp\/v2\/users\/7"}],"replies":[{"embeddable":true,"href":"https:\/\/verdadeon.com.br\/portal\/wp-json\/wp\/v2\/comments?post=26898"}],"version-history":[{"count":1,"href":"https:\/\/verdadeon.com.br\/portal\/wp-json\/wp\/v2\/posts\/26898\/revisions"}],"predecessor-version":[{"id":26900,"href":"https:\/\/verdadeon.com.br\/portal\/wp-json\/wp\/v2\/posts\/26898\/revisions\/26900"}],"wp:featuredmedia":[{"embeddable":true,"href":"https:\/\/verdadeon.com.br\/portal\/wp-json\/wp\/v2\/media\/21248"}],"wp:attachment":[{"href":"https:\/\/verdadeon.com.br\/portal\/wp-json\/wp\/v2\/media?parent=26898"}],"wp:term":[{"taxonomy":"category","embeddable":true,"href":"https:\/\/verdadeon.com.br\/portal\/wp-json\/wp\/v2\/categories?post=26898"},{"taxonomy":"post_tag","embeddable":true,"href":"https:\/\/verdadeon.com.br\/portal\/wp-json\/wp\/v2\/tags?post=26898"}],"curies":[{"name":"wp","href":"https:\/\/api.w.org\/{rel}","templated":true}]}}