{"id":26868,"date":"2022-07-30T14:00:01","date_gmt":"2022-07-30T17:00:01","guid":{"rendered":"https:\/\/verdadeon.com.br\/portal\/?p=26868"},"modified":"2022-07-30T11:35:14","modified_gmt":"2022-07-30T14:35:14","slug":"gasolina-e-diesel-seguem-dinamicas-distintas-diz-diretor-da-petrobras","status":"publish","type":"post","link":"https:\/\/verdadeon.com.br\/portal\/2022\/07\/30\/gasolina-e-diesel-seguem-dinamicas-distintas-diz-diretor-da-petrobras\/","title":{"rendered":"Gasolina e diesel seguem din\u00e2micas distintas, diz diretor da Petrobras"},"content":{"rendered":"<h2 class=\"col-10 offset-1 animated fadeInDown dealy-900 display-8 display-md-8 alt-font font-italic my-1 text-center\">Estatal atribui lucro do segundo trimestre \u00e0 forte gera\u00e7\u00e3o de caixa<\/h2>\n<p>O diretor de Comercializa\u00e7\u00e3o e Log\u00edstica da Petrobras, Cl\u00e1udio Matella, disse que as din\u00e2micas que interferem nos pre\u00e7os da gasolina e do diesel s\u00e3o distintas. Segundo Matella, os dois combust\u00edveis respondem de forma oposta \u00e0s mudan\u00e7as sazonais.<img data-recalc-dims=\"1\" decoding=\"async\" src=\"https:\/\/i0.wp.com\/agenciabrasil.ebc.com.br\/ebc.png?w=1220&#038;ssl=1\" \/><img data-recalc-dims=\"1\" decoding=\"async\" src=\"https:\/\/i0.wp.com\/agenciabrasil.ebc.com.br\/ebc.gif?w=1220&#038;ssl=1\" \/><\/p>\n<p>&#8220;Na esta\u00e7\u00e3o de ver\u00e3o no Hemisf\u00e9rio Norte, o consumo de gasolina sobe bastante, e os pre\u00e7os ficam mais altos. Agora vamos caminhar para o fim do ano. Os pre\u00e7os t\u00eam cedido e, por causa disso, reajustamos, percebendo a tend\u00eancia estrutural de redu\u00e7\u00e3o. No caso do diesel, n\u00e3o podemos dizer a mesma coisa. O cen\u00e1rio continua bastante estressado no mercado internacional. Ao contr\u00e1rio da gasolina, cujos estoques est\u00e3o normalizados, os estoques de diesel est\u00e3o muito abaixo da m\u00e9dia hist\u00f3rica no mundo. E adicionalmente, daqui at\u00e9 o fim do ano, com a proximidade do inverno, a tend\u00eancia \u00e9 de fortalecimento dos pre\u00e7os&#8221;, afirmou.<\/p>\n<p>Na quinta-feira (28), a Petrobras apresentou os resultados operacionais e financeiros do segundo trimestre deste ano. Hoje, os diretores da estatal responderam a questionamentos. Mastella foi perguntado se havia previs\u00e3o de queda nos pre\u00e7os do diesel como vem ocorrendo com a gasolina. Em dez dias, a Petrobras anunciou duas\u00a0redu\u00e7\u00f5es\u00a0no valor de venda de gasolina para as distribuidoras.<\/p>\n<p>Embora tenha pontuado a diferen\u00e7a entre os combust\u00edveis, Mastella n\u00e3o fez previs\u00e3o para o diesel e disse que a estatal n\u00e3o faz especula\u00e7\u00e3o de pre\u00e7os. Segundo ele, o mercado \u00e9 monitorado, e o cen\u00e1rio est\u00e1 em constante avalia\u00e7\u00e3o, com ajustes para cima ou para baixo quando s\u00e3o observadas mudan\u00e7as.<\/p>\n<p>No balan\u00e7o do segundo trimestre, a Petrobras registrou\u00a0lucro l\u00edquido de R$ 54,3 bilh\u00f5es. O resultado foi atribu\u00eddo \u00e0 forte gera\u00e7\u00e3o de caixa, refletindo o desempenho operacional e o aumento do pre\u00e7o de mercado do petr\u00f3leo. A\u00a0\u00edntegra do relat\u00f3rio\u00a0est\u00e1 dispon\u00edvel na p\u00e1gina eletr\u00f4nica da\u00a0Petrobras.<\/p>\n","protected":false},"excerpt":{"rendered":"<p>Estatal atribui lucro do segundo trimestre \u00e0 forte gera\u00e7\u00e3o de caixa O diretor de Comercializa\u00e7\u00e3o e Log\u00edstica da Petrobras, Cl\u00e1udio Matella, disse que as din\u00e2micas que<span class=\"excerpt-hellip\"> [\u2026]<\/span><\/p>\n","protected":false},"author":7,"featured_media":20227,"comment_status":"open","ping_status":"open","sticky":false,"template":"","format":"standard","meta":{"_jetpack_memberships_contains_paid_content":false,"footnotes":"","jetpack_publicize_message":"","jetpack_publicize_feature_enabled":true,"jetpack_social_post_already_shared":false,"jetpack_social_options":{"image_generator_settings":{"template":"highway","default_image_id":0,"enabled":false},"version":2}},"categories":[28,44],"tags":[],"class_list":["post-26868","post","type-post","status-publish","format-standard","has-post-thumbnail","hentry","category-cotidiano","category-noticias"],"yoast_head":"<!-- This site is optimized with the Yoast SEO plugin v25.6 - https:\/\/yoast.com\/wordpress\/plugins\/seo\/ -->\n<title>Gasolina e diesel seguem din\u00e2micas distintas, diz diretor da Petrobras - VerdadeOn<\/title>\n<meta name=\"robots\" content=\"index, follow, max-snippet:-1, max-image-preview:large, max-video-preview:-1\" \/>\n<link rel=\"canonical\" href=\"https:\/\/verdadeon.com.br\/portal\/2022\/07\/30\/gasolina-e-diesel-seguem-dinamicas-distintas-diz-diretor-da-petrobras\/\" \/>\n<meta property=\"og:locale\" content=\"pt_BR\" \/>\n<meta property=\"og:type\" content=\"article\" \/>\n<meta property=\"og:title\" content=\"Gasolina e diesel seguem din\u00e2micas distintas, diz diretor da Petrobras - VerdadeOn\" \/>\n<meta property=\"og:description\" content=\"Estatal atribui lucro do segundo trimestre \u00e0 forte gera\u00e7\u00e3o de caixa O diretor de Comercializa\u00e7\u00e3o e Log\u00edstica da Petrobras, Cl\u00e1udio Matella, disse que as din\u00e2micas que [\u2026]\" \/>\n<meta property=\"og:url\" content=\"https:\/\/verdadeon.com.br\/portal\/2022\/07\/30\/gasolina-e-diesel-seguem-dinamicas-distintas-diz-diretor-da-petrobras\/\" \/>\n<meta property=\"og:site_name\" content=\"VerdadeOn\" \/>\n<meta property=\"article:published_time\" content=\"2022-07-30T17:00:01+00:00\" \/>\n<meta property=\"og:image\" content=\"https:\/\/verdadeon.com.br\/portal\/wp-content\/uploads\/2021\/10\/PETROBRAS-e1633730471253.jpg\" \/>\n\t<meta property=\"og:image:width\" content=\"1000\" \/>\n\t<meta property=\"og:image:height\" content=\"669\" \/>\n\t<meta property=\"og:image:type\" content=\"image\/jpeg\" \/>\n<meta name=\"author\" content=\"Fernando Lima\" \/>\n<meta name=\"twitter:card\" content=\"summary_large_image\" \/>\n<meta name=\"twitter:label1\" content=\"Escrito por\" \/>\n\t<meta name=\"twitter:data1\" content=\"Fernando Lima\" \/>\n\t<meta name=\"twitter:label2\" content=\"Est. tempo de leitura\" \/>\n\t<meta name=\"twitter:data2\" content=\"3 minutos\" \/>\n<script type=\"application\/ld+json\" class=\"yoast-schema-graph\">{\"@context\":\"https:\/\/schema.org\",\"@graph\":[{\"@type\":\"WebPage\",\"@id\":\"https:\/\/verdadeon.com.br\/portal\/2022\/07\/30\/gasolina-e-diesel-seguem-dinamicas-distintas-diz-diretor-da-petrobras\/\",\"url\":\"https:\/\/verdadeon.com.br\/portal\/2022\/07\/30\/gasolina-e-diesel-seguem-dinamicas-distintas-diz-diretor-da-petrobras\/\",\"name\":\"Gasolina e diesel seguem din\u00e2micas distintas, diz diretor da Petrobras - VerdadeOn\",\"isPartOf\":{\"@id\":\"https:\/\/verdadeon.com.br\/portal\/#website\"},\"primaryImageOfPage\":{\"@id\":\"https:\/\/verdadeon.com.br\/portal\/2022\/07\/30\/gasolina-e-diesel-seguem-dinamicas-distintas-diz-diretor-da-petrobras\/#primaryimage\"},\"image\":{\"@id\":\"https:\/\/verdadeon.com.br\/portal\/2022\/07\/30\/gasolina-e-diesel-seguem-dinamicas-distintas-diz-diretor-da-petrobras\/#primaryimage\"},\"thumbnailUrl\":\"https:\/\/i0.wp.com\/verdadeon.com.br\/portal\/wp-content\/uploads\/2021\/10\/PETROBRAS-e1633730471253.jpg?fit=1000%2C669&ssl=1\",\"datePublished\":\"2022-07-30T17:00:01+00:00\",\"author\":{\"@id\":\"https:\/\/verdadeon.com.br\/portal\/#\/schema\/person\/cc32be22b8e8599387c480bc83e1d11a\"},\"breadcrumb\":{\"@id\":\"https:\/\/verdadeon.com.br\/portal\/2022\/07\/30\/gasolina-e-diesel-seguem-dinamicas-distintas-diz-diretor-da-petrobras\/#breadcrumb\"},\"inLanguage\":\"pt-BR\",\"potentialAction\":[{\"@type\":\"ReadAction\",\"target\":[\"https:\/\/verdadeon.com.br\/portal\/2022\/07\/30\/gasolina-e-diesel-seguem-dinamicas-distintas-diz-diretor-da-petrobras\/\"]}]},{\"@type\":\"ImageObject\",\"inLanguage\":\"pt-BR\",\"@id\":\"https:\/\/verdadeon.com.br\/portal\/2022\/07\/30\/gasolina-e-diesel-seguem-dinamicas-distintas-diz-diretor-da-petrobras\/#primaryimage\",\"url\":\"https:\/\/i0.wp.com\/verdadeon.com.br\/portal\/wp-content\/uploads\/2021\/10\/PETROBRAS-e1633730471253.jpg?fit=1000%2C669&ssl=1\",\"contentUrl\":\"https:\/\/i0.wp.com\/verdadeon.com.br\/portal\/wp-content\/uploads\/2021\/10\/PETROBRAS-e1633730471253.jpg?fit=1000%2C669&ssl=1\",\"width\":1000,\"height\":669,\"caption\":\"Lucro da Petrobr\u00e1s em 2022 \u00e9 superior ao observado em 2021\"},{\"@type\":\"BreadcrumbList\",\"@id\":\"https:\/\/verdadeon.com.br\/portal\/2022\/07\/30\/gasolina-e-diesel-seguem-dinamicas-distintas-diz-diretor-da-petrobras\/#breadcrumb\",\"itemListElement\":[{\"@type\":\"ListItem\",\"position\":1,\"name\":\"In\u00edcio\",\"item\":\"https:\/\/verdadeon.com.br\/portal\/\"},{\"@type\":\"ListItem\",\"position\":2,\"name\":\"Gasolina e diesel seguem din\u00e2micas distintas, diz diretor da Petrobras\"}]},{\"@type\":\"WebSite\",\"@id\":\"https:\/\/verdadeon.com.br\/portal\/#website\",\"url\":\"https:\/\/verdadeon.com.br\/portal\/\",\"name\":\"VerdadeOn\",\"description\":\"Not\u00edcias di\u00e1rias sobre Franca, Regi\u00e3o, Esporte, Cultura, Cotidiano, Colunas. Cobertura nos principais eventos da cidade \u00e9 aqui - Verdadeon Franca\",\"potentialAction\":[{\"@type\":\"SearchAction\",\"target\":{\"@type\":\"EntryPoint\",\"urlTemplate\":\"https:\/\/verdadeon.com.br\/portal\/?s={search_term_string}\"},\"query-input\":{\"@type\":\"PropertyValueSpecification\",\"valueRequired\":true,\"valueName\":\"search_term_string\"}}],\"inLanguage\":\"pt-BR\"},{\"@type\":\"Person\",\"@id\":\"https:\/\/verdadeon.com.br\/portal\/#\/schema\/person\/cc32be22b8e8599387c480bc83e1d11a\",\"name\":\"Fernando Lima\",\"image\":{\"@type\":\"ImageObject\",\"inLanguage\":\"pt-BR\",\"@id\":\"https:\/\/verdadeon.com.br\/portal\/#\/schema\/person\/image\/\",\"url\":\"https:\/\/secure.gravatar.com\/avatar\/df4c8e132080d2b3a4841d5d232045464e0eed11a1d6e43115ca0843d48768d3?s=96&d=mm&r=g\",\"contentUrl\":\"https:\/\/secure.gravatar.com\/avatar\/df4c8e132080d2b3a4841d5d232045464e0eed11a1d6e43115ca0843d48768d3?s=96&d=mm&r=g\",\"caption\":\"Fernando Lima\"},\"sameAs\":[\"http:\/\/verdadeon.com.br\/\"],\"url\":\"https:\/\/verdadeon.com.br\/portal\/author\/fernando-lima\/\"}]}<\/script>\n<!-- \/ Yoast SEO plugin. -->","yoast_head_json":{"title":"Gasolina e diesel seguem din\u00e2micas distintas, diz diretor da Petrobras - VerdadeOn","robots":{"index":"index","follow":"follow","max-snippet":"max-snippet:-1","max-image-preview":"max-image-preview:large","max-video-preview":"max-video-preview:-1"},"canonical":"https:\/\/verdadeon.com.br\/portal\/2022\/07\/30\/gasolina-e-diesel-seguem-dinamicas-distintas-diz-diretor-da-petrobras\/","og_locale":"pt_BR","og_type":"article","og_title":"Gasolina e diesel seguem din\u00e2micas distintas, diz diretor da Petrobras - VerdadeOn","og_description":"Estatal atribui lucro do segundo trimestre \u00e0 forte gera\u00e7\u00e3o de caixa O diretor de Comercializa\u00e7\u00e3o e Log\u00edstica da Petrobras, Cl\u00e1udio Matella, disse que as din\u00e2micas que [\u2026]","og_url":"https:\/\/verdadeon.com.br\/portal\/2022\/07\/30\/gasolina-e-diesel-seguem-dinamicas-distintas-diz-diretor-da-petrobras\/","og_site_name":"VerdadeOn","article_published_time":"2022-07-30T17:00:01+00:00","og_image":[{"width":1000,"height":669,"url":"https:\/\/verdadeon.com.br\/portal\/wp-content\/uploads\/2021\/10\/PETROBRAS-e1633730471253.jpg","type":"image\/jpeg"}],"author":"Fernando Lima","twitter_card":"summary_large_image","twitter_misc":{"Escrito por":"Fernando Lima","Est. tempo de leitura":"3 minutos"},"schema":{"@context":"https:\/\/schema.org","@graph":[{"@type":"WebPage","@id":"https:\/\/verdadeon.com.br\/portal\/2022\/07\/30\/gasolina-e-diesel-seguem-dinamicas-distintas-diz-diretor-da-petrobras\/","url":"https:\/\/verdadeon.com.br\/portal\/2022\/07\/30\/gasolina-e-diesel-seguem-dinamicas-distintas-diz-diretor-da-petrobras\/","name":"Gasolina e diesel seguem din\u00e2micas distintas, diz diretor da Petrobras - VerdadeOn","isPartOf":{"@id":"https:\/\/verdadeon.com.br\/portal\/#website"},"primaryImageOfPage":{"@id":"https:\/\/verdadeon.com.br\/portal\/2022\/07\/30\/gasolina-e-diesel-seguem-dinamicas-distintas-diz-diretor-da-petrobras\/#primaryimage"},"image":{"@id":"https:\/\/verdadeon.com.br\/portal\/2022\/07\/30\/gasolina-e-diesel-seguem-dinamicas-distintas-diz-diretor-da-petrobras\/#primaryimage"},"thumbnailUrl":"https:\/\/i0.wp.com\/verdadeon.com.br\/portal\/wp-content\/uploads\/2021\/10\/PETROBRAS-e1633730471253.jpg?fit=1000%2C669&ssl=1","datePublished":"2022-07-30T17:00:01+00:00","author":{"@id":"https:\/\/verdadeon.com.br\/portal\/#\/schema\/person\/cc32be22b8e8599387c480bc83e1d11a"},"breadcrumb":{"@id":"https:\/\/verdadeon.com.br\/portal\/2022\/07\/30\/gasolina-e-diesel-seguem-dinamicas-distintas-diz-diretor-da-petrobras\/#breadcrumb"},"inLanguage":"pt-BR","potentialAction":[{"@type":"ReadAction","target":["https:\/\/verdadeon.com.br\/portal\/2022\/07\/30\/gasolina-e-diesel-seguem-dinamicas-distintas-diz-diretor-da-petrobras\/"]}]},{"@type":"ImageObject","inLanguage":"pt-BR","@id":"https:\/\/verdadeon.com.br\/portal\/2022\/07\/30\/gasolina-e-diesel-seguem-dinamicas-distintas-diz-diretor-da-petrobras\/#primaryimage","url":"https:\/\/i0.wp.com\/verdadeon.com.br\/portal\/wp-content\/uploads\/2021\/10\/PETROBRAS-e1633730471253.jpg?fit=1000%2C669&ssl=1","contentUrl":"https:\/\/i0.wp.com\/verdadeon.com.br\/portal\/wp-content\/uploads\/2021\/10\/PETROBRAS-e1633730471253.jpg?fit=1000%2C669&ssl=1","width":1000,"height":669,"caption":"Lucro da Petrobr\u00e1s em 2022 \u00e9 superior ao observado em 2021"},{"@type":"BreadcrumbList","@id":"https:\/\/verdadeon.com.br\/portal\/2022\/07\/30\/gasolina-e-diesel-seguem-dinamicas-distintas-diz-diretor-da-petrobras\/#breadcrumb","itemListElement":[{"@type":"ListItem","position":1,"name":"In\u00edcio","item":"https:\/\/verdadeon.com.br\/portal\/"},{"@type":"ListItem","position":2,"name":"Gasolina e diesel seguem din\u00e2micas distintas, diz diretor da Petrobras"}]},{"@type":"WebSite","@id":"https:\/\/verdadeon.com.br\/portal\/#website","url":"https:\/\/verdadeon.com.br\/portal\/","name":"VerdadeOn","description":"Not\u00edcias di\u00e1rias sobre Franca, Regi\u00e3o, Esporte, Cultura, Cotidiano, Colunas. Cobertura nos principais eventos da cidade \u00e9 aqui - Verdadeon Franca","potentialAction":[{"@type":"SearchAction","target":{"@type":"EntryPoint","urlTemplate":"https:\/\/verdadeon.com.br\/portal\/?s={search_term_string}"},"query-input":{"@type":"PropertyValueSpecification","valueRequired":true,"valueName":"search_term_string"}}],"inLanguage":"pt-BR"},{"@type":"Person","@id":"https:\/\/verdadeon.com.br\/portal\/#\/schema\/person\/cc32be22b8e8599387c480bc83e1d11a","name":"Fernando Lima","image":{"@type":"ImageObject","inLanguage":"pt-BR","@id":"https:\/\/verdadeon.com.br\/portal\/#\/schema\/person\/image\/","url":"https:\/\/secure.gravatar.com\/avatar\/df4c8e132080d2b3a4841d5d232045464e0eed11a1d6e43115ca0843d48768d3?s=96&d=mm&r=g","contentUrl":"https:\/\/secure.gravatar.com\/avatar\/df4c8e132080d2b3a4841d5d232045464e0eed11a1d6e43115ca0843d48768d3?s=96&d=mm&r=g","caption":"Fernando Lima"},"sameAs":["http:\/\/verdadeon.com.br\/"],"url":"https:\/\/verdadeon.com.br\/portal\/author\/fernando-lima\/"}]}},"jetpack_publicize_connections":[],"jetpack_featured_media_url":"https:\/\/i0.wp.com\/verdadeon.com.br\/portal\/wp-content\/uploads\/2021\/10\/PETROBRAS-e1633730471253.jpg?fit=1000%2C669&ssl=1","jetpack_sharing_enabled":true,"_links":{"self":[{"href":"https:\/\/verdadeon.com.br\/portal\/wp-json\/wp\/v2\/posts\/26868","targetHints":{"allow":["GET"]}}],"collection":[{"href":"https:\/\/verdadeon.com.br\/portal\/wp-json\/wp\/v2\/posts"}],"about":[{"href":"https:\/\/verdadeon.com.br\/portal\/wp-json\/wp\/v2\/types\/post"}],"author":[{"embeddable":true,"href":"https:\/\/verdadeon.com.br\/portal\/wp-json\/wp\/v2\/users\/7"}],"replies":[{"embeddable":true,"href":"https:\/\/verdadeon.com.br\/portal\/wp-json\/wp\/v2\/comments?post=26868"}],"version-history":[{"count":1,"href":"https:\/\/verdadeon.com.br\/portal\/wp-json\/wp\/v2\/posts\/26868\/revisions"}],"predecessor-version":[{"id":26869,"href":"https:\/\/verdadeon.com.br\/portal\/wp-json\/wp\/v2\/posts\/26868\/revisions\/26869"}],"wp:featuredmedia":[{"embeddable":true,"href":"https:\/\/verdadeon.com.br\/portal\/wp-json\/wp\/v2\/media\/20227"}],"wp:attachment":[{"href":"https:\/\/verdadeon.com.br\/portal\/wp-json\/wp\/v2\/media?parent=26868"}],"wp:term":[{"taxonomy":"category","embeddable":true,"href":"https:\/\/verdadeon.com.br\/portal\/wp-json\/wp\/v2\/categories?post=26868"},{"taxonomy":"post_tag","embeddable":true,"href":"https:\/\/verdadeon.com.br\/portal\/wp-json\/wp\/v2\/tags?post=26868"}],"curies":[{"name":"wp","href":"https:\/\/api.w.org\/{rel}","templated":true}]}}