{"id":26781,"date":"2022-07-27T16:18:07","date_gmt":"2022-07-27T19:18:07","guid":{"rendered":"https:\/\/verdadeon.com.br\/portal\/?p=26781"},"modified":"2022-07-27T17:26:43","modified_gmt":"2022-07-27T20:26:43","slug":"perplan-inaugura-um-novo-espaco-de-negocios-em-franca","status":"publish","type":"post","link":"https:\/\/verdadeon.com.br\/portal\/2022\/07\/27\/perplan-inaugura-um-novo-espaco-de-negocios-em-franca\/","title":{"rendered":"Perplan inaugura um novo Espa\u00e7o de Neg\u00f3cios em Franca"},"content":{"rendered":"<h2>A empresa realizou um coquetel para apresentar seu novo endere\u00e7o na cidade<\/h2>\n<p>A Perplan Urbaniza\u00e7\u00e3o e Empreendimentos inaugurou, na \u00faltima quinta-feira (21\/07), o mais novo Espa\u00e7o de Neg\u00f3cios na cidade de Franca (SP), localizado na avenida Alonso Y Alonso, 773, Vila Champagnat. O coquetel de apresenta\u00e7\u00e3o contou com a presen\u00e7a de diretores e colaboradores da empresa, al\u00e9m de personalidades e ve\u00edculos da imprensa local.<br \/>\n\u201cNeste espa\u00e7o, atenderemos tanto nossos clientes finais como nossos investidores. Eles podem vir conhecer a empresa e tamb\u00e9m conhecer a maquete do Floriano 1680, que est\u00e1 exposta aqui. Teremos tamb\u00e9m, as imobili\u00e1rias envolvidas em nossos processos, altamente capacitadas e treinadas para poder desenvolver um atendimento personalizado\u201d, comentou Gustavo Pereira, gerente Comercial e Marketing.<br \/>\n\u201c\u00c9 importante ressaltar a qualidade da nossa produ\u00e7\u00e3o, s\u00e3o 22 anos de trabalho e mais de 7 mil unidades entregues. Portanto, \u00e9 interessante passar esses n\u00fameros para o consumidor final, a fim de refor\u00e7ar o tamanho da nossa presen\u00e7a na cidade de Franca\u201d, complementou o gerente.<br \/>\nJ\u00e1 Rodrigo Camargo, diretor Comercial e Marketing, tamb\u00e9m falou sobre o quanto o evento significou para a empresa. \u201cN\u00f3s atuamos h\u00e1 muito tempo em Franca. Houve uma \u00e9poca em que t\u00ednhamos apenas um container aqui, onde faz\u00edamos reuni\u00f5es e vendas. Ent\u00e3o, olhar para esse novo Espa\u00e7o de Neg\u00f3cios \u00e9 muito gratificante, al\u00e9m de ser um orgulho imenso perceber a hist\u00f3ria e a representatividade que a Perplan tem na cidade\u201d, diz.<br \/>\nD\u00e9bora Lopes, supervisora Comercial de Franca, comentou sobre o quanto o novo Espa\u00e7o vai proporcionar um atendimento ainda melhor a todos os clientes. \u201cEu acredito que, com essa nova estrutura, nossos clientes e parceiros de neg\u00f3cios ser\u00e3o atendidos de forma ainda melhor. A Perplan atua h\u00e1 v\u00e1rios anos em Franca, pois \u00e9 uma cidade com mercado realmente promissor e que temos muito carinho, al\u00e9m de oito empreendimentos lan\u00e7ados\u201d, explicou.<br \/>\nO novo Espa\u00e7o de Neg\u00f3cios em Franca fica localizado na Avenida Alonso Y Alonso, N\u00ba 773, com hor\u00e1rio de funcionamento de segunda a sexta-feira, das 9h \u00e0s 18h, aos s\u00e1bados, das 9h \u00e0s 17h, e aos domingos, das 9h \u00e0s 16h.<\/p>\n<p>&nbsp;<\/p>\n<div id=\"attachment_26786\" style=\"width: 1034px\" class=\"wp-caption alignnone\"><img data-recalc-dims=\"1\" loading=\"lazy\" decoding=\"async\" aria-describedby=\"caption-attachment-26786\" class=\"size-full wp-image-26786\" src=\"https:\/\/i0.wp.com\/verdadeon.com.br\/portal\/wp-content\/uploads\/2022\/07\/Debora-e-Gustavo-cortando-a-fita.jpeg?resize=1024%2C576&#038;ssl=1\" alt=\"\" width=\"1024\" height=\"576\" srcset=\"https:\/\/i0.wp.com\/verdadeon.com.br\/portal\/wp-content\/uploads\/2022\/07\/Debora-e-Gustavo-cortando-a-fita.jpeg?w=1024&amp;ssl=1 1024w, https:\/\/i0.wp.com\/verdadeon.com.br\/portal\/wp-content\/uploads\/2022\/07\/Debora-e-Gustavo-cortando-a-fita.jpeg?resize=300%2C169&amp;ssl=1 300w, https:\/\/i0.wp.com\/verdadeon.com.br\/portal\/wp-content\/uploads\/2022\/07\/Debora-e-Gustavo-cortando-a-fita.jpeg?resize=768%2C432&amp;ssl=1 768w, https:\/\/i0.wp.com\/verdadeon.com.br\/portal\/wp-content\/uploads\/2022\/07\/Debora-e-Gustavo-cortando-a-fita.jpeg?resize=260%2C146&amp;ssl=1 260w, https:\/\/i0.wp.com\/verdadeon.com.br\/portal\/wp-content\/uploads\/2022\/07\/Debora-e-Gustavo-cortando-a-fita.jpeg?resize=50%2C28&amp;ssl=1 50w, https:\/\/i0.wp.com\/verdadeon.com.br\/portal\/wp-content\/uploads\/2022\/07\/Debora-e-Gustavo-cortando-a-fita.jpeg?resize=133%2C75&amp;ssl=1 133w\" sizes=\"auto, (max-width: 1024px) 100vw, 1024px\" \/><p id=\"caption-attachment-26786\" class=\"wp-caption-text\">Debora Lopes, supervisora Comercial da Perplan, e Gustavo Pereira, gerente Comercial e de Marketing da Perplan cortando a fita<\/p><\/div>\n<div id=\"attachment_26784\" style=\"width: 778px\" class=\"wp-caption alignnone\"><img data-recalc-dims=\"1\" loading=\"lazy\" decoding=\"async\" aria-describedby=\"caption-attachment-26784\" class=\"size-full wp-image-26784\" src=\"https:\/\/i0.wp.com\/verdadeon.com.br\/portal\/wp-content\/uploads\/2022\/07\/Debora-Lopes-e-Gustavo-Pereira.jpeg?resize=768%2C1024&#038;ssl=1\" alt=\"\" width=\"768\" height=\"1024\" srcset=\"https:\/\/i0.wp.com\/verdadeon.com.br\/portal\/wp-content\/uploads\/2022\/07\/Debora-Lopes-e-Gustavo-Pereira.jpeg?w=768&amp;ssl=1 768w, https:\/\/i0.wp.com\/verdadeon.com.br\/portal\/wp-content\/uploads\/2022\/07\/Debora-Lopes-e-Gustavo-Pereira.jpeg?resize=225%2C300&amp;ssl=1 225w, https:\/\/i0.wp.com\/verdadeon.com.br\/portal\/wp-content\/uploads\/2022\/07\/Debora-Lopes-e-Gustavo-Pereira.jpeg?resize=110%2C146&amp;ssl=1 110w, https:\/\/i0.wp.com\/verdadeon.com.br\/portal\/wp-content\/uploads\/2022\/07\/Debora-Lopes-e-Gustavo-Pereira.jpeg?resize=38%2C50&amp;ssl=1 38w, https:\/\/i0.wp.com\/verdadeon.com.br\/portal\/wp-content\/uploads\/2022\/07\/Debora-Lopes-e-Gustavo-Pereira.jpeg?resize=56%2C75&amp;ssl=1 56w\" sizes=\"auto, (max-width: 768px) 100vw, 768px\" \/><p id=\"caption-attachment-26784\" class=\"wp-caption-text\">Debora Lopes e Gustavo Pereira<\/p><\/div>\n<div id=\"attachment_26783\" style=\"width: 778px\" class=\"wp-caption alignnone\"><img data-recalc-dims=\"1\" loading=\"lazy\" decoding=\"async\" aria-describedby=\"caption-attachment-26783\" class=\"size-full wp-image-26783\" src=\"https:\/\/i0.wp.com\/verdadeon.com.br\/portal\/wp-content\/uploads\/2022\/07\/Laura-Bevilacqua_Giulia-Romanella_Lucas-Cardoso_Gustavo-Pereira_Rodrigo-Carmargo_.jpeg?resize=768%2C1024&#038;ssl=1\" alt=\"\" width=\"768\" height=\"1024\" srcset=\"https:\/\/i0.wp.com\/verdadeon.com.br\/portal\/wp-content\/uploads\/2022\/07\/Laura-Bevilacqua_Giulia-Romanella_Lucas-Cardoso_Gustavo-Pereira_Rodrigo-Carmargo_.jpeg?w=768&amp;ssl=1 768w, https:\/\/i0.wp.com\/verdadeon.com.br\/portal\/wp-content\/uploads\/2022\/07\/Laura-Bevilacqua_Giulia-Romanella_Lucas-Cardoso_Gustavo-Pereira_Rodrigo-Carmargo_.jpeg?resize=225%2C300&amp;ssl=1 225w, https:\/\/i0.wp.com\/verdadeon.com.br\/portal\/wp-content\/uploads\/2022\/07\/Laura-Bevilacqua_Giulia-Romanella_Lucas-Cardoso_Gustavo-Pereira_Rodrigo-Carmargo_.jpeg?resize=110%2C146&amp;ssl=1 110w, https:\/\/i0.wp.com\/verdadeon.com.br\/portal\/wp-content\/uploads\/2022\/07\/Laura-Bevilacqua_Giulia-Romanella_Lucas-Cardoso_Gustavo-Pereira_Rodrigo-Carmargo_.jpeg?resize=38%2C50&amp;ssl=1 38w, https:\/\/i0.wp.com\/verdadeon.com.br\/portal\/wp-content\/uploads\/2022\/07\/Laura-Bevilacqua_Giulia-Romanella_Lucas-Cardoso_Gustavo-Pereira_Rodrigo-Carmargo_.jpeg?resize=56%2C75&amp;ssl=1 56w\" sizes=\"auto, (max-width: 768px) 100vw, 768px\" \/><p id=\"caption-attachment-26783\" class=\"wp-caption-text\">Laura Bevilacqua, Giulia Romanella, Lucas Cardoso, Gustavo Pereira e Rodrigo Carmargo<\/p><\/div>\n<div class=\"mceTemp\"><\/div>\n","protected":false},"excerpt":{"rendered":"<p>A empresa realizou um coquetel para apresentar seu novo endere\u00e7o na cidade A Perplan Urbaniza\u00e7\u00e3o e Empreendimentos inaugurou, na \u00faltima quinta-feira (21\/07), o mais novo Espa\u00e7o<span class=\"excerpt-hellip\"> [\u2026]<\/span><\/p>\n","protected":false},"author":4,"featured_media":26782,"comment_status":"open","ping_status":"open","sticky":false,"template":"","format":"standard","meta":{"_jetpack_memberships_contains_paid_content":false,"footnotes":"","jetpack_publicize_message":"","jetpack_publicize_feature_enabled":true,"jetpack_social_post_already_shared":false,"jetpack_social_options":{"image_generator_settings":{"template":"highway","default_image_id":0,"enabled":false},"version":2}},"categories":[28,44],"tags":[],"class_list":["post-26781","post","type-post","status-publish","format-standard","has-post-thumbnail","hentry","category-cotidiano","category-noticias"],"yoast_head":"<!-- This site is optimized with the Yoast SEO plugin v25.6 - https:\/\/yoast.com\/wordpress\/plugins\/seo\/ -->\n<title>Perplan inaugura um novo Espa\u00e7o de Neg\u00f3cios em Franca - VerdadeOn<\/title>\n<meta name=\"robots\" content=\"index, follow, max-snippet:-1, max-image-preview:large, max-video-preview:-1\" \/>\n<link rel=\"canonical\" href=\"https:\/\/verdadeon.com.br\/portal\/2022\/07\/27\/perplan-inaugura-um-novo-espaco-de-negocios-em-franca\/\" \/>\n<meta property=\"og:locale\" content=\"pt_BR\" \/>\n<meta property=\"og:type\" content=\"article\" \/>\n<meta property=\"og:title\" content=\"Perplan inaugura um novo Espa\u00e7o de Neg\u00f3cios em Franca - VerdadeOn\" \/>\n<meta property=\"og:description\" content=\"A empresa realizou um coquetel para apresentar seu novo endere\u00e7o na cidade A Perplan Urbaniza\u00e7\u00e3o e Empreendimentos inaugurou, na \u00faltima quinta-feira (21\/07), o mais novo Espa\u00e7o [\u2026]\" \/>\n<meta property=\"og:url\" content=\"https:\/\/verdadeon.com.br\/portal\/2022\/07\/27\/perplan-inaugura-um-novo-espaco-de-negocios-em-franca\/\" \/>\n<meta property=\"og:site_name\" content=\"VerdadeOn\" \/>\n<meta property=\"article:published_time\" content=\"2022-07-27T19:18:07+00:00\" \/>\n<meta property=\"article:modified_time\" content=\"2022-07-27T20:26:43+00:00\" \/>\n<meta property=\"og:image\" content=\"https:\/\/verdadeon.com.br\/portal\/wp-content\/uploads\/2022\/07\/Fachada-Perplan2.jpg\" \/>\n\t<meta property=\"og:image:width\" content=\"1024\" \/>\n\t<meta property=\"og:image:height\" content=\"686\" \/>\n\t<meta property=\"og:image:type\" content=\"image\/jpeg\" \/>\n<meta name=\"author\" content=\"Fernando Calixto\" \/>\n<meta name=\"twitter:card\" content=\"summary_large_image\" \/>\n<meta name=\"twitter:label1\" content=\"Escrito por\" \/>\n\t<meta name=\"twitter:data1\" content=\"Fernando Calixto\" \/>\n\t<meta name=\"twitter:label2\" content=\"Est. tempo de leitura\" \/>\n\t<meta name=\"twitter:data2\" content=\"3 minutos\" \/>\n<script type=\"application\/ld+json\" class=\"yoast-schema-graph\">{\"@context\":\"https:\/\/schema.org\",\"@graph\":[{\"@type\":\"WebPage\",\"@id\":\"https:\/\/verdadeon.com.br\/portal\/2022\/07\/27\/perplan-inaugura-um-novo-espaco-de-negocios-em-franca\/\",\"url\":\"https:\/\/verdadeon.com.br\/portal\/2022\/07\/27\/perplan-inaugura-um-novo-espaco-de-negocios-em-franca\/\",\"name\":\"Perplan inaugura um novo Espa\u00e7o de Neg\u00f3cios em Franca - VerdadeOn\",\"isPartOf\":{\"@id\":\"https:\/\/verdadeon.com.br\/portal\/#website\"},\"primaryImageOfPage\":{\"@id\":\"https:\/\/verdadeon.com.br\/portal\/2022\/07\/27\/perplan-inaugura-um-novo-espaco-de-negocios-em-franca\/#primaryimage\"},\"image\":{\"@id\":\"https:\/\/verdadeon.com.br\/portal\/2022\/07\/27\/perplan-inaugura-um-novo-espaco-de-negocios-em-franca\/#primaryimage\"},\"thumbnailUrl\":\"https:\/\/i0.wp.com\/verdadeon.com.br\/portal\/wp-content\/uploads\/2022\/07\/Fachada-Perplan2.jpg?fit=1024%2C686&ssl=1\",\"datePublished\":\"2022-07-27T19:18:07+00:00\",\"dateModified\":\"2022-07-27T20:26:43+00:00\",\"author\":{\"@id\":\"https:\/\/verdadeon.com.br\/portal\/#\/schema\/person\/8994718f49ee62ba5610471e29ca1f62\"},\"breadcrumb\":{\"@id\":\"https:\/\/verdadeon.com.br\/portal\/2022\/07\/27\/perplan-inaugura-um-novo-espaco-de-negocios-em-franca\/#breadcrumb\"},\"inLanguage\":\"pt-BR\",\"potentialAction\":[{\"@type\":\"ReadAction\",\"target\":[\"https:\/\/verdadeon.com.br\/portal\/2022\/07\/27\/perplan-inaugura-um-novo-espaco-de-negocios-em-franca\/\"]}]},{\"@type\":\"ImageObject\",\"inLanguage\":\"pt-BR\",\"@id\":\"https:\/\/verdadeon.com.br\/portal\/2022\/07\/27\/perplan-inaugura-um-novo-espaco-de-negocios-em-franca\/#primaryimage\",\"url\":\"https:\/\/i0.wp.com\/verdadeon.com.br\/portal\/wp-content\/uploads\/2022\/07\/Fachada-Perplan2.jpg?fit=1024%2C686&ssl=1\",\"contentUrl\":\"https:\/\/i0.wp.com\/verdadeon.com.br\/portal\/wp-content\/uploads\/2022\/07\/Fachada-Perplan2.jpg?fit=1024%2C686&ssl=1\",\"width\":1024,\"height\":686,\"caption\":\"Fachada do Espa\u00e7o de Neg\u00f3cios da Perplan em Franca\"},{\"@type\":\"BreadcrumbList\",\"@id\":\"https:\/\/verdadeon.com.br\/portal\/2022\/07\/27\/perplan-inaugura-um-novo-espaco-de-negocios-em-franca\/#breadcrumb\",\"itemListElement\":[{\"@type\":\"ListItem\",\"position\":1,\"name\":\"In\u00edcio\",\"item\":\"https:\/\/verdadeon.com.br\/portal\/\"},{\"@type\":\"ListItem\",\"position\":2,\"name\":\"Perplan inaugura um novo Espa\u00e7o de Neg\u00f3cios em Franca\"}]},{\"@type\":\"WebSite\",\"@id\":\"https:\/\/verdadeon.com.br\/portal\/#website\",\"url\":\"https:\/\/verdadeon.com.br\/portal\/\",\"name\":\"VerdadeOn\",\"description\":\"Not\u00edcias di\u00e1rias sobre Franca, Regi\u00e3o, Esporte, Cultura, Cotidiano, Colunas. Cobertura nos principais eventos da cidade \u00e9 aqui - Verdadeon Franca\",\"potentialAction\":[{\"@type\":\"SearchAction\",\"target\":{\"@type\":\"EntryPoint\",\"urlTemplate\":\"https:\/\/verdadeon.com.br\/portal\/?s={search_term_string}\"},\"query-input\":{\"@type\":\"PropertyValueSpecification\",\"valueRequired\":true,\"valueName\":\"search_term_string\"}}],\"inLanguage\":\"pt-BR\"},{\"@type\":\"Person\",\"@id\":\"https:\/\/verdadeon.com.br\/portal\/#\/schema\/person\/8994718f49ee62ba5610471e29ca1f62\",\"name\":\"Fernando Calixto\",\"image\":{\"@type\":\"ImageObject\",\"inLanguage\":\"pt-BR\",\"@id\":\"https:\/\/verdadeon.com.br\/portal\/#\/schema\/person\/image\/\",\"url\":\"https:\/\/secure.gravatar.com\/avatar\/7578910c24966c0316c340f9dbd601e93ee9f9212e1033968b367af9306bd9fb?s=96&d=mm&r=g\",\"contentUrl\":\"https:\/\/secure.gravatar.com\/avatar\/7578910c24966c0316c340f9dbd601e93ee9f9212e1033968b367af9306bd9fb?s=96&d=mm&r=g\",\"caption\":\"Fernando Calixto\"},\"url\":\"https:\/\/verdadeon.com.br\/portal\/author\/fernando-calixto\/\"}]}<\/script>\n<!-- \/ Yoast SEO plugin. -->","yoast_head_json":{"title":"Perplan inaugura um novo Espa\u00e7o de Neg\u00f3cios em Franca - VerdadeOn","robots":{"index":"index","follow":"follow","max-snippet":"max-snippet:-1","max-image-preview":"max-image-preview:large","max-video-preview":"max-video-preview:-1"},"canonical":"https:\/\/verdadeon.com.br\/portal\/2022\/07\/27\/perplan-inaugura-um-novo-espaco-de-negocios-em-franca\/","og_locale":"pt_BR","og_type":"article","og_title":"Perplan inaugura um novo Espa\u00e7o de Neg\u00f3cios em Franca - VerdadeOn","og_description":"A empresa realizou um coquetel para apresentar seu novo endere\u00e7o na cidade A Perplan Urbaniza\u00e7\u00e3o e Empreendimentos inaugurou, na \u00faltima quinta-feira (21\/07), o mais novo Espa\u00e7o [\u2026]","og_url":"https:\/\/verdadeon.com.br\/portal\/2022\/07\/27\/perplan-inaugura-um-novo-espaco-de-negocios-em-franca\/","og_site_name":"VerdadeOn","article_published_time":"2022-07-27T19:18:07+00:00","article_modified_time":"2022-07-27T20:26:43+00:00","og_image":[{"width":1024,"height":686,"url":"https:\/\/verdadeon.com.br\/portal\/wp-content\/uploads\/2022\/07\/Fachada-Perplan2.jpg","type":"image\/jpeg"}],"author":"Fernando Calixto","twitter_card":"summary_large_image","twitter_misc":{"Escrito por":"Fernando Calixto","Est. tempo de leitura":"3 minutos"},"schema":{"@context":"https:\/\/schema.org","@graph":[{"@type":"WebPage","@id":"https:\/\/verdadeon.com.br\/portal\/2022\/07\/27\/perplan-inaugura-um-novo-espaco-de-negocios-em-franca\/","url":"https:\/\/verdadeon.com.br\/portal\/2022\/07\/27\/perplan-inaugura-um-novo-espaco-de-negocios-em-franca\/","name":"Perplan inaugura um novo Espa\u00e7o de Neg\u00f3cios em Franca - VerdadeOn","isPartOf":{"@id":"https:\/\/verdadeon.com.br\/portal\/#website"},"primaryImageOfPage":{"@id":"https:\/\/verdadeon.com.br\/portal\/2022\/07\/27\/perplan-inaugura-um-novo-espaco-de-negocios-em-franca\/#primaryimage"},"image":{"@id":"https:\/\/verdadeon.com.br\/portal\/2022\/07\/27\/perplan-inaugura-um-novo-espaco-de-negocios-em-franca\/#primaryimage"},"thumbnailUrl":"https:\/\/i0.wp.com\/verdadeon.com.br\/portal\/wp-content\/uploads\/2022\/07\/Fachada-Perplan2.jpg?fit=1024%2C686&ssl=1","datePublished":"2022-07-27T19:18:07+00:00","dateModified":"2022-07-27T20:26:43+00:00","author":{"@id":"https:\/\/verdadeon.com.br\/portal\/#\/schema\/person\/8994718f49ee62ba5610471e29ca1f62"},"breadcrumb":{"@id":"https:\/\/verdadeon.com.br\/portal\/2022\/07\/27\/perplan-inaugura-um-novo-espaco-de-negocios-em-franca\/#breadcrumb"},"inLanguage":"pt-BR","potentialAction":[{"@type":"ReadAction","target":["https:\/\/verdadeon.com.br\/portal\/2022\/07\/27\/perplan-inaugura-um-novo-espaco-de-negocios-em-franca\/"]}]},{"@type":"ImageObject","inLanguage":"pt-BR","@id":"https:\/\/verdadeon.com.br\/portal\/2022\/07\/27\/perplan-inaugura-um-novo-espaco-de-negocios-em-franca\/#primaryimage","url":"https:\/\/i0.wp.com\/verdadeon.com.br\/portal\/wp-content\/uploads\/2022\/07\/Fachada-Perplan2.jpg?fit=1024%2C686&ssl=1","contentUrl":"https:\/\/i0.wp.com\/verdadeon.com.br\/portal\/wp-content\/uploads\/2022\/07\/Fachada-Perplan2.jpg?fit=1024%2C686&ssl=1","width":1024,"height":686,"caption":"Fachada do Espa\u00e7o de Neg\u00f3cios da Perplan em Franca"},{"@type":"BreadcrumbList","@id":"https:\/\/verdadeon.com.br\/portal\/2022\/07\/27\/perplan-inaugura-um-novo-espaco-de-negocios-em-franca\/#breadcrumb","itemListElement":[{"@type":"ListItem","position":1,"name":"In\u00edcio","item":"https:\/\/verdadeon.com.br\/portal\/"},{"@type":"ListItem","position":2,"name":"Perplan inaugura um novo Espa\u00e7o de Neg\u00f3cios em Franca"}]},{"@type":"WebSite","@id":"https:\/\/verdadeon.com.br\/portal\/#website","url":"https:\/\/verdadeon.com.br\/portal\/","name":"VerdadeOn","description":"Not\u00edcias di\u00e1rias sobre Franca, Regi\u00e3o, Esporte, Cultura, Cotidiano, Colunas. Cobertura nos principais eventos da cidade \u00e9 aqui - Verdadeon Franca","potentialAction":[{"@type":"SearchAction","target":{"@type":"EntryPoint","urlTemplate":"https:\/\/verdadeon.com.br\/portal\/?s={search_term_string}"},"query-input":{"@type":"PropertyValueSpecification","valueRequired":true,"valueName":"search_term_string"}}],"inLanguage":"pt-BR"},{"@type":"Person","@id":"https:\/\/verdadeon.com.br\/portal\/#\/schema\/person\/8994718f49ee62ba5610471e29ca1f62","name":"Fernando Calixto","image":{"@type":"ImageObject","inLanguage":"pt-BR","@id":"https:\/\/verdadeon.com.br\/portal\/#\/schema\/person\/image\/","url":"https:\/\/secure.gravatar.com\/avatar\/7578910c24966c0316c340f9dbd601e93ee9f9212e1033968b367af9306bd9fb?s=96&d=mm&r=g","contentUrl":"https:\/\/secure.gravatar.com\/avatar\/7578910c24966c0316c340f9dbd601e93ee9f9212e1033968b367af9306bd9fb?s=96&d=mm&r=g","caption":"Fernando Calixto"},"url":"https:\/\/verdadeon.com.br\/portal\/author\/fernando-calixto\/"}]}},"jetpack_publicize_connections":[],"jetpack_featured_media_url":"https:\/\/i0.wp.com\/verdadeon.com.br\/portal\/wp-content\/uploads\/2022\/07\/Fachada-Perplan2.jpg?fit=1024%2C686&ssl=1","jetpack_sharing_enabled":true,"_links":{"self":[{"href":"https:\/\/verdadeon.com.br\/portal\/wp-json\/wp\/v2\/posts\/26781","targetHints":{"allow":["GET"]}}],"collection":[{"href":"https:\/\/verdadeon.com.br\/portal\/wp-json\/wp\/v2\/posts"}],"about":[{"href":"https:\/\/verdadeon.com.br\/portal\/wp-json\/wp\/v2\/types\/post"}],"author":[{"embeddable":true,"href":"https:\/\/verdadeon.com.br\/portal\/wp-json\/wp\/v2\/users\/4"}],"replies":[{"embeddable":true,"href":"https:\/\/verdadeon.com.br\/portal\/wp-json\/wp\/v2\/comments?post=26781"}],"version-history":[{"count":2,"href":"https:\/\/verdadeon.com.br\/portal\/wp-json\/wp\/v2\/posts\/26781\/revisions"}],"predecessor-version":[{"id":26794,"href":"https:\/\/verdadeon.com.br\/portal\/wp-json\/wp\/v2\/posts\/26781\/revisions\/26794"}],"wp:featuredmedia":[{"embeddable":true,"href":"https:\/\/verdadeon.com.br\/portal\/wp-json\/wp\/v2\/media\/26782"}],"wp:attachment":[{"href":"https:\/\/verdadeon.com.br\/portal\/wp-json\/wp\/v2\/media?parent=26781"}],"wp:term":[{"taxonomy":"category","embeddable":true,"href":"https:\/\/verdadeon.com.br\/portal\/wp-json\/wp\/v2\/categories?post=26781"},{"taxonomy":"post_tag","embeddable":true,"href":"https:\/\/verdadeon.com.br\/portal\/wp-json\/wp\/v2\/tags?post=26781"}],"curies":[{"name":"wp","href":"https:\/\/api.w.org\/{rel}","templated":true}]}}