{"id":26775,"date":"2022-07-27T13:53:05","date_gmt":"2022-07-27T16:53:05","guid":{"rendered":"https:\/\/verdadeon.com.br\/portal\/?p=26775"},"modified":"2022-07-27T13:53:05","modified_gmt":"2022-07-27T16:53:05","slug":"sesi-franca-basquete-passa-a-transmitir-jogos-do-campeonato-paulista-2022","status":"publish","type":"post","link":"https:\/\/verdadeon.com.br\/portal\/2022\/07\/27\/sesi-franca-basquete-passa-a-transmitir-jogos-do-campeonato-paulista-2022\/","title":{"rendered":"Sesi Franca Basquete passa a transmitir jogos do Campeonato Paulista 2022"},"content":{"rendered":"<h2>Objetivo da equipe \u00e9 gerar conte\u00fado exclusivo e aproximar o clube dos torcedores<\/h2>\n<p>O Sesi Franca Basquete anunciou nesta quarta-feira (27), que vai transmitir todos os jogos do Campeonato Paulista 2022, a confirma\u00e7\u00e3o foi realizada durante coletiva de imprensa para apresentar a equipe e tamb\u00e9m os uniformes novos.<\/p>\n<p>De acordo com o clube, todos as partidas dentro e fora de casa, ser\u00e3o transmitidas no canal oficial da equipe no Youtube de forma gratuita. \u201cDessa forma, o time mais tradicional do basquete brasileiro quer trazer conte\u00fados diferenciados para seus torcedores, aproximando-se ainda mais do sexto jogador\u201d, divulgou o time em nota.<\/p>\n<p>\u201cNossa gest\u00e3o mais vez inova com as transmiss\u00f5es dos jogos do Campeonato Paulista, que al\u00e9m de trazer mais uma op\u00e7\u00e3o de propriedade para os nossos parceiros, tamb\u00e9m busca melhorar a experi\u00eancia do nosso torcedor&#8221;, disse o presidente do clube, Munir Buchalla Filho.<\/p>\n<p>As partidas ser\u00e3o divididas em tr\u00eas momentos: pr\u00e9-jogo, jogo e p\u00f3s-jogo, na etapa inicial, o objetivo \u00e9 apresentar momentos hist\u00f3ricos, enaltecendo a tradi\u00e7\u00e3o do clube, com convidados importantes. O time tamb\u00e9m ir\u00e1 mostrar treinos da semana e imagens de bastidores. Ap\u00f3s a partida, o foco ser\u00e1 em entrevistas exclusivas e coletiva com o t\u00e9cnico Helinho Garcia.<\/p>\n<p>\u201cBuscando essa intera\u00e7\u00e3o ativa com sua torcida, o clube convidar\u00e1 s\u00f3cios-torcedores para participarem das lives. Assim, ter\u00e3o a oportunidade de colaborar com a equipe de transmiss\u00e3o, al\u00e9m de entrevistarem atletas e membros da comiss\u00e3o t\u00e9cnica\u201d.<\/p>\n<p>Al\u00e9m de aproximar o torcedor com o time, o projeto tamb\u00e9m ser\u00e1 uma forma de gerar mais fontes de receita. Freeway, NanoBodytech, Pal\u00e1cio das Ferramentas e Churrascaria Grelha de Fogo j\u00e1 compraram as quatro cotas de patroc\u00ednio que foram colocadas \u00e0 venda.<\/p>\n<p>A estreia das transmiss\u00f5es acontece neste domingo, 31 de julho, na partida contra a Liga Sorocabana de Basquete, no Gin\u00e1sio Pedroc\u00e3o. O confronto est\u00e1 agendado para 17 horas e a live ter\u00e1 in\u00edcio a partir das 16h30. O ex-jogador Chu\u00ed ser\u00e1 o comentarista do jogo.<\/p>\n","protected":false},"excerpt":{"rendered":"<p>Objetivo da equipe \u00e9 gerar conte\u00fado exclusivo e aproximar o clube dos torcedores O Sesi Franca Basquete anunciou nesta quarta-feira (27), que vai transmitir todos os<span class=\"excerpt-hellip\"> [\u2026]<\/span><\/p>\n","protected":false},"author":7,"featured_media":26777,"comment_status":"open","ping_status":"open","sticky":false,"template":"","format":"standard","meta":{"_jetpack_memberships_contains_paid_content":false,"footnotes":"","jetpack_publicize_message":"","jetpack_publicize_feature_enabled":true,"jetpack_social_post_already_shared":false,"jetpack_social_options":{"image_generator_settings":{"template":"highway","default_image_id":0,"enabled":false},"version":2}},"categories":[28,81],"tags":[],"class_list":["post-26775","post","type-post","status-publish","format-standard","has-post-thumbnail","hentry","category-cotidiano","category-manchete"],"yoast_head":"<!-- This site is optimized with the Yoast SEO plugin v25.6 - https:\/\/yoast.com\/wordpress\/plugins\/seo\/ -->\n<title>Sesi Franca Basquete passa a transmitir jogos do Campeonato Paulista 2022 - VerdadeOn<\/title>\n<meta name=\"robots\" content=\"index, follow, max-snippet:-1, max-image-preview:large, max-video-preview:-1\" \/>\n<link rel=\"canonical\" href=\"https:\/\/verdadeon.com.br\/portal\/2022\/07\/27\/sesi-franca-basquete-passa-a-transmitir-jogos-do-campeonato-paulista-2022\/\" \/>\n<meta property=\"og:locale\" content=\"pt_BR\" \/>\n<meta property=\"og:type\" content=\"article\" \/>\n<meta property=\"og:title\" content=\"Sesi Franca Basquete passa a transmitir jogos do Campeonato Paulista 2022 - VerdadeOn\" \/>\n<meta property=\"og:description\" content=\"Objetivo da equipe \u00e9 gerar conte\u00fado exclusivo e aproximar o clube dos torcedores O Sesi Franca Basquete anunciou nesta quarta-feira (27), que vai transmitir todos os [\u2026]\" \/>\n<meta property=\"og:url\" content=\"https:\/\/verdadeon.com.br\/portal\/2022\/07\/27\/sesi-franca-basquete-passa-a-transmitir-jogos-do-campeonato-paulista-2022\/\" \/>\n<meta property=\"og:site_name\" content=\"VerdadeOn\" \/>\n<meta property=\"article:published_time\" content=\"2022-07-27T16:53:05+00:00\" \/>\n<meta property=\"og:image\" content=\"https:\/\/verdadeon.com.br\/portal\/wp-content\/uploads\/2022\/07\/WhatsApp-Image-2022-07-27-at-13.15.52-e1658940685590.jpeg\" \/>\n\t<meta property=\"og:image:width\" content=\"1155\" \/>\n\t<meta property=\"og:image:height\" content=\"672\" \/>\n\t<meta property=\"og:image:type\" content=\"image\/jpeg\" \/>\n<meta name=\"author\" content=\"Fernando Lima\" \/>\n<meta name=\"twitter:card\" content=\"summary_large_image\" \/>\n<meta name=\"twitter:label1\" content=\"Escrito por\" \/>\n\t<meta name=\"twitter:data1\" content=\"Fernando Lima\" \/>\n\t<meta name=\"twitter:label2\" content=\"Est. tempo de leitura\" \/>\n\t<meta name=\"twitter:data2\" content=\"2 minutos\" \/>\n<script type=\"application\/ld+json\" class=\"yoast-schema-graph\">{\"@context\":\"https:\/\/schema.org\",\"@graph\":[{\"@type\":\"WebPage\",\"@id\":\"https:\/\/verdadeon.com.br\/portal\/2022\/07\/27\/sesi-franca-basquete-passa-a-transmitir-jogos-do-campeonato-paulista-2022\/\",\"url\":\"https:\/\/verdadeon.com.br\/portal\/2022\/07\/27\/sesi-franca-basquete-passa-a-transmitir-jogos-do-campeonato-paulista-2022\/\",\"name\":\"Sesi Franca Basquete passa a transmitir jogos do Campeonato Paulista 2022 - VerdadeOn\",\"isPartOf\":{\"@id\":\"https:\/\/verdadeon.com.br\/portal\/#website\"},\"primaryImageOfPage\":{\"@id\":\"https:\/\/verdadeon.com.br\/portal\/2022\/07\/27\/sesi-franca-basquete-passa-a-transmitir-jogos-do-campeonato-paulista-2022\/#primaryimage\"},\"image\":{\"@id\":\"https:\/\/verdadeon.com.br\/portal\/2022\/07\/27\/sesi-franca-basquete-passa-a-transmitir-jogos-do-campeonato-paulista-2022\/#primaryimage\"},\"thumbnailUrl\":\"https:\/\/i0.wp.com\/verdadeon.com.br\/portal\/wp-content\/uploads\/2022\/07\/WhatsApp-Image-2022-07-27-at-13.15.52-e1658940685590.jpeg?fit=1155%2C672&ssl=1\",\"datePublished\":\"2022-07-27T16:53:05+00:00\",\"author\":{\"@id\":\"https:\/\/verdadeon.com.br\/portal\/#\/schema\/person\/cc32be22b8e8599387c480bc83e1d11a\"},\"breadcrumb\":{\"@id\":\"https:\/\/verdadeon.com.br\/portal\/2022\/07\/27\/sesi-franca-basquete-passa-a-transmitir-jogos-do-campeonato-paulista-2022\/#breadcrumb\"},\"inLanguage\":\"pt-BR\",\"potentialAction\":[{\"@type\":\"ReadAction\",\"target\":[\"https:\/\/verdadeon.com.br\/portal\/2022\/07\/27\/sesi-franca-basquete-passa-a-transmitir-jogos-do-campeonato-paulista-2022\/\"]}]},{\"@type\":\"ImageObject\",\"inLanguage\":\"pt-BR\",\"@id\":\"https:\/\/verdadeon.com.br\/portal\/2022\/07\/27\/sesi-franca-basquete-passa-a-transmitir-jogos-do-campeonato-paulista-2022\/#primaryimage\",\"url\":\"https:\/\/i0.wp.com\/verdadeon.com.br\/portal\/wp-content\/uploads\/2022\/07\/WhatsApp-Image-2022-07-27-at-13.15.52-e1658940685590.jpeg?fit=1155%2C672&ssl=1\",\"contentUrl\":\"https:\/\/i0.wp.com\/verdadeon.com.br\/portal\/wp-content\/uploads\/2022\/07\/WhatsApp-Image-2022-07-27-at-13.15.52-e1658940685590.jpeg?fit=1155%2C672&ssl=1\",\"width\":1155,\"height\":672,\"caption\":\"Time convocou coletiva de imprensa, onde as novidades para as temporadas foram anunciadas | Foto: Marcos Limonti \/SFB\"},{\"@type\":\"BreadcrumbList\",\"@id\":\"https:\/\/verdadeon.com.br\/portal\/2022\/07\/27\/sesi-franca-basquete-passa-a-transmitir-jogos-do-campeonato-paulista-2022\/#breadcrumb\",\"itemListElement\":[{\"@type\":\"ListItem\",\"position\":1,\"name\":\"In\u00edcio\",\"item\":\"https:\/\/verdadeon.com.br\/portal\/\"},{\"@type\":\"ListItem\",\"position\":2,\"name\":\"Sesi Franca Basquete passa a transmitir jogos do Campeonato Paulista 2022\"}]},{\"@type\":\"WebSite\",\"@id\":\"https:\/\/verdadeon.com.br\/portal\/#website\",\"url\":\"https:\/\/verdadeon.com.br\/portal\/\",\"name\":\"VerdadeOn\",\"description\":\"Not\u00edcias di\u00e1rias sobre Franca, Regi\u00e3o, Esporte, Cultura, Cotidiano, Colunas. Cobertura nos principais eventos da cidade \u00e9 aqui - Verdadeon Franca\",\"potentialAction\":[{\"@type\":\"SearchAction\",\"target\":{\"@type\":\"EntryPoint\",\"urlTemplate\":\"https:\/\/verdadeon.com.br\/portal\/?s={search_term_string}\"},\"query-input\":{\"@type\":\"PropertyValueSpecification\",\"valueRequired\":true,\"valueName\":\"search_term_string\"}}],\"inLanguage\":\"pt-BR\"},{\"@type\":\"Person\",\"@id\":\"https:\/\/verdadeon.com.br\/portal\/#\/schema\/person\/cc32be22b8e8599387c480bc83e1d11a\",\"name\":\"Fernando Lima\",\"image\":{\"@type\":\"ImageObject\",\"inLanguage\":\"pt-BR\",\"@id\":\"https:\/\/verdadeon.com.br\/portal\/#\/schema\/person\/image\/\",\"url\":\"https:\/\/secure.gravatar.com\/avatar\/df4c8e132080d2b3a4841d5d232045464e0eed11a1d6e43115ca0843d48768d3?s=96&d=mm&r=g\",\"contentUrl\":\"https:\/\/secure.gravatar.com\/avatar\/df4c8e132080d2b3a4841d5d232045464e0eed11a1d6e43115ca0843d48768d3?s=96&d=mm&r=g\",\"caption\":\"Fernando Lima\"},\"sameAs\":[\"http:\/\/verdadeon.com.br\/\"],\"url\":\"https:\/\/verdadeon.com.br\/portal\/author\/fernando-lima\/\"}]}<\/script>\n<!-- \/ Yoast SEO plugin. -->","yoast_head_json":{"title":"Sesi Franca Basquete passa a transmitir jogos do Campeonato Paulista 2022 - VerdadeOn","robots":{"index":"index","follow":"follow","max-snippet":"max-snippet:-1","max-image-preview":"max-image-preview:large","max-video-preview":"max-video-preview:-1"},"canonical":"https:\/\/verdadeon.com.br\/portal\/2022\/07\/27\/sesi-franca-basquete-passa-a-transmitir-jogos-do-campeonato-paulista-2022\/","og_locale":"pt_BR","og_type":"article","og_title":"Sesi Franca Basquete passa a transmitir jogos do Campeonato Paulista 2022 - VerdadeOn","og_description":"Objetivo da equipe \u00e9 gerar conte\u00fado exclusivo e aproximar o clube dos torcedores O Sesi Franca Basquete anunciou nesta quarta-feira (27), que vai transmitir todos os [\u2026]","og_url":"https:\/\/verdadeon.com.br\/portal\/2022\/07\/27\/sesi-franca-basquete-passa-a-transmitir-jogos-do-campeonato-paulista-2022\/","og_site_name":"VerdadeOn","article_published_time":"2022-07-27T16:53:05+00:00","og_image":[{"width":1155,"height":672,"url":"https:\/\/verdadeon.com.br\/portal\/wp-content\/uploads\/2022\/07\/WhatsApp-Image-2022-07-27-at-13.15.52-e1658940685590.jpeg","type":"image\/jpeg"}],"author":"Fernando Lima","twitter_card":"summary_large_image","twitter_misc":{"Escrito por":"Fernando Lima","Est. tempo de leitura":"2 minutos"},"schema":{"@context":"https:\/\/schema.org","@graph":[{"@type":"WebPage","@id":"https:\/\/verdadeon.com.br\/portal\/2022\/07\/27\/sesi-franca-basquete-passa-a-transmitir-jogos-do-campeonato-paulista-2022\/","url":"https:\/\/verdadeon.com.br\/portal\/2022\/07\/27\/sesi-franca-basquete-passa-a-transmitir-jogos-do-campeonato-paulista-2022\/","name":"Sesi Franca Basquete passa a transmitir jogos do Campeonato Paulista 2022 - VerdadeOn","isPartOf":{"@id":"https:\/\/verdadeon.com.br\/portal\/#website"},"primaryImageOfPage":{"@id":"https:\/\/verdadeon.com.br\/portal\/2022\/07\/27\/sesi-franca-basquete-passa-a-transmitir-jogos-do-campeonato-paulista-2022\/#primaryimage"},"image":{"@id":"https:\/\/verdadeon.com.br\/portal\/2022\/07\/27\/sesi-franca-basquete-passa-a-transmitir-jogos-do-campeonato-paulista-2022\/#primaryimage"},"thumbnailUrl":"https:\/\/i0.wp.com\/verdadeon.com.br\/portal\/wp-content\/uploads\/2022\/07\/WhatsApp-Image-2022-07-27-at-13.15.52-e1658940685590.jpeg?fit=1155%2C672&ssl=1","datePublished":"2022-07-27T16:53:05+00:00","author":{"@id":"https:\/\/verdadeon.com.br\/portal\/#\/schema\/person\/cc32be22b8e8599387c480bc83e1d11a"},"breadcrumb":{"@id":"https:\/\/verdadeon.com.br\/portal\/2022\/07\/27\/sesi-franca-basquete-passa-a-transmitir-jogos-do-campeonato-paulista-2022\/#breadcrumb"},"inLanguage":"pt-BR","potentialAction":[{"@type":"ReadAction","target":["https:\/\/verdadeon.com.br\/portal\/2022\/07\/27\/sesi-franca-basquete-passa-a-transmitir-jogos-do-campeonato-paulista-2022\/"]}]},{"@type":"ImageObject","inLanguage":"pt-BR","@id":"https:\/\/verdadeon.com.br\/portal\/2022\/07\/27\/sesi-franca-basquete-passa-a-transmitir-jogos-do-campeonato-paulista-2022\/#primaryimage","url":"https:\/\/i0.wp.com\/verdadeon.com.br\/portal\/wp-content\/uploads\/2022\/07\/WhatsApp-Image-2022-07-27-at-13.15.52-e1658940685590.jpeg?fit=1155%2C672&ssl=1","contentUrl":"https:\/\/i0.wp.com\/verdadeon.com.br\/portal\/wp-content\/uploads\/2022\/07\/WhatsApp-Image-2022-07-27-at-13.15.52-e1658940685590.jpeg?fit=1155%2C672&ssl=1","width":1155,"height":672,"caption":"Time convocou coletiva de imprensa, onde as novidades para as temporadas foram anunciadas | Foto: Marcos Limonti \/SFB"},{"@type":"BreadcrumbList","@id":"https:\/\/verdadeon.com.br\/portal\/2022\/07\/27\/sesi-franca-basquete-passa-a-transmitir-jogos-do-campeonato-paulista-2022\/#breadcrumb","itemListElement":[{"@type":"ListItem","position":1,"name":"In\u00edcio","item":"https:\/\/verdadeon.com.br\/portal\/"},{"@type":"ListItem","position":2,"name":"Sesi Franca Basquete passa a transmitir jogos do Campeonato Paulista 2022"}]},{"@type":"WebSite","@id":"https:\/\/verdadeon.com.br\/portal\/#website","url":"https:\/\/verdadeon.com.br\/portal\/","name":"VerdadeOn","description":"Not\u00edcias di\u00e1rias sobre Franca, Regi\u00e3o, Esporte, Cultura, Cotidiano, Colunas. Cobertura nos principais eventos da cidade \u00e9 aqui - Verdadeon Franca","potentialAction":[{"@type":"SearchAction","target":{"@type":"EntryPoint","urlTemplate":"https:\/\/verdadeon.com.br\/portal\/?s={search_term_string}"},"query-input":{"@type":"PropertyValueSpecification","valueRequired":true,"valueName":"search_term_string"}}],"inLanguage":"pt-BR"},{"@type":"Person","@id":"https:\/\/verdadeon.com.br\/portal\/#\/schema\/person\/cc32be22b8e8599387c480bc83e1d11a","name":"Fernando Lima","image":{"@type":"ImageObject","inLanguage":"pt-BR","@id":"https:\/\/verdadeon.com.br\/portal\/#\/schema\/person\/image\/","url":"https:\/\/secure.gravatar.com\/avatar\/df4c8e132080d2b3a4841d5d232045464e0eed11a1d6e43115ca0843d48768d3?s=96&d=mm&r=g","contentUrl":"https:\/\/secure.gravatar.com\/avatar\/df4c8e132080d2b3a4841d5d232045464e0eed11a1d6e43115ca0843d48768d3?s=96&d=mm&r=g","caption":"Fernando Lima"},"sameAs":["http:\/\/verdadeon.com.br\/"],"url":"https:\/\/verdadeon.com.br\/portal\/author\/fernando-lima\/"}]}},"jetpack_publicize_connections":[],"jetpack_featured_media_url":"https:\/\/i0.wp.com\/verdadeon.com.br\/portal\/wp-content\/uploads\/2022\/07\/WhatsApp-Image-2022-07-27-at-13.15.52-e1658940685590.jpeg?fit=1155%2C672&ssl=1","jetpack_sharing_enabled":true,"_links":{"self":[{"href":"https:\/\/verdadeon.com.br\/portal\/wp-json\/wp\/v2\/posts\/26775","targetHints":{"allow":["GET"]}}],"collection":[{"href":"https:\/\/verdadeon.com.br\/portal\/wp-json\/wp\/v2\/posts"}],"about":[{"href":"https:\/\/verdadeon.com.br\/portal\/wp-json\/wp\/v2\/types\/post"}],"author":[{"embeddable":true,"href":"https:\/\/verdadeon.com.br\/portal\/wp-json\/wp\/v2\/users\/7"}],"replies":[{"embeddable":true,"href":"https:\/\/verdadeon.com.br\/portal\/wp-json\/wp\/v2\/comments?post=26775"}],"version-history":[{"count":1,"href":"https:\/\/verdadeon.com.br\/portal\/wp-json\/wp\/v2\/posts\/26775\/revisions"}],"predecessor-version":[{"id":26778,"href":"https:\/\/verdadeon.com.br\/portal\/wp-json\/wp\/v2\/posts\/26775\/revisions\/26778"}],"wp:featuredmedia":[{"embeddable":true,"href":"https:\/\/verdadeon.com.br\/portal\/wp-json\/wp\/v2\/media\/26777"}],"wp:attachment":[{"href":"https:\/\/verdadeon.com.br\/portal\/wp-json\/wp\/v2\/media?parent=26775"}],"wp:term":[{"taxonomy":"category","embeddable":true,"href":"https:\/\/verdadeon.com.br\/portal\/wp-json\/wp\/v2\/categories?post=26775"},{"taxonomy":"post_tag","embeddable":true,"href":"https:\/\/verdadeon.com.br\/portal\/wp-json\/wp\/v2\/tags?post=26775"}],"curies":[{"name":"wp","href":"https:\/\/api.w.org\/{rel}","templated":true}]}}