{"id":26758,"date":"2022-07-26T17:36:53","date_gmt":"2022-07-26T20:36:53","guid":{"rendered":"https:\/\/verdadeon.com.br\/portal\/?p=26758"},"modified":"2022-07-26T17:36:53","modified_gmt":"2022-07-26T20:36:53","slug":"campanha-de-combate-a-golpes-contra-idosos-e-aprovada-na-camara","status":"publish","type":"post","link":"https:\/\/verdadeon.com.br\/portal\/2022\/07\/26\/campanha-de-combate-a-golpes-contra-idosos-e-aprovada-na-camara\/","title":{"rendered":"Campanha de combate a golpes contra idosos \u00e9 aprovada na C\u00e2mara"},"content":{"rendered":"<h2>Texto segue agora para ser sancionado pela Prefeitura, campanha entra no Calend\u00e1rio do Munic\u00edpio<\/h2>\n<p>A C\u00e2mara Municipal de Franca aprovou o projeto de lei que cria a \u201cCampanha de Combate aos Golpes Financeiros Praticados contra Idosos\u201d, o texto \u00e9 de autoria dos vereadores Donizete da Farm\u00e1cia (MDB) e Marcelo Tidy (Uni\u00e3o).<\/p>\n<p>A Campanha destina-se ao desenvolvimento de a\u00e7\u00f5es educativas, com o objetivo de proteger as v\u00edtimas e encorajar a sociedade a participar do enfrentamento, al\u00e9m de prestar aux\u00edlio e aten\u00e7\u00e3o as movimenta\u00e7\u00f5es financeiras praticadas por idosos, priorizando a preven\u00e7\u00e3o, repress\u00e3o, prote\u00e7\u00e3o e aux\u00edlio \u00e0s v\u00edtimas de golpes financeiros.<\/p>\n<p>\u201c\u00c9 do conhecimento de todos que os idosos s\u00e3o as maiores v\u00edtimas de estelionato, sofrendo os mais diversos golpes financeiros, como as abordagens nas proximidades de caixas eletr\u00f4nicos, ou golpe conhecido como &#8220;bilhete premiado&#8221;, al\u00e9m de empr\u00e9stimos com desconto direto na fonte sem o devido consentimento. Com o isolamento social imposto pela pandemia da Covid-19, a situa\u00e7\u00e3o se tornou mais cr\u00edtica e esse p\u00fablico precisa da nossa prote\u00e7\u00e3o atual. Tem sido comum o registro de golpes contra os idosos, em geral, praticados at\u00e9 mesmo dentro da pr\u00f3pria fam\u00edlia. S\u00e3o golpes como a apropria\u00e7\u00e3o ind\u00e9bita de recursos financeiros ou bens, administra\u00e7\u00e3o fraudulenta de cart\u00e3o de benef\u00edcios previdenci\u00e1rios, contrata\u00e7\u00e3o de empr\u00e9stimos financeiros sem o conhecimento do pr\u00f3prio idoso, enfim, uma s\u00e9rie de pr\u00e1ticas que prejudicam muito a vida dessas pessoas\u201d, justificaram os parlamentares.<\/p>\n<h4>Parque dos trabalhadores<\/h4>\n<p>Entre os requerimentos que foram aprovados na sess\u00e3o da c\u00e2mara, est\u00e1 o que pede informa\u00e7\u00f5es sobre uma poss\u00edvel incorpora\u00e7\u00e3o do Parque dos Trabalhadores ao Parque Fernando Costa, na zona norte da cidade.<\/p>\n<p>Marcelo Tidy pede que sejam realizados estudos a fim de ser possibilitada a incorpora\u00e7\u00e3o da \u00e1rea p\u00fablica composta pelo Parque dos Trabalhadores \u00e0 \u00e1rea pertencente ao Parque de Exposi\u00e7\u00f5es Fernando Costa.<\/p>\n<p>\u201cUma \u00e1rea pertence ao Munic\u00edpio de Franca e a outra pertence ao Estado e existe uma concess\u00e3o do Estado ao Munic\u00edpio no caso do Parque Fernando Costa e o que separa ali \u00e9 um muro, e a responsabilidade de cuidar \u00e9 do Munic\u00edpio, e o que acontece \u00e9 que o Parque dos Trabalhadores \u00e9 um lugar muito bonito e de uma natureza rica, e parte da popula\u00e7\u00e3o n\u00e3o conhece por n\u00e3o ter os equipamentos para a pr\u00e1tica de esportes e caminhada, estive l\u00e1 e infelizmente precisa de uma aten\u00e7\u00e3o melhor\u201d, justificou.<\/p>\n","protected":false},"excerpt":{"rendered":"<p>Texto segue agora para ser sancionado pela Prefeitura, campanha entra no Calend\u00e1rio do Munic\u00edpio A C\u00e2mara Municipal de Franca aprovou o projeto de lei que cria<span class=\"excerpt-hellip\"> [\u2026]<\/span><\/p>\n","protected":false},"author":7,"featured_media":23498,"comment_status":"open","ping_status":"open","sticky":false,"template":"","format":"standard","meta":{"_jetpack_memberships_contains_paid_content":false,"footnotes":"","jetpack_publicize_message":"","jetpack_publicize_feature_enabled":true,"jetpack_social_post_already_shared":false,"jetpack_social_options":{"image_generator_settings":{"template":"highway","default_image_id":0,"enabled":false},"version":2}},"categories":[28,81],"tags":[],"class_list":["post-26758","post","type-post","status-publish","format-standard","has-post-thumbnail","hentry","category-cotidiano","category-manchete"],"yoast_head":"<!-- This site is optimized with the Yoast SEO plugin v25.6 - https:\/\/yoast.com\/wordpress\/plugins\/seo\/ -->\n<title>Campanha de combate a golpes contra idosos \u00e9 aprovada na C\u00e2mara - VerdadeOn<\/title>\n<meta name=\"robots\" content=\"index, follow, max-snippet:-1, max-image-preview:large, max-video-preview:-1\" \/>\n<link rel=\"canonical\" href=\"https:\/\/verdadeon.com.br\/portal\/2022\/07\/26\/campanha-de-combate-a-golpes-contra-idosos-e-aprovada-na-camara\/\" \/>\n<meta property=\"og:locale\" content=\"pt_BR\" \/>\n<meta property=\"og:type\" content=\"article\" \/>\n<meta property=\"og:title\" content=\"Campanha de combate a golpes contra idosos \u00e9 aprovada na C\u00e2mara - VerdadeOn\" \/>\n<meta property=\"og:description\" content=\"Texto segue agora para ser sancionado pela Prefeitura, campanha entra no Calend\u00e1rio do Munic\u00edpio A C\u00e2mara Municipal de Franca aprovou o projeto de lei que cria [\u2026]\" \/>\n<meta property=\"og:url\" content=\"https:\/\/verdadeon.com.br\/portal\/2022\/07\/26\/campanha-de-combate-a-golpes-contra-idosos-e-aprovada-na-camara\/\" \/>\n<meta property=\"og:site_name\" content=\"VerdadeOn\" \/>\n<meta property=\"article:published_time\" content=\"2022-07-26T20:36:53+00:00\" \/>\n<meta property=\"og:image\" content=\"https:\/\/verdadeon.com.br\/portal\/wp-content\/uploads\/2022\/03\/WhatsApp-Image-2022-03-04-at-14.51.13-e1646483581632.jpeg\" \/>\n\t<meta property=\"og:image:width\" content=\"1001\" \/>\n\t<meta property=\"og:image:height\" content=\"668\" \/>\n\t<meta property=\"og:image:type\" content=\"image\/jpeg\" \/>\n<meta name=\"author\" content=\"Fernando Lima\" \/>\n<meta name=\"twitter:card\" content=\"summary_large_image\" \/>\n<meta name=\"twitter:label1\" content=\"Escrito por\" \/>\n\t<meta name=\"twitter:data1\" content=\"Fernando Lima\" \/>\n\t<meta name=\"twitter:label2\" content=\"Est. tempo de leitura\" \/>\n\t<meta name=\"twitter:data2\" content=\"3 minutos\" \/>\n<script type=\"application\/ld+json\" class=\"yoast-schema-graph\">{\"@context\":\"https:\/\/schema.org\",\"@graph\":[{\"@type\":\"WebPage\",\"@id\":\"https:\/\/verdadeon.com.br\/portal\/2022\/07\/26\/campanha-de-combate-a-golpes-contra-idosos-e-aprovada-na-camara\/\",\"url\":\"https:\/\/verdadeon.com.br\/portal\/2022\/07\/26\/campanha-de-combate-a-golpes-contra-idosos-e-aprovada-na-camara\/\",\"name\":\"Campanha de combate a golpes contra idosos \u00e9 aprovada na C\u00e2mara - VerdadeOn\",\"isPartOf\":{\"@id\":\"https:\/\/verdadeon.com.br\/portal\/#website\"},\"primaryImageOfPage\":{\"@id\":\"https:\/\/verdadeon.com.br\/portal\/2022\/07\/26\/campanha-de-combate-a-golpes-contra-idosos-e-aprovada-na-camara\/#primaryimage\"},\"image\":{\"@id\":\"https:\/\/verdadeon.com.br\/portal\/2022\/07\/26\/campanha-de-combate-a-golpes-contra-idosos-e-aprovada-na-camara\/#primaryimage\"},\"thumbnailUrl\":\"https:\/\/i0.wp.com\/verdadeon.com.br\/portal\/wp-content\/uploads\/2022\/03\/WhatsApp-Image-2022-03-04-at-14.51.13-e1646483581632.jpeg?fit=1001%2C668&ssl=1\",\"datePublished\":\"2022-07-26T20:36:53+00:00\",\"author\":{\"@id\":\"https:\/\/verdadeon.com.br\/portal\/#\/schema\/person\/cc32be22b8e8599387c480bc83e1d11a\"},\"breadcrumb\":{\"@id\":\"https:\/\/verdadeon.com.br\/portal\/2022\/07\/26\/campanha-de-combate-a-golpes-contra-idosos-e-aprovada-na-camara\/#breadcrumb\"},\"inLanguage\":\"pt-BR\",\"potentialAction\":[{\"@type\":\"ReadAction\",\"target\":[\"https:\/\/verdadeon.com.br\/portal\/2022\/07\/26\/campanha-de-combate-a-golpes-contra-idosos-e-aprovada-na-camara\/\"]}]},{\"@type\":\"ImageObject\",\"inLanguage\":\"pt-BR\",\"@id\":\"https:\/\/verdadeon.com.br\/portal\/2022\/07\/26\/campanha-de-combate-a-golpes-contra-idosos-e-aprovada-na-camara\/#primaryimage\",\"url\":\"https:\/\/i0.wp.com\/verdadeon.com.br\/portal\/wp-content\/uploads\/2022\/03\/WhatsApp-Image-2022-03-04-at-14.51.13-e1646483581632.jpeg?fit=1001%2C668&ssl=1\",\"contentUrl\":\"https:\/\/i0.wp.com\/verdadeon.com.br\/portal\/wp-content\/uploads\/2022\/03\/WhatsApp-Image-2022-03-04-at-14.51.13-e1646483581632.jpeg?fit=1001%2C668&ssl=1\",\"width\":1001,\"height\":668,\"caption\":\"Foram debatidos e votados os temas que passaram por an\u00e1lise das comiss\u00f5es da Casa de Leis e ou propostas inclu\u00eddas em regime de urg\u00eancia | Foto: C\u00e2mara Municipal\"},{\"@type\":\"BreadcrumbList\",\"@id\":\"https:\/\/verdadeon.com.br\/portal\/2022\/07\/26\/campanha-de-combate-a-golpes-contra-idosos-e-aprovada-na-camara\/#breadcrumb\",\"itemListElement\":[{\"@type\":\"ListItem\",\"position\":1,\"name\":\"In\u00edcio\",\"item\":\"https:\/\/verdadeon.com.br\/portal\/\"},{\"@type\":\"ListItem\",\"position\":2,\"name\":\"Campanha de combate a golpes contra idosos \u00e9 aprovada na C\u00e2mara\"}]},{\"@type\":\"WebSite\",\"@id\":\"https:\/\/verdadeon.com.br\/portal\/#website\",\"url\":\"https:\/\/verdadeon.com.br\/portal\/\",\"name\":\"VerdadeOn\",\"description\":\"Not\u00edcias di\u00e1rias sobre Franca, Regi\u00e3o, Esporte, Cultura, Cotidiano, Colunas. Cobertura nos principais eventos da cidade \u00e9 aqui - Verdadeon Franca\",\"potentialAction\":[{\"@type\":\"SearchAction\",\"target\":{\"@type\":\"EntryPoint\",\"urlTemplate\":\"https:\/\/verdadeon.com.br\/portal\/?s={search_term_string}\"},\"query-input\":{\"@type\":\"PropertyValueSpecification\",\"valueRequired\":true,\"valueName\":\"search_term_string\"}}],\"inLanguage\":\"pt-BR\"},{\"@type\":\"Person\",\"@id\":\"https:\/\/verdadeon.com.br\/portal\/#\/schema\/person\/cc32be22b8e8599387c480bc83e1d11a\",\"name\":\"Fernando Lima\",\"image\":{\"@type\":\"ImageObject\",\"inLanguage\":\"pt-BR\",\"@id\":\"https:\/\/verdadeon.com.br\/portal\/#\/schema\/person\/image\/\",\"url\":\"https:\/\/secure.gravatar.com\/avatar\/df4c8e132080d2b3a4841d5d232045464e0eed11a1d6e43115ca0843d48768d3?s=96&d=mm&r=g\",\"contentUrl\":\"https:\/\/secure.gravatar.com\/avatar\/df4c8e132080d2b3a4841d5d232045464e0eed11a1d6e43115ca0843d48768d3?s=96&d=mm&r=g\",\"caption\":\"Fernando Lima\"},\"sameAs\":[\"http:\/\/verdadeon.com.br\/\"],\"url\":\"https:\/\/verdadeon.com.br\/portal\/author\/fernando-lima\/\"}]}<\/script>\n<!-- \/ Yoast SEO plugin. -->","yoast_head_json":{"title":"Campanha de combate a golpes contra idosos \u00e9 aprovada na C\u00e2mara - VerdadeOn","robots":{"index":"index","follow":"follow","max-snippet":"max-snippet:-1","max-image-preview":"max-image-preview:large","max-video-preview":"max-video-preview:-1"},"canonical":"https:\/\/verdadeon.com.br\/portal\/2022\/07\/26\/campanha-de-combate-a-golpes-contra-idosos-e-aprovada-na-camara\/","og_locale":"pt_BR","og_type":"article","og_title":"Campanha de combate a golpes contra idosos \u00e9 aprovada na C\u00e2mara - VerdadeOn","og_description":"Texto segue agora para ser sancionado pela Prefeitura, campanha entra no Calend\u00e1rio do Munic\u00edpio A C\u00e2mara Municipal de Franca aprovou o projeto de lei que cria [\u2026]","og_url":"https:\/\/verdadeon.com.br\/portal\/2022\/07\/26\/campanha-de-combate-a-golpes-contra-idosos-e-aprovada-na-camara\/","og_site_name":"VerdadeOn","article_published_time":"2022-07-26T20:36:53+00:00","og_image":[{"width":1001,"height":668,"url":"https:\/\/verdadeon.com.br\/portal\/wp-content\/uploads\/2022\/03\/WhatsApp-Image-2022-03-04-at-14.51.13-e1646483581632.jpeg","type":"image\/jpeg"}],"author":"Fernando Lima","twitter_card":"summary_large_image","twitter_misc":{"Escrito por":"Fernando Lima","Est. tempo de leitura":"3 minutos"},"schema":{"@context":"https:\/\/schema.org","@graph":[{"@type":"WebPage","@id":"https:\/\/verdadeon.com.br\/portal\/2022\/07\/26\/campanha-de-combate-a-golpes-contra-idosos-e-aprovada-na-camara\/","url":"https:\/\/verdadeon.com.br\/portal\/2022\/07\/26\/campanha-de-combate-a-golpes-contra-idosos-e-aprovada-na-camara\/","name":"Campanha de combate a golpes contra idosos \u00e9 aprovada na C\u00e2mara - VerdadeOn","isPartOf":{"@id":"https:\/\/verdadeon.com.br\/portal\/#website"},"primaryImageOfPage":{"@id":"https:\/\/verdadeon.com.br\/portal\/2022\/07\/26\/campanha-de-combate-a-golpes-contra-idosos-e-aprovada-na-camara\/#primaryimage"},"image":{"@id":"https:\/\/verdadeon.com.br\/portal\/2022\/07\/26\/campanha-de-combate-a-golpes-contra-idosos-e-aprovada-na-camara\/#primaryimage"},"thumbnailUrl":"https:\/\/i0.wp.com\/verdadeon.com.br\/portal\/wp-content\/uploads\/2022\/03\/WhatsApp-Image-2022-03-04-at-14.51.13-e1646483581632.jpeg?fit=1001%2C668&ssl=1","datePublished":"2022-07-26T20:36:53+00:00","author":{"@id":"https:\/\/verdadeon.com.br\/portal\/#\/schema\/person\/cc32be22b8e8599387c480bc83e1d11a"},"breadcrumb":{"@id":"https:\/\/verdadeon.com.br\/portal\/2022\/07\/26\/campanha-de-combate-a-golpes-contra-idosos-e-aprovada-na-camara\/#breadcrumb"},"inLanguage":"pt-BR","potentialAction":[{"@type":"ReadAction","target":["https:\/\/verdadeon.com.br\/portal\/2022\/07\/26\/campanha-de-combate-a-golpes-contra-idosos-e-aprovada-na-camara\/"]}]},{"@type":"ImageObject","inLanguage":"pt-BR","@id":"https:\/\/verdadeon.com.br\/portal\/2022\/07\/26\/campanha-de-combate-a-golpes-contra-idosos-e-aprovada-na-camara\/#primaryimage","url":"https:\/\/i0.wp.com\/verdadeon.com.br\/portal\/wp-content\/uploads\/2022\/03\/WhatsApp-Image-2022-03-04-at-14.51.13-e1646483581632.jpeg?fit=1001%2C668&ssl=1","contentUrl":"https:\/\/i0.wp.com\/verdadeon.com.br\/portal\/wp-content\/uploads\/2022\/03\/WhatsApp-Image-2022-03-04-at-14.51.13-e1646483581632.jpeg?fit=1001%2C668&ssl=1","width":1001,"height":668,"caption":"Foram debatidos e votados os temas que passaram por an\u00e1lise das comiss\u00f5es da Casa de Leis e ou propostas inclu\u00eddas em regime de urg\u00eancia | Foto: C\u00e2mara Municipal"},{"@type":"BreadcrumbList","@id":"https:\/\/verdadeon.com.br\/portal\/2022\/07\/26\/campanha-de-combate-a-golpes-contra-idosos-e-aprovada-na-camara\/#breadcrumb","itemListElement":[{"@type":"ListItem","position":1,"name":"In\u00edcio","item":"https:\/\/verdadeon.com.br\/portal\/"},{"@type":"ListItem","position":2,"name":"Campanha de combate a golpes contra idosos \u00e9 aprovada na C\u00e2mara"}]},{"@type":"WebSite","@id":"https:\/\/verdadeon.com.br\/portal\/#website","url":"https:\/\/verdadeon.com.br\/portal\/","name":"VerdadeOn","description":"Not\u00edcias di\u00e1rias sobre Franca, Regi\u00e3o, Esporte, Cultura, Cotidiano, Colunas. Cobertura nos principais eventos da cidade \u00e9 aqui - Verdadeon Franca","potentialAction":[{"@type":"SearchAction","target":{"@type":"EntryPoint","urlTemplate":"https:\/\/verdadeon.com.br\/portal\/?s={search_term_string}"},"query-input":{"@type":"PropertyValueSpecification","valueRequired":true,"valueName":"search_term_string"}}],"inLanguage":"pt-BR"},{"@type":"Person","@id":"https:\/\/verdadeon.com.br\/portal\/#\/schema\/person\/cc32be22b8e8599387c480bc83e1d11a","name":"Fernando Lima","image":{"@type":"ImageObject","inLanguage":"pt-BR","@id":"https:\/\/verdadeon.com.br\/portal\/#\/schema\/person\/image\/","url":"https:\/\/secure.gravatar.com\/avatar\/df4c8e132080d2b3a4841d5d232045464e0eed11a1d6e43115ca0843d48768d3?s=96&d=mm&r=g","contentUrl":"https:\/\/secure.gravatar.com\/avatar\/df4c8e132080d2b3a4841d5d232045464e0eed11a1d6e43115ca0843d48768d3?s=96&d=mm&r=g","caption":"Fernando Lima"},"sameAs":["http:\/\/verdadeon.com.br\/"],"url":"https:\/\/verdadeon.com.br\/portal\/author\/fernando-lima\/"}]}},"jetpack_publicize_connections":[],"jetpack_featured_media_url":"https:\/\/i0.wp.com\/verdadeon.com.br\/portal\/wp-content\/uploads\/2022\/03\/WhatsApp-Image-2022-03-04-at-14.51.13-e1646483581632.jpeg?fit=1001%2C668&ssl=1","jetpack_sharing_enabled":true,"_links":{"self":[{"href":"https:\/\/verdadeon.com.br\/portal\/wp-json\/wp\/v2\/posts\/26758","targetHints":{"allow":["GET"]}}],"collection":[{"href":"https:\/\/verdadeon.com.br\/portal\/wp-json\/wp\/v2\/posts"}],"about":[{"href":"https:\/\/verdadeon.com.br\/portal\/wp-json\/wp\/v2\/types\/post"}],"author":[{"embeddable":true,"href":"https:\/\/verdadeon.com.br\/portal\/wp-json\/wp\/v2\/users\/7"}],"replies":[{"embeddable":true,"href":"https:\/\/verdadeon.com.br\/portal\/wp-json\/wp\/v2\/comments?post=26758"}],"version-history":[{"count":1,"href":"https:\/\/verdadeon.com.br\/portal\/wp-json\/wp\/v2\/posts\/26758\/revisions"}],"predecessor-version":[{"id":26760,"href":"https:\/\/verdadeon.com.br\/portal\/wp-json\/wp\/v2\/posts\/26758\/revisions\/26760"}],"wp:featuredmedia":[{"embeddable":true,"href":"https:\/\/verdadeon.com.br\/portal\/wp-json\/wp\/v2\/media\/23498"}],"wp:attachment":[{"href":"https:\/\/verdadeon.com.br\/portal\/wp-json\/wp\/v2\/media?parent=26758"}],"wp:term":[{"taxonomy":"category","embeddable":true,"href":"https:\/\/verdadeon.com.br\/portal\/wp-json\/wp\/v2\/categories?post=26758"},{"taxonomy":"post_tag","embeddable":true,"href":"https:\/\/verdadeon.com.br\/portal\/wp-json\/wp\/v2\/tags?post=26758"}],"curies":[{"name":"wp","href":"https:\/\/api.w.org\/{rel}","templated":true}]}}