{"id":26748,"date":"2022-07-26T13:59:53","date_gmt":"2022-07-26T16:59:53","guid":{"rendered":"https:\/\/verdadeon.com.br\/portal\/?p=26748"},"modified":"2022-07-26T15:08:18","modified_gmt":"2022-07-26T18:08:18","slug":"franca-fecha-primeiro-semestre-de-2022-com-explosao-de-furtos-e-roubos","status":"publish","type":"post","link":"https:\/\/verdadeon.com.br\/portal\/2022\/07\/26\/franca-fecha-primeiro-semestre-de-2022-com-explosao-de-furtos-e-roubos\/","title":{"rendered":"Franca fecha primeiro semestre de 2022 com explos\u00e3o de furtos e roubos"},"content":{"rendered":"<h2>Munic\u00edpio registrou m\u00e9dia de 29 furtos por dia em seis meses, fia\u00e7\u00e3o e casas vazias se tornaram principais alvos<\/h2>\n<p>Fernando Lima<\/p>\n<p>Os roubos cresceram 89% e os furtos 33% em Franca nos seis primeiros meses deste ano em compara\u00e7\u00e3o ao mesmo per\u00edodo do ano passado, \u00e9 o que mostra o balan\u00e7o da Secretaria de Seguran\u00e7a P\u00fablica do Estado de S\u00e3o Paulo.<\/p>\n<p>Para se ter uma ideia, a cidade registrou 2.421 furtos em 181 dias, \u00e9 uma m\u00e9dia de 29 registros por dia e mais que um por hora. O m\u00eas de maio foi o campe\u00e3o de casos com 445, na cola veio o m\u00eas anterior, abril com 439. Junho registrou 426, mar\u00e7o 409, enquanto que janeiro e fevereiro registraram 399 e 303 respectivamente.<\/p>\n<p>Em 2021 de janeiro a junho haviam sido registrados 1.810 furtos, s\u00e3o 600 casos a menos em um per\u00edodo de um ano.<\/p>\n<p>Desde o in\u00edcio do ano o Verdade vem acompanhando os \u00edndices da viol\u00eancia na cidade, que sofre uma verdadeira onda de furtos, especialmente de fia\u00e7\u00e3o el\u00e9trica. Nem mesmo postos de sa\u00fade escapam da a\u00e7\u00e3o de criminosos.<\/p>\n<p>Neste m\u00eas a Unidade B\u00e1sica de Sa\u00fade (UBS) do Guanabara teve um dia inteiro de trabalho comprometido por conta da a\u00e7\u00e3o de ladr\u00f5es, que levaram parte da fia\u00e7\u00e3o el\u00e9trica. O posto de sa\u00fade inclusive n\u00e3o conseguiu aplicar vacinas na popula\u00e7\u00e3o por conta do problema. O caso \u00e9 investigado pela Pol\u00edcia Civil.<\/p>\n<p>Na \u00faltima semana n\u00f3s trouxemos os casos de resid\u00eancias desocupadas que s\u00e3o invadidas por ladr\u00f5es que fazem um verdadeiro \u201climpa\u201d no local, levando tudo o que h\u00e1 de valor dentro do im\u00f3vel. A a\u00e7\u00e3o \u00e9 ousada, eles monitoram as casas que est\u00e3o com placas de venda ou de aluguel para cometerem os crimes, que s\u00e3o registrados em todas as regi\u00f5es da cidade. Em um dos casos o propriet\u00e1rio teve preju\u00edzo de R$ 50 mil.<\/p>\n<h4>Roubos<\/h4>\n<p>Seguindo a mesma tend\u00eancias os roubos tamb\u00e9m cresceram em 2022 em Franca, foram 205 este ano contra 108 do mesmo per\u00edodo de 2021, o que representa um aumento de 89%.<\/p>\n<p>Confira os dados da SSP:<\/p>\n<table>\n<tbody>\n<tr>\n<td width=\"189\">Roubos<\/td>\n<td width=\"189\">2022<\/td>\n<td width=\"189\">2021<\/td>\n<\/tr>\n<tr>\n<td width=\"189\">Janeiro<\/td>\n<td width=\"189\">32<\/td>\n<td width=\"189\">12<\/td>\n<\/tr>\n<tr>\n<td width=\"189\">Fevereiro<\/td>\n<td width=\"189\">27<\/td>\n<td width=\"189\">19<\/td>\n<\/tr>\n<tr>\n<td width=\"189\">Mar\u00e7o<\/td>\n<td width=\"189\">36<\/td>\n<td width=\"189\">24<\/td>\n<\/tr>\n<tr>\n<td width=\"189\">Abril<\/td>\n<td width=\"189\">32<\/td>\n<td width=\"189\">17<\/td>\n<\/tr>\n<tr>\n<td width=\"189\">Maio<\/td>\n<td width=\"189\">47<\/td>\n<td width=\"189\">11<\/td>\n<\/tr>\n<tr>\n<td width=\"189\">Junho<\/td>\n<td width=\"189\">31<\/td>\n<td width=\"189\">25<\/td>\n<\/tr>\n<tr>\n<td width=\"189\">Total-<\/td>\n<td width=\"189\">205<\/td>\n<td width=\"189\">108<\/td>\n<\/tr>\n<\/tbody>\n<\/table>\n<p>O Jornal Verdade pediu um posicionamento para a Secretaria de Seguran\u00e7a P\u00fablica, confira a nota na \u00edntegra:<\/p>\n<p>&#8220;Os roubos apresentaram queda de 16,73% em Franca, na compara\u00e7\u00e3o entre o primeiro semestre deste ano com o mesmo per\u00edodo de 2019, ano pr\u00e9-pandemia. O trabalho das for\u00e7as policiais na regi\u00e3o resultou, nos primeiros seis meses de 2022, em 986 pris\u00f5es, 113 ve\u00edculos recuperados e 20 armas de fogo ilegais retiradas das ruas da cidade. O policiamento \u00e9 reorientado constantemente com base na an\u00e1lise dos indicadores criminais. O patrulhamento em Franca tamb\u00e9m foi intensificado por meio da Opera\u00e7\u00e3o Sufoco, que j\u00e1 deteve mais de 9 mil pessoas em todo o Estado. A pasta refor\u00e7a a import\u00e2ncia do registro do BO, pois todos os casos registrados s\u00e3o investigados pela Pol\u00edcia Civil e, com a notifica\u00e7\u00e3o, \u00e9 poss\u00edvel criar novas a\u00e7\u00f5es de combate \u00e0 criminalidade&#8221;.<\/p>\n","protected":false},"excerpt":{"rendered":"<p>Munic\u00edpio registrou m\u00e9dia de 29 furtos por dia em seis meses, fia\u00e7\u00e3o e casas vazias se tornaram principais alvos Fernando Lima Os roubos cresceram 89% e<span class=\"excerpt-hellip\"> [\u2026]<\/span><\/p>\n","protected":false},"author":7,"featured_media":26677,"comment_status":"open","ping_status":"open","sticky":false,"template":"","format":"standard","meta":{"_jetpack_memberships_contains_paid_content":false,"footnotes":"","jetpack_publicize_message":"","jetpack_publicize_feature_enabled":true,"jetpack_social_post_already_shared":false,"jetpack_social_options":{"image_generator_settings":{"template":"highway","default_image_id":0,"enabled":false},"version":2}},"categories":[28,81],"tags":[],"class_list":["post-26748","post","type-post","status-publish","format-standard","has-post-thumbnail","hentry","category-cotidiano","category-manchete"],"yoast_head":"<!-- This site is optimized with the Yoast SEO plugin v25.6 - https:\/\/yoast.com\/wordpress\/plugins\/seo\/ -->\n<title>Franca fecha primeiro semestre de 2022 com explos\u00e3o de furtos e roubos - VerdadeOn<\/title>\n<meta name=\"robots\" content=\"index, follow, max-snippet:-1, max-image-preview:large, max-video-preview:-1\" \/>\n<link rel=\"canonical\" href=\"https:\/\/verdadeon.com.br\/portal\/2022\/07\/26\/franca-fecha-primeiro-semestre-de-2022-com-explosao-de-furtos-e-roubos\/\" \/>\n<meta property=\"og:locale\" content=\"pt_BR\" \/>\n<meta property=\"og:type\" content=\"article\" \/>\n<meta property=\"og:title\" content=\"Franca fecha primeiro semestre de 2022 com explos\u00e3o de furtos e roubos - VerdadeOn\" \/>\n<meta property=\"og:description\" content=\"Munic\u00edpio registrou m\u00e9dia de 29 furtos por dia em seis meses, fia\u00e7\u00e3o e casas vazias se tornaram principais alvos Fernando Lima Os roubos cresceram 89% e [\u2026]\" \/>\n<meta property=\"og:url\" content=\"https:\/\/verdadeon.com.br\/portal\/2022\/07\/26\/franca-fecha-primeiro-semestre-de-2022-com-explosao-de-furtos-e-roubos\/\" \/>\n<meta property=\"og:site_name\" content=\"VerdadeOn\" \/>\n<meta property=\"article:published_time\" content=\"2022-07-26T16:59:53+00:00\" \/>\n<meta property=\"article:modified_time\" content=\"2022-07-26T18:08:18+00:00\" \/>\n<meta property=\"og:image\" content=\"https:\/\/verdadeon.com.br\/portal\/wp-content\/uploads\/2022\/07\/FURTOS-PRONTO-2-e1658521504971.png\" \/>\n\t<meta property=\"og:image:width\" content=\"1000\" \/>\n\t<meta property=\"og:image:height\" content=\"669\" \/>\n\t<meta property=\"og:image:type\" content=\"image\/png\" \/>\n<meta name=\"author\" content=\"Fernando Lima\" \/>\n<meta name=\"twitter:card\" content=\"summary_large_image\" \/>\n<meta name=\"twitter:label1\" content=\"Escrito por\" \/>\n\t<meta name=\"twitter:data1\" content=\"Fernando Lima\" \/>\n\t<meta name=\"twitter:label2\" content=\"Est. tempo de leitura\" \/>\n\t<meta name=\"twitter:data2\" content=\"3 minutos\" \/>\n<script type=\"application\/ld+json\" class=\"yoast-schema-graph\">{\"@context\":\"https:\/\/schema.org\",\"@graph\":[{\"@type\":\"WebPage\",\"@id\":\"https:\/\/verdadeon.com.br\/portal\/2022\/07\/26\/franca-fecha-primeiro-semestre-de-2022-com-explosao-de-furtos-e-roubos\/\",\"url\":\"https:\/\/verdadeon.com.br\/portal\/2022\/07\/26\/franca-fecha-primeiro-semestre-de-2022-com-explosao-de-furtos-e-roubos\/\",\"name\":\"Franca fecha primeiro semestre de 2022 com explos\u00e3o de furtos e roubos - VerdadeOn\",\"isPartOf\":{\"@id\":\"https:\/\/verdadeon.com.br\/portal\/#website\"},\"primaryImageOfPage\":{\"@id\":\"https:\/\/verdadeon.com.br\/portal\/2022\/07\/26\/franca-fecha-primeiro-semestre-de-2022-com-explosao-de-furtos-e-roubos\/#primaryimage\"},\"image\":{\"@id\":\"https:\/\/verdadeon.com.br\/portal\/2022\/07\/26\/franca-fecha-primeiro-semestre-de-2022-com-explosao-de-furtos-e-roubos\/#primaryimage\"},\"thumbnailUrl\":\"https:\/\/i0.wp.com\/verdadeon.com.br\/portal\/wp-content\/uploads\/2022\/07\/FURTOS-PRONTO-2-e1658521504971.png?fit=1000%2C669&ssl=1\",\"datePublished\":\"2022-07-26T16:59:53+00:00\",\"dateModified\":\"2022-07-26T18:08:18+00:00\",\"author\":{\"@id\":\"https:\/\/verdadeon.com.br\/portal\/#\/schema\/person\/cc32be22b8e8599387c480bc83e1d11a\"},\"breadcrumb\":{\"@id\":\"https:\/\/verdadeon.com.br\/portal\/2022\/07\/26\/franca-fecha-primeiro-semestre-de-2022-com-explosao-de-furtos-e-roubos\/#breadcrumb\"},\"inLanguage\":\"pt-BR\",\"potentialAction\":[{\"@type\":\"ReadAction\",\"target\":[\"https:\/\/verdadeon.com.br\/portal\/2022\/07\/26\/franca-fecha-primeiro-semestre-de-2022-com-explosao-de-furtos-e-roubos\/\"]}]},{\"@type\":\"ImageObject\",\"inLanguage\":\"pt-BR\",\"@id\":\"https:\/\/verdadeon.com.br\/portal\/2022\/07\/26\/franca-fecha-primeiro-semestre-de-2022-com-explosao-de-furtos-e-roubos\/#primaryimage\",\"url\":\"https:\/\/i0.wp.com\/verdadeon.com.br\/portal\/wp-content\/uploads\/2022\/07\/FURTOS-PRONTO-2-e1658521504971.png?fit=1000%2C669&ssl=1\",\"contentUrl\":\"https:\/\/i0.wp.com\/verdadeon.com.br\/portal\/wp-content\/uploads\/2022\/07\/FURTOS-PRONTO-2-e1658521504971.png?fit=1000%2C669&ssl=1\",\"width\":1000,\"height\":669,\"caption\":\"C\u00e2mera de seguran\u00e7a flagrou a\u00e7\u00e3o de criminoso em resid\u00eancia de Franca. Casos se tornaram dor de cabe\u00e7a para propriet\u00e1rios de im\u00f3veis, que acumulam preju\u00edzos | Foto: Divulga\u00e7\u00e3o ABIFRAN\"},{\"@type\":\"BreadcrumbList\",\"@id\":\"https:\/\/verdadeon.com.br\/portal\/2022\/07\/26\/franca-fecha-primeiro-semestre-de-2022-com-explosao-de-furtos-e-roubos\/#breadcrumb\",\"itemListElement\":[{\"@type\":\"ListItem\",\"position\":1,\"name\":\"In\u00edcio\",\"item\":\"https:\/\/verdadeon.com.br\/portal\/\"},{\"@type\":\"ListItem\",\"position\":2,\"name\":\"Franca fecha primeiro semestre de 2022 com explos\u00e3o de furtos e roubos\"}]},{\"@type\":\"WebSite\",\"@id\":\"https:\/\/verdadeon.com.br\/portal\/#website\",\"url\":\"https:\/\/verdadeon.com.br\/portal\/\",\"name\":\"VerdadeOn\",\"description\":\"Not\u00edcias di\u00e1rias sobre Franca, Regi\u00e3o, Esporte, Cultura, Cotidiano, Colunas. Cobertura nos principais eventos da cidade \u00e9 aqui - Verdadeon Franca\",\"potentialAction\":[{\"@type\":\"SearchAction\",\"target\":{\"@type\":\"EntryPoint\",\"urlTemplate\":\"https:\/\/verdadeon.com.br\/portal\/?s={search_term_string}\"},\"query-input\":{\"@type\":\"PropertyValueSpecification\",\"valueRequired\":true,\"valueName\":\"search_term_string\"}}],\"inLanguage\":\"pt-BR\"},{\"@type\":\"Person\",\"@id\":\"https:\/\/verdadeon.com.br\/portal\/#\/schema\/person\/cc32be22b8e8599387c480bc83e1d11a\",\"name\":\"Fernando Lima\",\"image\":{\"@type\":\"ImageObject\",\"inLanguage\":\"pt-BR\",\"@id\":\"https:\/\/verdadeon.com.br\/portal\/#\/schema\/person\/image\/\",\"url\":\"https:\/\/secure.gravatar.com\/avatar\/df4c8e132080d2b3a4841d5d232045464e0eed11a1d6e43115ca0843d48768d3?s=96&d=mm&r=g\",\"contentUrl\":\"https:\/\/secure.gravatar.com\/avatar\/df4c8e132080d2b3a4841d5d232045464e0eed11a1d6e43115ca0843d48768d3?s=96&d=mm&r=g\",\"caption\":\"Fernando Lima\"},\"sameAs\":[\"http:\/\/verdadeon.com.br\/\"],\"url\":\"https:\/\/verdadeon.com.br\/portal\/author\/fernando-lima\/\"}]}<\/script>\n<!-- \/ Yoast SEO plugin. -->","yoast_head_json":{"title":"Franca fecha primeiro semestre de 2022 com explos\u00e3o de furtos e roubos - VerdadeOn","robots":{"index":"index","follow":"follow","max-snippet":"max-snippet:-1","max-image-preview":"max-image-preview:large","max-video-preview":"max-video-preview:-1"},"canonical":"https:\/\/verdadeon.com.br\/portal\/2022\/07\/26\/franca-fecha-primeiro-semestre-de-2022-com-explosao-de-furtos-e-roubos\/","og_locale":"pt_BR","og_type":"article","og_title":"Franca fecha primeiro semestre de 2022 com explos\u00e3o de furtos e roubos - VerdadeOn","og_description":"Munic\u00edpio registrou m\u00e9dia de 29 furtos por dia em seis meses, fia\u00e7\u00e3o e casas vazias se tornaram principais alvos Fernando Lima Os roubos cresceram 89% e [\u2026]","og_url":"https:\/\/verdadeon.com.br\/portal\/2022\/07\/26\/franca-fecha-primeiro-semestre-de-2022-com-explosao-de-furtos-e-roubos\/","og_site_name":"VerdadeOn","article_published_time":"2022-07-26T16:59:53+00:00","article_modified_time":"2022-07-26T18:08:18+00:00","og_image":[{"width":1000,"height":669,"url":"https:\/\/verdadeon.com.br\/portal\/wp-content\/uploads\/2022\/07\/FURTOS-PRONTO-2-e1658521504971.png","type":"image\/png"}],"author":"Fernando Lima","twitter_card":"summary_large_image","twitter_misc":{"Escrito por":"Fernando Lima","Est. tempo de leitura":"3 minutos"},"schema":{"@context":"https:\/\/schema.org","@graph":[{"@type":"WebPage","@id":"https:\/\/verdadeon.com.br\/portal\/2022\/07\/26\/franca-fecha-primeiro-semestre-de-2022-com-explosao-de-furtos-e-roubos\/","url":"https:\/\/verdadeon.com.br\/portal\/2022\/07\/26\/franca-fecha-primeiro-semestre-de-2022-com-explosao-de-furtos-e-roubos\/","name":"Franca fecha primeiro semestre de 2022 com explos\u00e3o de furtos e roubos - VerdadeOn","isPartOf":{"@id":"https:\/\/verdadeon.com.br\/portal\/#website"},"primaryImageOfPage":{"@id":"https:\/\/verdadeon.com.br\/portal\/2022\/07\/26\/franca-fecha-primeiro-semestre-de-2022-com-explosao-de-furtos-e-roubos\/#primaryimage"},"image":{"@id":"https:\/\/verdadeon.com.br\/portal\/2022\/07\/26\/franca-fecha-primeiro-semestre-de-2022-com-explosao-de-furtos-e-roubos\/#primaryimage"},"thumbnailUrl":"https:\/\/i0.wp.com\/verdadeon.com.br\/portal\/wp-content\/uploads\/2022\/07\/FURTOS-PRONTO-2-e1658521504971.png?fit=1000%2C669&ssl=1","datePublished":"2022-07-26T16:59:53+00:00","dateModified":"2022-07-26T18:08:18+00:00","author":{"@id":"https:\/\/verdadeon.com.br\/portal\/#\/schema\/person\/cc32be22b8e8599387c480bc83e1d11a"},"breadcrumb":{"@id":"https:\/\/verdadeon.com.br\/portal\/2022\/07\/26\/franca-fecha-primeiro-semestre-de-2022-com-explosao-de-furtos-e-roubos\/#breadcrumb"},"inLanguage":"pt-BR","potentialAction":[{"@type":"ReadAction","target":["https:\/\/verdadeon.com.br\/portal\/2022\/07\/26\/franca-fecha-primeiro-semestre-de-2022-com-explosao-de-furtos-e-roubos\/"]}]},{"@type":"ImageObject","inLanguage":"pt-BR","@id":"https:\/\/verdadeon.com.br\/portal\/2022\/07\/26\/franca-fecha-primeiro-semestre-de-2022-com-explosao-de-furtos-e-roubos\/#primaryimage","url":"https:\/\/i0.wp.com\/verdadeon.com.br\/portal\/wp-content\/uploads\/2022\/07\/FURTOS-PRONTO-2-e1658521504971.png?fit=1000%2C669&ssl=1","contentUrl":"https:\/\/i0.wp.com\/verdadeon.com.br\/portal\/wp-content\/uploads\/2022\/07\/FURTOS-PRONTO-2-e1658521504971.png?fit=1000%2C669&ssl=1","width":1000,"height":669,"caption":"C\u00e2mera de seguran\u00e7a flagrou a\u00e7\u00e3o de criminoso em resid\u00eancia de Franca. Casos se tornaram dor de cabe\u00e7a para propriet\u00e1rios de im\u00f3veis, que acumulam preju\u00edzos | Foto: Divulga\u00e7\u00e3o ABIFRAN"},{"@type":"BreadcrumbList","@id":"https:\/\/verdadeon.com.br\/portal\/2022\/07\/26\/franca-fecha-primeiro-semestre-de-2022-com-explosao-de-furtos-e-roubos\/#breadcrumb","itemListElement":[{"@type":"ListItem","position":1,"name":"In\u00edcio","item":"https:\/\/verdadeon.com.br\/portal\/"},{"@type":"ListItem","position":2,"name":"Franca fecha primeiro semestre de 2022 com explos\u00e3o de furtos e roubos"}]},{"@type":"WebSite","@id":"https:\/\/verdadeon.com.br\/portal\/#website","url":"https:\/\/verdadeon.com.br\/portal\/","name":"VerdadeOn","description":"Not\u00edcias di\u00e1rias sobre Franca, Regi\u00e3o, Esporte, Cultura, Cotidiano, Colunas. Cobertura nos principais eventos da cidade \u00e9 aqui - Verdadeon Franca","potentialAction":[{"@type":"SearchAction","target":{"@type":"EntryPoint","urlTemplate":"https:\/\/verdadeon.com.br\/portal\/?s={search_term_string}"},"query-input":{"@type":"PropertyValueSpecification","valueRequired":true,"valueName":"search_term_string"}}],"inLanguage":"pt-BR"},{"@type":"Person","@id":"https:\/\/verdadeon.com.br\/portal\/#\/schema\/person\/cc32be22b8e8599387c480bc83e1d11a","name":"Fernando Lima","image":{"@type":"ImageObject","inLanguage":"pt-BR","@id":"https:\/\/verdadeon.com.br\/portal\/#\/schema\/person\/image\/","url":"https:\/\/secure.gravatar.com\/avatar\/df4c8e132080d2b3a4841d5d232045464e0eed11a1d6e43115ca0843d48768d3?s=96&d=mm&r=g","contentUrl":"https:\/\/secure.gravatar.com\/avatar\/df4c8e132080d2b3a4841d5d232045464e0eed11a1d6e43115ca0843d48768d3?s=96&d=mm&r=g","caption":"Fernando Lima"},"sameAs":["http:\/\/verdadeon.com.br\/"],"url":"https:\/\/verdadeon.com.br\/portal\/author\/fernando-lima\/"}]}},"jetpack_publicize_connections":[],"jetpack_featured_media_url":"https:\/\/i0.wp.com\/verdadeon.com.br\/portal\/wp-content\/uploads\/2022\/07\/FURTOS-PRONTO-2-e1658521504971.png?fit=1000%2C669&ssl=1","jetpack_sharing_enabled":true,"_links":{"self":[{"href":"https:\/\/verdadeon.com.br\/portal\/wp-json\/wp\/v2\/posts\/26748","targetHints":{"allow":["GET"]}}],"collection":[{"href":"https:\/\/verdadeon.com.br\/portal\/wp-json\/wp\/v2\/posts"}],"about":[{"href":"https:\/\/verdadeon.com.br\/portal\/wp-json\/wp\/v2\/types\/post"}],"author":[{"embeddable":true,"href":"https:\/\/verdadeon.com.br\/portal\/wp-json\/wp\/v2\/users\/7"}],"replies":[{"embeddable":true,"href":"https:\/\/verdadeon.com.br\/portal\/wp-json\/wp\/v2\/comments?post=26748"}],"version-history":[{"count":2,"href":"https:\/\/verdadeon.com.br\/portal\/wp-json\/wp\/v2\/posts\/26748\/revisions"}],"predecessor-version":[{"id":26752,"href":"https:\/\/verdadeon.com.br\/portal\/wp-json\/wp\/v2\/posts\/26748\/revisions\/26752"}],"wp:featuredmedia":[{"embeddable":true,"href":"https:\/\/verdadeon.com.br\/portal\/wp-json\/wp\/v2\/media\/26677"}],"wp:attachment":[{"href":"https:\/\/verdadeon.com.br\/portal\/wp-json\/wp\/v2\/media?parent=26748"}],"wp:term":[{"taxonomy":"category","embeddable":true,"href":"https:\/\/verdadeon.com.br\/portal\/wp-json\/wp\/v2\/categories?post=26748"},{"taxonomy":"post_tag","embeddable":true,"href":"https:\/\/verdadeon.com.br\/portal\/wp-json\/wp\/v2\/tags?post=26748"}],"curies":[{"name":"wp","href":"https:\/\/api.w.org\/{rel}","templated":true}]}}