{"id":26721,"date":"2022-07-25T15:15:53","date_gmt":"2022-07-25T18:15:53","guid":{"rendered":"https:\/\/verdadeon.com.br\/portal\/?p=26721"},"modified":"2022-07-25T15:18:35","modified_gmt":"2022-07-25T18:18:35","slug":"franca-entra-em-alerta-por-conta-de-baixa-umidade-do-ar","status":"publish","type":"post","link":"https:\/\/verdadeon.com.br\/portal\/2022\/07\/25\/franca-entra-em-alerta-por-conta-de-baixa-umidade-do-ar\/","title":{"rendered":"Franca entra em alerta por conta de baixa umidade do ar"},"content":{"rendered":"<h2>H\u00e1 mais de um m\u00eas munic\u00edpio n\u00e3o tem chuva volumosa capaz de melhorar umidade do ar<\/h2>\n<p>Fernando Lima<\/p>\n<p>O Instituto Nacional de Meteorologia (INMET), colou Franca e regi\u00e3o no \u201cAlerta Amarelo\u201d, por conta da baixa umidade do ar. Segundo o \u00f3rg\u00e3o, a cidade vai registrar essa semana apenas 20% de umidade, o que \u00e9 um p\u00e9ssimo sinal para a sa\u00fade da popula\u00e7\u00e3o.<\/p>\n<p>Ao mesmo tempo apesar de estarmos no inverno, as temperaturas seguem altas, podendo chegar perto dos 30\u00b0 com o decorrer dos dias.<\/p>\n<p>Na segunda-feira (25), a temperatura m\u00ednima ficou em 14\u00b0 e a m\u00e1xima atingiu 28\u00b0, enquanto que a umidade desceu a 30%.<\/p>\n<p>Na ter\u00e7a-feira (26) as temperaturas v\u00e3o variar entre 14\u00b0 e 27\u00b0, mas a umidade cai ainda mais, chegando a apenas 25%. J\u00e1 na quarta-feira (27) as temperaturas ficam mais amenas, variando entre 14\u00b0 e 26\u00b0, a umidade do ar cresce mais um pouco em compara\u00e7\u00e3o ao dia anterior e chega a 30%.<\/p>\n<h4>Queda<\/h4>\n<p>Com o passar da semana a umidade do ar sofre nova queda acendendo o alerta para os problemas respirat\u00f3rios. Na quinta-feira (28), ela fica em 27% em um dia marcado por alta temperaturas, que variam entre 14\u00b0 e 28\u00b0.<\/p>\n<p>Na sexta o menor \u00edndice, apenas 20% de umidade, e a temperatura m\u00e1xima sobe um grau, ficando em 28\u00b0.<\/p>\n<p>De acordo com orienta\u00e7\u00f5es da Organiza\u00e7\u00e3o Mundial da Sa\u00fade (OMS), o \u00edndice adequado de umidade do ar deve ficar entre 50% e 80%. Quando est\u00e1 abaixo de 30%, os riscos \u00e0 sa\u00fade aumentam, causando desconforto f\u00edsico ou mesmo desencadeando doen\u00e7as.<\/p>\n<p>\u201cBeba bastante l\u00edquido, evite desgaste f\u00edsico nas horas mais secas e exposi\u00e7\u00e3o ao sol nas horas mais quentes do dia\u201d, orienta a Defesa Civil de S\u00e3o Paulo.<\/p>\n<h4>Queimadas<\/h4>\n<p>Com o tempo seco uma pr\u00e1tica volta a ser adotada em Franca, a de por fogo em \u00e1reas secas, o que al\u00e9m de crime, prejudica ainda mais a sa\u00fade da popula\u00e7\u00e3o.<\/p>\n<p>No domingo os bombeiros de Franca tiveram trabalho para conter as chamas em uma mata no terreno acima de um shopping, \u00e0s margens da rodovia C\u00e2ndido Portinari pr\u00f3ximo ao acesso da Vila S\u00e3o Sebasti\u00e3o, tamb\u00e9m \u00e9 poss\u00edvel ver uma \u00e1rea que foi queimada.<\/p>\n<p>\u201cAs queimadas emitem gases t\u00f3xicos que prejudicam o meio ambiente e a sa\u00fade humana, causando problemas no sistema respirat\u00f3rio e desordens cardiovasculares. N\u00e3o fa\u00e7a queimada para limpeza de terreno ou para destrui\u00e7\u00e3o de lixo, optando sempre pelo descarte no lugar indicado; n\u00e3o jogue cigarros ou f\u00f3sforos acesos \u00e0s margens de rodovias; a soltura de bal\u00f5es, al\u00e9m de ser crime, pode provocar acidentes a\u00e9reos e inc\u00eandios\u201d, alertou a D.C., destacando ainda que inc\u00eandios florestais podem causar interrup\u00e7\u00e3o no transporte p\u00fablico, na distribui\u00e7\u00e3o de energia el\u00e9trica e nas redes de comunica\u00e7\u00e3o.<\/p>\n","protected":false},"excerpt":{"rendered":"<p>H\u00e1 mais de um m\u00eas munic\u00edpio n\u00e3o tem chuva volumosa capaz de melhorar umidade do ar Fernando Lima O Instituto Nacional de Meteorologia (INMET), colou Franca<span class=\"excerpt-hellip\"> [\u2026]<\/span><\/p>\n","protected":false},"author":7,"featured_media":25042,"comment_status":"open","ping_status":"open","sticky":false,"template":"","format":"standard","meta":{"_jetpack_memberships_contains_paid_content":false,"footnotes":"","jetpack_publicize_message":"","jetpack_publicize_feature_enabled":true,"jetpack_social_post_already_shared":false,"jetpack_social_options":{"image_generator_settings":{"template":"highway","default_image_id":0,"enabled":false},"version":2}},"categories":[28,81],"tags":[],"class_list":["post-26721","post","type-post","status-publish","format-standard","has-post-thumbnail","hentry","category-cotidiano","category-manchete"],"yoast_head":"<!-- This site is optimized with the Yoast SEO plugin v25.6 - https:\/\/yoast.com\/wordpress\/plugins\/seo\/ -->\n<title>Franca entra em alerta por conta de baixa umidade do ar - VerdadeOn<\/title>\n<meta name=\"robots\" content=\"index, follow, max-snippet:-1, max-image-preview:large, max-video-preview:-1\" \/>\n<link rel=\"canonical\" href=\"https:\/\/verdadeon.com.br\/portal\/2022\/07\/25\/franca-entra-em-alerta-por-conta-de-baixa-umidade-do-ar\/\" \/>\n<meta property=\"og:locale\" content=\"pt_BR\" \/>\n<meta property=\"og:type\" content=\"article\" \/>\n<meta property=\"og:title\" content=\"Franca entra em alerta por conta de baixa umidade do ar - VerdadeOn\" \/>\n<meta property=\"og:description\" content=\"H\u00e1 mais de um m\u00eas munic\u00edpio n\u00e3o tem chuva volumosa capaz de melhorar umidade do ar Fernando Lima O Instituto Nacional de Meteorologia (INMET), colou Franca [\u2026]\" \/>\n<meta property=\"og:url\" content=\"https:\/\/verdadeon.com.br\/portal\/2022\/07\/25\/franca-entra-em-alerta-por-conta-de-baixa-umidade-do-ar\/\" \/>\n<meta property=\"og:site_name\" content=\"VerdadeOn\" \/>\n<meta property=\"article:published_time\" content=\"2022-07-25T18:15:53+00:00\" \/>\n<meta property=\"article:modified_time\" content=\"2022-07-25T18:18:35+00:00\" \/>\n<meta property=\"og:image\" content=\"https:\/\/verdadeon.com.br\/portal\/wp-content\/uploads\/2022\/05\/CLIMA-FRANCA-e1658773100166.jpeg\" \/>\n\t<meta property=\"og:image:width\" content=\"1000\" \/>\n\t<meta property=\"og:image:height\" content=\"672\" \/>\n\t<meta property=\"og:image:type\" content=\"image\/jpeg\" \/>\n<meta name=\"author\" content=\"Fernando Lima\" \/>\n<meta name=\"twitter:card\" content=\"summary_large_image\" \/>\n<meta name=\"twitter:label1\" content=\"Escrito por\" \/>\n\t<meta name=\"twitter:data1\" content=\"Fernando Lima\" \/>\n\t<meta name=\"twitter:label2\" content=\"Est. tempo de leitura\" \/>\n\t<meta name=\"twitter:data2\" content=\"3 minutos\" \/>\n<script type=\"application\/ld+json\" class=\"yoast-schema-graph\">{\"@context\":\"https:\/\/schema.org\",\"@graph\":[{\"@type\":\"WebPage\",\"@id\":\"https:\/\/verdadeon.com.br\/portal\/2022\/07\/25\/franca-entra-em-alerta-por-conta-de-baixa-umidade-do-ar\/\",\"url\":\"https:\/\/verdadeon.com.br\/portal\/2022\/07\/25\/franca-entra-em-alerta-por-conta-de-baixa-umidade-do-ar\/\",\"name\":\"Franca entra em alerta por conta de baixa umidade do ar - VerdadeOn\",\"isPartOf\":{\"@id\":\"https:\/\/verdadeon.com.br\/portal\/#website\"},\"primaryImageOfPage\":{\"@id\":\"https:\/\/verdadeon.com.br\/portal\/2022\/07\/25\/franca-entra-em-alerta-por-conta-de-baixa-umidade-do-ar\/#primaryimage\"},\"image\":{\"@id\":\"https:\/\/verdadeon.com.br\/portal\/2022\/07\/25\/franca-entra-em-alerta-por-conta-de-baixa-umidade-do-ar\/#primaryimage\"},\"thumbnailUrl\":\"https:\/\/i0.wp.com\/verdadeon.com.br\/portal\/wp-content\/uploads\/2022\/05\/CLIMA-FRANCA-e1658773100166.jpeg?fit=1000%2C672&ssl=1\",\"datePublished\":\"2022-07-25T18:15:53+00:00\",\"dateModified\":\"2022-07-25T18:18:35+00:00\",\"author\":{\"@id\":\"https:\/\/verdadeon.com.br\/portal\/#\/schema\/person\/cc32be22b8e8599387c480bc83e1d11a\"},\"breadcrumb\":{\"@id\":\"https:\/\/verdadeon.com.br\/portal\/2022\/07\/25\/franca-entra-em-alerta-por-conta-de-baixa-umidade-do-ar\/#breadcrumb\"},\"inLanguage\":\"pt-BR\",\"potentialAction\":[{\"@type\":\"ReadAction\",\"target\":[\"https:\/\/verdadeon.com.br\/portal\/2022\/07\/25\/franca-entra-em-alerta-por-conta-de-baixa-umidade-do-ar\/\"]}]},{\"@type\":\"ImageObject\",\"inLanguage\":\"pt-BR\",\"@id\":\"https:\/\/verdadeon.com.br\/portal\/2022\/07\/25\/franca-entra-em-alerta-por-conta-de-baixa-umidade-do-ar\/#primaryimage\",\"url\":\"https:\/\/i0.wp.com\/verdadeon.com.br\/portal\/wp-content\/uploads\/2022\/05\/CLIMA-FRANCA-e1658773100166.jpeg?fit=1000%2C672&ssl=1\",\"contentUrl\":\"https:\/\/i0.wp.com\/verdadeon.com.br\/portal\/wp-content\/uploads\/2022\/05\/CLIMA-FRANCA-e1658773100166.jpeg?fit=1000%2C672&ssl=1\",\"width\":1000,\"height\":672,\"caption\":\"Nova semana em Franca tem dias de sol e acumulados de chuva, embora baixos (\u00a9Fernando Lima)\"},{\"@type\":\"BreadcrumbList\",\"@id\":\"https:\/\/verdadeon.com.br\/portal\/2022\/07\/25\/franca-entra-em-alerta-por-conta-de-baixa-umidade-do-ar\/#breadcrumb\",\"itemListElement\":[{\"@type\":\"ListItem\",\"position\":1,\"name\":\"In\u00edcio\",\"item\":\"https:\/\/verdadeon.com.br\/portal\/\"},{\"@type\":\"ListItem\",\"position\":2,\"name\":\"Franca entra em alerta por conta de baixa umidade do ar\"}]},{\"@type\":\"WebSite\",\"@id\":\"https:\/\/verdadeon.com.br\/portal\/#website\",\"url\":\"https:\/\/verdadeon.com.br\/portal\/\",\"name\":\"VerdadeOn\",\"description\":\"Not\u00edcias di\u00e1rias sobre Franca, Regi\u00e3o, Esporte, Cultura, Cotidiano, Colunas. Cobertura nos principais eventos da cidade \u00e9 aqui - Verdadeon Franca\",\"potentialAction\":[{\"@type\":\"SearchAction\",\"target\":{\"@type\":\"EntryPoint\",\"urlTemplate\":\"https:\/\/verdadeon.com.br\/portal\/?s={search_term_string}\"},\"query-input\":{\"@type\":\"PropertyValueSpecification\",\"valueRequired\":true,\"valueName\":\"search_term_string\"}}],\"inLanguage\":\"pt-BR\"},{\"@type\":\"Person\",\"@id\":\"https:\/\/verdadeon.com.br\/portal\/#\/schema\/person\/cc32be22b8e8599387c480bc83e1d11a\",\"name\":\"Fernando Lima\",\"image\":{\"@type\":\"ImageObject\",\"inLanguage\":\"pt-BR\",\"@id\":\"https:\/\/verdadeon.com.br\/portal\/#\/schema\/person\/image\/\",\"url\":\"https:\/\/secure.gravatar.com\/avatar\/df4c8e132080d2b3a4841d5d232045464e0eed11a1d6e43115ca0843d48768d3?s=96&d=mm&r=g\",\"contentUrl\":\"https:\/\/secure.gravatar.com\/avatar\/df4c8e132080d2b3a4841d5d232045464e0eed11a1d6e43115ca0843d48768d3?s=96&d=mm&r=g\",\"caption\":\"Fernando Lima\"},\"sameAs\":[\"http:\/\/verdadeon.com.br\/\"],\"url\":\"https:\/\/verdadeon.com.br\/portal\/author\/fernando-lima\/\"}]}<\/script>\n<!-- \/ Yoast SEO plugin. -->","yoast_head_json":{"title":"Franca entra em alerta por conta de baixa umidade do ar - VerdadeOn","robots":{"index":"index","follow":"follow","max-snippet":"max-snippet:-1","max-image-preview":"max-image-preview:large","max-video-preview":"max-video-preview:-1"},"canonical":"https:\/\/verdadeon.com.br\/portal\/2022\/07\/25\/franca-entra-em-alerta-por-conta-de-baixa-umidade-do-ar\/","og_locale":"pt_BR","og_type":"article","og_title":"Franca entra em alerta por conta de baixa umidade do ar - VerdadeOn","og_description":"H\u00e1 mais de um m\u00eas munic\u00edpio n\u00e3o tem chuva volumosa capaz de melhorar umidade do ar Fernando Lima O Instituto Nacional de Meteorologia (INMET), colou Franca [\u2026]","og_url":"https:\/\/verdadeon.com.br\/portal\/2022\/07\/25\/franca-entra-em-alerta-por-conta-de-baixa-umidade-do-ar\/","og_site_name":"VerdadeOn","article_published_time":"2022-07-25T18:15:53+00:00","article_modified_time":"2022-07-25T18:18:35+00:00","og_image":[{"width":1000,"height":672,"url":"https:\/\/verdadeon.com.br\/portal\/wp-content\/uploads\/2022\/05\/CLIMA-FRANCA-e1658773100166.jpeg","type":"image\/jpeg"}],"author":"Fernando Lima","twitter_card":"summary_large_image","twitter_misc":{"Escrito por":"Fernando Lima","Est. tempo de leitura":"3 minutos"},"schema":{"@context":"https:\/\/schema.org","@graph":[{"@type":"WebPage","@id":"https:\/\/verdadeon.com.br\/portal\/2022\/07\/25\/franca-entra-em-alerta-por-conta-de-baixa-umidade-do-ar\/","url":"https:\/\/verdadeon.com.br\/portal\/2022\/07\/25\/franca-entra-em-alerta-por-conta-de-baixa-umidade-do-ar\/","name":"Franca entra em alerta por conta de baixa umidade do ar - VerdadeOn","isPartOf":{"@id":"https:\/\/verdadeon.com.br\/portal\/#website"},"primaryImageOfPage":{"@id":"https:\/\/verdadeon.com.br\/portal\/2022\/07\/25\/franca-entra-em-alerta-por-conta-de-baixa-umidade-do-ar\/#primaryimage"},"image":{"@id":"https:\/\/verdadeon.com.br\/portal\/2022\/07\/25\/franca-entra-em-alerta-por-conta-de-baixa-umidade-do-ar\/#primaryimage"},"thumbnailUrl":"https:\/\/i0.wp.com\/verdadeon.com.br\/portal\/wp-content\/uploads\/2022\/05\/CLIMA-FRANCA-e1658773100166.jpeg?fit=1000%2C672&ssl=1","datePublished":"2022-07-25T18:15:53+00:00","dateModified":"2022-07-25T18:18:35+00:00","author":{"@id":"https:\/\/verdadeon.com.br\/portal\/#\/schema\/person\/cc32be22b8e8599387c480bc83e1d11a"},"breadcrumb":{"@id":"https:\/\/verdadeon.com.br\/portal\/2022\/07\/25\/franca-entra-em-alerta-por-conta-de-baixa-umidade-do-ar\/#breadcrumb"},"inLanguage":"pt-BR","potentialAction":[{"@type":"ReadAction","target":["https:\/\/verdadeon.com.br\/portal\/2022\/07\/25\/franca-entra-em-alerta-por-conta-de-baixa-umidade-do-ar\/"]}]},{"@type":"ImageObject","inLanguage":"pt-BR","@id":"https:\/\/verdadeon.com.br\/portal\/2022\/07\/25\/franca-entra-em-alerta-por-conta-de-baixa-umidade-do-ar\/#primaryimage","url":"https:\/\/i0.wp.com\/verdadeon.com.br\/portal\/wp-content\/uploads\/2022\/05\/CLIMA-FRANCA-e1658773100166.jpeg?fit=1000%2C672&ssl=1","contentUrl":"https:\/\/i0.wp.com\/verdadeon.com.br\/portal\/wp-content\/uploads\/2022\/05\/CLIMA-FRANCA-e1658773100166.jpeg?fit=1000%2C672&ssl=1","width":1000,"height":672,"caption":"Nova semana em Franca tem dias de sol e acumulados de chuva, embora baixos (\u00a9Fernando Lima)"},{"@type":"BreadcrumbList","@id":"https:\/\/verdadeon.com.br\/portal\/2022\/07\/25\/franca-entra-em-alerta-por-conta-de-baixa-umidade-do-ar\/#breadcrumb","itemListElement":[{"@type":"ListItem","position":1,"name":"In\u00edcio","item":"https:\/\/verdadeon.com.br\/portal\/"},{"@type":"ListItem","position":2,"name":"Franca entra em alerta por conta de baixa umidade do ar"}]},{"@type":"WebSite","@id":"https:\/\/verdadeon.com.br\/portal\/#website","url":"https:\/\/verdadeon.com.br\/portal\/","name":"VerdadeOn","description":"Not\u00edcias di\u00e1rias sobre Franca, Regi\u00e3o, Esporte, Cultura, Cotidiano, Colunas. Cobertura nos principais eventos da cidade \u00e9 aqui - Verdadeon Franca","potentialAction":[{"@type":"SearchAction","target":{"@type":"EntryPoint","urlTemplate":"https:\/\/verdadeon.com.br\/portal\/?s={search_term_string}"},"query-input":{"@type":"PropertyValueSpecification","valueRequired":true,"valueName":"search_term_string"}}],"inLanguage":"pt-BR"},{"@type":"Person","@id":"https:\/\/verdadeon.com.br\/portal\/#\/schema\/person\/cc32be22b8e8599387c480bc83e1d11a","name":"Fernando Lima","image":{"@type":"ImageObject","inLanguage":"pt-BR","@id":"https:\/\/verdadeon.com.br\/portal\/#\/schema\/person\/image\/","url":"https:\/\/secure.gravatar.com\/avatar\/df4c8e132080d2b3a4841d5d232045464e0eed11a1d6e43115ca0843d48768d3?s=96&d=mm&r=g","contentUrl":"https:\/\/secure.gravatar.com\/avatar\/df4c8e132080d2b3a4841d5d232045464e0eed11a1d6e43115ca0843d48768d3?s=96&d=mm&r=g","caption":"Fernando Lima"},"sameAs":["http:\/\/verdadeon.com.br\/"],"url":"https:\/\/verdadeon.com.br\/portal\/author\/fernando-lima\/"}]}},"jetpack_publicize_connections":[],"jetpack_featured_media_url":"https:\/\/i0.wp.com\/verdadeon.com.br\/portal\/wp-content\/uploads\/2022\/05\/CLIMA-FRANCA-e1658773100166.jpeg?fit=1000%2C672&ssl=1","jetpack_sharing_enabled":true,"_links":{"self":[{"href":"https:\/\/verdadeon.com.br\/portal\/wp-json\/wp\/v2\/posts\/26721","targetHints":{"allow":["GET"]}}],"collection":[{"href":"https:\/\/verdadeon.com.br\/portal\/wp-json\/wp\/v2\/posts"}],"about":[{"href":"https:\/\/verdadeon.com.br\/portal\/wp-json\/wp\/v2\/types\/post"}],"author":[{"embeddable":true,"href":"https:\/\/verdadeon.com.br\/portal\/wp-json\/wp\/v2\/users\/7"}],"replies":[{"embeddable":true,"href":"https:\/\/verdadeon.com.br\/portal\/wp-json\/wp\/v2\/comments?post=26721"}],"version-history":[{"count":1,"href":"https:\/\/verdadeon.com.br\/portal\/wp-json\/wp\/v2\/posts\/26721\/revisions"}],"predecessor-version":[{"id":26722,"href":"https:\/\/verdadeon.com.br\/portal\/wp-json\/wp\/v2\/posts\/26721\/revisions\/26722"}],"wp:featuredmedia":[{"embeddable":true,"href":"https:\/\/verdadeon.com.br\/portal\/wp-json\/wp\/v2\/media\/25042"}],"wp:attachment":[{"href":"https:\/\/verdadeon.com.br\/portal\/wp-json\/wp\/v2\/media?parent=26721"}],"wp:term":[{"taxonomy":"category","embeddable":true,"href":"https:\/\/verdadeon.com.br\/portal\/wp-json\/wp\/v2\/categories?post=26721"},{"taxonomy":"post_tag","embeddable":true,"href":"https:\/\/verdadeon.com.br\/portal\/wp-json\/wp\/v2\/tags?post=26721"}],"curies":[{"name":"wp","href":"https:\/\/api.w.org\/{rel}","templated":true}]}}