{"id":26702,"date":"2022-07-23T16:00:39","date_gmt":"2022-07-23T19:00:39","guid":{"rendered":"https:\/\/verdadeon.com.br\/portal\/?p=26702"},"modified":"2022-07-23T13:44:31","modified_gmt":"2022-07-23T16:44:31","slug":"o-nosso-objetivo-diario-e-que-os-pacientes-vivam-independente-das-limitacoes-do-cancer-diz-a-medica-bruna-salviano","status":"publish","type":"post","link":"https:\/\/verdadeon.com.br\/portal\/2022\/07\/23\/o-nosso-objetivo-diario-e-que-os-pacientes-vivam-independente-das-limitacoes-do-cancer-diz-a-medica-bruna-salviano\/","title":{"rendered":"\u2018O nosso objetivo di\u00e1rio \u00e9 que os pacientes vivam! Independente das limita\u00e7\u00f5es do c\u00e2ncer\u2019, diz a m\u00e9dica Bruna Salviano"},"content":{"rendered":"<h2>Bruna \u00e9 oncologista pedi\u00e1trica do Hospital do C\u00e2ncer de Franca e em entrevista ao Verdade relata hist\u00f3rias emocionantes<\/h2>\n<p>&nbsp;<\/p>\n<p>&nbsp;<\/p>\n<p>&nbsp;<\/p>\n<p><strong>Nelise Luques<\/strong><\/p>\n<p>&nbsp;<\/p>\n<p><span style=\"font-weight: 400;\">Desde mar\u00e7o de 2020, a oncologista pedi\u00e1trica Bruna Bezerra Salviano comp\u00f5e a equipe do Hospital do C\u00e2ncer &#8211; Grupo Santa Casa de Franca. Aos 36 anos, a jovem m\u00e9dica \u00e9 daquelas profissionais que, dentro do poss\u00edvel, ajudam a tornar a caminhada do tratamento contra o c\u00e2ncer diagnosticado em plena inf\u00e2ncia ou adolesc\u00eancia menos traum\u00e1tica, mais humana.<\/span><\/p>\n<p><span style=\"font-weight: 400;\">Bruna nasceu em Brejo Santo, no Cear\u00e1, e tamb\u00e9m se formou no mesmo Estado, em Juazeiro do Norte, no ano de 2010. Ela tem especializa\u00e7\u00e3o em Pediatria pelo SUS Bahia (2012) e Oncologia Pedi\u00e1trica pela Santa Casa de Miseric\u00f3rdia de Porto Alegre (2020) e, h\u00e1 dois anos e quatro meses, traz toda a sua experi\u00eancia para os atendimentos no Hospital do C\u00e2ncer de Franca.\u00a0<\/span><\/p>\n<p><span style=\"font-weight: 400;\">A Doutora Bruna, com apoio do diretor t\u00e9cnico da institui\u00e7\u00e3o, Laurence Dias de Oliveira, e a equipe do Grupo Santa Casa, tem iluminado a trajet\u00f3ria de quem precisa de atendimento no HC. Uma das iniciativas mais marcantes \u00e9 que todo paciente que termina o tratamento, ganha uma festa tem\u00e1tica, com seu personagem favorito, patrocinada por ela. \u201cVirou uma &#8220;mini festa\u201d, como um segundo anivers\u00e1rio\u201d, comenta a m\u00e9dica.<\/span><\/p>\n<p><span style=\"font-weight: 400;\">Nesta entrevista ao Verdade, Bruna relata como foi a escolha pela medicina e a oncologia pedi\u00e1trica, hist\u00f3rias marcantes dos pacientes, como lidar com perdas e a import\u00e2ncia do diagn\u00f3stico precoce. \u201cAcredito que a melhor forma de lidar com a oncologia, independente do resultado final do tratamento, \u00e9 tendo a certeza internamente que fizemos o melhor por cada paciente e sua fam\u00edlia, t\u00e9cnica e humanamente.\u201d<\/span><\/p>\n<p>&nbsp;<\/p>\n<p><b>Dra. Bruna, para come\u00e7armos, gostaria que voc\u00ea falasse como surgiu o interesse pela medicina?<\/b><span style=\"font-weight: 400;\">\u00a0<\/span><\/p>\n<p><span style=\"font-weight: 400;\">Lembro de querer ser m\u00e9dica desde quando entendi, ainda crian\u00e7a, o que era uma profiss\u00e3o. Cresci dizendo que queria ser pediatra.<\/span><\/p>\n<p>&nbsp;<\/p>\n<p><b>Como foi a escolha pela \u00e1rea de oncologia pedi\u00e1trica?\u00a0<\/b><\/p>\n<p><span style=\"font-weight: 400;\">Meu primeiro contato com a oncologia aconteceu durante a faculdade. Me encantei ao cursar a disciplina em 2008 e foi de fato um encontro com algo que parecia j\u00e1 fazer parte de mim. Durante a resid\u00eancia m\u00e9dica em pediatria, conheci mais sobre o universo da oncologia pedi\u00e1trica. Os 5 anos em que trabalhei com a pediatria geral me prepararam &#8211; emocional e profissionalmente &#8211; para ingressar na oncologia.<\/span><\/p>\n<p>&nbsp;<\/p>\n<p><b>Quais os principais desafios de atuar nesta especialidade?\u00a0<\/b><\/p>\n<p><span style=\"font-weight: 400;\">Os desafios s\u00e3o di\u00e1rios, como em todas as outras profiss\u00f5es. Mas acredito que, no \u00e2mbito pessoal, o mais desafiador foi ser capaz de atravessar a minha pr\u00f3pria dor para conseguir cuidar da dor dos outros. Em agosto de 2012, a minha madrinha faleceu ap\u00f3s 4 anos e meio tratando um c\u00e2ncer. Foi um momento muito dif\u00edcil para a minha fam\u00edlia. Eu estava no final da resid\u00eancia de pediatria e precisei de um tempo para viver essa dor. Penso que nada acontece por acaso, ent\u00e3o esses anos me trouxeram maturidade e seguran\u00e7a \u00e0 minha escolha.\u00a0<\/span><\/p>\n<p>&nbsp;<\/p>\n<p><b>Como lidar com as perdas?\u00a0<\/b><\/p>\n<p><span style=\"font-weight: 400;\">N\u00e3o h\u00e1 uma f\u00f3rmula ou uma receita descrita na literatura. Cada crian\u00e7a, cada hist\u00f3ria nos marca para a vida inteira. Acredito que a melhor forma de lidar com a oncologia, independente do resultado final do tratamento, \u00e9 tendo a certeza internamente que fizemos o melhor por cada paciente e sua fam\u00edlia, t\u00e9cnica e humanamente.<\/span><\/p>\n<p>&nbsp;<\/p>\n<p><b>Desde quando est\u00e1 no Hospital do C\u00e2ncer de Franca e como surgiu essa oportunidade?\u00a0<\/b><\/p>\n<p><span style=\"font-weight: 400;\">Desde mar\u00e7o de 2020. Ap\u00f3s a sa\u00edda da oncologista que trabalhava no servi\u00e7o, o Dr Laurence me encontrou, atrav\u00e9s do presidente na \u00e9poca da Sociedade Brasileira de Oncologia Pedi\u00e1trica, Dr Cl\u00e1udio Galv\u00e3o, o qual tive a honra de ter como chefe.<\/span><\/p>\n<p>&nbsp;<\/p>\n<p><b>O que destaca do trabalho realizado na institui\u00e7\u00e3o?\u00a0<\/b><\/p>\n<p><span style=\"font-weight: 400;\">O empenho do Grupo Santa Casa e o trabalho incans\u00e1vel do Dr Laurence, diretor t\u00e9cnico do Hospital do C\u00e2ncer, na busca de sempre oferecer o melhor tratamento poss\u00edvel para as crian\u00e7as. Outro destaque, na minha opini\u00e3o, \u00e9 a preocupa\u00e7\u00e3o com a melhoria estrutural para proporcionar mais conforto durante o tratamento e a valoriza\u00e7\u00e3o da humaniza\u00e7\u00e3o da equipe multidisciplinar.\u00a0<\/span><\/p>\n<p>&nbsp;<\/p>\n<p><b>Voc\u00ea realiza uma festa para todo paciente que recebe alta m\u00e9dica do tratamento contra o c\u00e2ncer? Conte-nos um pouco mais sobre esse projeto.\u00a0<\/b><\/p>\n<p><span style=\"font-weight: 400;\">Foi algo que surgiu despretensiosamente e tornou-se uma pr\u00e1tica ao t\u00e9rmino do tratamento na oncopediatria. O momento de tocar o sino foi sempre muito esperado pelos pacientes e familiares no Hospital do C\u00e2ncer. Quando cheguei, as m\u00e3es falavam muito sobre a ansiedade e a alegria relacionadas a esse marco. Ao conhecer melhor cada paciente, seus gostos, desenhos e cores favoritos, surgiu a ideia de personalizar o momento. Um bolo de unic\u00f3rnio, decora\u00e7\u00e3o de fazenda, videogame, brigadeiros coloridos, bexigas diferentes, um detalhe carregado de amor para cada um deles. Virou uma &#8220;mini festa\u201d, como um segundo anivers\u00e1rio.<\/span><\/p>\n<p>&nbsp;<\/p>\n<p><b>Tem alguma festa mais marcante, alguma experi\u00eancia que gostaria de compartilhar com a gente?\u00a0<\/b><\/p>\n<p><span style=\"font-weight: 400;\">Tivemos um momento muito especial que uniu o Dia das Crian\u00e7as com o anivers\u00e1rio de um paciente. Ele faria 5 anos em outubro. Estava tratando uma segunda leucemia, internado por conta do tratamento na Santa Casa h\u00e1 algum tempo, muito grave clinicamente, quando relatou que gostaria de comemorar seu anivers\u00e1rio com \u201cos amigos do hospital do c\u00e2ncer\u201d. Ele deu detalhes de como seria a festa, como tema do bolo, decora\u00e7\u00e3o da mesa, docinhos preferidos, brincadeiras desejadas. Falei com a coordena\u00e7\u00e3o do Hospital do C\u00e2ncer e o Dr Laurence, que prontamente se dispuseram a ajudar. Tivemos a presen\u00e7a de parceiros realizando pintura corporal, pula-pula, tudo como ele desejou, no lugar que ele sonhou e comemorando o Dia das Crian\u00e7as junto com os outros pacientes, seus amigos. Um m\u00eas ap\u00f3s a festa, ele faleceu, deixando em n\u00f3s o grande presente dessa lembran\u00e7a t\u00e3o linda vivida. E \u00e9 esse o nosso objetivo di\u00e1rio, que eles vivam! Independente das dificuldades e limita\u00e7\u00f5es relacionadas ao c\u00e2ncer e ao tratamento.<\/span><\/p>\n<p>&nbsp;<\/p>\n<p><b>Dra Bruna, al\u00e9m da festa, sabemos que existem outras iniciativas exemplares conduzidas pelo Dr. Laurence e equipe do Grupo Santa Casa, na busca de humanizar o tratamento e promover a inclus\u00e3o dos pacientes crian\u00e7as e adolescentes. No seu ponto de vista, quais os benef\u00edcios desse projeto?\u00a0<\/b><\/p>\n<p><span style=\"font-weight: 400;\">Um grande benef\u00edcio \u00e9 sentir no Grupo Santa Casa, na equipe, uma grande fam\u00edlia. Daquelas fam\u00edlias agregadoras, onde a felicidade de um significa a de todos. Como por exemplo a comemora\u00e7\u00e3o do Natal, promovida atrav\u00e9s da parceria incr\u00edvel da Dra Tha\u00eds Rubly, esposa do Dr Laurence, mostra o quanto realmente os la\u00e7os familiares foram estendidos. Para as crian\u00e7as, ter a presen\u00e7a do Papai Noel \u00e9 sempre t\u00e3o encantador, elas ficam extasiadas! Esses momentos tamb\u00e9m s\u00e3o cura.<\/span><\/p>\n<p>&nbsp;<\/p>\n<p><b>No come\u00e7o de julho, o Grupo Santa Casa, atrav\u00e9s do Hospital do C\u00e2ncer, e parceiros promoveram uma tarde de culin\u00e1ria com os pacientes da ala infanto-juvenil. Voc\u00ea comentou sobre a import\u00e2ncia desse passeio e de proporcionar momentos de conviv\u00eancia social a eles, cuidando da chamada \u2018dor total\u2019. Gostaria que falasse um pouco mais sobre isso para a gente, o que significa a chamada \u201cdor total\u201d.\u00a0<\/b><\/p>\n<p><span style=\"font-weight: 400;\">O conceito da dor total foi proposto pela Cicely Saunders, pioneira dos cuidados paliativos, na d\u00e9cada de 60, e atribuiu \u00e0 dor uma vis\u00e3o multidimensional, composta por todos os aspectos da vida do paciente (f\u00edsicos, sociais, emocionais e espirituais). Atividades como a tarde de culin\u00e1ria mostram a vis\u00e3o do Grupo Santa Casa da import\u00e2ncia desse cuidado amplo.<\/span><\/p>\n<p>&nbsp;<\/p>\n<p><b>Dra Bruna, falando um pouco sobre a doen\u00e7a. Quais s\u00e3o os tipos mais comuns em crian\u00e7as e adolescentes?\u00a0<\/b><\/p>\n<p><span style=\"font-weight: 400;\">As leucemias s\u00e3o o tipo mais frequente nessa faixa et\u00e1ria, seguidos pelos tumores de sistema nervoso central e os linfomas.<\/span><\/p>\n<p>&nbsp;<\/p>\n<p><b>Pela sua experi\u00eancia, \u00e9 poss\u00edvel perceber que os casos de c\u00e2ncer aumentaram?\u00a0<\/b><\/p>\n<p><span style=\"font-weight: 400;\">Existe uma m\u00e9dia anual no Brasil de cerca de 8.500 casos novos\/ano, essa m\u00e9dia \u00e9 relativamente constante. O que observamos durante a pandemia em v\u00e1rios servi\u00e7os foi a chegada de pacientes com doen\u00e7a mais avan\u00e7ada por atraso no diagn\u00f3stico, seja por demora na procura do atendimento por receio de exposi\u00e7\u00e3o \u00e0 Covid ou por demora no fluxo dos servi\u00e7os de sa\u00fade at\u00e9 a suspei\u00e7\u00e3o cl\u00ednica e posterior encaminhamento aos centros especializados.<\/span><\/p>\n<p>&nbsp;<\/p>\n<p><b>Quais as principais causas e formas de preven\u00e7\u00e3o?\u00a0<\/b><\/p>\n<p><span style=\"font-weight: 400;\">Diferentemente de alguns tipos dessa doen\u00e7a nos adultos, na oncopediatria n\u00e3o h\u00e1 a\u00e7\u00f5es preventivas. Isso ocorre porque a doen\u00e7a na maioria dos casos n\u00e3o apresenta fatores de risco modific\u00e1veis, estando relacionada a muta\u00e7\u00f5es celulares isoladas.<\/span><\/p>\n<p>&nbsp;<\/p>\n<p><b>Os tratamentos evolu\u00edram, \u00e9 ineg\u00e1vel esse avan\u00e7o. As chances de cura tamb\u00e9m?\u00a0<\/b><\/p>\n<p><span style=\"font-weight: 400;\">At\u00e9 a d\u00e9cada de 70, a taxa de sobrevida era em torno de 50%. Atualmente, devido aos avan\u00e7os no tratamento, aproximadamente 80% das crian\u00e7as e adolescentes com c\u00e2ncer sobrevivem. Claro que essa estimativa varia de acordo com o tipo da doen\u00e7a e fatores como idade, extens\u00e3o da doen\u00e7a, entre outros.<\/span><\/p>\n<p>&nbsp;<\/p>\n<p><b>O que costuma ser determinante para o sucesso do tratamento?\u00a0<\/b><\/p>\n<p><span style=\"font-weight: 400;\">Sem d\u00favida, o principal fator determinante para o sucesso do tratamento \u00e9 o diagn\u00f3stico precoce. Sabe-se que quanto antes o paciente \u00e9 referenciado aos centros especializados da doen\u00e7a, maiores as chances de detect\u00e1-la em est\u00e1gio inicial e, assim, aumentar a probabilidade da cura.<\/span><\/p>\n<p>&nbsp;<\/p>\n<p><b>Que mensagem voc\u00ea gostaria de deixar para seus pacientes, seus pais e demais familiares?\u00a0<\/b><\/p>\n<p><span style=\"font-weight: 400;\">Gostaria de agradecer a todos os pacientes e familiares que est\u00e3o ou estiveram conosco do Grupo Santa Casa de Franca dividindo esse momento desafiador que \u00e9 o diagn\u00f3stico e o tratamento do c\u00e2ncer infanto-juvenil. Voc\u00eas nos ensinam, diariamente, que a vida \u00e9 preciosa e que cada momento, cada olhar, cada abra\u00e7o, cada palavra verdadeiramente importa. \u00c9 muito valioso sentir que o amor que foi plantado e regado &#8211; nos que aqui est\u00e3o e nos que j\u00e1 partiram &#8211; continuam presente. Em nome de todos, muito obrigada. Contem sempre comigo.<\/span><\/p>\n<p>&nbsp;<\/p>\n<p><b>Mais alguma informa\u00e7\u00e3o que gostaria de acrescentar?\u00a0<\/b><\/p>\n<p><span style=\"font-weight: 400;\">Acredito que \u00e9 fundamental reiterar que o diagn\u00f3stico r\u00e1pido e o in\u00edcio breve da terapia s\u00e3o fundamentais para a chance de cura. Diante disso, \u00e9 importante que os pais e profissionais estejam sempre atentos aos sinais de alerta. S\u00e3o eles: palidez, hematomas, sangramentos, altera\u00e7\u00f5es oculares, linfonodos aumentados, perda de peso ou febre inexplic\u00e1veis, incha\u00e7o abdominal, dor de cabe\u00e7a persistente, altera\u00e7\u00e3o de equil\u00edbrio e dor \u00f3ssea. Por fim, gostaria de lembrar da campanha do McDia Feliz que acontecer\u00e1 no pr\u00f3ximo 27 de agosto. A parceria com o Instituto Ronald McDonald permite melhorias estruturais que proporcionam mais humaniza\u00e7\u00e3o no tratamento. Por exemplo, as \u00faltimas campanhas tornaram poss\u00edveis a reforma do ambulat\u00f3rio de quimioterapia, a moderniza\u00e7\u00e3o da interna\u00e7\u00e3o oncol\u00f3gica e a remodela\u00e7\u00e3o da brinquedoteca e da classe hospitalar. Contamos com o engajamento da sociedade francana e empres\u00e1rios da regi\u00e3o para continuarmos aprimorando a assist\u00eancia.<\/span><\/p>\n<p>&nbsp;<\/p>\n<div id=\"attachment_26703\" style=\"width: 778px\" class=\"wp-caption alignnone\"><img data-recalc-dims=\"1\" loading=\"lazy\" decoding=\"async\" aria-describedby=\"caption-attachment-26703\" class=\"wp-image-26703 size-full\" src=\"https:\/\/i0.wp.com\/verdadeon.com.br\/portal\/wp-content\/uploads\/2022\/07\/MEDICA-HC-BRUNA-SALVIANO-1.jpeg?resize=768%2C1024&#038;ssl=1\" alt=\"\" width=\"768\" height=\"1024\" srcset=\"https:\/\/i0.wp.com\/verdadeon.com.br\/portal\/wp-content\/uploads\/2022\/07\/MEDICA-HC-BRUNA-SALVIANO-1.jpeg?w=768&amp;ssl=1 768w, https:\/\/i0.wp.com\/verdadeon.com.br\/portal\/wp-content\/uploads\/2022\/07\/MEDICA-HC-BRUNA-SALVIANO-1.jpeg?resize=225%2C300&amp;ssl=1 225w, https:\/\/i0.wp.com\/verdadeon.com.br\/portal\/wp-content\/uploads\/2022\/07\/MEDICA-HC-BRUNA-SALVIANO-1.jpeg?resize=110%2C146&amp;ssl=1 110w, https:\/\/i0.wp.com\/verdadeon.com.br\/portal\/wp-content\/uploads\/2022\/07\/MEDICA-HC-BRUNA-SALVIANO-1.jpeg?resize=38%2C50&amp;ssl=1 38w, https:\/\/i0.wp.com\/verdadeon.com.br\/portal\/wp-content\/uploads\/2022\/07\/MEDICA-HC-BRUNA-SALVIANO-1.jpeg?resize=56%2C75&amp;ssl=1 56w\" sizes=\"auto, (max-width: 768px) 100vw, 768px\" \/><p id=\"caption-attachment-26703\" class=\"wp-caption-text\">Cada paciente que termina o tratamento contra o c\u00e2ncer, ganha uma festa de &#8220;segundo anivers\u00e1rio&#8221; da m\u00e9dica Bruna Salviano | Foto: Arquivo Pessoal<\/p><\/div>\n","protected":false},"excerpt":{"rendered":"<p>Bruna \u00e9 oncologista pedi\u00e1trica do Hospital do C\u00e2ncer de Franca e em entrevista ao Verdade relata hist\u00f3rias emocionantes &nbsp; &nbsp; &nbsp; Nelise Luques &nbsp; Desde mar\u00e7o<span class=\"excerpt-hellip\"> [\u2026]<\/span><\/p>\n","protected":false},"author":12,"featured_media":26705,"comment_status":"open","ping_status":"open","sticky":false,"template":"","format":"standard","meta":{"_jetpack_memberships_contains_paid_content":false,"footnotes":"","jetpack_publicize_message":"","jetpack_publicize_feature_enabled":true,"jetpack_social_post_already_shared":false,"jetpack_social_options":{"image_generator_settings":{"template":"highway","default_image_id":0,"enabled":false},"version":2}},"categories":[28,81],"tags":[],"class_list":["post-26702","post","type-post","status-publish","format-standard","has-post-thumbnail","hentry","category-cotidiano","category-manchete"],"yoast_head":"<!-- This site is optimized with the Yoast SEO plugin v25.6 - https:\/\/yoast.com\/wordpress\/plugins\/seo\/ -->\n<title>\u2018O nosso objetivo di\u00e1rio \u00e9 que os pacientes vivam! Independente das limita\u00e7\u00f5es do c\u00e2ncer\u2019, diz a m\u00e9dica Bruna Salviano - VerdadeOn<\/title>\n<meta name=\"robots\" content=\"index, follow, max-snippet:-1, max-image-preview:large, max-video-preview:-1\" \/>\n<link rel=\"canonical\" href=\"https:\/\/verdadeon.com.br\/portal\/2022\/07\/23\/o-nosso-objetivo-diario-e-que-os-pacientes-vivam-independente-das-limitacoes-do-cancer-diz-a-medica-bruna-salviano\/\" \/>\n<meta property=\"og:locale\" content=\"pt_BR\" \/>\n<meta property=\"og:type\" content=\"article\" \/>\n<meta property=\"og:title\" content=\"\u2018O nosso objetivo di\u00e1rio \u00e9 que os pacientes vivam! Independente das limita\u00e7\u00f5es do c\u00e2ncer\u2019, diz a m\u00e9dica Bruna Salviano - VerdadeOn\" \/>\n<meta property=\"og:description\" content=\"Bruna \u00e9 oncologista pedi\u00e1trica do Hospital do C\u00e2ncer de Franca e em entrevista ao Verdade relata hist\u00f3rias emocionantes &nbsp; &nbsp; &nbsp; Nelise Luques &nbsp; Desde mar\u00e7o [\u2026]\" \/>\n<meta property=\"og:url\" content=\"https:\/\/verdadeon.com.br\/portal\/2022\/07\/23\/o-nosso-objetivo-diario-e-que-os-pacientes-vivam-independente-das-limitacoes-do-cancer-diz-a-medica-bruna-salviano\/\" \/>\n<meta property=\"og:site_name\" content=\"VerdadeOn\" \/>\n<meta property=\"article:published_time\" content=\"2022-07-23T19:00:39+00:00\" \/>\n<meta property=\"og:image\" content=\"https:\/\/verdadeon.com.br\/portal\/wp-content\/uploads\/2022\/07\/medica-oncologista-pediatrica-bruna-salviano.jpeg\" \/>\n\t<meta property=\"og:image:width\" content=\"667\" \/>\n\t<meta property=\"og:image:height\" content=\"615\" \/>\n\t<meta property=\"og:image:type\" content=\"image\/jpeg\" \/>\n<meta name=\"author\" content=\"Nelise Luques\" \/>\n<meta name=\"twitter:card\" content=\"summary_large_image\" \/>\n<meta name=\"twitter:label1\" content=\"Escrito por\" \/>\n\t<meta name=\"twitter:data1\" content=\"Nelise Luques\" \/>\n\t<meta name=\"twitter:label2\" content=\"Est. tempo de leitura\" \/>\n\t<meta name=\"twitter:data2\" content=\"10 minutos\" \/>\n<script type=\"application\/ld+json\" class=\"yoast-schema-graph\">{\"@context\":\"https:\/\/schema.org\",\"@graph\":[{\"@type\":\"WebPage\",\"@id\":\"https:\/\/verdadeon.com.br\/portal\/2022\/07\/23\/o-nosso-objetivo-diario-e-que-os-pacientes-vivam-independente-das-limitacoes-do-cancer-diz-a-medica-bruna-salviano\/\",\"url\":\"https:\/\/verdadeon.com.br\/portal\/2022\/07\/23\/o-nosso-objetivo-diario-e-que-os-pacientes-vivam-independente-das-limitacoes-do-cancer-diz-a-medica-bruna-salviano\/\",\"name\":\"\u2018O nosso objetivo di\u00e1rio \u00e9 que os pacientes vivam! Independente das limita\u00e7\u00f5es do c\u00e2ncer\u2019, diz a m\u00e9dica Bruna Salviano - VerdadeOn\",\"isPartOf\":{\"@id\":\"https:\/\/verdadeon.com.br\/portal\/#website\"},\"primaryImageOfPage\":{\"@id\":\"https:\/\/verdadeon.com.br\/portal\/2022\/07\/23\/o-nosso-objetivo-diario-e-que-os-pacientes-vivam-independente-das-limitacoes-do-cancer-diz-a-medica-bruna-salviano\/#primaryimage\"},\"image\":{\"@id\":\"https:\/\/verdadeon.com.br\/portal\/2022\/07\/23\/o-nosso-objetivo-diario-e-que-os-pacientes-vivam-independente-das-limitacoes-do-cancer-diz-a-medica-bruna-salviano\/#primaryimage\"},\"thumbnailUrl\":\"https:\/\/i0.wp.com\/verdadeon.com.br\/portal\/wp-content\/uploads\/2022\/07\/medica-oncologista-pediatrica-bruna-salviano.jpeg?fit=667%2C615&ssl=1\",\"datePublished\":\"2022-07-23T19:00:39+00:00\",\"author\":{\"@id\":\"https:\/\/verdadeon.com.br\/portal\/#\/schema\/person\/8248726d36015c1916636fabb175d972\"},\"breadcrumb\":{\"@id\":\"https:\/\/verdadeon.com.br\/portal\/2022\/07\/23\/o-nosso-objetivo-diario-e-que-os-pacientes-vivam-independente-das-limitacoes-do-cancer-diz-a-medica-bruna-salviano\/#breadcrumb\"},\"inLanguage\":\"pt-BR\",\"potentialAction\":[{\"@type\":\"ReadAction\",\"target\":[\"https:\/\/verdadeon.com.br\/portal\/2022\/07\/23\/o-nosso-objetivo-diario-e-que-os-pacientes-vivam-independente-das-limitacoes-do-cancer-diz-a-medica-bruna-salviano\/\"]}]},{\"@type\":\"ImageObject\",\"inLanguage\":\"pt-BR\",\"@id\":\"https:\/\/verdadeon.com.br\/portal\/2022\/07\/23\/o-nosso-objetivo-diario-e-que-os-pacientes-vivam-independente-das-limitacoes-do-cancer-diz-a-medica-bruna-salviano\/#primaryimage\",\"url\":\"https:\/\/i0.wp.com\/verdadeon.com.br\/portal\/wp-content\/uploads\/2022\/07\/medica-oncologista-pediatrica-bruna-salviano.jpeg?fit=667%2C615&ssl=1\",\"contentUrl\":\"https:\/\/i0.wp.com\/verdadeon.com.br\/portal\/wp-content\/uploads\/2022\/07\/medica-oncologista-pediatrica-bruna-salviano.jpeg?fit=667%2C615&ssl=1\",\"width\":667,\"height\":615,\"caption\":\"Bruna Bezerra Salviano \u00e9 oncologista pedi\u00e1trica no Hospital do C\u00e2ncer de Franca \/ Grupo Santa Casa: \\\"O mais desafiador foi ser capaz de atravessar a minha pr\u00f3pria dor para conseguir cuidar da dor dos outros\\\" | Foto: Arquivo Pessoal\"},{\"@type\":\"BreadcrumbList\",\"@id\":\"https:\/\/verdadeon.com.br\/portal\/2022\/07\/23\/o-nosso-objetivo-diario-e-que-os-pacientes-vivam-independente-das-limitacoes-do-cancer-diz-a-medica-bruna-salviano\/#breadcrumb\",\"itemListElement\":[{\"@type\":\"ListItem\",\"position\":1,\"name\":\"In\u00edcio\",\"item\":\"https:\/\/verdadeon.com.br\/portal\/\"},{\"@type\":\"ListItem\",\"position\":2,\"name\":\"\u2018O nosso objetivo di\u00e1rio \u00e9 que os pacientes vivam! Independente das limita\u00e7\u00f5es do c\u00e2ncer\u2019, diz a m\u00e9dica Bruna Salviano\"}]},{\"@type\":\"WebSite\",\"@id\":\"https:\/\/verdadeon.com.br\/portal\/#website\",\"url\":\"https:\/\/verdadeon.com.br\/portal\/\",\"name\":\"VerdadeOn\",\"description\":\"Not\u00edcias di\u00e1rias sobre Franca, Regi\u00e3o, Esporte, Cultura, Cotidiano, Colunas. Cobertura nos principais eventos da cidade \u00e9 aqui - Verdadeon Franca\",\"potentialAction\":[{\"@type\":\"SearchAction\",\"target\":{\"@type\":\"EntryPoint\",\"urlTemplate\":\"https:\/\/verdadeon.com.br\/portal\/?s={search_term_string}\"},\"query-input\":{\"@type\":\"PropertyValueSpecification\",\"valueRequired\":true,\"valueName\":\"search_term_string\"}}],\"inLanguage\":\"pt-BR\"},{\"@type\":\"Person\",\"@id\":\"https:\/\/verdadeon.com.br\/portal\/#\/schema\/person\/8248726d36015c1916636fabb175d972\",\"name\":\"Nelise Luques\",\"image\":{\"@type\":\"ImageObject\",\"inLanguage\":\"pt-BR\",\"@id\":\"https:\/\/verdadeon.com.br\/portal\/#\/schema\/person\/image\/\",\"url\":\"https:\/\/secure.gravatar.com\/avatar\/29b2a17f5bcadeb827411b66f48ac13c3e0ecaf5906c0f5745ecc5d41c24eada?s=96&d=mm&r=g\",\"contentUrl\":\"https:\/\/secure.gravatar.com\/avatar\/29b2a17f5bcadeb827411b66f48ac13c3e0ecaf5906c0f5745ecc5d41c24eada?s=96&d=mm&r=g\",\"caption\":\"Nelise Luques\"},\"url\":\"https:\/\/verdadeon.com.br\/portal\/author\/verdade\/\"}]}<\/script>\n<!-- \/ Yoast SEO plugin. -->","yoast_head_json":{"title":"\u2018O nosso objetivo di\u00e1rio \u00e9 que os pacientes vivam! Independente das limita\u00e7\u00f5es do c\u00e2ncer\u2019, diz a m\u00e9dica Bruna Salviano - VerdadeOn","robots":{"index":"index","follow":"follow","max-snippet":"max-snippet:-1","max-image-preview":"max-image-preview:large","max-video-preview":"max-video-preview:-1"},"canonical":"https:\/\/verdadeon.com.br\/portal\/2022\/07\/23\/o-nosso-objetivo-diario-e-que-os-pacientes-vivam-independente-das-limitacoes-do-cancer-diz-a-medica-bruna-salviano\/","og_locale":"pt_BR","og_type":"article","og_title":"\u2018O nosso objetivo di\u00e1rio \u00e9 que os pacientes vivam! Independente das limita\u00e7\u00f5es do c\u00e2ncer\u2019, diz a m\u00e9dica Bruna Salviano - VerdadeOn","og_description":"Bruna \u00e9 oncologista pedi\u00e1trica do Hospital do C\u00e2ncer de Franca e em entrevista ao Verdade relata hist\u00f3rias emocionantes &nbsp; &nbsp; &nbsp; Nelise Luques &nbsp; Desde mar\u00e7o [\u2026]","og_url":"https:\/\/verdadeon.com.br\/portal\/2022\/07\/23\/o-nosso-objetivo-diario-e-que-os-pacientes-vivam-independente-das-limitacoes-do-cancer-diz-a-medica-bruna-salviano\/","og_site_name":"VerdadeOn","article_published_time":"2022-07-23T19:00:39+00:00","og_image":[{"width":667,"height":615,"url":"https:\/\/verdadeon.com.br\/portal\/wp-content\/uploads\/2022\/07\/medica-oncologista-pediatrica-bruna-salviano.jpeg","type":"image\/jpeg"}],"author":"Nelise Luques","twitter_card":"summary_large_image","twitter_misc":{"Escrito por":"Nelise Luques","Est. tempo de leitura":"10 minutos"},"schema":{"@context":"https:\/\/schema.org","@graph":[{"@type":"WebPage","@id":"https:\/\/verdadeon.com.br\/portal\/2022\/07\/23\/o-nosso-objetivo-diario-e-que-os-pacientes-vivam-independente-das-limitacoes-do-cancer-diz-a-medica-bruna-salviano\/","url":"https:\/\/verdadeon.com.br\/portal\/2022\/07\/23\/o-nosso-objetivo-diario-e-que-os-pacientes-vivam-independente-das-limitacoes-do-cancer-diz-a-medica-bruna-salviano\/","name":"\u2018O nosso objetivo di\u00e1rio \u00e9 que os pacientes vivam! Independente das limita\u00e7\u00f5es do c\u00e2ncer\u2019, diz a m\u00e9dica Bruna Salviano - VerdadeOn","isPartOf":{"@id":"https:\/\/verdadeon.com.br\/portal\/#website"},"primaryImageOfPage":{"@id":"https:\/\/verdadeon.com.br\/portal\/2022\/07\/23\/o-nosso-objetivo-diario-e-que-os-pacientes-vivam-independente-das-limitacoes-do-cancer-diz-a-medica-bruna-salviano\/#primaryimage"},"image":{"@id":"https:\/\/verdadeon.com.br\/portal\/2022\/07\/23\/o-nosso-objetivo-diario-e-que-os-pacientes-vivam-independente-das-limitacoes-do-cancer-diz-a-medica-bruna-salviano\/#primaryimage"},"thumbnailUrl":"https:\/\/i0.wp.com\/verdadeon.com.br\/portal\/wp-content\/uploads\/2022\/07\/medica-oncologista-pediatrica-bruna-salviano.jpeg?fit=667%2C615&ssl=1","datePublished":"2022-07-23T19:00:39+00:00","author":{"@id":"https:\/\/verdadeon.com.br\/portal\/#\/schema\/person\/8248726d36015c1916636fabb175d972"},"breadcrumb":{"@id":"https:\/\/verdadeon.com.br\/portal\/2022\/07\/23\/o-nosso-objetivo-diario-e-que-os-pacientes-vivam-independente-das-limitacoes-do-cancer-diz-a-medica-bruna-salviano\/#breadcrumb"},"inLanguage":"pt-BR","potentialAction":[{"@type":"ReadAction","target":["https:\/\/verdadeon.com.br\/portal\/2022\/07\/23\/o-nosso-objetivo-diario-e-que-os-pacientes-vivam-independente-das-limitacoes-do-cancer-diz-a-medica-bruna-salviano\/"]}]},{"@type":"ImageObject","inLanguage":"pt-BR","@id":"https:\/\/verdadeon.com.br\/portal\/2022\/07\/23\/o-nosso-objetivo-diario-e-que-os-pacientes-vivam-independente-das-limitacoes-do-cancer-diz-a-medica-bruna-salviano\/#primaryimage","url":"https:\/\/i0.wp.com\/verdadeon.com.br\/portal\/wp-content\/uploads\/2022\/07\/medica-oncologista-pediatrica-bruna-salviano.jpeg?fit=667%2C615&ssl=1","contentUrl":"https:\/\/i0.wp.com\/verdadeon.com.br\/portal\/wp-content\/uploads\/2022\/07\/medica-oncologista-pediatrica-bruna-salviano.jpeg?fit=667%2C615&ssl=1","width":667,"height":615,"caption":"Bruna Bezerra Salviano \u00e9 oncologista pedi\u00e1trica no Hospital do C\u00e2ncer de Franca \/ Grupo Santa Casa: \"O mais desafiador foi ser capaz de atravessar a minha pr\u00f3pria dor para conseguir cuidar da dor dos outros\" | Foto: Arquivo Pessoal"},{"@type":"BreadcrumbList","@id":"https:\/\/verdadeon.com.br\/portal\/2022\/07\/23\/o-nosso-objetivo-diario-e-que-os-pacientes-vivam-independente-das-limitacoes-do-cancer-diz-a-medica-bruna-salviano\/#breadcrumb","itemListElement":[{"@type":"ListItem","position":1,"name":"In\u00edcio","item":"https:\/\/verdadeon.com.br\/portal\/"},{"@type":"ListItem","position":2,"name":"\u2018O nosso objetivo di\u00e1rio \u00e9 que os pacientes vivam! Independente das limita\u00e7\u00f5es do c\u00e2ncer\u2019, diz a m\u00e9dica Bruna Salviano"}]},{"@type":"WebSite","@id":"https:\/\/verdadeon.com.br\/portal\/#website","url":"https:\/\/verdadeon.com.br\/portal\/","name":"VerdadeOn","description":"Not\u00edcias di\u00e1rias sobre Franca, Regi\u00e3o, Esporte, Cultura, Cotidiano, Colunas. Cobertura nos principais eventos da cidade \u00e9 aqui - Verdadeon Franca","potentialAction":[{"@type":"SearchAction","target":{"@type":"EntryPoint","urlTemplate":"https:\/\/verdadeon.com.br\/portal\/?s={search_term_string}"},"query-input":{"@type":"PropertyValueSpecification","valueRequired":true,"valueName":"search_term_string"}}],"inLanguage":"pt-BR"},{"@type":"Person","@id":"https:\/\/verdadeon.com.br\/portal\/#\/schema\/person\/8248726d36015c1916636fabb175d972","name":"Nelise Luques","image":{"@type":"ImageObject","inLanguage":"pt-BR","@id":"https:\/\/verdadeon.com.br\/portal\/#\/schema\/person\/image\/","url":"https:\/\/secure.gravatar.com\/avatar\/29b2a17f5bcadeb827411b66f48ac13c3e0ecaf5906c0f5745ecc5d41c24eada?s=96&d=mm&r=g","contentUrl":"https:\/\/secure.gravatar.com\/avatar\/29b2a17f5bcadeb827411b66f48ac13c3e0ecaf5906c0f5745ecc5d41c24eada?s=96&d=mm&r=g","caption":"Nelise Luques"},"url":"https:\/\/verdadeon.com.br\/portal\/author\/verdade\/"}]}},"jetpack_publicize_connections":[],"jetpack_featured_media_url":"https:\/\/i0.wp.com\/verdadeon.com.br\/portal\/wp-content\/uploads\/2022\/07\/medica-oncologista-pediatrica-bruna-salviano.jpeg?fit=667%2C615&ssl=1","jetpack_sharing_enabled":true,"_links":{"self":[{"href":"https:\/\/verdadeon.com.br\/portal\/wp-json\/wp\/v2\/posts\/26702","targetHints":{"allow":["GET"]}}],"collection":[{"href":"https:\/\/verdadeon.com.br\/portal\/wp-json\/wp\/v2\/posts"}],"about":[{"href":"https:\/\/verdadeon.com.br\/portal\/wp-json\/wp\/v2\/types\/post"}],"author":[{"embeddable":true,"href":"https:\/\/verdadeon.com.br\/portal\/wp-json\/wp\/v2\/users\/12"}],"replies":[{"embeddable":true,"href":"https:\/\/verdadeon.com.br\/portal\/wp-json\/wp\/v2\/comments?post=26702"}],"version-history":[{"count":1,"href":"https:\/\/verdadeon.com.br\/portal\/wp-json\/wp\/v2\/posts\/26702\/revisions"}],"predecessor-version":[{"id":26706,"href":"https:\/\/verdadeon.com.br\/portal\/wp-json\/wp\/v2\/posts\/26702\/revisions\/26706"}],"wp:featuredmedia":[{"embeddable":true,"href":"https:\/\/verdadeon.com.br\/portal\/wp-json\/wp\/v2\/media\/26705"}],"wp:attachment":[{"href":"https:\/\/verdadeon.com.br\/portal\/wp-json\/wp\/v2\/media?parent=26702"}],"wp:term":[{"taxonomy":"category","embeddable":true,"href":"https:\/\/verdadeon.com.br\/portal\/wp-json\/wp\/v2\/categories?post=26702"},{"taxonomy":"post_tag","embeddable":true,"href":"https:\/\/verdadeon.com.br\/portal\/wp-json\/wp\/v2\/tags?post=26702"}],"curies":[{"name":"wp","href":"https:\/\/api.w.org\/{rel}","templated":true}]}}