{"id":26699,"date":"2022-07-23T14:00:05","date_gmt":"2022-07-23T17:00:05","guid":{"rendered":"https:\/\/verdadeon.com.br\/portal\/?p=26699"},"modified":"2022-07-23T18:49:50","modified_gmt":"2022-07-23T21:49:50","slug":"joao-rocha-oficializa-pre-candidatura-a-deputado-estadual-pelo-uniao-brasil","status":"publish","type":"post","link":"https:\/\/verdadeon.com.br\/portal\/2022\/07\/23\/joao-rocha-oficializa-pre-candidatura-a-deputado-estadual-pelo-uniao-brasil\/","title":{"rendered":"Jo\u00e3o Rocha oficializa pr\u00e9-candidatura a deputado estadual pelo Uni\u00e3o Brasil"},"content":{"rendered":"<h2>No mesmo evento F\u00e1bio Meirelles e N\u00e9ria Buzzato foram lan\u00e7ados como pr\u00e9-candidatos a deputado federal<\/h2>\n<p>Jo\u00e3o Rocha confirmou na tarde deste s\u00e1bado que \u00e9 pr\u00e9-candidato a deputado estadual pelo Uni\u00e3o Brasil, a confirma\u00e7\u00e3o veio em um evento em um espa\u00e7o de festas entre Franca e Restinga, e contou com a presen\u00e7a de familiares, amigos e correligion\u00e1rios.<\/p>\n<p>O pol\u00edtico de 65 anos se emocionou ao falar da oficializa\u00e7\u00e3o do nome dele e destacou a import\u00e2ncia da renova\u00e7\u00e3o na pol\u00edtica. \u201cA exemplo do que Franca j\u00e1 viu da gente em duas outras administra\u00e7\u00f5es que n\u00f3s j\u00e1 trabalhamos, a popula\u00e7\u00e3o pode saber que n\u00f3s vamos trabalhar e trabalhar duro. N\u00f3s n\u00e3o somos de capinar sentado, n\u00f3s n\u00e3o temos pregui\u00e7a e vamos fazer um grande trabalho, porque n\u00f3s sempre fizemos assim\u201d, disse Jo\u00e3o.<\/p>\n<p>O pol\u00edtico explicou que as candidaturas s\u00f3 se oficializam depois que o registro do candidato acontece no Tribunal Regional Eleitoral, isso s\u00f3 vai acontecer de fato, depois do dia 15 de agosto.<\/p>\n<p>No mesmo evento que contou com comidas t\u00edpicas julhinas, foi lan\u00e7ada a pr\u00e9-candidatura de F\u00e1bio Meirelles a deputado federal. No discurso feito para apoiadores, ele reafirmou o compromisso especialmente com o agroneg\u00f3cio.<\/p>\n<p>&#8220;Em primeiro lugar voltar a colocar Franca no mapa do Brasil, h\u00e1 11 anos n\u00e3o temos deputado federal e perdemos muito em representatividade, pol\u00edticas p\u00fablicas e recursos para a regi\u00e3o. Vamos trabalhar forte para representar a Alta Mogiana. Produ\u00e7\u00e3o agr\u00edcola forte no nosso pa\u00eds, para diminuir a infla\u00e7\u00e3o, fortalecer a cadeia produtiva do agroneg\u00f3cio \u00e9 fundamental para isso&#8221;, disse Meirelles.<\/p>\n<p>N\u00e9ria Buzzato tamb\u00e9m foi lan\u00e7ada como pr\u00e9-candidata \u00e0 C\u00e2mara dos Deputados, e durante seu discurso falou sobre a import\u00e2ncia da mulher na pol\u00edtica.<\/p>\n","protected":false},"excerpt":{"rendered":"<p>No mesmo evento F\u00e1bio Meirelles e N\u00e9ria Buzzato foram lan\u00e7ados como pr\u00e9-candidatos a deputado federal Jo\u00e3o Rocha confirmou na tarde deste s\u00e1bado que \u00e9 pr\u00e9-candidato a<span class=\"excerpt-hellip\"> [\u2026]<\/span><\/p>\n","protected":false},"author":7,"featured_media":26713,"comment_status":"open","ping_status":"open","sticky":false,"template":"","format":"standard","meta":{"_jetpack_memberships_contains_paid_content":false,"footnotes":"","jetpack_publicize_message":"","jetpack_publicize_feature_enabled":true,"jetpack_social_post_already_shared":false,"jetpack_social_options":{"image_generator_settings":{"template":"highway","default_image_id":0,"enabled":false},"version":2}},"categories":[28,81],"tags":[],"class_list":["post-26699","post","type-post","status-publish","format-standard","has-post-thumbnail","hentry","category-cotidiano","category-manchete"],"yoast_head":"<!-- This site is optimized with the Yoast SEO plugin v25.6 - https:\/\/yoast.com\/wordpress\/plugins\/seo\/ -->\n<title>Jo\u00e3o Rocha oficializa pr\u00e9-candidatura a deputado estadual pelo Uni\u00e3o Brasil - VerdadeOn<\/title>\n<meta name=\"robots\" content=\"index, follow, max-snippet:-1, max-image-preview:large, max-video-preview:-1\" \/>\n<link rel=\"canonical\" href=\"https:\/\/verdadeon.com.br\/portal\/2022\/07\/23\/joao-rocha-oficializa-pre-candidatura-a-deputado-estadual-pelo-uniao-brasil\/\" \/>\n<meta property=\"og:locale\" content=\"pt_BR\" \/>\n<meta property=\"og:type\" content=\"article\" \/>\n<meta property=\"og:title\" content=\"Jo\u00e3o Rocha oficializa pr\u00e9-candidatura a deputado estadual pelo Uni\u00e3o Brasil - VerdadeOn\" \/>\n<meta property=\"og:description\" content=\"No mesmo evento F\u00e1bio Meirelles e N\u00e9ria Buzzato foram lan\u00e7ados como pr\u00e9-candidatos a deputado federal Jo\u00e3o Rocha confirmou na tarde deste s\u00e1bado que \u00e9 pr\u00e9-candidato a [\u2026]\" \/>\n<meta property=\"og:url\" content=\"https:\/\/verdadeon.com.br\/portal\/2022\/07\/23\/joao-rocha-oficializa-pre-candidatura-a-deputado-estadual-pelo-uniao-brasil\/\" \/>\n<meta property=\"og:site_name\" content=\"VerdadeOn\" \/>\n<meta property=\"article:published_time\" content=\"2022-07-23T17:00:05+00:00\" \/>\n<meta property=\"article:modified_time\" content=\"2022-07-23T21:49:50+00:00\" \/>\n<meta property=\"og:image\" content=\"https:\/\/verdadeon.com.br\/portal\/wp-content\/uploads\/2022\/07\/WhatsApp-Image-2022-07-23-at-17.27.23.jpg\" \/>\n\t<meta property=\"og:image:width\" content=\"1000\" \/>\n\t<meta property=\"og:image:height\" content=\"670\" \/>\n\t<meta property=\"og:image:type\" content=\"image\/jpeg\" \/>\n<meta name=\"author\" content=\"Fernando Lima\" \/>\n<meta name=\"twitter:card\" content=\"summary_large_image\" \/>\n<meta name=\"twitter:label1\" content=\"Escrito por\" \/>\n\t<meta name=\"twitter:data1\" content=\"Fernando Lima\" \/>\n\t<meta name=\"twitter:label2\" content=\"Est. tempo de leitura\" \/>\n\t<meta name=\"twitter:data2\" content=\"2 minutos\" \/>\n<script type=\"application\/ld+json\" class=\"yoast-schema-graph\">{\"@context\":\"https:\/\/schema.org\",\"@graph\":[{\"@type\":\"WebPage\",\"@id\":\"https:\/\/verdadeon.com.br\/portal\/2022\/07\/23\/joao-rocha-oficializa-pre-candidatura-a-deputado-estadual-pelo-uniao-brasil\/\",\"url\":\"https:\/\/verdadeon.com.br\/portal\/2022\/07\/23\/joao-rocha-oficializa-pre-candidatura-a-deputado-estadual-pelo-uniao-brasil\/\",\"name\":\"Jo\u00e3o Rocha oficializa pr\u00e9-candidatura a deputado estadual pelo Uni\u00e3o Brasil - VerdadeOn\",\"isPartOf\":{\"@id\":\"https:\/\/verdadeon.com.br\/portal\/#website\"},\"primaryImageOfPage\":{\"@id\":\"https:\/\/verdadeon.com.br\/portal\/2022\/07\/23\/joao-rocha-oficializa-pre-candidatura-a-deputado-estadual-pelo-uniao-brasil\/#primaryimage\"},\"image\":{\"@id\":\"https:\/\/verdadeon.com.br\/portal\/2022\/07\/23\/joao-rocha-oficializa-pre-candidatura-a-deputado-estadual-pelo-uniao-brasil\/#primaryimage\"},\"thumbnailUrl\":\"https:\/\/i0.wp.com\/verdadeon.com.br\/portal\/wp-content\/uploads\/2022\/07\/WhatsApp-Image-2022-07-23-at-17.27.23.jpg?fit=1000%2C670&ssl=1\",\"datePublished\":\"2022-07-23T17:00:05+00:00\",\"dateModified\":\"2022-07-23T21:49:50+00:00\",\"author\":{\"@id\":\"https:\/\/verdadeon.com.br\/portal\/#\/schema\/person\/cc32be22b8e8599387c480bc83e1d11a\"},\"breadcrumb\":{\"@id\":\"https:\/\/verdadeon.com.br\/portal\/2022\/07\/23\/joao-rocha-oficializa-pre-candidatura-a-deputado-estadual-pelo-uniao-brasil\/#breadcrumb\"},\"inLanguage\":\"pt-BR\",\"potentialAction\":[{\"@type\":\"ReadAction\",\"target\":[\"https:\/\/verdadeon.com.br\/portal\/2022\/07\/23\/joao-rocha-oficializa-pre-candidatura-a-deputado-estadual-pelo-uniao-brasil\/\"]}]},{\"@type\":\"ImageObject\",\"inLanguage\":\"pt-BR\",\"@id\":\"https:\/\/verdadeon.com.br\/portal\/2022\/07\/23\/joao-rocha-oficializa-pre-candidatura-a-deputado-estadual-pelo-uniao-brasil\/#primaryimage\",\"url\":\"https:\/\/i0.wp.com\/verdadeon.com.br\/portal\/wp-content\/uploads\/2022\/07\/WhatsApp-Image-2022-07-23-at-17.27.23.jpg?fit=1000%2C670&ssl=1\",\"contentUrl\":\"https:\/\/i0.wp.com\/verdadeon.com.br\/portal\/wp-content\/uploads\/2022\/07\/WhatsApp-Image-2022-07-23-at-17.27.23.jpg?fit=1000%2C670&ssl=1\",\"width\":1000,\"height\":670,\"caption\":\"Jo\u00e3o Rocha, F\u00e1bio Meirelles e N\u00e9ria Buzzato lan\u00e7aram pr\u00e9 candidatura no dia de ontem\"},{\"@type\":\"BreadcrumbList\",\"@id\":\"https:\/\/verdadeon.com.br\/portal\/2022\/07\/23\/joao-rocha-oficializa-pre-candidatura-a-deputado-estadual-pelo-uniao-brasil\/#breadcrumb\",\"itemListElement\":[{\"@type\":\"ListItem\",\"position\":1,\"name\":\"In\u00edcio\",\"item\":\"https:\/\/verdadeon.com.br\/portal\/\"},{\"@type\":\"ListItem\",\"position\":2,\"name\":\"Jo\u00e3o Rocha oficializa pr\u00e9-candidatura a deputado estadual pelo Uni\u00e3o Brasil\"}]},{\"@type\":\"WebSite\",\"@id\":\"https:\/\/verdadeon.com.br\/portal\/#website\",\"url\":\"https:\/\/verdadeon.com.br\/portal\/\",\"name\":\"VerdadeOn\",\"description\":\"Not\u00edcias di\u00e1rias sobre Franca, Regi\u00e3o, Esporte, Cultura, Cotidiano, Colunas. Cobertura nos principais eventos da cidade \u00e9 aqui - Verdadeon Franca\",\"potentialAction\":[{\"@type\":\"SearchAction\",\"target\":{\"@type\":\"EntryPoint\",\"urlTemplate\":\"https:\/\/verdadeon.com.br\/portal\/?s={search_term_string}\"},\"query-input\":{\"@type\":\"PropertyValueSpecification\",\"valueRequired\":true,\"valueName\":\"search_term_string\"}}],\"inLanguage\":\"pt-BR\"},{\"@type\":\"Person\",\"@id\":\"https:\/\/verdadeon.com.br\/portal\/#\/schema\/person\/cc32be22b8e8599387c480bc83e1d11a\",\"name\":\"Fernando Lima\",\"image\":{\"@type\":\"ImageObject\",\"inLanguage\":\"pt-BR\",\"@id\":\"https:\/\/verdadeon.com.br\/portal\/#\/schema\/person\/image\/\",\"url\":\"https:\/\/secure.gravatar.com\/avatar\/df4c8e132080d2b3a4841d5d232045464e0eed11a1d6e43115ca0843d48768d3?s=96&d=mm&r=g\",\"contentUrl\":\"https:\/\/secure.gravatar.com\/avatar\/df4c8e132080d2b3a4841d5d232045464e0eed11a1d6e43115ca0843d48768d3?s=96&d=mm&r=g\",\"caption\":\"Fernando Lima\"},\"sameAs\":[\"http:\/\/verdadeon.com.br\/\"],\"url\":\"https:\/\/verdadeon.com.br\/portal\/author\/fernando-lima\/\"}]}<\/script>\n<!-- \/ Yoast SEO plugin. -->","yoast_head_json":{"title":"Jo\u00e3o Rocha oficializa pr\u00e9-candidatura a deputado estadual pelo Uni\u00e3o Brasil - VerdadeOn","robots":{"index":"index","follow":"follow","max-snippet":"max-snippet:-1","max-image-preview":"max-image-preview:large","max-video-preview":"max-video-preview:-1"},"canonical":"https:\/\/verdadeon.com.br\/portal\/2022\/07\/23\/joao-rocha-oficializa-pre-candidatura-a-deputado-estadual-pelo-uniao-brasil\/","og_locale":"pt_BR","og_type":"article","og_title":"Jo\u00e3o Rocha oficializa pr\u00e9-candidatura a deputado estadual pelo Uni\u00e3o Brasil - VerdadeOn","og_description":"No mesmo evento F\u00e1bio Meirelles e N\u00e9ria Buzzato foram lan\u00e7ados como pr\u00e9-candidatos a deputado federal Jo\u00e3o Rocha confirmou na tarde deste s\u00e1bado que \u00e9 pr\u00e9-candidato a [\u2026]","og_url":"https:\/\/verdadeon.com.br\/portal\/2022\/07\/23\/joao-rocha-oficializa-pre-candidatura-a-deputado-estadual-pelo-uniao-brasil\/","og_site_name":"VerdadeOn","article_published_time":"2022-07-23T17:00:05+00:00","article_modified_time":"2022-07-23T21:49:50+00:00","og_image":[{"width":1000,"height":670,"url":"https:\/\/verdadeon.com.br\/portal\/wp-content\/uploads\/2022\/07\/WhatsApp-Image-2022-07-23-at-17.27.23.jpg","type":"image\/jpeg"}],"author":"Fernando Lima","twitter_card":"summary_large_image","twitter_misc":{"Escrito por":"Fernando Lima","Est. tempo de leitura":"2 minutos"},"schema":{"@context":"https:\/\/schema.org","@graph":[{"@type":"WebPage","@id":"https:\/\/verdadeon.com.br\/portal\/2022\/07\/23\/joao-rocha-oficializa-pre-candidatura-a-deputado-estadual-pelo-uniao-brasil\/","url":"https:\/\/verdadeon.com.br\/portal\/2022\/07\/23\/joao-rocha-oficializa-pre-candidatura-a-deputado-estadual-pelo-uniao-brasil\/","name":"Jo\u00e3o Rocha oficializa pr\u00e9-candidatura a deputado estadual pelo Uni\u00e3o Brasil - VerdadeOn","isPartOf":{"@id":"https:\/\/verdadeon.com.br\/portal\/#website"},"primaryImageOfPage":{"@id":"https:\/\/verdadeon.com.br\/portal\/2022\/07\/23\/joao-rocha-oficializa-pre-candidatura-a-deputado-estadual-pelo-uniao-brasil\/#primaryimage"},"image":{"@id":"https:\/\/verdadeon.com.br\/portal\/2022\/07\/23\/joao-rocha-oficializa-pre-candidatura-a-deputado-estadual-pelo-uniao-brasil\/#primaryimage"},"thumbnailUrl":"https:\/\/i0.wp.com\/verdadeon.com.br\/portal\/wp-content\/uploads\/2022\/07\/WhatsApp-Image-2022-07-23-at-17.27.23.jpg?fit=1000%2C670&ssl=1","datePublished":"2022-07-23T17:00:05+00:00","dateModified":"2022-07-23T21:49:50+00:00","author":{"@id":"https:\/\/verdadeon.com.br\/portal\/#\/schema\/person\/cc32be22b8e8599387c480bc83e1d11a"},"breadcrumb":{"@id":"https:\/\/verdadeon.com.br\/portal\/2022\/07\/23\/joao-rocha-oficializa-pre-candidatura-a-deputado-estadual-pelo-uniao-brasil\/#breadcrumb"},"inLanguage":"pt-BR","potentialAction":[{"@type":"ReadAction","target":["https:\/\/verdadeon.com.br\/portal\/2022\/07\/23\/joao-rocha-oficializa-pre-candidatura-a-deputado-estadual-pelo-uniao-brasil\/"]}]},{"@type":"ImageObject","inLanguage":"pt-BR","@id":"https:\/\/verdadeon.com.br\/portal\/2022\/07\/23\/joao-rocha-oficializa-pre-candidatura-a-deputado-estadual-pelo-uniao-brasil\/#primaryimage","url":"https:\/\/i0.wp.com\/verdadeon.com.br\/portal\/wp-content\/uploads\/2022\/07\/WhatsApp-Image-2022-07-23-at-17.27.23.jpg?fit=1000%2C670&ssl=1","contentUrl":"https:\/\/i0.wp.com\/verdadeon.com.br\/portal\/wp-content\/uploads\/2022\/07\/WhatsApp-Image-2022-07-23-at-17.27.23.jpg?fit=1000%2C670&ssl=1","width":1000,"height":670,"caption":"Jo\u00e3o Rocha, F\u00e1bio Meirelles e N\u00e9ria Buzzato lan\u00e7aram pr\u00e9 candidatura no dia de ontem"},{"@type":"BreadcrumbList","@id":"https:\/\/verdadeon.com.br\/portal\/2022\/07\/23\/joao-rocha-oficializa-pre-candidatura-a-deputado-estadual-pelo-uniao-brasil\/#breadcrumb","itemListElement":[{"@type":"ListItem","position":1,"name":"In\u00edcio","item":"https:\/\/verdadeon.com.br\/portal\/"},{"@type":"ListItem","position":2,"name":"Jo\u00e3o Rocha oficializa pr\u00e9-candidatura a deputado estadual pelo Uni\u00e3o Brasil"}]},{"@type":"WebSite","@id":"https:\/\/verdadeon.com.br\/portal\/#website","url":"https:\/\/verdadeon.com.br\/portal\/","name":"VerdadeOn","description":"Not\u00edcias di\u00e1rias sobre Franca, Regi\u00e3o, Esporte, Cultura, Cotidiano, Colunas. Cobertura nos principais eventos da cidade \u00e9 aqui - Verdadeon Franca","potentialAction":[{"@type":"SearchAction","target":{"@type":"EntryPoint","urlTemplate":"https:\/\/verdadeon.com.br\/portal\/?s={search_term_string}"},"query-input":{"@type":"PropertyValueSpecification","valueRequired":true,"valueName":"search_term_string"}}],"inLanguage":"pt-BR"},{"@type":"Person","@id":"https:\/\/verdadeon.com.br\/portal\/#\/schema\/person\/cc32be22b8e8599387c480bc83e1d11a","name":"Fernando Lima","image":{"@type":"ImageObject","inLanguage":"pt-BR","@id":"https:\/\/verdadeon.com.br\/portal\/#\/schema\/person\/image\/","url":"https:\/\/secure.gravatar.com\/avatar\/df4c8e132080d2b3a4841d5d232045464e0eed11a1d6e43115ca0843d48768d3?s=96&d=mm&r=g","contentUrl":"https:\/\/secure.gravatar.com\/avatar\/df4c8e132080d2b3a4841d5d232045464e0eed11a1d6e43115ca0843d48768d3?s=96&d=mm&r=g","caption":"Fernando Lima"},"sameAs":["http:\/\/verdadeon.com.br\/"],"url":"https:\/\/verdadeon.com.br\/portal\/author\/fernando-lima\/"}]}},"jetpack_publicize_connections":[],"jetpack_featured_media_url":"https:\/\/i0.wp.com\/verdadeon.com.br\/portal\/wp-content\/uploads\/2022\/07\/WhatsApp-Image-2022-07-23-at-17.27.23.jpg?fit=1000%2C670&ssl=1","jetpack_sharing_enabled":true,"_links":{"self":[{"href":"https:\/\/verdadeon.com.br\/portal\/wp-json\/wp\/v2\/posts\/26699","targetHints":{"allow":["GET"]}}],"collection":[{"href":"https:\/\/verdadeon.com.br\/portal\/wp-json\/wp\/v2\/posts"}],"about":[{"href":"https:\/\/verdadeon.com.br\/portal\/wp-json\/wp\/v2\/types\/post"}],"author":[{"embeddable":true,"href":"https:\/\/verdadeon.com.br\/portal\/wp-json\/wp\/v2\/users\/7"}],"replies":[{"embeddable":true,"href":"https:\/\/verdadeon.com.br\/portal\/wp-json\/wp\/v2\/comments?post=26699"}],"version-history":[{"count":1,"href":"https:\/\/verdadeon.com.br\/portal\/wp-json\/wp\/v2\/posts\/26699\/revisions"}],"predecessor-version":[{"id":26707,"href":"https:\/\/verdadeon.com.br\/portal\/wp-json\/wp\/v2\/posts\/26699\/revisions\/26707"}],"wp:featuredmedia":[{"embeddable":true,"href":"https:\/\/verdadeon.com.br\/portal\/wp-json\/wp\/v2\/media\/26713"}],"wp:attachment":[{"href":"https:\/\/verdadeon.com.br\/portal\/wp-json\/wp\/v2\/media?parent=26699"}],"wp:term":[{"taxonomy":"category","embeddable":true,"href":"https:\/\/verdadeon.com.br\/portal\/wp-json\/wp\/v2\/categories?post=26699"},{"taxonomy":"post_tag","embeddable":true,"href":"https:\/\/verdadeon.com.br\/portal\/wp-json\/wp\/v2\/tags?post=26699"}],"curies":[{"name":"wp","href":"https:\/\/api.w.org\/{rel}","templated":true}]}}