{"id":26697,"date":"2022-07-23T12:38:45","date_gmt":"2022-07-23T15:38:45","guid":{"rendered":"https:\/\/verdadeon.com.br\/portal\/?p=26697"},"modified":"2022-07-23T12:38:45","modified_gmt":"2022-07-23T15:38:45","slug":"camara-de-franca-vota-projeto-de-protecao-a-idosos-contra-golpes-financeiros","status":"publish","type":"post","link":"https:\/\/verdadeon.com.br\/portal\/2022\/07\/23\/camara-de-franca-vota-projeto-de-protecao-a-idosos-contra-golpes-financeiros\/","title":{"rendered":"C\u00e2mara de Franca vota projeto de prote\u00e7\u00e3o a idosos contra golpes financeiros"},"content":{"rendered":"<h2>Mat\u00e9ria j\u00e1 recebeu o aval das comiss\u00f5es permanentes da Casa de Leis<\/h2>\n<p>O projeto que cria a campanha de \u201cCombate aos Golpes Financeiros contra Idosos\u201d, ser\u00e1 votado na C\u00e2mara de Franca, o projeto \u00e9 de autoria dos vereadores Donizete da Farm\u00e1cia (MDB) e Marcelo Tidy (Uni\u00e3o).<\/p>\n<p>\u201c\u00c9 do conhecimento de todos que os idosos s\u00e3o as maiores v\u00edtimas de estelionato, sofrendo os mais diversos golpes financeiros, como as abordagens nas proximidades de caixas eletr\u00f4nicos, ou golpe conhecido como &#8220;bilhete premiado&#8221;, al\u00e9m de empr\u00e9stimos com desconto direto na fonte sem o devido consentimento. Com o isolamento social imposto pela pandemia da Covid-19, a situa\u00e7\u00e3o se tornou mais cr\u00edtica e esse p\u00fablico precisa da nossa prote\u00e7\u00e3o atual. Tem sido comum o registro de golpes contra os idosos, em geral, praticados at\u00e9 mesmo dentro da pr\u00f3pria fam\u00edlia. S\u00e3o golpes como a apropria\u00e7\u00e3o ind\u00e9bita de recursos financeiros ou bens, administra\u00e7\u00e3o fraudulenta de cart\u00e3o de benef\u00edcios previdenci\u00e1rios, contrata\u00e7\u00e3o de empr\u00e9stimos financeiros sem o conhecimento do pr\u00f3prio idoso, enfim, uma s\u00e9rie de pr\u00e1ticas que prejudicam muito a vida dessas pessoas\u201d, justificaram no projeto.<\/p>\n<p>Pelo texto ser\u00e3o desenvolvidas a\u00e7\u00f5es educativas com o objetivo de proteger as v\u00edtimas e encorajar a sociedade a participar do enfrentamento, aux\u00edlio e aten\u00e7\u00e3o as movimenta\u00e7\u00f5es financeiras praticadas por idosos, priorizando a preven\u00e7\u00e3o, repress\u00e3o e prote\u00e7\u00e3o e aux\u00edlio \u00e0s v\u00edtimas de golpes financeiros.<\/p>\n","protected":false},"excerpt":{"rendered":"<p>Mat\u00e9ria j\u00e1 recebeu o aval das comiss\u00f5es permanentes da Casa de Leis O projeto que cria a campanha de \u201cCombate aos Golpes Financeiros contra Idosos\u201d, ser\u00e1<span class=\"excerpt-hellip\"> [\u2026]<\/span><\/p>\n","protected":false},"author":7,"featured_media":24949,"comment_status":"open","ping_status":"open","sticky":false,"template":"","format":"standard","meta":{"_jetpack_memberships_contains_paid_content":false,"footnotes":"","jetpack_publicize_message":"","jetpack_publicize_feature_enabled":true,"jetpack_social_post_already_shared":false,"jetpack_social_options":{"image_generator_settings":{"template":"highway","default_image_id":0,"enabled":false},"version":2}},"categories":[28,81],"tags":[],"class_list":["post-26697","post","type-post","status-publish","format-standard","has-post-thumbnail","hentry","category-cotidiano","category-manchete"],"yoast_head":"<!-- This site is optimized with the Yoast SEO plugin v25.6 - https:\/\/yoast.com\/wordpress\/plugins\/seo\/ -->\n<title>C\u00e2mara de Franca vota projeto de prote\u00e7\u00e3o a idosos contra golpes financeiros - VerdadeOn<\/title>\n<meta name=\"robots\" content=\"index, follow, max-snippet:-1, max-image-preview:large, max-video-preview:-1\" \/>\n<link rel=\"canonical\" href=\"https:\/\/verdadeon.com.br\/portal\/2022\/07\/23\/camara-de-franca-vota-projeto-de-protecao-a-idosos-contra-golpes-financeiros\/\" \/>\n<meta property=\"og:locale\" content=\"pt_BR\" \/>\n<meta property=\"og:type\" content=\"article\" \/>\n<meta property=\"og:title\" content=\"C\u00e2mara de Franca vota projeto de prote\u00e7\u00e3o a idosos contra golpes financeiros - VerdadeOn\" \/>\n<meta property=\"og:description\" content=\"Mat\u00e9ria j\u00e1 recebeu o aval das comiss\u00f5es permanentes da Casa de Leis O projeto que cria a campanha de \u201cCombate aos Golpes Financeiros contra Idosos\u201d, ser\u00e1 [\u2026]\" \/>\n<meta property=\"og:url\" content=\"https:\/\/verdadeon.com.br\/portal\/2022\/07\/23\/camara-de-franca-vota-projeto-de-protecao-a-idosos-contra-golpes-financeiros\/\" \/>\n<meta property=\"og:site_name\" content=\"VerdadeOn\" \/>\n<meta property=\"article:published_time\" content=\"2022-07-23T15:38:45+00:00\" \/>\n<meta property=\"og:image\" content=\"https:\/\/verdadeon.com.br\/portal\/wp-content\/uploads\/2022\/05\/fachadaplenario2022-2.jpeg\" \/>\n\t<meta property=\"og:image:width\" content=\"1000\" \/>\n\t<meta property=\"og:image:height\" content=\"666\" \/>\n\t<meta property=\"og:image:type\" content=\"image\/jpeg\" \/>\n<meta name=\"author\" content=\"Fernando Lima\" \/>\n<meta name=\"twitter:card\" content=\"summary_large_image\" \/>\n<meta name=\"twitter:label1\" content=\"Escrito por\" \/>\n\t<meta name=\"twitter:data1\" content=\"Fernando Lima\" \/>\n\t<meta name=\"twitter:label2\" content=\"Est. tempo de leitura\" \/>\n\t<meta name=\"twitter:data2\" content=\"2 minutos\" \/>\n<script type=\"application\/ld+json\" class=\"yoast-schema-graph\">{\"@context\":\"https:\/\/schema.org\",\"@graph\":[{\"@type\":\"WebPage\",\"@id\":\"https:\/\/verdadeon.com.br\/portal\/2022\/07\/23\/camara-de-franca-vota-projeto-de-protecao-a-idosos-contra-golpes-financeiros\/\",\"url\":\"https:\/\/verdadeon.com.br\/portal\/2022\/07\/23\/camara-de-franca-vota-projeto-de-protecao-a-idosos-contra-golpes-financeiros\/\",\"name\":\"C\u00e2mara de Franca vota projeto de prote\u00e7\u00e3o a idosos contra golpes financeiros - VerdadeOn\",\"isPartOf\":{\"@id\":\"https:\/\/verdadeon.com.br\/portal\/#website\"},\"primaryImageOfPage\":{\"@id\":\"https:\/\/verdadeon.com.br\/portal\/2022\/07\/23\/camara-de-franca-vota-projeto-de-protecao-a-idosos-contra-golpes-financeiros\/#primaryimage\"},\"image\":{\"@id\":\"https:\/\/verdadeon.com.br\/portal\/2022\/07\/23\/camara-de-franca-vota-projeto-de-protecao-a-idosos-contra-golpes-financeiros\/#primaryimage\"},\"thumbnailUrl\":\"https:\/\/i0.wp.com\/verdadeon.com.br\/portal\/wp-content\/uploads\/2022\/05\/fachadaplenario2022-2.jpeg?fit=1000%2C666&ssl=1\",\"datePublished\":\"2022-07-23T15:38:45+00:00\",\"author\":{\"@id\":\"https:\/\/verdadeon.com.br\/portal\/#\/schema\/person\/cc32be22b8e8599387c480bc83e1d11a\"},\"breadcrumb\":{\"@id\":\"https:\/\/verdadeon.com.br\/portal\/2022\/07\/23\/camara-de-franca-vota-projeto-de-protecao-a-idosos-contra-golpes-financeiros\/#breadcrumb\"},\"inLanguage\":\"pt-BR\",\"potentialAction\":[{\"@type\":\"ReadAction\",\"target\":[\"https:\/\/verdadeon.com.br\/portal\/2022\/07\/23\/camara-de-franca-vota-projeto-de-protecao-a-idosos-contra-golpes-financeiros\/\"]}]},{\"@type\":\"ImageObject\",\"inLanguage\":\"pt-BR\",\"@id\":\"https:\/\/verdadeon.com.br\/portal\/2022\/07\/23\/camara-de-franca-vota-projeto-de-protecao-a-idosos-contra-golpes-financeiros\/#primaryimage\",\"url\":\"https:\/\/i0.wp.com\/verdadeon.com.br\/portal\/wp-content\/uploads\/2022\/05\/fachadaplenario2022-2.jpeg?fit=1000%2C666&ssl=1\",\"contentUrl\":\"https:\/\/i0.wp.com\/verdadeon.com.br\/portal\/wp-content\/uploads\/2022\/05\/fachadaplenario2022-2.jpeg?fit=1000%2C666&ssl=1\",\"width\":1000,\"height\":666,\"caption\":\"O texto segue agora para ser sancionado pela prefeitura, a data limite \u00e9 o dia 21 de setembro | Foto: C\u00e2mara Municipal\"},{\"@type\":\"BreadcrumbList\",\"@id\":\"https:\/\/verdadeon.com.br\/portal\/2022\/07\/23\/camara-de-franca-vota-projeto-de-protecao-a-idosos-contra-golpes-financeiros\/#breadcrumb\",\"itemListElement\":[{\"@type\":\"ListItem\",\"position\":1,\"name\":\"In\u00edcio\",\"item\":\"https:\/\/verdadeon.com.br\/portal\/\"},{\"@type\":\"ListItem\",\"position\":2,\"name\":\"C\u00e2mara de Franca vota projeto de prote\u00e7\u00e3o a idosos contra golpes financeiros\"}]},{\"@type\":\"WebSite\",\"@id\":\"https:\/\/verdadeon.com.br\/portal\/#website\",\"url\":\"https:\/\/verdadeon.com.br\/portal\/\",\"name\":\"VerdadeOn\",\"description\":\"Not\u00edcias di\u00e1rias sobre Franca, Regi\u00e3o, Esporte, Cultura, Cotidiano, Colunas. Cobertura nos principais eventos da cidade \u00e9 aqui - Verdadeon Franca\",\"potentialAction\":[{\"@type\":\"SearchAction\",\"target\":{\"@type\":\"EntryPoint\",\"urlTemplate\":\"https:\/\/verdadeon.com.br\/portal\/?s={search_term_string}\"},\"query-input\":{\"@type\":\"PropertyValueSpecification\",\"valueRequired\":true,\"valueName\":\"search_term_string\"}}],\"inLanguage\":\"pt-BR\"},{\"@type\":\"Person\",\"@id\":\"https:\/\/verdadeon.com.br\/portal\/#\/schema\/person\/cc32be22b8e8599387c480bc83e1d11a\",\"name\":\"Fernando Lima\",\"image\":{\"@type\":\"ImageObject\",\"inLanguage\":\"pt-BR\",\"@id\":\"https:\/\/verdadeon.com.br\/portal\/#\/schema\/person\/image\/\",\"url\":\"https:\/\/secure.gravatar.com\/avatar\/df4c8e132080d2b3a4841d5d232045464e0eed11a1d6e43115ca0843d48768d3?s=96&d=mm&r=g\",\"contentUrl\":\"https:\/\/secure.gravatar.com\/avatar\/df4c8e132080d2b3a4841d5d232045464e0eed11a1d6e43115ca0843d48768d3?s=96&d=mm&r=g\",\"caption\":\"Fernando Lima\"},\"sameAs\":[\"http:\/\/verdadeon.com.br\/\"],\"url\":\"https:\/\/verdadeon.com.br\/portal\/author\/fernando-lima\/\"}]}<\/script>\n<!-- \/ Yoast SEO plugin. -->","yoast_head_json":{"title":"C\u00e2mara de Franca vota projeto de prote\u00e7\u00e3o a idosos contra golpes financeiros - VerdadeOn","robots":{"index":"index","follow":"follow","max-snippet":"max-snippet:-1","max-image-preview":"max-image-preview:large","max-video-preview":"max-video-preview:-1"},"canonical":"https:\/\/verdadeon.com.br\/portal\/2022\/07\/23\/camara-de-franca-vota-projeto-de-protecao-a-idosos-contra-golpes-financeiros\/","og_locale":"pt_BR","og_type":"article","og_title":"C\u00e2mara de Franca vota projeto de prote\u00e7\u00e3o a idosos contra golpes financeiros - VerdadeOn","og_description":"Mat\u00e9ria j\u00e1 recebeu o aval das comiss\u00f5es permanentes da Casa de Leis O projeto que cria a campanha de \u201cCombate aos Golpes Financeiros contra Idosos\u201d, ser\u00e1 [\u2026]","og_url":"https:\/\/verdadeon.com.br\/portal\/2022\/07\/23\/camara-de-franca-vota-projeto-de-protecao-a-idosos-contra-golpes-financeiros\/","og_site_name":"VerdadeOn","article_published_time":"2022-07-23T15:38:45+00:00","og_image":[{"width":1000,"height":666,"url":"https:\/\/verdadeon.com.br\/portal\/wp-content\/uploads\/2022\/05\/fachadaplenario2022-2.jpeg","type":"image\/jpeg"}],"author":"Fernando Lima","twitter_card":"summary_large_image","twitter_misc":{"Escrito por":"Fernando Lima","Est. tempo de leitura":"2 minutos"},"schema":{"@context":"https:\/\/schema.org","@graph":[{"@type":"WebPage","@id":"https:\/\/verdadeon.com.br\/portal\/2022\/07\/23\/camara-de-franca-vota-projeto-de-protecao-a-idosos-contra-golpes-financeiros\/","url":"https:\/\/verdadeon.com.br\/portal\/2022\/07\/23\/camara-de-franca-vota-projeto-de-protecao-a-idosos-contra-golpes-financeiros\/","name":"C\u00e2mara de Franca vota projeto de prote\u00e7\u00e3o a idosos contra golpes financeiros - VerdadeOn","isPartOf":{"@id":"https:\/\/verdadeon.com.br\/portal\/#website"},"primaryImageOfPage":{"@id":"https:\/\/verdadeon.com.br\/portal\/2022\/07\/23\/camara-de-franca-vota-projeto-de-protecao-a-idosos-contra-golpes-financeiros\/#primaryimage"},"image":{"@id":"https:\/\/verdadeon.com.br\/portal\/2022\/07\/23\/camara-de-franca-vota-projeto-de-protecao-a-idosos-contra-golpes-financeiros\/#primaryimage"},"thumbnailUrl":"https:\/\/i0.wp.com\/verdadeon.com.br\/portal\/wp-content\/uploads\/2022\/05\/fachadaplenario2022-2.jpeg?fit=1000%2C666&ssl=1","datePublished":"2022-07-23T15:38:45+00:00","author":{"@id":"https:\/\/verdadeon.com.br\/portal\/#\/schema\/person\/cc32be22b8e8599387c480bc83e1d11a"},"breadcrumb":{"@id":"https:\/\/verdadeon.com.br\/portal\/2022\/07\/23\/camara-de-franca-vota-projeto-de-protecao-a-idosos-contra-golpes-financeiros\/#breadcrumb"},"inLanguage":"pt-BR","potentialAction":[{"@type":"ReadAction","target":["https:\/\/verdadeon.com.br\/portal\/2022\/07\/23\/camara-de-franca-vota-projeto-de-protecao-a-idosos-contra-golpes-financeiros\/"]}]},{"@type":"ImageObject","inLanguage":"pt-BR","@id":"https:\/\/verdadeon.com.br\/portal\/2022\/07\/23\/camara-de-franca-vota-projeto-de-protecao-a-idosos-contra-golpes-financeiros\/#primaryimage","url":"https:\/\/i0.wp.com\/verdadeon.com.br\/portal\/wp-content\/uploads\/2022\/05\/fachadaplenario2022-2.jpeg?fit=1000%2C666&ssl=1","contentUrl":"https:\/\/i0.wp.com\/verdadeon.com.br\/portal\/wp-content\/uploads\/2022\/05\/fachadaplenario2022-2.jpeg?fit=1000%2C666&ssl=1","width":1000,"height":666,"caption":"O texto segue agora para ser sancionado pela prefeitura, a data limite \u00e9 o dia 21 de setembro | Foto: C\u00e2mara Municipal"},{"@type":"BreadcrumbList","@id":"https:\/\/verdadeon.com.br\/portal\/2022\/07\/23\/camara-de-franca-vota-projeto-de-protecao-a-idosos-contra-golpes-financeiros\/#breadcrumb","itemListElement":[{"@type":"ListItem","position":1,"name":"In\u00edcio","item":"https:\/\/verdadeon.com.br\/portal\/"},{"@type":"ListItem","position":2,"name":"C\u00e2mara de Franca vota projeto de prote\u00e7\u00e3o a idosos contra golpes financeiros"}]},{"@type":"WebSite","@id":"https:\/\/verdadeon.com.br\/portal\/#website","url":"https:\/\/verdadeon.com.br\/portal\/","name":"VerdadeOn","description":"Not\u00edcias di\u00e1rias sobre Franca, Regi\u00e3o, Esporte, Cultura, Cotidiano, Colunas. Cobertura nos principais eventos da cidade \u00e9 aqui - Verdadeon Franca","potentialAction":[{"@type":"SearchAction","target":{"@type":"EntryPoint","urlTemplate":"https:\/\/verdadeon.com.br\/portal\/?s={search_term_string}"},"query-input":{"@type":"PropertyValueSpecification","valueRequired":true,"valueName":"search_term_string"}}],"inLanguage":"pt-BR"},{"@type":"Person","@id":"https:\/\/verdadeon.com.br\/portal\/#\/schema\/person\/cc32be22b8e8599387c480bc83e1d11a","name":"Fernando Lima","image":{"@type":"ImageObject","inLanguage":"pt-BR","@id":"https:\/\/verdadeon.com.br\/portal\/#\/schema\/person\/image\/","url":"https:\/\/secure.gravatar.com\/avatar\/df4c8e132080d2b3a4841d5d232045464e0eed11a1d6e43115ca0843d48768d3?s=96&d=mm&r=g","contentUrl":"https:\/\/secure.gravatar.com\/avatar\/df4c8e132080d2b3a4841d5d232045464e0eed11a1d6e43115ca0843d48768d3?s=96&d=mm&r=g","caption":"Fernando Lima"},"sameAs":["http:\/\/verdadeon.com.br\/"],"url":"https:\/\/verdadeon.com.br\/portal\/author\/fernando-lima\/"}]}},"jetpack_publicize_connections":[],"jetpack_featured_media_url":"https:\/\/i0.wp.com\/verdadeon.com.br\/portal\/wp-content\/uploads\/2022\/05\/fachadaplenario2022-2.jpeg?fit=1000%2C666&ssl=1","jetpack_sharing_enabled":true,"_links":{"self":[{"href":"https:\/\/verdadeon.com.br\/portal\/wp-json\/wp\/v2\/posts\/26697","targetHints":{"allow":["GET"]}}],"collection":[{"href":"https:\/\/verdadeon.com.br\/portal\/wp-json\/wp\/v2\/posts"}],"about":[{"href":"https:\/\/verdadeon.com.br\/portal\/wp-json\/wp\/v2\/types\/post"}],"author":[{"embeddable":true,"href":"https:\/\/verdadeon.com.br\/portal\/wp-json\/wp\/v2\/users\/7"}],"replies":[{"embeddable":true,"href":"https:\/\/verdadeon.com.br\/portal\/wp-json\/wp\/v2\/comments?post=26697"}],"version-history":[{"count":1,"href":"https:\/\/verdadeon.com.br\/portal\/wp-json\/wp\/v2\/posts\/26697\/revisions"}],"predecessor-version":[{"id":26698,"href":"https:\/\/verdadeon.com.br\/portal\/wp-json\/wp\/v2\/posts\/26697\/revisions\/26698"}],"wp:featuredmedia":[{"embeddable":true,"href":"https:\/\/verdadeon.com.br\/portal\/wp-json\/wp\/v2\/media\/24949"}],"wp:attachment":[{"href":"https:\/\/verdadeon.com.br\/portal\/wp-json\/wp\/v2\/media?parent=26697"}],"wp:term":[{"taxonomy":"category","embeddable":true,"href":"https:\/\/verdadeon.com.br\/portal\/wp-json\/wp\/v2\/categories?post=26697"},{"taxonomy":"post_tag","embeddable":true,"href":"https:\/\/verdadeon.com.br\/portal\/wp-json\/wp\/v2\/tags?post=26697"}],"curies":[{"name":"wp","href":"https:\/\/api.w.org\/{rel}","templated":true}]}}