{"id":26679,"date":"2022-07-22T18:05:11","date_gmt":"2022-07-22T21:05:11","guid":{"rendered":"https:\/\/verdadeon.com.br\/portal\/?p=26679"},"modified":"2022-07-22T18:05:11","modified_gmt":"2022-07-22T21:05:11","slug":"em-nova-pesquisa-procon-aponta-etanol-a-r-349-em-franca","status":"publish","type":"post","link":"https:\/\/verdadeon.com.br\/portal\/2022\/07\/22\/em-nova-pesquisa-procon-aponta-etanol-a-r-349-em-franca\/","title":{"rendered":"Em nova pesquisa Procon aponta etanol a R$ 3,49 em Franca"},"content":{"rendered":"<h2>Desde o in\u00edcio de julho o \u00f3rg\u00e3o vem monitorando os valores praticados na cidade, por conta da redu\u00e7\u00e3o de impostos<\/h2>\n<p>O Procon de Franca divulgou nesta sexta-feira (22), mais uma pesquisa sobre o pre\u00e7o dos combust\u00edveis em Franca, o levantamento foi feito em 90 postos de todas as regi\u00f5es da cidade. O etanol apresentou queda, a m\u00e9dia \u00e9 de R$ 3.77, sendo o maior valor praticado a R$ 3.89, e o menor R$ 3.49, o que representa uma varia\u00e7\u00e3o de 3.6%.<\/p>\n<p>Em rela\u00e7\u00e3o a gasolina o Procon aponta que a m\u00e9dia do litro na cidade \u00e9 de R$ 5.78, com pre\u00e7os que variam entre R$ 5.59 e R$5.89, varia\u00e7\u00e3o de 5.5%.\u00a0O \u00f3leo diesel n\u00e3o apresentou redu\u00e7\u00e3o nos comparativos das semanas anteriores, na cidade ele \u00e9 vendido a R$ 6.97 a R$ 7.76, o que representa uma varia\u00e7\u00e3o de 7.3%.<\/p>\n<p>O Procon alerta que o consumidor que encontrar um pre\u00e7o que considere abusivo, pode entrar em contato para denunciar, o telefone \u00e9 o (16) 3721-4757.<\/p>\n<p>A semana foi marcada por an\u00fancios de redu\u00e7\u00f5es, na segunda-feira (18) por exemplo, o governo de S\u00e3o Paulo anunciou a redu\u00e7\u00e3o do Imposto sobre Circula\u00e7\u00e3o de Mercadorias e Servi\u00e7os (ICMS) do etanol de 13,3% para 9,57%, o que resultar\u00e1 em um impacto de R$ 563 milh\u00f5es na arrecada\u00e7\u00e3o at\u00e9 o final do ano. A ren\u00fancia de receita para o estado est\u00e1 estimada em R$ 125,1 milh\u00f5es ao m\u00eas. A estimativa do governo \u00e9 que a\u00e7\u00e3o reduza o valor na bomba em R$ 0,17.<img data-recalc-dims=\"1\" decoding=\"async\" src=\"https:\/\/i0.wp.com\/agenciabrasil.ebc.com.br\/ebc.png?w=1220&#038;ssl=1\" \/><img data-recalc-dims=\"1\" decoding=\"async\" src=\"https:\/\/i0.wp.com\/agenciabrasil.ebc.com.br\/ebc.gif?w=1220&#038;ssl=1\" \/><\/p>\n<p>No m\u00eas passado, S\u00e3o Paulo anunciou a redu\u00e7\u00e3o na al\u00edquota da gasolina, de 25% para 18%.<\/p>\n<p>J\u00e1 na ter\u00e7a-feira (19), a Petrobras anunciou uma redu\u00e7\u00e3o de R$ 0,20 no pre\u00e7o m\u00e9dio da gasolina vendida \u00e0s distribuidoras de combust\u00edvel. O reajuste entrou em vigor na quarta-feira (20), fazendo com que o litro fornecido pelas refinarias da estatal caia de R$ 4,06 para R$ 3,86. N\u00e3o houve altera\u00e7\u00e3o no pre\u00e7o do diesel, cujo litro permanece em R$ 5,61 desde 18 de junho.<img data-recalc-dims=\"1\" decoding=\"async\" src=\"https:\/\/i0.wp.com\/agenciabrasil.ebc.com.br\/ebc.png?w=1220&#038;ssl=1\" \/><img data-recalc-dims=\"1\" decoding=\"async\" src=\"https:\/\/i0.wp.com\/agenciabrasil.ebc.com.br\/ebc.gif?w=1220&#038;ssl=1\" \/><\/p>\n<p>A redu\u00e7\u00e3o do pre\u00e7o da gasolina \u00e9 a primeira desde\u00a015 de dezembro\u00a0do ano passado. Naquele dia, a\u00a0Petrobras reduziu o pre\u00e7o em R$ 0,10, de R$ 3,19 para R$ 3,09. Desde ent\u00e3o, todos os reajustes aumentaram o pre\u00e7o do combust\u00edvel.<\/p>\n<p>Segundo comunicado divulgado pela empresa, &#8220;essa redu\u00e7\u00e3o acompanha a evolu\u00e7\u00e3o dos pre\u00e7os internacionais de refer\u00eancia, que se estabilizaram em patamar inferior para a gasolina, e \u00e9 coerente com a pr\u00e1tica de pre\u00e7os da Petrobras&#8221;.<\/p>\n<p>Com o reajuste anunciado a Petrobras afirma que a parcela de seu pre\u00e7o no valor pago pelo consumidor vai cair, em m\u00e9dia, de R$ 2,96 para R$ 2,81, a cada litro vendido na bomba.<\/p>\n","protected":false},"excerpt":{"rendered":"<p>Desde o in\u00edcio de julho o \u00f3rg\u00e3o vem monitorando os valores praticados na cidade, por conta da redu\u00e7\u00e3o de impostos O Procon de Franca divulgou nesta<span class=\"excerpt-hellip\"> [\u2026]<\/span><\/p>\n","protected":false},"author":7,"featured_media":22220,"comment_status":"open","ping_status":"open","sticky":false,"template":"","format":"standard","meta":{"_jetpack_memberships_contains_paid_content":false,"footnotes":"","jetpack_publicize_message":"","jetpack_publicize_feature_enabled":true,"jetpack_social_post_already_shared":false,"jetpack_social_options":{"image_generator_settings":{"template":"highway","default_image_id":0,"enabled":false},"version":2}},"categories":[28,81],"tags":[],"class_list":["post-26679","post","type-post","status-publish","format-standard","has-post-thumbnail","hentry","category-cotidiano","category-manchete"],"yoast_head":"<!-- This site is optimized with the Yoast SEO plugin v25.6 - https:\/\/yoast.com\/wordpress\/plugins\/seo\/ -->\n<title>Em nova pesquisa Procon aponta etanol a R$ 3,49 em Franca - VerdadeOn<\/title>\n<meta name=\"robots\" content=\"index, follow, max-snippet:-1, max-image-preview:large, max-video-preview:-1\" \/>\n<link rel=\"canonical\" href=\"https:\/\/verdadeon.com.br\/portal\/2022\/07\/22\/em-nova-pesquisa-procon-aponta-etanol-a-r-349-em-franca\/\" \/>\n<meta property=\"og:locale\" content=\"pt_BR\" \/>\n<meta property=\"og:type\" content=\"article\" \/>\n<meta property=\"og:title\" content=\"Em nova pesquisa Procon aponta etanol a R$ 3,49 em Franca - VerdadeOn\" \/>\n<meta property=\"og:description\" content=\"Desde o in\u00edcio de julho o \u00f3rg\u00e3o vem monitorando os valores praticados na cidade, por conta da redu\u00e7\u00e3o de impostos O Procon de Franca divulgou nesta [\u2026]\" \/>\n<meta property=\"og:url\" content=\"https:\/\/verdadeon.com.br\/portal\/2022\/07\/22\/em-nova-pesquisa-procon-aponta-etanol-a-r-349-em-franca\/\" \/>\n<meta property=\"og:site_name\" content=\"VerdadeOn\" \/>\n<meta property=\"article:published_time\" content=\"2022-07-22T21:05:11+00:00\" \/>\n<meta property=\"og:image\" content=\"https:\/\/verdadeon.com.br\/portal\/wp-content\/uploads\/2022\/01\/GASOLINA-e1658523847813.jpg\" \/>\n\t<meta property=\"og:image:width\" content=\"1000\" \/>\n\t<meta property=\"og:image:height\" content=\"669\" \/>\n\t<meta property=\"og:image:type\" content=\"image\/jpeg\" \/>\n<meta name=\"author\" content=\"Fernando Lima\" \/>\n<meta name=\"twitter:card\" content=\"summary_large_image\" \/>\n<meta name=\"twitter:label1\" content=\"Escrito por\" \/>\n\t<meta name=\"twitter:data1\" content=\"Fernando Lima\" \/>\n\t<meta name=\"twitter:label2\" content=\"Est. tempo de leitura\" \/>\n\t<meta name=\"twitter:data2\" content=\"4 minutos\" \/>\n<script type=\"application\/ld+json\" class=\"yoast-schema-graph\">{\"@context\":\"https:\/\/schema.org\",\"@graph\":[{\"@type\":\"WebPage\",\"@id\":\"https:\/\/verdadeon.com.br\/portal\/2022\/07\/22\/em-nova-pesquisa-procon-aponta-etanol-a-r-349-em-franca\/\",\"url\":\"https:\/\/verdadeon.com.br\/portal\/2022\/07\/22\/em-nova-pesquisa-procon-aponta-etanol-a-r-349-em-franca\/\",\"name\":\"Em nova pesquisa Procon aponta etanol a R$ 3,49 em Franca - VerdadeOn\",\"isPartOf\":{\"@id\":\"https:\/\/verdadeon.com.br\/portal\/#website\"},\"primaryImageOfPage\":{\"@id\":\"https:\/\/verdadeon.com.br\/portal\/2022\/07\/22\/em-nova-pesquisa-procon-aponta-etanol-a-r-349-em-franca\/#primaryimage\"},\"image\":{\"@id\":\"https:\/\/verdadeon.com.br\/portal\/2022\/07\/22\/em-nova-pesquisa-procon-aponta-etanol-a-r-349-em-franca\/#primaryimage\"},\"thumbnailUrl\":\"https:\/\/i0.wp.com\/verdadeon.com.br\/portal\/wp-content\/uploads\/2022\/01\/GASOLINA-e1658523847813.jpg?fit=1000%2C669&ssl=1\",\"datePublished\":\"2022-07-22T21:05:11+00:00\",\"author\":{\"@id\":\"https:\/\/verdadeon.com.br\/portal\/#\/schema\/person\/cc32be22b8e8599387c480bc83e1d11a\"},\"breadcrumb\":{\"@id\":\"https:\/\/verdadeon.com.br\/portal\/2022\/07\/22\/em-nova-pesquisa-procon-aponta-etanol-a-r-349-em-franca\/#breadcrumb\"},\"inLanguage\":\"pt-BR\",\"potentialAction\":[{\"@type\":\"ReadAction\",\"target\":[\"https:\/\/verdadeon.com.br\/portal\/2022\/07\/22\/em-nova-pesquisa-procon-aponta-etanol-a-r-349-em-franca\/\"]}]},{\"@type\":\"ImageObject\",\"inLanguage\":\"pt-BR\",\"@id\":\"https:\/\/verdadeon.com.br\/portal\/2022\/07\/22\/em-nova-pesquisa-procon-aponta-etanol-a-r-349-em-franca\/#primaryimage\",\"url\":\"https:\/\/i0.wp.com\/verdadeon.com.br\/portal\/wp-content\/uploads\/2022\/01\/GASOLINA-e1658523847813.jpg?fit=1000%2C669&ssl=1\",\"contentUrl\":\"https:\/\/i0.wp.com\/verdadeon.com.br\/portal\/wp-content\/uploads\/2022\/01\/GASOLINA-e1658523847813.jpg?fit=1000%2C669&ssl=1\",\"width\":1000,\"height\":669,\"caption\":\"Desde o come\u00e7o de julho os pre\u00e7os est\u00e3o em queda em todo o pa\u00eds, ap\u00f3s an\u00fancio de redu\u00e7\u00f5es de impostos do Governo Federal | Foto: Ag\u00eancia Brasil\"},{\"@type\":\"BreadcrumbList\",\"@id\":\"https:\/\/verdadeon.com.br\/portal\/2022\/07\/22\/em-nova-pesquisa-procon-aponta-etanol-a-r-349-em-franca\/#breadcrumb\",\"itemListElement\":[{\"@type\":\"ListItem\",\"position\":1,\"name\":\"In\u00edcio\",\"item\":\"https:\/\/verdadeon.com.br\/portal\/\"},{\"@type\":\"ListItem\",\"position\":2,\"name\":\"Em nova pesquisa Procon aponta etanol a R$ 3,49 em Franca\"}]},{\"@type\":\"WebSite\",\"@id\":\"https:\/\/verdadeon.com.br\/portal\/#website\",\"url\":\"https:\/\/verdadeon.com.br\/portal\/\",\"name\":\"VerdadeOn\",\"description\":\"Not\u00edcias di\u00e1rias sobre Franca, Regi\u00e3o, Esporte, Cultura, Cotidiano, Colunas. Cobertura nos principais eventos da cidade \u00e9 aqui - Verdadeon Franca\",\"potentialAction\":[{\"@type\":\"SearchAction\",\"target\":{\"@type\":\"EntryPoint\",\"urlTemplate\":\"https:\/\/verdadeon.com.br\/portal\/?s={search_term_string}\"},\"query-input\":{\"@type\":\"PropertyValueSpecification\",\"valueRequired\":true,\"valueName\":\"search_term_string\"}}],\"inLanguage\":\"pt-BR\"},{\"@type\":\"Person\",\"@id\":\"https:\/\/verdadeon.com.br\/portal\/#\/schema\/person\/cc32be22b8e8599387c480bc83e1d11a\",\"name\":\"Fernando Lima\",\"image\":{\"@type\":\"ImageObject\",\"inLanguage\":\"pt-BR\",\"@id\":\"https:\/\/verdadeon.com.br\/portal\/#\/schema\/person\/image\/\",\"url\":\"https:\/\/secure.gravatar.com\/avatar\/df4c8e132080d2b3a4841d5d232045464e0eed11a1d6e43115ca0843d48768d3?s=96&d=mm&r=g\",\"contentUrl\":\"https:\/\/secure.gravatar.com\/avatar\/df4c8e132080d2b3a4841d5d232045464e0eed11a1d6e43115ca0843d48768d3?s=96&d=mm&r=g\",\"caption\":\"Fernando Lima\"},\"sameAs\":[\"http:\/\/verdadeon.com.br\/\"],\"url\":\"https:\/\/verdadeon.com.br\/portal\/author\/fernando-lima\/\"}]}<\/script>\n<!-- \/ Yoast SEO plugin. -->","yoast_head_json":{"title":"Em nova pesquisa Procon aponta etanol a R$ 3,49 em Franca - VerdadeOn","robots":{"index":"index","follow":"follow","max-snippet":"max-snippet:-1","max-image-preview":"max-image-preview:large","max-video-preview":"max-video-preview:-1"},"canonical":"https:\/\/verdadeon.com.br\/portal\/2022\/07\/22\/em-nova-pesquisa-procon-aponta-etanol-a-r-349-em-franca\/","og_locale":"pt_BR","og_type":"article","og_title":"Em nova pesquisa Procon aponta etanol a R$ 3,49 em Franca - VerdadeOn","og_description":"Desde o in\u00edcio de julho o \u00f3rg\u00e3o vem monitorando os valores praticados na cidade, por conta da redu\u00e7\u00e3o de impostos O Procon de Franca divulgou nesta [\u2026]","og_url":"https:\/\/verdadeon.com.br\/portal\/2022\/07\/22\/em-nova-pesquisa-procon-aponta-etanol-a-r-349-em-franca\/","og_site_name":"VerdadeOn","article_published_time":"2022-07-22T21:05:11+00:00","og_image":[{"width":1000,"height":669,"url":"https:\/\/verdadeon.com.br\/portal\/wp-content\/uploads\/2022\/01\/GASOLINA-e1658523847813.jpg","type":"image\/jpeg"}],"author":"Fernando Lima","twitter_card":"summary_large_image","twitter_misc":{"Escrito por":"Fernando Lima","Est. tempo de leitura":"4 minutos"},"schema":{"@context":"https:\/\/schema.org","@graph":[{"@type":"WebPage","@id":"https:\/\/verdadeon.com.br\/portal\/2022\/07\/22\/em-nova-pesquisa-procon-aponta-etanol-a-r-349-em-franca\/","url":"https:\/\/verdadeon.com.br\/portal\/2022\/07\/22\/em-nova-pesquisa-procon-aponta-etanol-a-r-349-em-franca\/","name":"Em nova pesquisa Procon aponta etanol a R$ 3,49 em Franca - VerdadeOn","isPartOf":{"@id":"https:\/\/verdadeon.com.br\/portal\/#website"},"primaryImageOfPage":{"@id":"https:\/\/verdadeon.com.br\/portal\/2022\/07\/22\/em-nova-pesquisa-procon-aponta-etanol-a-r-349-em-franca\/#primaryimage"},"image":{"@id":"https:\/\/verdadeon.com.br\/portal\/2022\/07\/22\/em-nova-pesquisa-procon-aponta-etanol-a-r-349-em-franca\/#primaryimage"},"thumbnailUrl":"https:\/\/i0.wp.com\/verdadeon.com.br\/portal\/wp-content\/uploads\/2022\/01\/GASOLINA-e1658523847813.jpg?fit=1000%2C669&ssl=1","datePublished":"2022-07-22T21:05:11+00:00","author":{"@id":"https:\/\/verdadeon.com.br\/portal\/#\/schema\/person\/cc32be22b8e8599387c480bc83e1d11a"},"breadcrumb":{"@id":"https:\/\/verdadeon.com.br\/portal\/2022\/07\/22\/em-nova-pesquisa-procon-aponta-etanol-a-r-349-em-franca\/#breadcrumb"},"inLanguage":"pt-BR","potentialAction":[{"@type":"ReadAction","target":["https:\/\/verdadeon.com.br\/portal\/2022\/07\/22\/em-nova-pesquisa-procon-aponta-etanol-a-r-349-em-franca\/"]}]},{"@type":"ImageObject","inLanguage":"pt-BR","@id":"https:\/\/verdadeon.com.br\/portal\/2022\/07\/22\/em-nova-pesquisa-procon-aponta-etanol-a-r-349-em-franca\/#primaryimage","url":"https:\/\/i0.wp.com\/verdadeon.com.br\/portal\/wp-content\/uploads\/2022\/01\/GASOLINA-e1658523847813.jpg?fit=1000%2C669&ssl=1","contentUrl":"https:\/\/i0.wp.com\/verdadeon.com.br\/portal\/wp-content\/uploads\/2022\/01\/GASOLINA-e1658523847813.jpg?fit=1000%2C669&ssl=1","width":1000,"height":669,"caption":"Desde o come\u00e7o de julho os pre\u00e7os est\u00e3o em queda em todo o pa\u00eds, ap\u00f3s an\u00fancio de redu\u00e7\u00f5es de impostos do Governo Federal | Foto: Ag\u00eancia Brasil"},{"@type":"BreadcrumbList","@id":"https:\/\/verdadeon.com.br\/portal\/2022\/07\/22\/em-nova-pesquisa-procon-aponta-etanol-a-r-349-em-franca\/#breadcrumb","itemListElement":[{"@type":"ListItem","position":1,"name":"In\u00edcio","item":"https:\/\/verdadeon.com.br\/portal\/"},{"@type":"ListItem","position":2,"name":"Em nova pesquisa Procon aponta etanol a R$ 3,49 em Franca"}]},{"@type":"WebSite","@id":"https:\/\/verdadeon.com.br\/portal\/#website","url":"https:\/\/verdadeon.com.br\/portal\/","name":"VerdadeOn","description":"Not\u00edcias di\u00e1rias sobre Franca, Regi\u00e3o, Esporte, Cultura, Cotidiano, Colunas. Cobertura nos principais eventos da cidade \u00e9 aqui - Verdadeon Franca","potentialAction":[{"@type":"SearchAction","target":{"@type":"EntryPoint","urlTemplate":"https:\/\/verdadeon.com.br\/portal\/?s={search_term_string}"},"query-input":{"@type":"PropertyValueSpecification","valueRequired":true,"valueName":"search_term_string"}}],"inLanguage":"pt-BR"},{"@type":"Person","@id":"https:\/\/verdadeon.com.br\/portal\/#\/schema\/person\/cc32be22b8e8599387c480bc83e1d11a","name":"Fernando Lima","image":{"@type":"ImageObject","inLanguage":"pt-BR","@id":"https:\/\/verdadeon.com.br\/portal\/#\/schema\/person\/image\/","url":"https:\/\/secure.gravatar.com\/avatar\/df4c8e132080d2b3a4841d5d232045464e0eed11a1d6e43115ca0843d48768d3?s=96&d=mm&r=g","contentUrl":"https:\/\/secure.gravatar.com\/avatar\/df4c8e132080d2b3a4841d5d232045464e0eed11a1d6e43115ca0843d48768d3?s=96&d=mm&r=g","caption":"Fernando Lima"},"sameAs":["http:\/\/verdadeon.com.br\/"],"url":"https:\/\/verdadeon.com.br\/portal\/author\/fernando-lima\/"}]}},"jetpack_publicize_connections":[],"jetpack_featured_media_url":"https:\/\/i0.wp.com\/verdadeon.com.br\/portal\/wp-content\/uploads\/2022\/01\/GASOLINA-e1658523847813.jpg?fit=1000%2C669&ssl=1","jetpack_sharing_enabled":true,"_links":{"self":[{"href":"https:\/\/verdadeon.com.br\/portal\/wp-json\/wp\/v2\/posts\/26679","targetHints":{"allow":["GET"]}}],"collection":[{"href":"https:\/\/verdadeon.com.br\/portal\/wp-json\/wp\/v2\/posts"}],"about":[{"href":"https:\/\/verdadeon.com.br\/portal\/wp-json\/wp\/v2\/types\/post"}],"author":[{"embeddable":true,"href":"https:\/\/verdadeon.com.br\/portal\/wp-json\/wp\/v2\/users\/7"}],"replies":[{"embeddable":true,"href":"https:\/\/verdadeon.com.br\/portal\/wp-json\/wp\/v2\/comments?post=26679"}],"version-history":[{"count":1,"href":"https:\/\/verdadeon.com.br\/portal\/wp-json\/wp\/v2\/posts\/26679\/revisions"}],"predecessor-version":[{"id":26681,"href":"https:\/\/verdadeon.com.br\/portal\/wp-json\/wp\/v2\/posts\/26679\/revisions\/26681"}],"wp:featuredmedia":[{"embeddable":true,"href":"https:\/\/verdadeon.com.br\/portal\/wp-json\/wp\/v2\/media\/22220"}],"wp:attachment":[{"href":"https:\/\/verdadeon.com.br\/portal\/wp-json\/wp\/v2\/media?parent=26679"}],"wp:term":[{"taxonomy":"category","embeddable":true,"href":"https:\/\/verdadeon.com.br\/portal\/wp-json\/wp\/v2\/categories?post=26679"},{"taxonomy":"post_tag","embeddable":true,"href":"https:\/\/verdadeon.com.br\/portal\/wp-json\/wp\/v2\/tags?post=26679"}],"curies":[{"name":"wp","href":"https:\/\/api.w.org\/{rel}","templated":true}]}}