{"id":26672,"date":"2022-07-22T17:26:41","date_gmt":"2022-07-22T20:26:41","guid":{"rendered":"https:\/\/verdadeon.com.br\/portal\/?p=26672"},"modified":"2022-07-22T17:26:41","modified_gmt":"2022-07-22T20:26:41","slug":"casas-desocupadas-viram-alvo-de-criminosos-em-franca-prejuizo-em-alguns-casos-chega-a-r-50-mil","status":"publish","type":"post","link":"https:\/\/verdadeon.com.br\/portal\/2022\/07\/22\/casas-desocupadas-viram-alvo-de-criminosos-em-franca-prejuizo-em-alguns-casos-chega-a-r-50-mil\/","title":{"rendered":"Casas desocupadas viram alvo de criminosos em Franca, preju\u00edzo em alguns casos chega a R$ 50 mil"},"content":{"rendered":"<h2>Foram mais de 200 casas invadidas em 2022, regi\u00e3o central \u00e9 a que mais registra casos<\/h2>\n<p>Fernando Lima<\/p>\n<p>Casas desocupadas que est\u00e3o a venda ou dispon\u00edveis para aluguel, se tornaram alvos frequentes de criminosos em Franca, segundo os dados da Associa\u00e7\u00e3o das Administradoras de Bens im\u00f3veis de Franca (ABIFRAN), em 2022 mais de 200 resid\u00eancias foram invadidas e vandalizadas.<\/p>\n<p>Fios el\u00e9tricos, hidr\u00f4metros, rel\u00f3gios de energia, placas solares, fechaduras, tomadas e disjuntores tornaram-se alvos f\u00e1ceis. Materiais de cobre, alum\u00ednio, bronze e ferro s\u00e3o os preferidos dos criminosos, por encontrarem uma &#8220;rotatividade&#8221; alta na hora da venda ou troca por drogas.\u00a0 A associa\u00e7\u00e3o explicou que nos \u00faltimos meses a situa\u00e7\u00e3o tem ficado ainda pior, isso por que os furtos que antes se resumiam a im\u00f3veis desocupados, agora, tamb\u00e9m acontecem em im\u00f3veis ocupados.<\/p>\n<p>A a\u00e7\u00e3o dos bandidos come\u00e7a quando eles localizam casas ou apartamentos que est\u00e3o com placas de aluguel ou venda. &#8220;\u00c9 uma a\u00e7\u00e3o muito ousada, eles monitoram o im\u00f3vel, pulam muro, estouram cerca el\u00e9trica, entram e fazem um estrado, levam tudo, eles quebram as pias, arrancam tudo, deixam a casa na carca\u00e7a&#8221;, relatou o presidente da ABIFRAN, Alexandre Augusto Silva.<\/p>\n<h4>Preju\u00edzo<\/h4>\n<p>Uma das a\u00e7\u00f5es mais ousadas dos ladr\u00f5es foi registrada no centro de Franca, Alexandre contou que o propriet\u00e1rio da casa teve um preju\u00edzo de R$ 50 mil. &#8220;Fizeram um verdadeiro estrago, arrancaram escada, todas as torneiras. Para retirar isso eles quebram as pedras das pias, o que d\u00e1 mais preju\u00edzo ainda. Fia\u00e7\u00e3o foi levada e mesmo a energia ligada, o que \u00e9 outro risco&#8221;.<\/p>\n<p>O presidente explicou que as a\u00e7\u00f5es criminosas acontecem durante o dia, a noite, s\u00e1bado e at\u00e9 nos domingos. &#8220;N\u00e3o tem dia espec\u00edfico, n\u00e3o tem hora. Os vizinhos que escutam acionam a Pol\u00edcia Militar e at\u00e9 mesmo a imobili\u00e1ria. J\u00e1 teve casos em que os donos chegam no im\u00f3vel e os criminosos estavam l\u00e1. Eles acabam fugindo, mas o preju\u00edzo fica&#8221;, desabafou.<\/p>\n<p>Para\u00a0 Alexandre, a solu\u00e7\u00e3o est\u00e1 em fiscaliza\u00e7\u00f5es em dep\u00f3sitos de sucata, que compram estes materiais furtados e acabam financiando diretamente o crime. &#8220;Se os ladr\u00f5es invadem a casa, levam e n\u00e3o tem ningu\u00e9m para comprar, voc\u00ea acaba inibindo essa a\u00e7\u00e3o. \u00c9 preocupante, a gente fica se perguntando onde vamos chegar com tudo isso? Porque \u00e9 um problema que est\u00e1 ficando cada vez pior&#8221;, finalizou.<\/p>\n","protected":false},"excerpt":{"rendered":"<p>Foram mais de 200 casas invadidas em 2022, regi\u00e3o central \u00e9 a que mais registra casos Fernando Lima Casas desocupadas que est\u00e3o a venda ou dispon\u00edveis<span class=\"excerpt-hellip\"> [\u2026]<\/span><\/p>\n","protected":false},"author":7,"featured_media":26677,"comment_status":"open","ping_status":"open","sticky":false,"template":"","format":"standard","meta":{"_jetpack_memberships_contains_paid_content":false,"footnotes":"","jetpack_publicize_message":"","jetpack_publicize_feature_enabled":true,"jetpack_social_post_already_shared":false,"jetpack_social_options":{"image_generator_settings":{"template":"highway","default_image_id":0,"enabled":false},"version":2}},"categories":[28,81],"tags":[],"class_list":["post-26672","post","type-post","status-publish","format-standard","has-post-thumbnail","hentry","category-cotidiano","category-manchete"],"yoast_head":"<!-- This site is optimized with the Yoast SEO plugin v25.6 - https:\/\/yoast.com\/wordpress\/plugins\/seo\/ -->\n<title>Casas desocupadas viram alvo de criminosos em Franca, preju\u00edzo em alguns casos chega a R$ 50 mil - VerdadeOn<\/title>\n<meta name=\"robots\" content=\"index, follow, max-snippet:-1, max-image-preview:large, max-video-preview:-1\" \/>\n<link rel=\"canonical\" href=\"https:\/\/verdadeon.com.br\/portal\/2022\/07\/22\/casas-desocupadas-viram-alvo-de-criminosos-em-franca-prejuizo-em-alguns-casos-chega-a-r-50-mil\/\" \/>\n<meta property=\"og:locale\" content=\"pt_BR\" \/>\n<meta property=\"og:type\" content=\"article\" \/>\n<meta property=\"og:title\" content=\"Casas desocupadas viram alvo de criminosos em Franca, preju\u00edzo em alguns casos chega a R$ 50 mil - VerdadeOn\" \/>\n<meta property=\"og:description\" content=\"Foram mais de 200 casas invadidas em 2022, regi\u00e3o central \u00e9 a que mais registra casos Fernando Lima Casas desocupadas que est\u00e3o a venda ou dispon\u00edveis [\u2026]\" \/>\n<meta property=\"og:url\" content=\"https:\/\/verdadeon.com.br\/portal\/2022\/07\/22\/casas-desocupadas-viram-alvo-de-criminosos-em-franca-prejuizo-em-alguns-casos-chega-a-r-50-mil\/\" \/>\n<meta property=\"og:site_name\" content=\"VerdadeOn\" \/>\n<meta property=\"article:published_time\" content=\"2022-07-22T20:26:41+00:00\" \/>\n<meta property=\"og:image\" content=\"https:\/\/verdadeon.com.br\/portal\/wp-content\/uploads\/2022\/07\/FURTOS-PRONTO-2-e1658521504971.png\" \/>\n\t<meta property=\"og:image:width\" content=\"1000\" \/>\n\t<meta property=\"og:image:height\" content=\"669\" \/>\n\t<meta property=\"og:image:type\" content=\"image\/png\" \/>\n<meta name=\"author\" content=\"Fernando Lima\" \/>\n<meta name=\"twitter:card\" content=\"summary_large_image\" \/>\n<meta name=\"twitter:label1\" content=\"Escrito por\" \/>\n\t<meta name=\"twitter:data1\" content=\"Fernando Lima\" \/>\n\t<meta name=\"twitter:label2\" content=\"Est. tempo de leitura\" \/>\n\t<meta name=\"twitter:data2\" content=\"3 minutos\" \/>\n<script type=\"application\/ld+json\" class=\"yoast-schema-graph\">{\"@context\":\"https:\/\/schema.org\",\"@graph\":[{\"@type\":\"WebPage\",\"@id\":\"https:\/\/verdadeon.com.br\/portal\/2022\/07\/22\/casas-desocupadas-viram-alvo-de-criminosos-em-franca-prejuizo-em-alguns-casos-chega-a-r-50-mil\/\",\"url\":\"https:\/\/verdadeon.com.br\/portal\/2022\/07\/22\/casas-desocupadas-viram-alvo-de-criminosos-em-franca-prejuizo-em-alguns-casos-chega-a-r-50-mil\/\",\"name\":\"Casas desocupadas viram alvo de criminosos em Franca, preju\u00edzo em alguns casos chega a R$ 50 mil - VerdadeOn\",\"isPartOf\":{\"@id\":\"https:\/\/verdadeon.com.br\/portal\/#website\"},\"primaryImageOfPage\":{\"@id\":\"https:\/\/verdadeon.com.br\/portal\/2022\/07\/22\/casas-desocupadas-viram-alvo-de-criminosos-em-franca-prejuizo-em-alguns-casos-chega-a-r-50-mil\/#primaryimage\"},\"image\":{\"@id\":\"https:\/\/verdadeon.com.br\/portal\/2022\/07\/22\/casas-desocupadas-viram-alvo-de-criminosos-em-franca-prejuizo-em-alguns-casos-chega-a-r-50-mil\/#primaryimage\"},\"thumbnailUrl\":\"https:\/\/i0.wp.com\/verdadeon.com.br\/portal\/wp-content\/uploads\/2022\/07\/FURTOS-PRONTO-2-e1658521504971.png?fit=1000%2C669&ssl=1\",\"datePublished\":\"2022-07-22T20:26:41+00:00\",\"author\":{\"@id\":\"https:\/\/verdadeon.com.br\/portal\/#\/schema\/person\/cc32be22b8e8599387c480bc83e1d11a\"},\"breadcrumb\":{\"@id\":\"https:\/\/verdadeon.com.br\/portal\/2022\/07\/22\/casas-desocupadas-viram-alvo-de-criminosos-em-franca-prejuizo-em-alguns-casos-chega-a-r-50-mil\/#breadcrumb\"},\"inLanguage\":\"pt-BR\",\"potentialAction\":[{\"@type\":\"ReadAction\",\"target\":[\"https:\/\/verdadeon.com.br\/portal\/2022\/07\/22\/casas-desocupadas-viram-alvo-de-criminosos-em-franca-prejuizo-em-alguns-casos-chega-a-r-50-mil\/\"]}]},{\"@type\":\"ImageObject\",\"inLanguage\":\"pt-BR\",\"@id\":\"https:\/\/verdadeon.com.br\/portal\/2022\/07\/22\/casas-desocupadas-viram-alvo-de-criminosos-em-franca-prejuizo-em-alguns-casos-chega-a-r-50-mil\/#primaryimage\",\"url\":\"https:\/\/i0.wp.com\/verdadeon.com.br\/portal\/wp-content\/uploads\/2022\/07\/FURTOS-PRONTO-2-e1658521504971.png?fit=1000%2C669&ssl=1\",\"contentUrl\":\"https:\/\/i0.wp.com\/verdadeon.com.br\/portal\/wp-content\/uploads\/2022\/07\/FURTOS-PRONTO-2-e1658521504971.png?fit=1000%2C669&ssl=1\",\"width\":1000,\"height\":669,\"caption\":\"C\u00e2mera de seguran\u00e7a flagrou a\u00e7\u00e3o de criminoso em resid\u00eancia de Franca. Casos se tornaram dor de cabe\u00e7a para propriet\u00e1rios de im\u00f3veis, que acumulam preju\u00edzos | Foto: Divulga\u00e7\u00e3o ABIFRAN\"},{\"@type\":\"BreadcrumbList\",\"@id\":\"https:\/\/verdadeon.com.br\/portal\/2022\/07\/22\/casas-desocupadas-viram-alvo-de-criminosos-em-franca-prejuizo-em-alguns-casos-chega-a-r-50-mil\/#breadcrumb\",\"itemListElement\":[{\"@type\":\"ListItem\",\"position\":1,\"name\":\"In\u00edcio\",\"item\":\"https:\/\/verdadeon.com.br\/portal\/\"},{\"@type\":\"ListItem\",\"position\":2,\"name\":\"Casas desocupadas viram alvo de criminosos em Franca, preju\u00edzo em alguns casos chega a R$ 50 mil\"}]},{\"@type\":\"WebSite\",\"@id\":\"https:\/\/verdadeon.com.br\/portal\/#website\",\"url\":\"https:\/\/verdadeon.com.br\/portal\/\",\"name\":\"VerdadeOn\",\"description\":\"Not\u00edcias di\u00e1rias sobre Franca, Regi\u00e3o, Esporte, Cultura, Cotidiano, Colunas. Cobertura nos principais eventos da cidade \u00e9 aqui - Verdadeon Franca\",\"potentialAction\":[{\"@type\":\"SearchAction\",\"target\":{\"@type\":\"EntryPoint\",\"urlTemplate\":\"https:\/\/verdadeon.com.br\/portal\/?s={search_term_string}\"},\"query-input\":{\"@type\":\"PropertyValueSpecification\",\"valueRequired\":true,\"valueName\":\"search_term_string\"}}],\"inLanguage\":\"pt-BR\"},{\"@type\":\"Person\",\"@id\":\"https:\/\/verdadeon.com.br\/portal\/#\/schema\/person\/cc32be22b8e8599387c480bc83e1d11a\",\"name\":\"Fernando Lima\",\"image\":{\"@type\":\"ImageObject\",\"inLanguage\":\"pt-BR\",\"@id\":\"https:\/\/verdadeon.com.br\/portal\/#\/schema\/person\/image\/\",\"url\":\"https:\/\/secure.gravatar.com\/avatar\/df4c8e132080d2b3a4841d5d232045464e0eed11a1d6e43115ca0843d48768d3?s=96&d=mm&r=g\",\"contentUrl\":\"https:\/\/secure.gravatar.com\/avatar\/df4c8e132080d2b3a4841d5d232045464e0eed11a1d6e43115ca0843d48768d3?s=96&d=mm&r=g\",\"caption\":\"Fernando Lima\"},\"sameAs\":[\"http:\/\/verdadeon.com.br\/\"],\"url\":\"https:\/\/verdadeon.com.br\/portal\/author\/fernando-lima\/\"}]}<\/script>\n<!-- \/ Yoast SEO plugin. -->","yoast_head_json":{"title":"Casas desocupadas viram alvo de criminosos em Franca, preju\u00edzo em alguns casos chega a R$ 50 mil - VerdadeOn","robots":{"index":"index","follow":"follow","max-snippet":"max-snippet:-1","max-image-preview":"max-image-preview:large","max-video-preview":"max-video-preview:-1"},"canonical":"https:\/\/verdadeon.com.br\/portal\/2022\/07\/22\/casas-desocupadas-viram-alvo-de-criminosos-em-franca-prejuizo-em-alguns-casos-chega-a-r-50-mil\/","og_locale":"pt_BR","og_type":"article","og_title":"Casas desocupadas viram alvo de criminosos em Franca, preju\u00edzo em alguns casos chega a R$ 50 mil - VerdadeOn","og_description":"Foram mais de 200 casas invadidas em 2022, regi\u00e3o central \u00e9 a que mais registra casos Fernando Lima Casas desocupadas que est\u00e3o a venda ou dispon\u00edveis [\u2026]","og_url":"https:\/\/verdadeon.com.br\/portal\/2022\/07\/22\/casas-desocupadas-viram-alvo-de-criminosos-em-franca-prejuizo-em-alguns-casos-chega-a-r-50-mil\/","og_site_name":"VerdadeOn","article_published_time":"2022-07-22T20:26:41+00:00","og_image":[{"width":1000,"height":669,"url":"https:\/\/verdadeon.com.br\/portal\/wp-content\/uploads\/2022\/07\/FURTOS-PRONTO-2-e1658521504971.png","type":"image\/png"}],"author":"Fernando Lima","twitter_card":"summary_large_image","twitter_misc":{"Escrito por":"Fernando Lima","Est. tempo de leitura":"3 minutos"},"schema":{"@context":"https:\/\/schema.org","@graph":[{"@type":"WebPage","@id":"https:\/\/verdadeon.com.br\/portal\/2022\/07\/22\/casas-desocupadas-viram-alvo-de-criminosos-em-franca-prejuizo-em-alguns-casos-chega-a-r-50-mil\/","url":"https:\/\/verdadeon.com.br\/portal\/2022\/07\/22\/casas-desocupadas-viram-alvo-de-criminosos-em-franca-prejuizo-em-alguns-casos-chega-a-r-50-mil\/","name":"Casas desocupadas viram alvo de criminosos em Franca, preju\u00edzo em alguns casos chega a R$ 50 mil - VerdadeOn","isPartOf":{"@id":"https:\/\/verdadeon.com.br\/portal\/#website"},"primaryImageOfPage":{"@id":"https:\/\/verdadeon.com.br\/portal\/2022\/07\/22\/casas-desocupadas-viram-alvo-de-criminosos-em-franca-prejuizo-em-alguns-casos-chega-a-r-50-mil\/#primaryimage"},"image":{"@id":"https:\/\/verdadeon.com.br\/portal\/2022\/07\/22\/casas-desocupadas-viram-alvo-de-criminosos-em-franca-prejuizo-em-alguns-casos-chega-a-r-50-mil\/#primaryimage"},"thumbnailUrl":"https:\/\/i0.wp.com\/verdadeon.com.br\/portal\/wp-content\/uploads\/2022\/07\/FURTOS-PRONTO-2-e1658521504971.png?fit=1000%2C669&ssl=1","datePublished":"2022-07-22T20:26:41+00:00","author":{"@id":"https:\/\/verdadeon.com.br\/portal\/#\/schema\/person\/cc32be22b8e8599387c480bc83e1d11a"},"breadcrumb":{"@id":"https:\/\/verdadeon.com.br\/portal\/2022\/07\/22\/casas-desocupadas-viram-alvo-de-criminosos-em-franca-prejuizo-em-alguns-casos-chega-a-r-50-mil\/#breadcrumb"},"inLanguage":"pt-BR","potentialAction":[{"@type":"ReadAction","target":["https:\/\/verdadeon.com.br\/portal\/2022\/07\/22\/casas-desocupadas-viram-alvo-de-criminosos-em-franca-prejuizo-em-alguns-casos-chega-a-r-50-mil\/"]}]},{"@type":"ImageObject","inLanguage":"pt-BR","@id":"https:\/\/verdadeon.com.br\/portal\/2022\/07\/22\/casas-desocupadas-viram-alvo-de-criminosos-em-franca-prejuizo-em-alguns-casos-chega-a-r-50-mil\/#primaryimage","url":"https:\/\/i0.wp.com\/verdadeon.com.br\/portal\/wp-content\/uploads\/2022\/07\/FURTOS-PRONTO-2-e1658521504971.png?fit=1000%2C669&ssl=1","contentUrl":"https:\/\/i0.wp.com\/verdadeon.com.br\/portal\/wp-content\/uploads\/2022\/07\/FURTOS-PRONTO-2-e1658521504971.png?fit=1000%2C669&ssl=1","width":1000,"height":669,"caption":"C\u00e2mera de seguran\u00e7a flagrou a\u00e7\u00e3o de criminoso em resid\u00eancia de Franca. Casos se tornaram dor de cabe\u00e7a para propriet\u00e1rios de im\u00f3veis, que acumulam preju\u00edzos | Foto: Divulga\u00e7\u00e3o ABIFRAN"},{"@type":"BreadcrumbList","@id":"https:\/\/verdadeon.com.br\/portal\/2022\/07\/22\/casas-desocupadas-viram-alvo-de-criminosos-em-franca-prejuizo-em-alguns-casos-chega-a-r-50-mil\/#breadcrumb","itemListElement":[{"@type":"ListItem","position":1,"name":"In\u00edcio","item":"https:\/\/verdadeon.com.br\/portal\/"},{"@type":"ListItem","position":2,"name":"Casas desocupadas viram alvo de criminosos em Franca, preju\u00edzo em alguns casos chega a R$ 50 mil"}]},{"@type":"WebSite","@id":"https:\/\/verdadeon.com.br\/portal\/#website","url":"https:\/\/verdadeon.com.br\/portal\/","name":"VerdadeOn","description":"Not\u00edcias di\u00e1rias sobre Franca, Regi\u00e3o, Esporte, Cultura, Cotidiano, Colunas. Cobertura nos principais eventos da cidade \u00e9 aqui - Verdadeon Franca","potentialAction":[{"@type":"SearchAction","target":{"@type":"EntryPoint","urlTemplate":"https:\/\/verdadeon.com.br\/portal\/?s={search_term_string}"},"query-input":{"@type":"PropertyValueSpecification","valueRequired":true,"valueName":"search_term_string"}}],"inLanguage":"pt-BR"},{"@type":"Person","@id":"https:\/\/verdadeon.com.br\/portal\/#\/schema\/person\/cc32be22b8e8599387c480bc83e1d11a","name":"Fernando Lima","image":{"@type":"ImageObject","inLanguage":"pt-BR","@id":"https:\/\/verdadeon.com.br\/portal\/#\/schema\/person\/image\/","url":"https:\/\/secure.gravatar.com\/avatar\/df4c8e132080d2b3a4841d5d232045464e0eed11a1d6e43115ca0843d48768d3?s=96&d=mm&r=g","contentUrl":"https:\/\/secure.gravatar.com\/avatar\/df4c8e132080d2b3a4841d5d232045464e0eed11a1d6e43115ca0843d48768d3?s=96&d=mm&r=g","caption":"Fernando Lima"},"sameAs":["http:\/\/verdadeon.com.br\/"],"url":"https:\/\/verdadeon.com.br\/portal\/author\/fernando-lima\/"}]}},"jetpack_publicize_connections":[],"jetpack_featured_media_url":"https:\/\/i0.wp.com\/verdadeon.com.br\/portal\/wp-content\/uploads\/2022\/07\/FURTOS-PRONTO-2-e1658521504971.png?fit=1000%2C669&ssl=1","jetpack_sharing_enabled":true,"_links":{"self":[{"href":"https:\/\/verdadeon.com.br\/portal\/wp-json\/wp\/v2\/posts\/26672","targetHints":{"allow":["GET"]}}],"collection":[{"href":"https:\/\/verdadeon.com.br\/portal\/wp-json\/wp\/v2\/posts"}],"about":[{"href":"https:\/\/verdadeon.com.br\/portal\/wp-json\/wp\/v2\/types\/post"}],"author":[{"embeddable":true,"href":"https:\/\/verdadeon.com.br\/portal\/wp-json\/wp\/v2\/users\/7"}],"replies":[{"embeddable":true,"href":"https:\/\/verdadeon.com.br\/portal\/wp-json\/wp\/v2\/comments?post=26672"}],"version-history":[{"count":1,"href":"https:\/\/verdadeon.com.br\/portal\/wp-json\/wp\/v2\/posts\/26672\/revisions"}],"predecessor-version":[{"id":26678,"href":"https:\/\/verdadeon.com.br\/portal\/wp-json\/wp\/v2\/posts\/26672\/revisions\/26678"}],"wp:featuredmedia":[{"embeddable":true,"href":"https:\/\/verdadeon.com.br\/portal\/wp-json\/wp\/v2\/media\/26677"}],"wp:attachment":[{"href":"https:\/\/verdadeon.com.br\/portal\/wp-json\/wp\/v2\/media?parent=26672"}],"wp:term":[{"taxonomy":"category","embeddable":true,"href":"https:\/\/verdadeon.com.br\/portal\/wp-json\/wp\/v2\/categories?post=26672"},{"taxonomy":"post_tag","embeddable":true,"href":"https:\/\/verdadeon.com.br\/portal\/wp-json\/wp\/v2\/tags?post=26672"}],"curies":[{"name":"wp","href":"https:\/\/api.w.org\/{rel}","templated":true}]}}