{"id":26645,"date":"2022-07-21T16:23:36","date_gmt":"2022-07-21T19:23:36","guid":{"rendered":"https:\/\/verdadeon.com.br\/portal\/?p=26645"},"modified":"2022-07-21T16:23:36","modified_gmt":"2022-07-21T19:23:36","slug":"dig-prende-dois-homens-suspeitos-de-receptacao-de-materiais-furtados-e-roubados","status":"publish","type":"post","link":"https:\/\/verdadeon.com.br\/portal\/2022\/07\/21\/dig-prende-dois-homens-suspeitos-de-receptacao-de-materiais-furtados-e-roubados\/","title":{"rendered":"DIG prende dois homens suspeitos de recepta\u00e7\u00e3o de materiais furtados e roubados"},"content":{"rendered":"<h2>Na casa deles no bairro Santa Terezinha, foram encontradas drogas e materiais para o tr\u00e1fico<\/h2>\n<p>Dois homens foram presos por tr\u00e1fico de drogas no Santa Terezinha, na zona norte de Franca nesta quinta-feira (21). Segundo a Delegacia de Investiga\u00e7\u00f5es Gerais de Franca (DIG), a pol\u00edcia\u00a0ap\u00f3s investiga\u00e7\u00e3o realizada para identificar autores e receptadores de produtos de furtos e roubos na cidade, cumpriu dois mandados de busca e apreens\u00e3o expedidos pela Justi\u00e7a.<\/p>\n<p>Durante as dilig\u00eancias nas duas resid\u00eancias na Vila Santa Terezinha, foram localizadas pedras de crack e maconha, dinheiro fruto da venda de drogas. Al\u00e9m disso, no local foram encontrados botij\u00f5es de g\u00e1s, escada, uma bicicleta, entre outros objetos, suspeitos de serem produtos furtados ou roubados.<\/p>\n<p>&#8220;Sendo assim, os dois suspeitos localizados nas resid\u00eancias, um de 20 anos e outro de 42 anos, foram presos em flagrante delito por tr\u00e1fico de drogas e encaminhados para a Penitenci\u00e1ria de Franca, onde permanecer\u00e3o a disposi\u00e7\u00e3o da justi\u00e7a de Franca.&#8221;, informou a DIG.<\/p>\n<h4>Centro<\/h4>\n<p>Ainda no setor policial, um homem de 32 anos foi preso ap\u00f3s uma tentativa de furto de uma blusa avaliada em mais de R$ 300, na regi\u00e3o central de Franca. Segundo o registro, ele entrou na loja e ap\u00f3s se passar por cliente, tentou levar o produto sem pagar.<\/p>\n<p>Ao ser visto por uma funcion\u00e1ria, o homem correu tentando fugir, mas foi detido por policiais que estavam realizando rondas no centro. Ele confessou o crime e afirmou que venderia a roupa para comprar drogas.<\/p>\n<p>Ele foi levado para a delegacia onde foi ouvido, e ap\u00f3s preso em flagrante.<\/p>\n","protected":false},"excerpt":{"rendered":"<p>Na casa deles no bairro Santa Terezinha, foram encontradas drogas e materiais para o tr\u00e1fico Dois homens foram presos por tr\u00e1fico de drogas no Santa Terezinha,<span class=\"excerpt-hellip\"> [\u2026]<\/span><\/p>\n","protected":false},"author":7,"featured_media":26646,"comment_status":"open","ping_status":"open","sticky":false,"template":"","format":"standard","meta":{"_jetpack_memberships_contains_paid_content":false,"footnotes":"","jetpack_publicize_message":"","jetpack_publicize_feature_enabled":true,"jetpack_social_post_already_shared":false,"jetpack_social_options":{"image_generator_settings":{"template":"highway","default_image_id":0,"enabled":false},"version":2}},"categories":[28,81],"tags":[],"class_list":["post-26645","post","type-post","status-publish","format-standard","has-post-thumbnail","hentry","category-cotidiano","category-manchete"],"yoast_head":"<!-- This site is optimized with the Yoast SEO plugin v25.6 - https:\/\/yoast.com\/wordpress\/plugins\/seo\/ -->\n<title>DIG prende dois homens suspeitos de recepta\u00e7\u00e3o de materiais furtados e roubados - VerdadeOn<\/title>\n<meta name=\"robots\" content=\"index, follow, max-snippet:-1, max-image-preview:large, max-video-preview:-1\" \/>\n<link rel=\"canonical\" href=\"https:\/\/verdadeon.com.br\/portal\/2022\/07\/21\/dig-prende-dois-homens-suspeitos-de-receptacao-de-materiais-furtados-e-roubados\/\" \/>\n<meta property=\"og:locale\" content=\"pt_BR\" \/>\n<meta property=\"og:type\" content=\"article\" \/>\n<meta property=\"og:title\" content=\"DIG prende dois homens suspeitos de recepta\u00e7\u00e3o de materiais furtados e roubados - VerdadeOn\" \/>\n<meta property=\"og:description\" content=\"Na casa deles no bairro Santa Terezinha, foram encontradas drogas e materiais para o tr\u00e1fico Dois homens foram presos por tr\u00e1fico de drogas no Santa Terezinha, [\u2026]\" \/>\n<meta property=\"og:url\" content=\"https:\/\/verdadeon.com.br\/portal\/2022\/07\/21\/dig-prende-dois-homens-suspeitos-de-receptacao-de-materiais-furtados-e-roubados\/\" \/>\n<meta property=\"og:site_name\" content=\"VerdadeOn\" \/>\n<meta property=\"article:published_time\" content=\"2022-07-21T19:23:36+00:00\" \/>\n<meta property=\"og:image\" content=\"https:\/\/verdadeon.com.br\/portal\/wp-content\/uploads\/2022\/07\/WhatsApp-Image-2022-07-21-at-15.51.30-e1658431209815.jpeg\" \/>\n\t<meta property=\"og:image:width\" content=\"1000\" \/>\n\t<meta property=\"og:image:height\" content=\"670\" \/>\n\t<meta property=\"og:image:type\" content=\"image\/jpeg\" \/>\n<meta name=\"author\" content=\"Fernando Lima\" \/>\n<meta name=\"twitter:card\" content=\"summary_large_image\" \/>\n<meta name=\"twitter:label1\" content=\"Escrito por\" \/>\n\t<meta name=\"twitter:data1\" content=\"Fernando Lima\" \/>\n\t<meta name=\"twitter:label2\" content=\"Est. tempo de leitura\" \/>\n\t<meta name=\"twitter:data2\" content=\"2 minutos\" \/>\n<script type=\"application\/ld+json\" class=\"yoast-schema-graph\">{\"@context\":\"https:\/\/schema.org\",\"@graph\":[{\"@type\":\"WebPage\",\"@id\":\"https:\/\/verdadeon.com.br\/portal\/2022\/07\/21\/dig-prende-dois-homens-suspeitos-de-receptacao-de-materiais-furtados-e-roubados\/\",\"url\":\"https:\/\/verdadeon.com.br\/portal\/2022\/07\/21\/dig-prende-dois-homens-suspeitos-de-receptacao-de-materiais-furtados-e-roubados\/\",\"name\":\"DIG prende dois homens suspeitos de recepta\u00e7\u00e3o de materiais furtados e roubados - VerdadeOn\",\"isPartOf\":{\"@id\":\"https:\/\/verdadeon.com.br\/portal\/#website\"},\"primaryImageOfPage\":{\"@id\":\"https:\/\/verdadeon.com.br\/portal\/2022\/07\/21\/dig-prende-dois-homens-suspeitos-de-receptacao-de-materiais-furtados-e-roubados\/#primaryimage\"},\"image\":{\"@id\":\"https:\/\/verdadeon.com.br\/portal\/2022\/07\/21\/dig-prende-dois-homens-suspeitos-de-receptacao-de-materiais-furtados-e-roubados\/#primaryimage\"},\"thumbnailUrl\":\"https:\/\/i0.wp.com\/verdadeon.com.br\/portal\/wp-content\/uploads\/2022\/07\/WhatsApp-Image-2022-07-21-at-15.51.30-e1658431209815.jpeg?fit=1000%2C670&ssl=1\",\"datePublished\":\"2022-07-21T19:23:36+00:00\",\"author\":{\"@id\":\"https:\/\/verdadeon.com.br\/portal\/#\/schema\/person\/cc32be22b8e8599387c480bc83e1d11a\"},\"breadcrumb\":{\"@id\":\"https:\/\/verdadeon.com.br\/portal\/2022\/07\/21\/dig-prende-dois-homens-suspeitos-de-receptacao-de-materiais-furtados-e-roubados\/#breadcrumb\"},\"inLanguage\":\"pt-BR\",\"potentialAction\":[{\"@type\":\"ReadAction\",\"target\":[\"https:\/\/verdadeon.com.br\/portal\/2022\/07\/21\/dig-prende-dois-homens-suspeitos-de-receptacao-de-materiais-furtados-e-roubados\/\"]}]},{\"@type\":\"ImageObject\",\"inLanguage\":\"pt-BR\",\"@id\":\"https:\/\/verdadeon.com.br\/portal\/2022\/07\/21\/dig-prende-dois-homens-suspeitos-de-receptacao-de-materiais-furtados-e-roubados\/#primaryimage\",\"url\":\"https:\/\/i0.wp.com\/verdadeon.com.br\/portal\/wp-content\/uploads\/2022\/07\/WhatsApp-Image-2022-07-21-at-15.51.30-e1658431209815.jpeg?fit=1000%2C670&ssl=1\",\"contentUrl\":\"https:\/\/i0.wp.com\/verdadeon.com.br\/portal\/wp-content\/uploads\/2022\/07\/WhatsApp-Image-2022-07-21-at-15.51.30-e1658431209815.jpeg?fit=1000%2C670&ssl=1\",\"width\":1000,\"height\":670,\"caption\":\"Os dois homens realizavam o tr\u00e1fico pelo local, al\u00e9m disso s\u00e3o suspeitos de recepta\u00e7\u00e3o de objetos furtados e roubados | Foto: DIG\/Franca\"},{\"@type\":\"BreadcrumbList\",\"@id\":\"https:\/\/verdadeon.com.br\/portal\/2022\/07\/21\/dig-prende-dois-homens-suspeitos-de-receptacao-de-materiais-furtados-e-roubados\/#breadcrumb\",\"itemListElement\":[{\"@type\":\"ListItem\",\"position\":1,\"name\":\"In\u00edcio\",\"item\":\"https:\/\/verdadeon.com.br\/portal\/\"},{\"@type\":\"ListItem\",\"position\":2,\"name\":\"DIG prende dois homens suspeitos de recepta\u00e7\u00e3o de materiais furtados e roubados\"}]},{\"@type\":\"WebSite\",\"@id\":\"https:\/\/verdadeon.com.br\/portal\/#website\",\"url\":\"https:\/\/verdadeon.com.br\/portal\/\",\"name\":\"VerdadeOn\",\"description\":\"Not\u00edcias di\u00e1rias sobre Franca, Regi\u00e3o, Esporte, Cultura, Cotidiano, Colunas. Cobertura nos principais eventos da cidade \u00e9 aqui - Verdadeon Franca\",\"potentialAction\":[{\"@type\":\"SearchAction\",\"target\":{\"@type\":\"EntryPoint\",\"urlTemplate\":\"https:\/\/verdadeon.com.br\/portal\/?s={search_term_string}\"},\"query-input\":{\"@type\":\"PropertyValueSpecification\",\"valueRequired\":true,\"valueName\":\"search_term_string\"}}],\"inLanguage\":\"pt-BR\"},{\"@type\":\"Person\",\"@id\":\"https:\/\/verdadeon.com.br\/portal\/#\/schema\/person\/cc32be22b8e8599387c480bc83e1d11a\",\"name\":\"Fernando Lima\",\"image\":{\"@type\":\"ImageObject\",\"inLanguage\":\"pt-BR\",\"@id\":\"https:\/\/verdadeon.com.br\/portal\/#\/schema\/person\/image\/\",\"url\":\"https:\/\/secure.gravatar.com\/avatar\/df4c8e132080d2b3a4841d5d232045464e0eed11a1d6e43115ca0843d48768d3?s=96&d=mm&r=g\",\"contentUrl\":\"https:\/\/secure.gravatar.com\/avatar\/df4c8e132080d2b3a4841d5d232045464e0eed11a1d6e43115ca0843d48768d3?s=96&d=mm&r=g\",\"caption\":\"Fernando Lima\"},\"sameAs\":[\"http:\/\/verdadeon.com.br\/\"],\"url\":\"https:\/\/verdadeon.com.br\/portal\/author\/fernando-lima\/\"}]}<\/script>\n<!-- \/ Yoast SEO plugin. -->","yoast_head_json":{"title":"DIG prende dois homens suspeitos de recepta\u00e7\u00e3o de materiais furtados e roubados - VerdadeOn","robots":{"index":"index","follow":"follow","max-snippet":"max-snippet:-1","max-image-preview":"max-image-preview:large","max-video-preview":"max-video-preview:-1"},"canonical":"https:\/\/verdadeon.com.br\/portal\/2022\/07\/21\/dig-prende-dois-homens-suspeitos-de-receptacao-de-materiais-furtados-e-roubados\/","og_locale":"pt_BR","og_type":"article","og_title":"DIG prende dois homens suspeitos de recepta\u00e7\u00e3o de materiais furtados e roubados - VerdadeOn","og_description":"Na casa deles no bairro Santa Terezinha, foram encontradas drogas e materiais para o tr\u00e1fico Dois homens foram presos por tr\u00e1fico de drogas no Santa Terezinha, [\u2026]","og_url":"https:\/\/verdadeon.com.br\/portal\/2022\/07\/21\/dig-prende-dois-homens-suspeitos-de-receptacao-de-materiais-furtados-e-roubados\/","og_site_name":"VerdadeOn","article_published_time":"2022-07-21T19:23:36+00:00","og_image":[{"width":1000,"height":670,"url":"https:\/\/verdadeon.com.br\/portal\/wp-content\/uploads\/2022\/07\/WhatsApp-Image-2022-07-21-at-15.51.30-e1658431209815.jpeg","type":"image\/jpeg"}],"author":"Fernando Lima","twitter_card":"summary_large_image","twitter_misc":{"Escrito por":"Fernando Lima","Est. tempo de leitura":"2 minutos"},"schema":{"@context":"https:\/\/schema.org","@graph":[{"@type":"WebPage","@id":"https:\/\/verdadeon.com.br\/portal\/2022\/07\/21\/dig-prende-dois-homens-suspeitos-de-receptacao-de-materiais-furtados-e-roubados\/","url":"https:\/\/verdadeon.com.br\/portal\/2022\/07\/21\/dig-prende-dois-homens-suspeitos-de-receptacao-de-materiais-furtados-e-roubados\/","name":"DIG prende dois homens suspeitos de recepta\u00e7\u00e3o de materiais furtados e roubados - VerdadeOn","isPartOf":{"@id":"https:\/\/verdadeon.com.br\/portal\/#website"},"primaryImageOfPage":{"@id":"https:\/\/verdadeon.com.br\/portal\/2022\/07\/21\/dig-prende-dois-homens-suspeitos-de-receptacao-de-materiais-furtados-e-roubados\/#primaryimage"},"image":{"@id":"https:\/\/verdadeon.com.br\/portal\/2022\/07\/21\/dig-prende-dois-homens-suspeitos-de-receptacao-de-materiais-furtados-e-roubados\/#primaryimage"},"thumbnailUrl":"https:\/\/i0.wp.com\/verdadeon.com.br\/portal\/wp-content\/uploads\/2022\/07\/WhatsApp-Image-2022-07-21-at-15.51.30-e1658431209815.jpeg?fit=1000%2C670&ssl=1","datePublished":"2022-07-21T19:23:36+00:00","author":{"@id":"https:\/\/verdadeon.com.br\/portal\/#\/schema\/person\/cc32be22b8e8599387c480bc83e1d11a"},"breadcrumb":{"@id":"https:\/\/verdadeon.com.br\/portal\/2022\/07\/21\/dig-prende-dois-homens-suspeitos-de-receptacao-de-materiais-furtados-e-roubados\/#breadcrumb"},"inLanguage":"pt-BR","potentialAction":[{"@type":"ReadAction","target":["https:\/\/verdadeon.com.br\/portal\/2022\/07\/21\/dig-prende-dois-homens-suspeitos-de-receptacao-de-materiais-furtados-e-roubados\/"]}]},{"@type":"ImageObject","inLanguage":"pt-BR","@id":"https:\/\/verdadeon.com.br\/portal\/2022\/07\/21\/dig-prende-dois-homens-suspeitos-de-receptacao-de-materiais-furtados-e-roubados\/#primaryimage","url":"https:\/\/i0.wp.com\/verdadeon.com.br\/portal\/wp-content\/uploads\/2022\/07\/WhatsApp-Image-2022-07-21-at-15.51.30-e1658431209815.jpeg?fit=1000%2C670&ssl=1","contentUrl":"https:\/\/i0.wp.com\/verdadeon.com.br\/portal\/wp-content\/uploads\/2022\/07\/WhatsApp-Image-2022-07-21-at-15.51.30-e1658431209815.jpeg?fit=1000%2C670&ssl=1","width":1000,"height":670,"caption":"Os dois homens realizavam o tr\u00e1fico pelo local, al\u00e9m disso s\u00e3o suspeitos de recepta\u00e7\u00e3o de objetos furtados e roubados | Foto: DIG\/Franca"},{"@type":"BreadcrumbList","@id":"https:\/\/verdadeon.com.br\/portal\/2022\/07\/21\/dig-prende-dois-homens-suspeitos-de-receptacao-de-materiais-furtados-e-roubados\/#breadcrumb","itemListElement":[{"@type":"ListItem","position":1,"name":"In\u00edcio","item":"https:\/\/verdadeon.com.br\/portal\/"},{"@type":"ListItem","position":2,"name":"DIG prende dois homens suspeitos de recepta\u00e7\u00e3o de materiais furtados e roubados"}]},{"@type":"WebSite","@id":"https:\/\/verdadeon.com.br\/portal\/#website","url":"https:\/\/verdadeon.com.br\/portal\/","name":"VerdadeOn","description":"Not\u00edcias di\u00e1rias sobre Franca, Regi\u00e3o, Esporte, Cultura, Cotidiano, Colunas. Cobertura nos principais eventos da cidade \u00e9 aqui - Verdadeon Franca","potentialAction":[{"@type":"SearchAction","target":{"@type":"EntryPoint","urlTemplate":"https:\/\/verdadeon.com.br\/portal\/?s={search_term_string}"},"query-input":{"@type":"PropertyValueSpecification","valueRequired":true,"valueName":"search_term_string"}}],"inLanguage":"pt-BR"},{"@type":"Person","@id":"https:\/\/verdadeon.com.br\/portal\/#\/schema\/person\/cc32be22b8e8599387c480bc83e1d11a","name":"Fernando Lima","image":{"@type":"ImageObject","inLanguage":"pt-BR","@id":"https:\/\/verdadeon.com.br\/portal\/#\/schema\/person\/image\/","url":"https:\/\/secure.gravatar.com\/avatar\/df4c8e132080d2b3a4841d5d232045464e0eed11a1d6e43115ca0843d48768d3?s=96&d=mm&r=g","contentUrl":"https:\/\/secure.gravatar.com\/avatar\/df4c8e132080d2b3a4841d5d232045464e0eed11a1d6e43115ca0843d48768d3?s=96&d=mm&r=g","caption":"Fernando Lima"},"sameAs":["http:\/\/verdadeon.com.br\/"],"url":"https:\/\/verdadeon.com.br\/portal\/author\/fernando-lima\/"}]}},"jetpack_publicize_connections":[],"jetpack_featured_media_url":"https:\/\/i0.wp.com\/verdadeon.com.br\/portal\/wp-content\/uploads\/2022\/07\/WhatsApp-Image-2022-07-21-at-15.51.30-e1658431209815.jpeg?fit=1000%2C670&ssl=1","jetpack_sharing_enabled":true,"_links":{"self":[{"href":"https:\/\/verdadeon.com.br\/portal\/wp-json\/wp\/v2\/posts\/26645","targetHints":{"allow":["GET"]}}],"collection":[{"href":"https:\/\/verdadeon.com.br\/portal\/wp-json\/wp\/v2\/posts"}],"about":[{"href":"https:\/\/verdadeon.com.br\/portal\/wp-json\/wp\/v2\/types\/post"}],"author":[{"embeddable":true,"href":"https:\/\/verdadeon.com.br\/portal\/wp-json\/wp\/v2\/users\/7"}],"replies":[{"embeddable":true,"href":"https:\/\/verdadeon.com.br\/portal\/wp-json\/wp\/v2\/comments?post=26645"}],"version-history":[{"count":1,"href":"https:\/\/verdadeon.com.br\/portal\/wp-json\/wp\/v2\/posts\/26645\/revisions"}],"predecessor-version":[{"id":26647,"href":"https:\/\/verdadeon.com.br\/portal\/wp-json\/wp\/v2\/posts\/26645\/revisions\/26647"}],"wp:featuredmedia":[{"embeddable":true,"href":"https:\/\/verdadeon.com.br\/portal\/wp-json\/wp\/v2\/media\/26646"}],"wp:attachment":[{"href":"https:\/\/verdadeon.com.br\/portal\/wp-json\/wp\/v2\/media?parent=26645"}],"wp:term":[{"taxonomy":"category","embeddable":true,"href":"https:\/\/verdadeon.com.br\/portal\/wp-json\/wp\/v2\/categories?post=26645"},{"taxonomy":"post_tag","embeddable":true,"href":"https:\/\/verdadeon.com.br\/portal\/wp-json\/wp\/v2\/tags?post=26645"}],"curies":[{"name":"wp","href":"https:\/\/api.w.org\/{rel}","templated":true}]}}