{"id":26624,"date":"2022-07-20T14:00:20","date_gmt":"2022-07-20T17:00:20","guid":{"rendered":"https:\/\/verdadeon.com.br\/portal\/?p=26624"},"modified":"2022-07-20T16:19:06","modified_gmt":"2022-07-20T19:19:06","slug":"covid-19-sp-comeca-a-vacinar-criancas-de-3-e-4-anos-com-comorbidade","status":"publish","type":"post","link":"https:\/\/verdadeon.com.br\/portal\/2022\/07\/20\/covid-19-sp-comeca-a-vacinar-criancas-de-3-e-4-anos-com-comorbidade\/","title":{"rendered":"Covid-19: SP come\u00e7a a vacinar crian\u00e7as de 3 e 4 anos com comorbidade"},"content":{"rendered":"<h2><span style=\"font-weight: 400;\">Imuniza\u00e7\u00e3o abrange crian\u00e7as com defici\u00eancia permanente e ind\u00edgenas; Estado refor\u00e7ar\u00e1 estoque de insumos<\/span><\/h2>\n<p>&nbsp;<\/p>\n<p>&nbsp;<\/p>\n<p><span style=\"font-weight: 400;\">A partir desta quarta-feira (20) a Prefeitura de S\u00e3o Paulo inicia a vacina\u00e7\u00e3o contra a covid-19 em crian\u00e7as de 3 e 4 anos de idade com comorbidades, defici\u00eancia permanente (f\u00edsica, sensorial ou intelectual), al\u00e9m de ind\u00edgenas dessa faixa et\u00e1ria. O imunizante destinado a essa popula\u00e7\u00e3o \u00e9 a CoronaVac.<\/span><\/p>\n<p><span style=\"font-weight: 400;\">As crian\u00e7as dessa idade sem comorbidades podem ser inscritas nas Unidades B\u00e1sicas de Sa\u00fade (UBSs) para receber as doses remanescentes. A inscri\u00e7\u00e3o pode ser feita em unidade pr\u00f3xima \u00e0 resid\u00eancia ou escola da crian\u00e7a, e os respons\u00e1veis devem apresentar documenta\u00e7\u00e3o com endere\u00e7o e telefone para convoca\u00e7\u00e3o.<\/span><\/p>\n<p><span style=\"font-weight: 400;\">Para que a crian\u00e7a receba a vacina, os respons\u00e1veis dever\u00e3o apresentar documento de identifica\u00e7\u00e3o (preferencialmente com CPF) do menor. Tamb\u00e9m \u00e9 necess\u00e1rio apresentar comprovante de condi\u00e7\u00e3o de risco, como receitas ou relat\u00f3rios f\u00edsicos ou digitais, desde que haja identifica\u00e7\u00e3o do paciente, CRM com carimbo do m\u00e9dico e na validade de dois anos de emiss\u00e3o.<\/span><\/p>\n<p><span style=\"font-weight: 400;\">Segundo a Secretaria Municipal de Sa\u00fade, at\u00e9 o momento 1.015.723 crian\u00e7as de 5 a 11 anos receberam a primeira dose contra a covid-19 na capital paulista. Assim, a cobertura vacinal est\u00e1 em 93,8%. A segunda dose j\u00e1 foi aplicada em 789.768, com cobertura de 72,9%. Entre os adolescentes de 12 a 17 anos, a cobertura vacinal para duas doses est\u00e1 em 105,9%.<\/span><\/p>\n<p><span style=\"font-weight: 400;\">Mais informa\u00e7\u00f5es e a lista completa de postos est\u00e3o dispon\u00edveis na p\u00e1gina do <\/span><a href=\"https:\/\/www.prefeitura.sp.gov.br\/cidade\/secretarias\/saude\/vigilancia_em_saude\/index.php?p=307599\"><b>Vacina Sampa<\/b><\/a><span style=\"font-weight: 400;\">.<\/span><\/p>\n<h4><span style=\"font-weight: 400;\">Insumos<\/span><\/h4>\n<p><span style=\"font-weight: 400;\">O Instituto Butantan vai importar 8 mil litros do insumo farmac\u00eautico ativo (IFA) destinados \u00e0 farmac\u00eautica Sinovac para a produ\u00e7\u00e3o do imunizante autorizado para crian\u00e7as de 3 e 4 anos. A quantidade \u00e9 suficiente para a fabrica\u00e7\u00e3o de 10 milh\u00f5es de doses da CoronaVac.<\/span><\/p>\n<p><span style=\"font-weight: 400;\">A decis\u00e3o foi tomada para dar in\u00edcio \u00e0 amplia\u00e7\u00e3o da imuniza\u00e7\u00e3o de crian\u00e7as nessa faixa et\u00e1ria em todos os munic\u00edpios do estado. Mais de 6,1 milh\u00f5es de crian\u00e7as com idade entre 5 e 11 anos j\u00e1 foram imunizadas, sendo que 66,3% est\u00e3o com o esquema vacinal completo e 86,9% receberam a primeira dose.<\/span><\/p>\n<p><span style=\"font-weight: 400;\">A importa\u00e7\u00e3o, de acordo com o governo do estado, deve levar algumas semanas. A previs\u00e3o \u00e9 que no m\u00eas de agosto as doses estejam dispon\u00edveis.<\/span><\/p>\n<p><span style=\"font-weight: 400;\">Fonte: Ag\u00eancia Brasil<\/span><\/p>\n","protected":false},"excerpt":{"rendered":"<p>Imuniza\u00e7\u00e3o abrange crian\u00e7as com defici\u00eancia permanente e ind\u00edgenas; Estado refor\u00e7ar\u00e1 estoque de insumos &nbsp; &nbsp; A partir desta quarta-feira (20) a Prefeitura de S\u00e3o Paulo inicia<span class=\"excerpt-hellip\"> [\u2026]<\/span><\/p>\n","protected":false},"author":10,"featured_media":26626,"comment_status":"open","ping_status":"open","sticky":false,"template":"","format":"standard","meta":{"_jetpack_memberships_contains_paid_content":false,"footnotes":"","jetpack_publicize_message":"","jetpack_publicize_feature_enabled":true,"jetpack_social_post_already_shared":false,"jetpack_social_options":{"image_generator_settings":{"template":"highway","default_image_id":0,"enabled":false},"version":2}},"categories":[28,81],"tags":[],"class_list":["post-26624","post","type-post","status-publish","format-standard","has-post-thumbnail","hentry","category-cotidiano","category-manchete"],"yoast_head":"<!-- This site is optimized with the Yoast SEO plugin v25.6 - https:\/\/yoast.com\/wordpress\/plugins\/seo\/ -->\n<title>Covid-19: SP come\u00e7a a vacinar crian\u00e7as de 3 e 4 anos com comorbidade - VerdadeOn<\/title>\n<meta name=\"robots\" content=\"index, follow, max-snippet:-1, max-image-preview:large, max-video-preview:-1\" \/>\n<link rel=\"canonical\" href=\"https:\/\/verdadeon.com.br\/portal\/2022\/07\/20\/covid-19-sp-comeca-a-vacinar-criancas-de-3-e-4-anos-com-comorbidade\/\" \/>\n<meta property=\"og:locale\" content=\"pt_BR\" \/>\n<meta property=\"og:type\" content=\"article\" \/>\n<meta property=\"og:title\" content=\"Covid-19: SP come\u00e7a a vacinar crian\u00e7as de 3 e 4 anos com comorbidade - VerdadeOn\" \/>\n<meta property=\"og:description\" content=\"Imuniza\u00e7\u00e3o abrange crian\u00e7as com defici\u00eancia permanente e ind\u00edgenas; Estado refor\u00e7ar\u00e1 estoque de insumos &nbsp; &nbsp; A partir desta quarta-feira (20) a Prefeitura de S\u00e3o Paulo inicia [\u2026]\" \/>\n<meta property=\"og:url\" content=\"https:\/\/verdadeon.com.br\/portal\/2022\/07\/20\/covid-19-sp-comeca-a-vacinar-criancas-de-3-e-4-anos-com-comorbidade\/\" \/>\n<meta property=\"og:site_name\" content=\"VerdadeOn\" \/>\n<meta property=\"article:published_time\" content=\"2022-07-20T17:00:20+00:00\" \/>\n<meta property=\"article:modified_time\" content=\"2022-07-20T19:19:06+00:00\" \/>\n<meta property=\"og:image\" content=\"https:\/\/verdadeon.com.br\/portal\/wp-content\/uploads\/2022\/07\/coronavac_2009210476.jpg\" \/>\n\t<meta property=\"og:image:width\" content=\"1170\" \/>\n\t<meta property=\"og:image:height\" content=\"700\" \/>\n\t<meta property=\"og:image:type\" content=\"image\/jpeg\" \/>\n<meta name=\"author\" content=\"Redacao VerdadeOn\" \/>\n<meta name=\"twitter:card\" content=\"summary_large_image\" \/>\n<meta name=\"twitter:label1\" content=\"Escrito por\" \/>\n\t<meta name=\"twitter:data1\" content=\"Redacao VerdadeOn\" \/>\n\t<meta name=\"twitter:label2\" content=\"Est. tempo de leitura\" \/>\n\t<meta name=\"twitter:data2\" content=\"3 minutos\" \/>\n<script type=\"application\/ld+json\" class=\"yoast-schema-graph\">{\"@context\":\"https:\/\/schema.org\",\"@graph\":[{\"@type\":\"WebPage\",\"@id\":\"https:\/\/verdadeon.com.br\/portal\/2022\/07\/20\/covid-19-sp-comeca-a-vacinar-criancas-de-3-e-4-anos-com-comorbidade\/\",\"url\":\"https:\/\/verdadeon.com.br\/portal\/2022\/07\/20\/covid-19-sp-comeca-a-vacinar-criancas-de-3-e-4-anos-com-comorbidade\/\",\"name\":\"Covid-19: SP come\u00e7a a vacinar crian\u00e7as de 3 e 4 anos com comorbidade - VerdadeOn\",\"isPartOf\":{\"@id\":\"https:\/\/verdadeon.com.br\/portal\/#website\"},\"primaryImageOfPage\":{\"@id\":\"https:\/\/verdadeon.com.br\/portal\/2022\/07\/20\/covid-19-sp-comeca-a-vacinar-criancas-de-3-e-4-anos-com-comorbidade\/#primaryimage\"},\"image\":{\"@id\":\"https:\/\/verdadeon.com.br\/portal\/2022\/07\/20\/covid-19-sp-comeca-a-vacinar-criancas-de-3-e-4-anos-com-comorbidade\/#primaryimage\"},\"thumbnailUrl\":\"https:\/\/i0.wp.com\/verdadeon.com.br\/portal\/wp-content\/uploads\/2022\/07\/coronavac_2009210476.jpg?fit=1170%2C700&ssl=1\",\"datePublished\":\"2022-07-20T17:00:20+00:00\",\"dateModified\":\"2022-07-20T19:19:06+00:00\",\"author\":{\"@id\":\"https:\/\/verdadeon.com.br\/portal\/#\/schema\/person\/a5060ad1e9ea3df545188fc93ce43d2f\"},\"breadcrumb\":{\"@id\":\"https:\/\/verdadeon.com.br\/portal\/2022\/07\/20\/covid-19-sp-comeca-a-vacinar-criancas-de-3-e-4-anos-com-comorbidade\/#breadcrumb\"},\"inLanguage\":\"pt-BR\",\"potentialAction\":[{\"@type\":\"ReadAction\",\"target\":[\"https:\/\/verdadeon.com.br\/portal\/2022\/07\/20\/covid-19-sp-comeca-a-vacinar-criancas-de-3-e-4-anos-com-comorbidade\/\"]}]},{\"@type\":\"ImageObject\",\"inLanguage\":\"pt-BR\",\"@id\":\"https:\/\/verdadeon.com.br\/portal\/2022\/07\/20\/covid-19-sp-comeca-a-vacinar-criancas-de-3-e-4-anos-com-comorbidade\/#primaryimage\",\"url\":\"https:\/\/i0.wp.com\/verdadeon.com.br\/portal\/wp-content\/uploads\/2022\/07\/coronavac_2009210476.jpg?fit=1170%2C700&ssl=1\",\"contentUrl\":\"https:\/\/i0.wp.com\/verdadeon.com.br\/portal\/wp-content\/uploads\/2022\/07\/coronavac_2009210476.jpg?fit=1170%2C700&ssl=1\",\"width\":1170,\"height\":700,\"caption\":\"Vacina\u00e7\u00e3o contra covid \u00e9 ampliada para crian\u00e7as de 3 e 4 anos em S\u00e3o Paulo | Foto: Ag\u00eancia Brasil\"},{\"@type\":\"BreadcrumbList\",\"@id\":\"https:\/\/verdadeon.com.br\/portal\/2022\/07\/20\/covid-19-sp-comeca-a-vacinar-criancas-de-3-e-4-anos-com-comorbidade\/#breadcrumb\",\"itemListElement\":[{\"@type\":\"ListItem\",\"position\":1,\"name\":\"In\u00edcio\",\"item\":\"https:\/\/verdadeon.com.br\/portal\/\"},{\"@type\":\"ListItem\",\"position\":2,\"name\":\"Covid-19: SP come\u00e7a a vacinar crian\u00e7as de 3 e 4 anos com comorbidade\"}]},{\"@type\":\"WebSite\",\"@id\":\"https:\/\/verdadeon.com.br\/portal\/#website\",\"url\":\"https:\/\/verdadeon.com.br\/portal\/\",\"name\":\"VerdadeOn\",\"description\":\"Not\u00edcias di\u00e1rias sobre Franca, Regi\u00e3o, Esporte, Cultura, Cotidiano, Colunas. Cobertura nos principais eventos da cidade \u00e9 aqui - Verdadeon Franca\",\"potentialAction\":[{\"@type\":\"SearchAction\",\"target\":{\"@type\":\"EntryPoint\",\"urlTemplate\":\"https:\/\/verdadeon.com.br\/portal\/?s={search_term_string}\"},\"query-input\":{\"@type\":\"PropertyValueSpecification\",\"valueRequired\":true,\"valueName\":\"search_term_string\"}}],\"inLanguage\":\"pt-BR\"},{\"@type\":\"Person\",\"@id\":\"https:\/\/verdadeon.com.br\/portal\/#\/schema\/person\/a5060ad1e9ea3df545188fc93ce43d2f\",\"name\":\"Redacao VerdadeOn\",\"image\":{\"@type\":\"ImageObject\",\"inLanguage\":\"pt-BR\",\"@id\":\"https:\/\/verdadeon.com.br\/portal\/#\/schema\/person\/image\/\",\"url\":\"https:\/\/secure.gravatar.com\/avatar\/459a9613caaaf07f582c3d0841eea68bdd66f533e465e6ba8b9cb45619572cf4?s=96&d=mm&r=g\",\"contentUrl\":\"https:\/\/secure.gravatar.com\/avatar\/459a9613caaaf07f582c3d0841eea68bdd66f533e465e6ba8b9cb45619572cf4?s=96&d=mm&r=g\",\"caption\":\"Redacao VerdadeOn\"},\"url\":\"https:\/\/verdadeon.com.br\/portal\/author\/redacao\/\"}]}<\/script>\n<!-- \/ Yoast SEO plugin. -->","yoast_head_json":{"title":"Covid-19: SP come\u00e7a a vacinar crian\u00e7as de 3 e 4 anos com comorbidade - VerdadeOn","robots":{"index":"index","follow":"follow","max-snippet":"max-snippet:-1","max-image-preview":"max-image-preview:large","max-video-preview":"max-video-preview:-1"},"canonical":"https:\/\/verdadeon.com.br\/portal\/2022\/07\/20\/covid-19-sp-comeca-a-vacinar-criancas-de-3-e-4-anos-com-comorbidade\/","og_locale":"pt_BR","og_type":"article","og_title":"Covid-19: SP come\u00e7a a vacinar crian\u00e7as de 3 e 4 anos com comorbidade - VerdadeOn","og_description":"Imuniza\u00e7\u00e3o abrange crian\u00e7as com defici\u00eancia permanente e ind\u00edgenas; Estado refor\u00e7ar\u00e1 estoque de insumos &nbsp; &nbsp; A partir desta quarta-feira (20) a Prefeitura de S\u00e3o Paulo inicia [\u2026]","og_url":"https:\/\/verdadeon.com.br\/portal\/2022\/07\/20\/covid-19-sp-comeca-a-vacinar-criancas-de-3-e-4-anos-com-comorbidade\/","og_site_name":"VerdadeOn","article_published_time":"2022-07-20T17:00:20+00:00","article_modified_time":"2022-07-20T19:19:06+00:00","og_image":[{"width":1170,"height":700,"url":"https:\/\/verdadeon.com.br\/portal\/wp-content\/uploads\/2022\/07\/coronavac_2009210476.jpg","type":"image\/jpeg"}],"author":"Redacao VerdadeOn","twitter_card":"summary_large_image","twitter_misc":{"Escrito por":"Redacao VerdadeOn","Est. tempo de leitura":"3 minutos"},"schema":{"@context":"https:\/\/schema.org","@graph":[{"@type":"WebPage","@id":"https:\/\/verdadeon.com.br\/portal\/2022\/07\/20\/covid-19-sp-comeca-a-vacinar-criancas-de-3-e-4-anos-com-comorbidade\/","url":"https:\/\/verdadeon.com.br\/portal\/2022\/07\/20\/covid-19-sp-comeca-a-vacinar-criancas-de-3-e-4-anos-com-comorbidade\/","name":"Covid-19: SP come\u00e7a a vacinar crian\u00e7as de 3 e 4 anos com comorbidade - VerdadeOn","isPartOf":{"@id":"https:\/\/verdadeon.com.br\/portal\/#website"},"primaryImageOfPage":{"@id":"https:\/\/verdadeon.com.br\/portal\/2022\/07\/20\/covid-19-sp-comeca-a-vacinar-criancas-de-3-e-4-anos-com-comorbidade\/#primaryimage"},"image":{"@id":"https:\/\/verdadeon.com.br\/portal\/2022\/07\/20\/covid-19-sp-comeca-a-vacinar-criancas-de-3-e-4-anos-com-comorbidade\/#primaryimage"},"thumbnailUrl":"https:\/\/i0.wp.com\/verdadeon.com.br\/portal\/wp-content\/uploads\/2022\/07\/coronavac_2009210476.jpg?fit=1170%2C700&ssl=1","datePublished":"2022-07-20T17:00:20+00:00","dateModified":"2022-07-20T19:19:06+00:00","author":{"@id":"https:\/\/verdadeon.com.br\/portal\/#\/schema\/person\/a5060ad1e9ea3df545188fc93ce43d2f"},"breadcrumb":{"@id":"https:\/\/verdadeon.com.br\/portal\/2022\/07\/20\/covid-19-sp-comeca-a-vacinar-criancas-de-3-e-4-anos-com-comorbidade\/#breadcrumb"},"inLanguage":"pt-BR","potentialAction":[{"@type":"ReadAction","target":["https:\/\/verdadeon.com.br\/portal\/2022\/07\/20\/covid-19-sp-comeca-a-vacinar-criancas-de-3-e-4-anos-com-comorbidade\/"]}]},{"@type":"ImageObject","inLanguage":"pt-BR","@id":"https:\/\/verdadeon.com.br\/portal\/2022\/07\/20\/covid-19-sp-comeca-a-vacinar-criancas-de-3-e-4-anos-com-comorbidade\/#primaryimage","url":"https:\/\/i0.wp.com\/verdadeon.com.br\/portal\/wp-content\/uploads\/2022\/07\/coronavac_2009210476.jpg?fit=1170%2C700&ssl=1","contentUrl":"https:\/\/i0.wp.com\/verdadeon.com.br\/portal\/wp-content\/uploads\/2022\/07\/coronavac_2009210476.jpg?fit=1170%2C700&ssl=1","width":1170,"height":700,"caption":"Vacina\u00e7\u00e3o contra covid \u00e9 ampliada para crian\u00e7as de 3 e 4 anos em S\u00e3o Paulo | Foto: Ag\u00eancia Brasil"},{"@type":"BreadcrumbList","@id":"https:\/\/verdadeon.com.br\/portal\/2022\/07\/20\/covid-19-sp-comeca-a-vacinar-criancas-de-3-e-4-anos-com-comorbidade\/#breadcrumb","itemListElement":[{"@type":"ListItem","position":1,"name":"In\u00edcio","item":"https:\/\/verdadeon.com.br\/portal\/"},{"@type":"ListItem","position":2,"name":"Covid-19: SP come\u00e7a a vacinar crian\u00e7as de 3 e 4 anos com comorbidade"}]},{"@type":"WebSite","@id":"https:\/\/verdadeon.com.br\/portal\/#website","url":"https:\/\/verdadeon.com.br\/portal\/","name":"VerdadeOn","description":"Not\u00edcias di\u00e1rias sobre Franca, Regi\u00e3o, Esporte, Cultura, Cotidiano, Colunas. Cobertura nos principais eventos da cidade \u00e9 aqui - Verdadeon Franca","potentialAction":[{"@type":"SearchAction","target":{"@type":"EntryPoint","urlTemplate":"https:\/\/verdadeon.com.br\/portal\/?s={search_term_string}"},"query-input":{"@type":"PropertyValueSpecification","valueRequired":true,"valueName":"search_term_string"}}],"inLanguage":"pt-BR"},{"@type":"Person","@id":"https:\/\/verdadeon.com.br\/portal\/#\/schema\/person\/a5060ad1e9ea3df545188fc93ce43d2f","name":"Redacao VerdadeOn","image":{"@type":"ImageObject","inLanguage":"pt-BR","@id":"https:\/\/verdadeon.com.br\/portal\/#\/schema\/person\/image\/","url":"https:\/\/secure.gravatar.com\/avatar\/459a9613caaaf07f582c3d0841eea68bdd66f533e465e6ba8b9cb45619572cf4?s=96&d=mm&r=g","contentUrl":"https:\/\/secure.gravatar.com\/avatar\/459a9613caaaf07f582c3d0841eea68bdd66f533e465e6ba8b9cb45619572cf4?s=96&d=mm&r=g","caption":"Redacao VerdadeOn"},"url":"https:\/\/verdadeon.com.br\/portal\/author\/redacao\/"}]}},"jetpack_publicize_connections":[],"jetpack_featured_media_url":"https:\/\/i0.wp.com\/verdadeon.com.br\/portal\/wp-content\/uploads\/2022\/07\/coronavac_2009210476.jpg?fit=1170%2C700&ssl=1","jetpack_sharing_enabled":true,"_links":{"self":[{"href":"https:\/\/verdadeon.com.br\/portal\/wp-json\/wp\/v2\/posts\/26624","targetHints":{"allow":["GET"]}}],"collection":[{"href":"https:\/\/verdadeon.com.br\/portal\/wp-json\/wp\/v2\/posts"}],"about":[{"href":"https:\/\/verdadeon.com.br\/portal\/wp-json\/wp\/v2\/types\/post"}],"author":[{"embeddable":true,"href":"https:\/\/verdadeon.com.br\/portal\/wp-json\/wp\/v2\/users\/10"}],"replies":[{"embeddable":true,"href":"https:\/\/verdadeon.com.br\/portal\/wp-json\/wp\/v2\/comments?post=26624"}],"version-history":[{"count":1,"href":"https:\/\/verdadeon.com.br\/portal\/wp-json\/wp\/v2\/posts\/26624\/revisions"}],"predecessor-version":[{"id":26627,"href":"https:\/\/verdadeon.com.br\/portal\/wp-json\/wp\/v2\/posts\/26624\/revisions\/26627"}],"wp:featuredmedia":[{"embeddable":true,"href":"https:\/\/verdadeon.com.br\/portal\/wp-json\/wp\/v2\/media\/26626"}],"wp:attachment":[{"href":"https:\/\/verdadeon.com.br\/portal\/wp-json\/wp\/v2\/media?parent=26624"}],"wp:term":[{"taxonomy":"category","embeddable":true,"href":"https:\/\/verdadeon.com.br\/portal\/wp-json\/wp\/v2\/categories?post=26624"},{"taxonomy":"post_tag","embeddable":true,"href":"https:\/\/verdadeon.com.br\/portal\/wp-json\/wp\/v2\/tags?post=26624"}],"curies":[{"name":"wp","href":"https:\/\/api.w.org\/{rel}","templated":true}]}}