{"id":26573,"date":"2022-07-18T16:58:36","date_gmt":"2022-07-18T19:58:36","guid":{"rendered":"https:\/\/verdadeon.com.br\/portal\/?p=26573"},"modified":"2022-07-18T16:57:47","modified_gmt":"2022-07-18T19:57:47","slug":"hallel-2022-tera-padre-marcelo-rossi-e-inumeras-atracoes-no-fernando-costa","status":"publish","type":"post","link":"https:\/\/verdadeon.com.br\/portal\/2022\/07\/18\/hallel-2022-tera-padre-marcelo-rossi-e-inumeras-atracoes-no-fernando-costa\/","title":{"rendered":"Hallel\u00a02022 ter\u00e1 Padre Marcelo Rossi e in\u00fameras atra\u00e7\u00f5es no \u2018Fernando Costa\u2019"},"content":{"rendered":"<h2><span style=\"font-weight: 400;\">Padres Chrystian Shankar e Adriano Zandon\u00e1, da Can\u00e7\u00e3o Nova, tamb\u00e9m est\u00e3o confirmados para o evento<\/span><\/h2>\n<p><span style=\"font-weight: 400;\">\u00a0<\/span><\/p>\n<p><span style=\"font-weight: 400;\">Depois de dois anos de pandemia, o Hallel est\u00e1 de volta de forma presencial. O festival, considerado o maior do g\u00eanero na Am\u00e9rica Latina, acontece nos dias 9, 10 e 11 de setembro, no Parque de Exposi\u00e7\u00f5es \u201cFernando Costa\u201d e tem expectativa de receber milhares de fi\u00e9is do Brasil e tamb\u00e9m do exterior.\u00a0<\/span><\/p>\n<p><span style=\"font-weight: 400;\">Com o tema \u201cSomos todos irm\u00e3os\u201d, o evento contar\u00e1 com shows, prega\u00e7\u00f5es, missas, confiss\u00f5es, capela, pra\u00e7a de alimenta\u00e7\u00e3o, \u00e1rea infantil, camping e livrarias. Ser\u00e3o mais de 50 atra\u00e7\u00f5es incluindo bandas e pregadores que participar\u00e3o dos 9 m\u00f3dulos simult\u00e2neos e de apresenta\u00e7\u00f5es no palco central. Nomes como Andr\u00e9 Bolela, Celina Borges, Minist\u00e9rio Adora\u00e7\u00e3o e Vida, Di\u00e1cono Fernando (Cen\u00e1culo), Irm\u00e3 Z\u00e9lia, Gill Motta, Mart\u00edn Valverde e Banda Brisa Leve est\u00e3o confirmados e se apresentar\u00e3o no\u00a0Hallel.<\/span><\/p>\n<p><span style=\"font-weight: 400;\">Segundo a organiza\u00e7\u00e3o do evento, os padres Marcelo Rossi, Chrystian Shankar e Adriano Zandon\u00e1 est\u00e3o entre os destaques desta edi\u00e7\u00e3o. \u201cCada ano \u00e9 muito especial para todos que conhecem e participam da obra maravilhosa que \u00e9 o\u00a0Hallel. Estamos comemorando 35 anos de muitas b\u00ean\u00e7\u00e3os e a equipe organizadora est\u00e1 preparando um\u00a0Hallel\u00a0como nunca visto com tr\u00eas dias de muita m\u00fasica, adora\u00e7\u00e3o, convers\u00e3o e alegria\u201d, disse Tia Lolita, fundadora do Hallel.<\/span><\/p>\n<p><span style=\"font-weight: 400;\">De acordo com a programa\u00e7\u00e3o, o\u00a0Hallel\u00a02022 come\u00e7a na sexta-feira (9), \u00e0s 18h, com a ora\u00e7\u00e3o de um ter\u00e7o. A abertura oficial ser\u00e1 com o bispo diocesano Dom Paulo Roberto Beloto, com a Tia Lolita, fundadora do Hallel, e com o padre C\u00e9lio Adriano Cintra, diretor espiritual do movimento. No s\u00e1bado (10), no palco central, \u00e0s 17h30, haver\u00e1 missa com o padre Adriano Zandon\u00e1, da Can\u00e7\u00e3o Nova, e show com Celina Borges e Minist\u00e9rio Adora\u00e7\u00e3o e Vida, e na capela ter\u00e1 missa com o bispo da Diocese de Franca, Dom Paulo Roberto Beloto. No domingo (11), a missa acontece tamb\u00e9m \u00e0s 17h30, no palco central, com a presen\u00e7a t\u00e3o esperada do padre paulistano Marcelo Rossi.\u00a0<\/span><\/p>\n<h4>Hist\u00f3ria<\/h4>\n<p><span style=\"font-weight: 400;\">O\u00a0Hallel\u00a0\u00e9 realizado em Franca desde 1988 e hoje est\u00e1 presente em diversas cidades brasileiras e tamb\u00e9m em v\u00e1rios pa\u00edses como M\u00e9xico, Estados Unidos, \u00c1frica, Chile, Col\u00f4mbia, Paraguai e Peru. \u201cHallel\u00a0\u00e9 sermos Igreja Cat\u00f3lica todos juntos para \u2018cantar louvores ao Senhor\u2019 e assim ser\u00e1 nesse ano, com muitos momentos de espiritualidade, fraternidade e alegria\u201d, explicou Tia Lolita.<\/span><\/p>\n<p><b>Servi\u00e7o<\/b><\/p>\n<p><b>35\u00ba Hallel<\/b><\/p>\n<p><span style=\"font-weight: 400;\">Data:\u00a0 9, 10 e 11 de setembro<\/span><\/p>\n<p><span style=\"font-weight: 400;\">Hor\u00e1rio:\u00a0<\/span><\/p>\n<p><span style=\"font-weight: 400;\">Dia 9\/09 &#8211; sexta-feira &#8211; 18h<\/span><\/p>\n<p><span style=\"font-weight: 400;\">Dias 10 e 11\/09 &#8211; s\u00e1bado e domingo &#8211; 10h<\/span><\/p>\n<p><span style=\"font-weight: 400;\">Local: Parque \u201cFernando Costa\u201d<\/span><\/p>\n<p><span style=\"font-weight: 400;\">Entrada gratuita<\/span><\/p>\n<p>&nbsp;<\/p>\n<p><img data-recalc-dims=\"1\" loading=\"lazy\" decoding=\"async\" class=\"alignnone wp-image-26575 size-full\" src=\"https:\/\/i0.wp.com\/verdadeon.com.br\/portal\/wp-content\/uploads\/2022\/07\/HALLEL-EM-FRANCA-1.jpeg?resize=1220%2C814&#038;ssl=1\" alt=\"\" width=\"1220\" height=\"814\" \/><\/p>\n","protected":false},"excerpt":{"rendered":"<p>Padres Chrystian Shankar e Adriano Zandon\u00e1, da Can\u00e7\u00e3o Nova, tamb\u00e9m est\u00e3o confirmados para o evento \u00a0 Depois de dois anos de pandemia, o Hallel est\u00e1 de<span class=\"excerpt-hellip\"> [\u2026]<\/span><\/p>\n","protected":false},"author":10,"featured_media":26576,"comment_status":"open","ping_status":"open","sticky":false,"template":"","format":"standard","meta":{"_jetpack_memberships_contains_paid_content":false,"footnotes":"","jetpack_publicize_message":"","jetpack_publicize_feature_enabled":true,"jetpack_social_post_already_shared":false,"jetpack_social_options":{"image_generator_settings":{"template":"highway","default_image_id":0,"enabled":false},"version":2}},"categories":[28,81],"tags":[],"class_list":["post-26573","post","type-post","status-publish","format-standard","has-post-thumbnail","hentry","category-cotidiano","category-manchete"],"yoast_head":"<!-- This site is optimized with the Yoast SEO plugin v25.6 - https:\/\/yoast.com\/wordpress\/plugins\/seo\/ -->\n<title>Hallel\u00a02022 ter\u00e1 Padre Marcelo Rossi e in\u00fameras atra\u00e7\u00f5es no \u2018Fernando Costa\u2019 - VerdadeOn<\/title>\n<meta name=\"robots\" content=\"index, follow, max-snippet:-1, max-image-preview:large, max-video-preview:-1\" \/>\n<link rel=\"canonical\" href=\"https:\/\/verdadeon.com.br\/portal\/2022\/07\/18\/hallel-2022-tera-padre-marcelo-rossi-e-inumeras-atracoes-no-fernando-costa\/\" \/>\n<meta property=\"og:locale\" content=\"pt_BR\" \/>\n<meta property=\"og:type\" content=\"article\" \/>\n<meta property=\"og:title\" content=\"Hallel\u00a02022 ter\u00e1 Padre Marcelo Rossi e in\u00fameras atra\u00e7\u00f5es no \u2018Fernando Costa\u2019 - VerdadeOn\" \/>\n<meta property=\"og:description\" content=\"Padres Chrystian Shankar e Adriano Zandon\u00e1, da Can\u00e7\u00e3o Nova, tamb\u00e9m est\u00e3o confirmados para o evento \u00a0 Depois de dois anos de pandemia, o Hallel est\u00e1 de [\u2026]\" \/>\n<meta property=\"og:url\" content=\"https:\/\/verdadeon.com.br\/portal\/2022\/07\/18\/hallel-2022-tera-padre-marcelo-rossi-e-inumeras-atracoes-no-fernando-costa\/\" \/>\n<meta property=\"og:site_name\" content=\"VerdadeOn\" \/>\n<meta property=\"article:published_time\" content=\"2022-07-18T19:58:36+00:00\" \/>\n<meta property=\"og:image\" content=\"https:\/\/verdadeon.com.br\/portal\/wp-content\/uploads\/2022\/07\/HALLEL-EM-FRANCA-2.jpeg\" \/>\n\t<meta property=\"og:image:width\" content=\"1280\" \/>\n\t<meta property=\"og:image:height\" content=\"853\" \/>\n\t<meta property=\"og:image:type\" content=\"image\/jpeg\" \/>\n<meta name=\"author\" content=\"Redacao VerdadeOn\" \/>\n<meta name=\"twitter:card\" content=\"summary_large_image\" \/>\n<meta name=\"twitter:label1\" content=\"Escrito por\" \/>\n\t<meta name=\"twitter:data1\" content=\"Redacao VerdadeOn\" \/>\n\t<meta name=\"twitter:label2\" content=\"Est. tempo de leitura\" \/>\n\t<meta name=\"twitter:data2\" content=\"3 minutos\" \/>\n<script type=\"application\/ld+json\" class=\"yoast-schema-graph\">{\"@context\":\"https:\/\/schema.org\",\"@graph\":[{\"@type\":\"WebPage\",\"@id\":\"https:\/\/verdadeon.com.br\/portal\/2022\/07\/18\/hallel-2022-tera-padre-marcelo-rossi-e-inumeras-atracoes-no-fernando-costa\/\",\"url\":\"https:\/\/verdadeon.com.br\/portal\/2022\/07\/18\/hallel-2022-tera-padre-marcelo-rossi-e-inumeras-atracoes-no-fernando-costa\/\",\"name\":\"Hallel\u00a02022 ter\u00e1 Padre Marcelo Rossi e in\u00fameras atra\u00e7\u00f5es no \u2018Fernando Costa\u2019 - VerdadeOn\",\"isPartOf\":{\"@id\":\"https:\/\/verdadeon.com.br\/portal\/#website\"},\"primaryImageOfPage\":{\"@id\":\"https:\/\/verdadeon.com.br\/portal\/2022\/07\/18\/hallel-2022-tera-padre-marcelo-rossi-e-inumeras-atracoes-no-fernando-costa\/#primaryimage\"},\"image\":{\"@id\":\"https:\/\/verdadeon.com.br\/portal\/2022\/07\/18\/hallel-2022-tera-padre-marcelo-rossi-e-inumeras-atracoes-no-fernando-costa\/#primaryimage\"},\"thumbnailUrl\":\"https:\/\/i0.wp.com\/verdadeon.com.br\/portal\/wp-content\/uploads\/2022\/07\/HALLEL-EM-FRANCA-2-e1662671269538.jpeg?fit=1001%2C668&ssl=1\",\"datePublished\":\"2022-07-18T19:58:36+00:00\",\"author\":{\"@id\":\"https:\/\/verdadeon.com.br\/portal\/#\/schema\/person\/a5060ad1e9ea3df545188fc93ce43d2f\"},\"breadcrumb\":{\"@id\":\"https:\/\/verdadeon.com.br\/portal\/2022\/07\/18\/hallel-2022-tera-padre-marcelo-rossi-e-inumeras-atracoes-no-fernando-costa\/#breadcrumb\"},\"inLanguage\":\"pt-BR\",\"potentialAction\":[{\"@type\":\"ReadAction\",\"target\":[\"https:\/\/verdadeon.com.br\/portal\/2022\/07\/18\/hallel-2022-tera-padre-marcelo-rossi-e-inumeras-atracoes-no-fernando-costa\/\"]}]},{\"@type\":\"ImageObject\",\"inLanguage\":\"pt-BR\",\"@id\":\"https:\/\/verdadeon.com.br\/portal\/2022\/07\/18\/hallel-2022-tera-padre-marcelo-rossi-e-inumeras-atracoes-no-fernando-costa\/#primaryimage\",\"url\":\"https:\/\/i0.wp.com\/verdadeon.com.br\/portal\/wp-content\/uploads\/2022\/07\/HALLEL-EM-FRANCA-2-e1662671269538.jpeg?fit=1001%2C668&ssl=1\",\"contentUrl\":\"https:\/\/i0.wp.com\/verdadeon.com.br\/portal\/wp-content\/uploads\/2022\/07\/HALLEL-EM-FRANCA-2-e1662671269538.jpeg?fit=1001%2C668&ssl=1\",\"width\":1001,\"height\":668,\"caption\":\"Tia Lolita, fundadora do Hallel, ao lado do Padre Marcelo Rossi, que retorna a Franca para participar do 35\u00aa edi\u00e7\u00e3o, que come\u00e7a nesta sexta-feira (9) | Foto: Igor do Valle\"},{\"@type\":\"BreadcrumbList\",\"@id\":\"https:\/\/verdadeon.com.br\/portal\/2022\/07\/18\/hallel-2022-tera-padre-marcelo-rossi-e-inumeras-atracoes-no-fernando-costa\/#breadcrumb\",\"itemListElement\":[{\"@type\":\"ListItem\",\"position\":1,\"name\":\"In\u00edcio\",\"item\":\"https:\/\/verdadeon.com.br\/portal\/\"},{\"@type\":\"ListItem\",\"position\":2,\"name\":\"Hallel\u00a02022 ter\u00e1 Padre Marcelo Rossi e in\u00fameras atra\u00e7\u00f5es no \u2018Fernando Costa\u2019\"}]},{\"@type\":\"WebSite\",\"@id\":\"https:\/\/verdadeon.com.br\/portal\/#website\",\"url\":\"https:\/\/verdadeon.com.br\/portal\/\",\"name\":\"VerdadeOn\",\"description\":\"Not\u00edcias di\u00e1rias sobre Franca, Regi\u00e3o, Esporte, Cultura, Cotidiano, Colunas. Cobertura nos principais eventos da cidade \u00e9 aqui - Verdadeon Franca\",\"potentialAction\":[{\"@type\":\"SearchAction\",\"target\":{\"@type\":\"EntryPoint\",\"urlTemplate\":\"https:\/\/verdadeon.com.br\/portal\/?s={search_term_string}\"},\"query-input\":{\"@type\":\"PropertyValueSpecification\",\"valueRequired\":true,\"valueName\":\"search_term_string\"}}],\"inLanguage\":\"pt-BR\"},{\"@type\":\"Person\",\"@id\":\"https:\/\/verdadeon.com.br\/portal\/#\/schema\/person\/a5060ad1e9ea3df545188fc93ce43d2f\",\"name\":\"Redacao VerdadeOn\",\"image\":{\"@type\":\"ImageObject\",\"inLanguage\":\"pt-BR\",\"@id\":\"https:\/\/verdadeon.com.br\/portal\/#\/schema\/person\/image\/\",\"url\":\"https:\/\/secure.gravatar.com\/avatar\/459a9613caaaf07f582c3d0841eea68bdd66f533e465e6ba8b9cb45619572cf4?s=96&d=mm&r=g\",\"contentUrl\":\"https:\/\/secure.gravatar.com\/avatar\/459a9613caaaf07f582c3d0841eea68bdd66f533e465e6ba8b9cb45619572cf4?s=96&d=mm&r=g\",\"caption\":\"Redacao VerdadeOn\"},\"url\":\"https:\/\/verdadeon.com.br\/portal\/author\/redacao\/\"}]}<\/script>\n<!-- \/ Yoast SEO plugin. -->","yoast_head_json":{"title":"Hallel\u00a02022 ter\u00e1 Padre Marcelo Rossi e in\u00fameras atra\u00e7\u00f5es no \u2018Fernando Costa\u2019 - VerdadeOn","robots":{"index":"index","follow":"follow","max-snippet":"max-snippet:-1","max-image-preview":"max-image-preview:large","max-video-preview":"max-video-preview:-1"},"canonical":"https:\/\/verdadeon.com.br\/portal\/2022\/07\/18\/hallel-2022-tera-padre-marcelo-rossi-e-inumeras-atracoes-no-fernando-costa\/","og_locale":"pt_BR","og_type":"article","og_title":"Hallel\u00a02022 ter\u00e1 Padre Marcelo Rossi e in\u00fameras atra\u00e7\u00f5es no \u2018Fernando Costa\u2019 - VerdadeOn","og_description":"Padres Chrystian Shankar e Adriano Zandon\u00e1, da Can\u00e7\u00e3o Nova, tamb\u00e9m est\u00e3o confirmados para o evento \u00a0 Depois de dois anos de pandemia, o Hallel est\u00e1 de [\u2026]","og_url":"https:\/\/verdadeon.com.br\/portal\/2022\/07\/18\/hallel-2022-tera-padre-marcelo-rossi-e-inumeras-atracoes-no-fernando-costa\/","og_site_name":"VerdadeOn","article_published_time":"2022-07-18T19:58:36+00:00","og_image":[{"width":1280,"height":853,"url":"https:\/\/verdadeon.com.br\/portal\/wp-content\/uploads\/2022\/07\/HALLEL-EM-FRANCA-2.jpeg","type":"image\/jpeg"}],"author":"Redacao VerdadeOn","twitter_card":"summary_large_image","twitter_misc":{"Escrito por":"Redacao VerdadeOn","Est. tempo de leitura":"3 minutos"},"schema":{"@context":"https:\/\/schema.org","@graph":[{"@type":"WebPage","@id":"https:\/\/verdadeon.com.br\/portal\/2022\/07\/18\/hallel-2022-tera-padre-marcelo-rossi-e-inumeras-atracoes-no-fernando-costa\/","url":"https:\/\/verdadeon.com.br\/portal\/2022\/07\/18\/hallel-2022-tera-padre-marcelo-rossi-e-inumeras-atracoes-no-fernando-costa\/","name":"Hallel\u00a02022 ter\u00e1 Padre Marcelo Rossi e in\u00fameras atra\u00e7\u00f5es no \u2018Fernando Costa\u2019 - VerdadeOn","isPartOf":{"@id":"https:\/\/verdadeon.com.br\/portal\/#website"},"primaryImageOfPage":{"@id":"https:\/\/verdadeon.com.br\/portal\/2022\/07\/18\/hallel-2022-tera-padre-marcelo-rossi-e-inumeras-atracoes-no-fernando-costa\/#primaryimage"},"image":{"@id":"https:\/\/verdadeon.com.br\/portal\/2022\/07\/18\/hallel-2022-tera-padre-marcelo-rossi-e-inumeras-atracoes-no-fernando-costa\/#primaryimage"},"thumbnailUrl":"https:\/\/i0.wp.com\/verdadeon.com.br\/portal\/wp-content\/uploads\/2022\/07\/HALLEL-EM-FRANCA-2-e1662671269538.jpeg?fit=1001%2C668&ssl=1","datePublished":"2022-07-18T19:58:36+00:00","author":{"@id":"https:\/\/verdadeon.com.br\/portal\/#\/schema\/person\/a5060ad1e9ea3df545188fc93ce43d2f"},"breadcrumb":{"@id":"https:\/\/verdadeon.com.br\/portal\/2022\/07\/18\/hallel-2022-tera-padre-marcelo-rossi-e-inumeras-atracoes-no-fernando-costa\/#breadcrumb"},"inLanguage":"pt-BR","potentialAction":[{"@type":"ReadAction","target":["https:\/\/verdadeon.com.br\/portal\/2022\/07\/18\/hallel-2022-tera-padre-marcelo-rossi-e-inumeras-atracoes-no-fernando-costa\/"]}]},{"@type":"ImageObject","inLanguage":"pt-BR","@id":"https:\/\/verdadeon.com.br\/portal\/2022\/07\/18\/hallel-2022-tera-padre-marcelo-rossi-e-inumeras-atracoes-no-fernando-costa\/#primaryimage","url":"https:\/\/i0.wp.com\/verdadeon.com.br\/portal\/wp-content\/uploads\/2022\/07\/HALLEL-EM-FRANCA-2-e1662671269538.jpeg?fit=1001%2C668&ssl=1","contentUrl":"https:\/\/i0.wp.com\/verdadeon.com.br\/portal\/wp-content\/uploads\/2022\/07\/HALLEL-EM-FRANCA-2-e1662671269538.jpeg?fit=1001%2C668&ssl=1","width":1001,"height":668,"caption":"Tia Lolita, fundadora do Hallel, ao lado do Padre Marcelo Rossi, que retorna a Franca para participar do 35\u00aa edi\u00e7\u00e3o, que come\u00e7a nesta sexta-feira (9) | Foto: Igor do Valle"},{"@type":"BreadcrumbList","@id":"https:\/\/verdadeon.com.br\/portal\/2022\/07\/18\/hallel-2022-tera-padre-marcelo-rossi-e-inumeras-atracoes-no-fernando-costa\/#breadcrumb","itemListElement":[{"@type":"ListItem","position":1,"name":"In\u00edcio","item":"https:\/\/verdadeon.com.br\/portal\/"},{"@type":"ListItem","position":2,"name":"Hallel\u00a02022 ter\u00e1 Padre Marcelo Rossi e in\u00fameras atra\u00e7\u00f5es no \u2018Fernando Costa\u2019"}]},{"@type":"WebSite","@id":"https:\/\/verdadeon.com.br\/portal\/#website","url":"https:\/\/verdadeon.com.br\/portal\/","name":"VerdadeOn","description":"Not\u00edcias di\u00e1rias sobre Franca, Regi\u00e3o, Esporte, Cultura, Cotidiano, Colunas. Cobertura nos principais eventos da cidade \u00e9 aqui - Verdadeon Franca","potentialAction":[{"@type":"SearchAction","target":{"@type":"EntryPoint","urlTemplate":"https:\/\/verdadeon.com.br\/portal\/?s={search_term_string}"},"query-input":{"@type":"PropertyValueSpecification","valueRequired":true,"valueName":"search_term_string"}}],"inLanguage":"pt-BR"},{"@type":"Person","@id":"https:\/\/verdadeon.com.br\/portal\/#\/schema\/person\/a5060ad1e9ea3df545188fc93ce43d2f","name":"Redacao VerdadeOn","image":{"@type":"ImageObject","inLanguage":"pt-BR","@id":"https:\/\/verdadeon.com.br\/portal\/#\/schema\/person\/image\/","url":"https:\/\/secure.gravatar.com\/avatar\/459a9613caaaf07f582c3d0841eea68bdd66f533e465e6ba8b9cb45619572cf4?s=96&d=mm&r=g","contentUrl":"https:\/\/secure.gravatar.com\/avatar\/459a9613caaaf07f582c3d0841eea68bdd66f533e465e6ba8b9cb45619572cf4?s=96&d=mm&r=g","caption":"Redacao VerdadeOn"},"url":"https:\/\/verdadeon.com.br\/portal\/author\/redacao\/"}]}},"jetpack_publicize_connections":[],"jetpack_featured_media_url":"https:\/\/i0.wp.com\/verdadeon.com.br\/portal\/wp-content\/uploads\/2022\/07\/HALLEL-EM-FRANCA-2-e1662671269538.jpeg?fit=1001%2C668&ssl=1","jetpack_sharing_enabled":true,"_links":{"self":[{"href":"https:\/\/verdadeon.com.br\/portal\/wp-json\/wp\/v2\/posts\/26573","targetHints":{"allow":["GET"]}}],"collection":[{"href":"https:\/\/verdadeon.com.br\/portal\/wp-json\/wp\/v2\/posts"}],"about":[{"href":"https:\/\/verdadeon.com.br\/portal\/wp-json\/wp\/v2\/types\/post"}],"author":[{"embeddable":true,"href":"https:\/\/verdadeon.com.br\/portal\/wp-json\/wp\/v2\/users\/10"}],"replies":[{"embeddable":true,"href":"https:\/\/verdadeon.com.br\/portal\/wp-json\/wp\/v2\/comments?post=26573"}],"version-history":[{"count":1,"href":"https:\/\/verdadeon.com.br\/portal\/wp-json\/wp\/v2\/posts\/26573\/revisions"}],"predecessor-version":[{"id":26577,"href":"https:\/\/verdadeon.com.br\/portal\/wp-json\/wp\/v2\/posts\/26573\/revisions\/26577"}],"wp:featuredmedia":[{"embeddable":true,"href":"https:\/\/verdadeon.com.br\/portal\/wp-json\/wp\/v2\/media\/26576"}],"wp:attachment":[{"href":"https:\/\/verdadeon.com.br\/portal\/wp-json\/wp\/v2\/media?parent=26573"}],"wp:term":[{"taxonomy":"category","embeddable":true,"href":"https:\/\/verdadeon.com.br\/portal\/wp-json\/wp\/v2\/categories?post=26573"},{"taxonomy":"post_tag","embeddable":true,"href":"https:\/\/verdadeon.com.br\/portal\/wp-json\/wp\/v2\/tags?post=26573"}],"curies":[{"name":"wp","href":"https:\/\/api.w.org\/{rel}","templated":true}]}}