{"id":26557,"date":"2022-07-16T14:00:37","date_gmt":"2022-07-16T17:00:37","guid":{"rendered":"https:\/\/verdadeon.com.br\/portal\/?p=26557"},"modified":"2022-07-16T12:43:51","modified_gmt":"2022-07-16T15:43:51","slug":"empresario-andre-pedroso-lanca-pre-candidatura-a-federal-quero-uma-renovacao-politica","status":"publish","type":"post","link":"https:\/\/verdadeon.com.br\/portal\/2022\/07\/16\/empresario-andre-pedroso-lanca-pre-candidatura-a-federal-quero-uma-renovacao-politica\/","title":{"rendered":"Empres\u00e1rio Andr\u00e9 Pedroso lan\u00e7a pr\u00e9-candidatura a federal: &#8216;Quero uma renova\u00e7\u00e3o pol\u00edtica&#8217;"},"content":{"rendered":"<h2>Em entrevista ao Verdade, ele detalha suas expectativas e sugere a\u00e7\u00f5es para \u00e1reas estrat\u00e9gicas<\/h2>\n<p>&nbsp;<\/p>\n<p><span style=\"font-weight: 400;\">O empres\u00e1rio Andr\u00e9 Pedroso, de 44 anos, lan\u00e7ou sua pr\u00e9-candidatura a deputado federal por Franca pelo PTB, na noite da \u00faltima quinta-feira (14).<\/span><\/p>\n<p><span style=\"font-weight: 400;\">Segundo sua assessoria, \u201co PTB \u00e9 um partido tradicional, e possui em seus quadros nomes importantes, mas o Andr\u00e9 Pedroso, neste momento representa o melhor quadro pol\u00edtico conservador na cidade. Por isso a import\u00e2ncia de seu nome como Pr\u00e9-candidato a Deputado Federal\u201d.<\/span><\/p>\n<p><span style=\"font-weight: 400;\">Nesta entrevista, Andr\u00e9 Pedroso fala das suas expectativas com as elei\u00e7\u00f5es e a\u00e7\u00f5es que sugere para \u00e1reas estrat\u00e9gicas como Sa\u00fade, Educa\u00e7\u00e3o e Seguran\u00e7a P\u00fablica.<\/span><\/p>\n<p><span style=\"font-weight: 400;\">\u00a0<\/span><\/p>\n<p><b>Andr\u00e9, o senhor lan\u00e7a a sua pr\u00e9-candidatura a deputado federal por Franca. \u00c9 a sua estreia nas urnas. O que motiva a disputa nas elei\u00e7\u00f5es deste ano?<\/b><span style=\"font-weight: 400;\">\u00a0<\/span><\/p>\n<p><span style=\"font-weight: 400;\">Todos n\u00f3s que passamos pela pandemia ansiamos por mudan\u00e7a. N\u00f3s tivemos a triste conclus\u00e3o de que quem elegemos como deputados e governador n\u00e3o estavam realmente preocupados com a popula\u00e7\u00e3o, usaram dos seus cargos para benef\u00edcio pr\u00f3prio, enquanto as pessoas morriam por falta de leitos. Como eleitor, eu tamb\u00e9m quero uma renova\u00e7\u00e3o pol\u00edtica, quero representantes envolvidos, comprometidos com a sa\u00fade, com a educa\u00e7\u00e3o, e mais do que isso, eu percebi que temos que ter um voto estrat\u00e9gico, eleger deputados alinhados com o governo estadual e federal para trazer mais obras e recursos para nossa regi\u00e3o.\u00a0<\/span><\/p>\n<p><span style=\"font-weight: 400;\">\u00a0<\/span><\/p>\n<p><b>Quais ser\u00e3o as prioridades se eleito deputado federal?<\/b><span style=\"font-weight: 400;\">\u00a0<\/span><\/p>\n<p><span style=\"font-weight: 400;\">Principalmente a defesa da liberdade econ\u00f4mica e de trabalho, redu\u00e7\u00e3o ou isen\u00e7\u00e3o de impostos durante situa\u00e7\u00f5es cr\u00edticas como a pandemia, puni\u00e7\u00e3o com pena m\u00e1xima para casos de desvios de verbas da sa\u00fade, e defesa da liberdade de express\u00e3o e manifesta\u00e7\u00e3o do pensamento.\u00a0<\/span><\/p>\n<p><span style=\"font-weight: 400;\">\u00a0<\/span><\/p>\n<p><b>O que o senhor destaca de suas experi\u00eancias pessoal e profissional que podem contribuir para um eventual mandato como deputado federal?\u00a0<\/b><\/p>\n<p><span style=\"font-weight: 400;\">Como empres\u00e1rio, sofri na pele o controle estatal, fecharam nossos com\u00e9rcios, nos impediram de trabalhar e consequentemente fomos obrigados a demitir pais de fam\u00edlia. Colocaram nas nossas m\u00e3os esse ato de covardia de desempregar as pessoas em uma \u00e9poca t\u00e3o cr\u00edtica. O pior de tudo \u00e9 que nossos impostos como IPVA, IPTU, ICMS, foram cobrados, mesmo com im\u00f3veis fechados, os carros parados e os produtos em estoque. Obrigaram as pessoas a se vacinarem sem ouvirem suas opini\u00f5es e os motivos que as levam a ser contra a vacina. Conhe\u00e7o pessoas com problemas de sa\u00fade que n\u00e3o podiam se vacinar, mas foram obrigadas e ningu\u00e9m iria se responsabilizar por poss\u00edveis complica\u00e7\u00f5es advindas da vacina.\u00a0<\/span><\/p>\n<p><span style=\"font-weight: 400;\">\u00a0<\/span><\/p>\n<p><b>Franca vive um hiato sem representantes no Congresso Nacional. Os preju\u00edzos para a cidade s\u00e3o grandes com isso. Qual caminho pretende seguir para conquistar a elei\u00e7\u00e3o caso se efetive sua candidatura para o cargo de deputado federal?\u00a0<\/b><\/p>\n<p><span style=\"font-weight: 400;\">Em raz\u00e3o da legisla\u00e7\u00e3o eleitoral, por enquanto ainda sou pr\u00e9-candidato, mas tenho trabalhado com apoio de toda a regi\u00e3o e o movimento tem crescido r\u00e1pido. Tenho amplo respaldo do PTB S\u00e3o Paulo nesta pr\u00e9-campanha, e tamb\u00e9m de diret\u00f3rios da regi\u00e3o que compreendem que unificar os votos em um \u00fanico deputado federal beneficiar\u00e1 todas as cidades vizinhas, n\u00e3o apenas Franca.\u00a0<\/span><\/p>\n<p><span style=\"font-weight: 400;\">\u00a0<\/span><\/p>\n<p><b>Andr\u00e9, que propostas o senhor tem para \u00e1reas essenciais para a popula\u00e7\u00e3o como Educa\u00e7\u00e3o, Seguran\u00e7a P\u00fablica, Sa\u00fade, Infraestrutura Urbana e Gera\u00e7\u00e3o de Emprego?<\/b><\/p>\n<p><span style=\"font-weight: 400;\">Eu n\u00e3o diria que s\u00e3o propostas porque ainda n\u00e3o sou candidato, mas s\u00e3o inclusive sugest\u00f5es para quem est\u00e1 l\u00e1 ocupando um cargo hoje.\u00a0<\/span><\/p>\n<p><span style=\"font-weight: 400;\"><strong>1) Educa\u00e7\u00e3o:<\/strong> reestrutura\u00e7\u00e3o da grade curricular com inser\u00e7\u00e3o de mat\u00e9rias como tecnologia, desenvolvimento de softwares e aplicativos, porque esse \u00e9 o futuro profissional e n\u00e3o temos m\u00e3o de obra especializada suficiente para suprir a demanda de mercado. Implanta\u00e7\u00e3o de mat\u00e9rias de educa\u00e7\u00e3o pol\u00edtica e cidad\u00e3 para ensinar nossos jovens os direitos m\u00ednimos deles, como direitos enquanto consumidores, direitos de fam\u00edlia e propriedade. Ensinar \u00e0s nossas crian\u00e7as as fun\u00e7\u00f5es e obriga\u00e7\u00f5es de cada pol\u00edtico, cada ente do governo, o que todo brasileiro deveria saber, porque com a conscientiza\u00e7\u00e3o pol\u00edtica, teremos eleitores mais exigentes e o governo que nosso pa\u00eds merece.\u00a0<\/span><\/p>\n<p><span style=\"font-weight: 400;\"><strong>2) Seguran\u00e7a P\u00fablica:<\/strong> valoriza\u00e7\u00e3o dos trabalhadores n\u00e3o s\u00f3 da \u00e1rea de Seguran\u00e7a P\u00fablica, mas tamb\u00e9m da Sa\u00fade, atrav\u00e9s da contrata\u00e7\u00e3o, limita\u00e7\u00e3o da jornada de trabalho e oferta de bonifica\u00e7\u00f5es. Regulamentar programas de monitoramento eletr\u00f4nico atrav\u00e9s de centrais de vigil\u00e2ncia controladas pelas guardas municipais, em parceria com as pol\u00edcias militares.\u00a0<\/span><\/p>\n<p><span style=\"font-weight: 400;\"><strong>3) Sa\u00fade:<\/strong> Investimento nas Santas Casas e aperfei\u00e7oamento nas especialidades m\u00e9dicas. A Santa Casa \u00e9 uma excelente institui\u00e7\u00e3o de sa\u00fade, mas que precisa de recursos para se manter, afinal atende mais de vinte cidades. \u00c9 necess\u00e1rio investir na expans\u00e3o da infraestrutura do Grupo para ofertar mais tratamentos.<\/span><\/p>\n<p><span style=\"font-weight: 400;\"><strong>4) Infraestrutura Urbana:<\/strong> constru\u00e7\u00e3o de um parque tecnol\u00f3gico voltado ao desenvolvimento t\u00eaxtil e cal\u00e7adista da regi\u00e3o, por meio de startups.\u00a0<\/span><\/p>\n<p><span style=\"font-weight: 400;\"><strong>5) Gera\u00e7\u00e3o de Emprego:<\/strong> concess\u00e3o de benef\u00edcios para micro e pequenas empresas, incentivo ao empreendedorismo digital, qualifica\u00e7\u00e3o e aperfei\u00e7oamento do profissional a custos reduzidos, mas sem perder a qualidade do ensino.<\/span><\/p>\n","protected":false},"excerpt":{"rendered":"<p>Em entrevista ao Verdade, ele detalha suas expectativas e sugere a\u00e7\u00f5es para \u00e1reas estrat\u00e9gicas &nbsp; O empres\u00e1rio Andr\u00e9 Pedroso, de 44 anos, lan\u00e7ou sua pr\u00e9-candidatura a<span class=\"excerpt-hellip\"> [\u2026]<\/span><\/p>\n","protected":false},"author":10,"featured_media":26558,"comment_status":"open","ping_status":"open","sticky":false,"template":"","format":"standard","meta":{"_jetpack_memberships_contains_paid_content":false,"footnotes":"","jetpack_publicize_message":"","jetpack_publicize_feature_enabled":true,"jetpack_social_post_already_shared":false,"jetpack_social_options":{"image_generator_settings":{"template":"highway","default_image_id":0,"enabled":false},"version":2}},"categories":[28,81],"tags":[],"class_list":["post-26557","post","type-post","status-publish","format-standard","has-post-thumbnail","hentry","category-cotidiano","category-manchete"],"yoast_head":"<!-- This site is optimized with the Yoast SEO plugin v25.6 - https:\/\/yoast.com\/wordpress\/plugins\/seo\/ -->\n<title>Empres\u00e1rio Andr\u00e9 Pedroso lan\u00e7a pr\u00e9-candidatura a federal: &#039;Quero uma renova\u00e7\u00e3o pol\u00edtica&#039; - VerdadeOn<\/title>\n<meta name=\"robots\" content=\"index, follow, max-snippet:-1, max-image-preview:large, max-video-preview:-1\" \/>\n<link rel=\"canonical\" href=\"https:\/\/verdadeon.com.br\/portal\/2022\/07\/16\/empresario-andre-pedroso-lanca-pre-candidatura-a-federal-quero-uma-renovacao-politica\/\" \/>\n<meta property=\"og:locale\" content=\"pt_BR\" \/>\n<meta property=\"og:type\" content=\"article\" \/>\n<meta property=\"og:title\" content=\"Empres\u00e1rio Andr\u00e9 Pedroso lan\u00e7a pr\u00e9-candidatura a federal: &#039;Quero uma renova\u00e7\u00e3o pol\u00edtica&#039; - VerdadeOn\" \/>\n<meta property=\"og:description\" content=\"Em entrevista ao Verdade, ele detalha suas expectativas e sugere a\u00e7\u00f5es para \u00e1reas estrat\u00e9gicas &nbsp; O empres\u00e1rio Andr\u00e9 Pedroso, de 44 anos, lan\u00e7ou sua pr\u00e9-candidatura a [\u2026]\" \/>\n<meta property=\"og:url\" content=\"https:\/\/verdadeon.com.br\/portal\/2022\/07\/16\/empresario-andre-pedroso-lanca-pre-candidatura-a-federal-quero-uma-renovacao-politica\/\" \/>\n<meta property=\"og:site_name\" content=\"VerdadeOn\" \/>\n<meta property=\"article:published_time\" content=\"2022-07-16T17:00:37+00:00\" \/>\n<meta property=\"og:image\" content=\"https:\/\/verdadeon.com.br\/portal\/wp-content\/uploads\/2022\/07\/WhatsApp-Image-2022-07-16-at-12.13.31.jpeg\" \/>\n\t<meta property=\"og:image:width\" content=\"1280\" \/>\n\t<meta property=\"og:image:height\" content=\"719\" \/>\n\t<meta property=\"og:image:type\" content=\"image\/jpeg\" \/>\n<meta name=\"author\" content=\"Redacao VerdadeOn\" \/>\n<meta name=\"twitter:card\" content=\"summary_large_image\" \/>\n<meta name=\"twitter:label1\" content=\"Escrito por\" \/>\n\t<meta name=\"twitter:data1\" content=\"Redacao VerdadeOn\" \/>\n\t<meta name=\"twitter:label2\" content=\"Est. tempo de leitura\" \/>\n\t<meta name=\"twitter:data2\" content=\"5 minutos\" \/>\n<script type=\"application\/ld+json\" class=\"yoast-schema-graph\">{\"@context\":\"https:\/\/schema.org\",\"@graph\":[{\"@type\":\"WebPage\",\"@id\":\"https:\/\/verdadeon.com.br\/portal\/2022\/07\/16\/empresario-andre-pedroso-lanca-pre-candidatura-a-federal-quero-uma-renovacao-politica\/\",\"url\":\"https:\/\/verdadeon.com.br\/portal\/2022\/07\/16\/empresario-andre-pedroso-lanca-pre-candidatura-a-federal-quero-uma-renovacao-politica\/\",\"name\":\"Empres\u00e1rio Andr\u00e9 Pedroso lan\u00e7a pr\u00e9-candidatura a federal: 'Quero uma renova\u00e7\u00e3o pol\u00edtica' - VerdadeOn\",\"isPartOf\":{\"@id\":\"https:\/\/verdadeon.com.br\/portal\/#website\"},\"primaryImageOfPage\":{\"@id\":\"https:\/\/verdadeon.com.br\/portal\/2022\/07\/16\/empresario-andre-pedroso-lanca-pre-candidatura-a-federal-quero-uma-renovacao-politica\/#primaryimage\"},\"image\":{\"@id\":\"https:\/\/verdadeon.com.br\/portal\/2022\/07\/16\/empresario-andre-pedroso-lanca-pre-candidatura-a-federal-quero-uma-renovacao-politica\/#primaryimage\"},\"thumbnailUrl\":\"https:\/\/i0.wp.com\/verdadeon.com.br\/portal\/wp-content\/uploads\/2022\/07\/WhatsApp-Image-2022-07-16-at-12.13.31.jpeg?fit=1280%2C719&ssl=1\",\"datePublished\":\"2022-07-16T17:00:37+00:00\",\"author\":{\"@id\":\"https:\/\/verdadeon.com.br\/portal\/#\/schema\/person\/a5060ad1e9ea3df545188fc93ce43d2f\"},\"breadcrumb\":{\"@id\":\"https:\/\/verdadeon.com.br\/portal\/2022\/07\/16\/empresario-andre-pedroso-lanca-pre-candidatura-a-federal-quero-uma-renovacao-politica\/#breadcrumb\"},\"inLanguage\":\"pt-BR\",\"potentialAction\":[{\"@type\":\"ReadAction\",\"target\":[\"https:\/\/verdadeon.com.br\/portal\/2022\/07\/16\/empresario-andre-pedroso-lanca-pre-candidatura-a-federal-quero-uma-renovacao-politica\/\"]}]},{\"@type\":\"ImageObject\",\"inLanguage\":\"pt-BR\",\"@id\":\"https:\/\/verdadeon.com.br\/portal\/2022\/07\/16\/empresario-andre-pedroso-lanca-pre-candidatura-a-federal-quero-uma-renovacao-politica\/#primaryimage\",\"url\":\"https:\/\/i0.wp.com\/verdadeon.com.br\/portal\/wp-content\/uploads\/2022\/07\/WhatsApp-Image-2022-07-16-at-12.13.31.jpeg?fit=1280%2C719&ssl=1\",\"contentUrl\":\"https:\/\/i0.wp.com\/verdadeon.com.br\/portal\/wp-content\/uploads\/2022\/07\/WhatsApp-Image-2022-07-16-at-12.13.31.jpeg?fit=1280%2C719&ssl=1\",\"width\":1280,\"height\":719,\"caption\":\"O empres\u00e1rio Andr\u00e9 Pedroso durante lan\u00e7amento de sua pr\u00e9-candidatura como deputado federal por Franca, na quinta-feira (14), no Espa\u00e7o Flamboyant | Foto: Divulga\u00e7\u00e3o\"},{\"@type\":\"BreadcrumbList\",\"@id\":\"https:\/\/verdadeon.com.br\/portal\/2022\/07\/16\/empresario-andre-pedroso-lanca-pre-candidatura-a-federal-quero-uma-renovacao-politica\/#breadcrumb\",\"itemListElement\":[{\"@type\":\"ListItem\",\"position\":1,\"name\":\"In\u00edcio\",\"item\":\"https:\/\/verdadeon.com.br\/portal\/\"},{\"@type\":\"ListItem\",\"position\":2,\"name\":\"Empres\u00e1rio Andr\u00e9 Pedroso lan\u00e7a pr\u00e9-candidatura a federal: &#8216;Quero uma renova\u00e7\u00e3o pol\u00edtica&#8217;\"}]},{\"@type\":\"WebSite\",\"@id\":\"https:\/\/verdadeon.com.br\/portal\/#website\",\"url\":\"https:\/\/verdadeon.com.br\/portal\/\",\"name\":\"VerdadeOn\",\"description\":\"Not\u00edcias di\u00e1rias sobre Franca, Regi\u00e3o, Esporte, Cultura, Cotidiano, Colunas. Cobertura nos principais eventos da cidade \u00e9 aqui - Verdadeon Franca\",\"potentialAction\":[{\"@type\":\"SearchAction\",\"target\":{\"@type\":\"EntryPoint\",\"urlTemplate\":\"https:\/\/verdadeon.com.br\/portal\/?s={search_term_string}\"},\"query-input\":{\"@type\":\"PropertyValueSpecification\",\"valueRequired\":true,\"valueName\":\"search_term_string\"}}],\"inLanguage\":\"pt-BR\"},{\"@type\":\"Person\",\"@id\":\"https:\/\/verdadeon.com.br\/portal\/#\/schema\/person\/a5060ad1e9ea3df545188fc93ce43d2f\",\"name\":\"Redacao VerdadeOn\",\"image\":{\"@type\":\"ImageObject\",\"inLanguage\":\"pt-BR\",\"@id\":\"https:\/\/verdadeon.com.br\/portal\/#\/schema\/person\/image\/\",\"url\":\"https:\/\/secure.gravatar.com\/avatar\/459a9613caaaf07f582c3d0841eea68bdd66f533e465e6ba8b9cb45619572cf4?s=96&d=mm&r=g\",\"contentUrl\":\"https:\/\/secure.gravatar.com\/avatar\/459a9613caaaf07f582c3d0841eea68bdd66f533e465e6ba8b9cb45619572cf4?s=96&d=mm&r=g\",\"caption\":\"Redacao VerdadeOn\"},\"url\":\"https:\/\/verdadeon.com.br\/portal\/author\/redacao\/\"}]}<\/script>\n<!-- \/ Yoast SEO plugin. -->","yoast_head_json":{"title":"Empres\u00e1rio Andr\u00e9 Pedroso lan\u00e7a pr\u00e9-candidatura a federal: 'Quero uma renova\u00e7\u00e3o pol\u00edtica' - VerdadeOn","robots":{"index":"index","follow":"follow","max-snippet":"max-snippet:-1","max-image-preview":"max-image-preview:large","max-video-preview":"max-video-preview:-1"},"canonical":"https:\/\/verdadeon.com.br\/portal\/2022\/07\/16\/empresario-andre-pedroso-lanca-pre-candidatura-a-federal-quero-uma-renovacao-politica\/","og_locale":"pt_BR","og_type":"article","og_title":"Empres\u00e1rio Andr\u00e9 Pedroso lan\u00e7a pr\u00e9-candidatura a federal: 'Quero uma renova\u00e7\u00e3o pol\u00edtica' - VerdadeOn","og_description":"Em entrevista ao Verdade, ele detalha suas expectativas e sugere a\u00e7\u00f5es para \u00e1reas estrat\u00e9gicas &nbsp; O empres\u00e1rio Andr\u00e9 Pedroso, de 44 anos, lan\u00e7ou sua pr\u00e9-candidatura a [\u2026]","og_url":"https:\/\/verdadeon.com.br\/portal\/2022\/07\/16\/empresario-andre-pedroso-lanca-pre-candidatura-a-federal-quero-uma-renovacao-politica\/","og_site_name":"VerdadeOn","article_published_time":"2022-07-16T17:00:37+00:00","og_image":[{"width":1280,"height":719,"url":"https:\/\/verdadeon.com.br\/portal\/wp-content\/uploads\/2022\/07\/WhatsApp-Image-2022-07-16-at-12.13.31.jpeg","type":"image\/jpeg"}],"author":"Redacao VerdadeOn","twitter_card":"summary_large_image","twitter_misc":{"Escrito por":"Redacao VerdadeOn","Est. tempo de leitura":"5 minutos"},"schema":{"@context":"https:\/\/schema.org","@graph":[{"@type":"WebPage","@id":"https:\/\/verdadeon.com.br\/portal\/2022\/07\/16\/empresario-andre-pedroso-lanca-pre-candidatura-a-federal-quero-uma-renovacao-politica\/","url":"https:\/\/verdadeon.com.br\/portal\/2022\/07\/16\/empresario-andre-pedroso-lanca-pre-candidatura-a-federal-quero-uma-renovacao-politica\/","name":"Empres\u00e1rio Andr\u00e9 Pedroso lan\u00e7a pr\u00e9-candidatura a federal: 'Quero uma renova\u00e7\u00e3o pol\u00edtica' - VerdadeOn","isPartOf":{"@id":"https:\/\/verdadeon.com.br\/portal\/#website"},"primaryImageOfPage":{"@id":"https:\/\/verdadeon.com.br\/portal\/2022\/07\/16\/empresario-andre-pedroso-lanca-pre-candidatura-a-federal-quero-uma-renovacao-politica\/#primaryimage"},"image":{"@id":"https:\/\/verdadeon.com.br\/portal\/2022\/07\/16\/empresario-andre-pedroso-lanca-pre-candidatura-a-federal-quero-uma-renovacao-politica\/#primaryimage"},"thumbnailUrl":"https:\/\/i0.wp.com\/verdadeon.com.br\/portal\/wp-content\/uploads\/2022\/07\/WhatsApp-Image-2022-07-16-at-12.13.31.jpeg?fit=1280%2C719&ssl=1","datePublished":"2022-07-16T17:00:37+00:00","author":{"@id":"https:\/\/verdadeon.com.br\/portal\/#\/schema\/person\/a5060ad1e9ea3df545188fc93ce43d2f"},"breadcrumb":{"@id":"https:\/\/verdadeon.com.br\/portal\/2022\/07\/16\/empresario-andre-pedroso-lanca-pre-candidatura-a-federal-quero-uma-renovacao-politica\/#breadcrumb"},"inLanguage":"pt-BR","potentialAction":[{"@type":"ReadAction","target":["https:\/\/verdadeon.com.br\/portal\/2022\/07\/16\/empresario-andre-pedroso-lanca-pre-candidatura-a-federal-quero-uma-renovacao-politica\/"]}]},{"@type":"ImageObject","inLanguage":"pt-BR","@id":"https:\/\/verdadeon.com.br\/portal\/2022\/07\/16\/empresario-andre-pedroso-lanca-pre-candidatura-a-federal-quero-uma-renovacao-politica\/#primaryimage","url":"https:\/\/i0.wp.com\/verdadeon.com.br\/portal\/wp-content\/uploads\/2022\/07\/WhatsApp-Image-2022-07-16-at-12.13.31.jpeg?fit=1280%2C719&ssl=1","contentUrl":"https:\/\/i0.wp.com\/verdadeon.com.br\/portal\/wp-content\/uploads\/2022\/07\/WhatsApp-Image-2022-07-16-at-12.13.31.jpeg?fit=1280%2C719&ssl=1","width":1280,"height":719,"caption":"O empres\u00e1rio Andr\u00e9 Pedroso durante lan\u00e7amento de sua pr\u00e9-candidatura como deputado federal por Franca, na quinta-feira (14), no Espa\u00e7o Flamboyant | Foto: Divulga\u00e7\u00e3o"},{"@type":"BreadcrumbList","@id":"https:\/\/verdadeon.com.br\/portal\/2022\/07\/16\/empresario-andre-pedroso-lanca-pre-candidatura-a-federal-quero-uma-renovacao-politica\/#breadcrumb","itemListElement":[{"@type":"ListItem","position":1,"name":"In\u00edcio","item":"https:\/\/verdadeon.com.br\/portal\/"},{"@type":"ListItem","position":2,"name":"Empres\u00e1rio Andr\u00e9 Pedroso lan\u00e7a pr\u00e9-candidatura a federal: &#8216;Quero uma renova\u00e7\u00e3o pol\u00edtica&#8217;"}]},{"@type":"WebSite","@id":"https:\/\/verdadeon.com.br\/portal\/#website","url":"https:\/\/verdadeon.com.br\/portal\/","name":"VerdadeOn","description":"Not\u00edcias di\u00e1rias sobre Franca, Regi\u00e3o, Esporte, Cultura, Cotidiano, Colunas. Cobertura nos principais eventos da cidade \u00e9 aqui - Verdadeon Franca","potentialAction":[{"@type":"SearchAction","target":{"@type":"EntryPoint","urlTemplate":"https:\/\/verdadeon.com.br\/portal\/?s={search_term_string}"},"query-input":{"@type":"PropertyValueSpecification","valueRequired":true,"valueName":"search_term_string"}}],"inLanguage":"pt-BR"},{"@type":"Person","@id":"https:\/\/verdadeon.com.br\/portal\/#\/schema\/person\/a5060ad1e9ea3df545188fc93ce43d2f","name":"Redacao VerdadeOn","image":{"@type":"ImageObject","inLanguage":"pt-BR","@id":"https:\/\/verdadeon.com.br\/portal\/#\/schema\/person\/image\/","url":"https:\/\/secure.gravatar.com\/avatar\/459a9613caaaf07f582c3d0841eea68bdd66f533e465e6ba8b9cb45619572cf4?s=96&d=mm&r=g","contentUrl":"https:\/\/secure.gravatar.com\/avatar\/459a9613caaaf07f582c3d0841eea68bdd66f533e465e6ba8b9cb45619572cf4?s=96&d=mm&r=g","caption":"Redacao VerdadeOn"},"url":"https:\/\/verdadeon.com.br\/portal\/author\/redacao\/"}]}},"jetpack_publicize_connections":[],"jetpack_featured_media_url":"https:\/\/i0.wp.com\/verdadeon.com.br\/portal\/wp-content\/uploads\/2022\/07\/WhatsApp-Image-2022-07-16-at-12.13.31.jpeg?fit=1280%2C719&ssl=1","jetpack_sharing_enabled":true,"_links":{"self":[{"href":"https:\/\/verdadeon.com.br\/portal\/wp-json\/wp\/v2\/posts\/26557","targetHints":{"allow":["GET"]}}],"collection":[{"href":"https:\/\/verdadeon.com.br\/portal\/wp-json\/wp\/v2\/posts"}],"about":[{"href":"https:\/\/verdadeon.com.br\/portal\/wp-json\/wp\/v2\/types\/post"}],"author":[{"embeddable":true,"href":"https:\/\/verdadeon.com.br\/portal\/wp-json\/wp\/v2\/users\/10"}],"replies":[{"embeddable":true,"href":"https:\/\/verdadeon.com.br\/portal\/wp-json\/wp\/v2\/comments?post=26557"}],"version-history":[{"count":1,"href":"https:\/\/verdadeon.com.br\/portal\/wp-json\/wp\/v2\/posts\/26557\/revisions"}],"predecessor-version":[{"id":26559,"href":"https:\/\/verdadeon.com.br\/portal\/wp-json\/wp\/v2\/posts\/26557\/revisions\/26559"}],"wp:featuredmedia":[{"embeddable":true,"href":"https:\/\/verdadeon.com.br\/portal\/wp-json\/wp\/v2\/media\/26558"}],"wp:attachment":[{"href":"https:\/\/verdadeon.com.br\/portal\/wp-json\/wp\/v2\/media?parent=26557"}],"wp:term":[{"taxonomy":"category","embeddable":true,"href":"https:\/\/verdadeon.com.br\/portal\/wp-json\/wp\/v2\/categories?post=26557"},{"taxonomy":"post_tag","embeddable":true,"href":"https:\/\/verdadeon.com.br\/portal\/wp-json\/wp\/v2\/tags?post=26557"}],"curies":[{"name":"wp","href":"https:\/\/api.w.org\/{rel}","templated":true}]}}