{"id":26548,"date":"2022-07-16T10:58:55","date_gmt":"2022-07-16T13:58:55","guid":{"rendered":"https:\/\/verdadeon.com.br\/portal\/?p=26548"},"modified":"2022-07-16T10:55:54","modified_gmt":"2022-07-16T13:55:54","slug":"transito-de-franca-tem-novos-contadores-em-semaforos-champagnat-recebeu-dispositivo","status":"publish","type":"post","link":"https:\/\/verdadeon.com.br\/portal\/2022\/07\/16\/transito-de-franca-tem-novos-contadores-em-semaforos-champagnat-recebeu-dispositivo\/","title":{"rendered":"Tr\u00e2nsito de Franca tem novos contadores em sem\u00e1foros; Champagnat recebeu dispositivo"},"content":{"rendered":"<h2><span style=\"font-weight: 400;\">Entre janeiro de 2021 at\u00e9 o momento, foram instalados 77 equipamentos em diversos bairros<\/span><\/h2>\n<p>&nbsp;<\/p>\n<p><span style=\"font-weight: 400;\">Com o intuito de melhorar cada vez mais as condi\u00e7\u00f5es de seguran\u00e7a no tr\u00e2nsito, novos contadores regressivos foram instalados nesta semana pela Prefeitura, al\u00e9m do refor\u00e7o da sinaliza\u00e7\u00e3o de solo em vias de maior fluxo de ve\u00edculos. Esse trabalho tem sido realizado pelas equipes da Secretaria de Seguran\u00e7a, Secretaria de Meio Ambiente e Emdef (Empresa Municipal para o Desenvolvimento de Franca).<\/span><\/p>\n<p><span style=\"font-weight: 400;\">Entre os locais contemplados com o dispositivo eletr\u00f4nico num\u00e9rico, indicando o tempo que o condutor tem para a travessia nos sem\u00e1foros, est\u00e3o o cruzamento da Avenida Champagnat com a Rua Volunt\u00e1rio Jaime Aguilar Barbosa, no Bairro Santa Rita e na mesma regi\u00e3o, entre as ruas Jaime Aguilar e Amap\u00e1.\u00a0<\/span><\/p>\n<p><span style=\"font-weight: 400;\">Os n\u00fameros atualizados pela Secretaria de Seguran\u00e7a e Departamento de Tr\u00e2nsito, apontam que foram instalados, de janeiro do ano passado at\u00e9 agora, 77 equipamentos de contagem regressiva nos sem\u00e1foros, sendo os mais recentes nas Avenidas Ismael Alonso y Alonso, Presidente Vargas e Champagnat.<\/span><\/p>\n<p><span style=\"font-weight: 400;\">Outros trabalhos foram feitos com o intuito de ajudar no controle dos excessos de velocidade na Avenida C\u00e9sar Martins Piraj\u00e1, no Jardim Aeroporto 3. Para esta semana, est\u00e3o programados servi\u00e7os de revitaliza\u00e7\u00e3o de sinaliza\u00e7\u00e3o nos bairros S\u00e3o Domingos e Jardim Paineiras, ambos na regi\u00e3o Norte. Na regi\u00e3o Oeste, entre os bairros Santa Efig\u00eania, Santa Maria e Jardim S\u00e3o Gabriel, est\u00e3o sendo conclu\u00eddas as melhorias em toda extens\u00e3o da Avenida Ministro Rui Barbosa, com refor\u00e7o da sinaliza\u00e7\u00e3o horizontal e vertical.<\/span><\/p>\n<p>&nbsp;<\/p>\n","protected":false},"excerpt":{"rendered":"<p>Entre janeiro de 2021 at\u00e9 o momento, foram instalados 77 equipamentos em diversos bairros &nbsp; Com o intuito de melhorar cada vez mais as condi\u00e7\u00f5es de<span class=\"excerpt-hellip\"> [\u2026]<\/span><\/p>\n","protected":false},"author":10,"featured_media":26549,"comment_status":"open","ping_status":"open","sticky":false,"template":"","format":"standard","meta":{"_jetpack_memberships_contains_paid_content":false,"footnotes":"","jetpack_publicize_message":"","jetpack_publicize_feature_enabled":true,"jetpack_social_post_already_shared":false,"jetpack_social_options":{"image_generator_settings":{"template":"highway","default_image_id":0,"enabled":false},"version":2}},"categories":[28,44],"tags":[],"class_list":["post-26548","post","type-post","status-publish","format-standard","has-post-thumbnail","hentry","category-cotidiano","category-noticias"],"yoast_head":"<!-- This site is optimized with the Yoast SEO plugin v25.6 - https:\/\/yoast.com\/wordpress\/plugins\/seo\/ -->\n<title>Tr\u00e2nsito de Franca tem novos contadores em sem\u00e1foros; Champagnat recebeu dispositivo - VerdadeOn<\/title>\n<meta name=\"robots\" content=\"index, follow, max-snippet:-1, max-image-preview:large, max-video-preview:-1\" \/>\n<link rel=\"canonical\" href=\"https:\/\/verdadeon.com.br\/portal\/2022\/07\/16\/transito-de-franca-tem-novos-contadores-em-semaforos-champagnat-recebeu-dispositivo\/\" \/>\n<meta property=\"og:locale\" content=\"pt_BR\" \/>\n<meta property=\"og:type\" content=\"article\" \/>\n<meta property=\"og:title\" content=\"Tr\u00e2nsito de Franca tem novos contadores em sem\u00e1foros; Champagnat recebeu dispositivo - VerdadeOn\" \/>\n<meta property=\"og:description\" content=\"Entre janeiro de 2021 at\u00e9 o momento, foram instalados 77 equipamentos em diversos bairros &nbsp; Com o intuito de melhorar cada vez mais as condi\u00e7\u00f5es de [\u2026]\" \/>\n<meta property=\"og:url\" content=\"https:\/\/verdadeon.com.br\/portal\/2022\/07\/16\/transito-de-franca-tem-novos-contadores-em-semaforos-champagnat-recebeu-dispositivo\/\" \/>\n<meta property=\"og:site_name\" content=\"VerdadeOn\" \/>\n<meta property=\"article:published_time\" content=\"2022-07-16T13:58:55+00:00\" \/>\n<meta property=\"og:image\" content=\"https:\/\/verdadeon.com.br\/portal\/wp-content\/uploads\/2022\/07\/CONTADOR-REGRESSIVO-SEMAFORO-scaled.jpg\" \/>\n\t<meta property=\"og:image:width\" content=\"2560\" \/>\n\t<meta property=\"og:image:height\" content=\"1696\" \/>\n\t<meta property=\"og:image:type\" content=\"image\/jpeg\" \/>\n<meta name=\"author\" content=\"Redacao VerdadeOn\" \/>\n<meta name=\"twitter:card\" content=\"summary_large_image\" \/>\n<meta name=\"twitter:label1\" content=\"Escrito por\" \/>\n\t<meta name=\"twitter:data1\" content=\"Redacao VerdadeOn\" \/>\n\t<meta name=\"twitter:label2\" content=\"Est. tempo de leitura\" \/>\n\t<meta name=\"twitter:data2\" content=\"2 minutos\" \/>\n<script type=\"application\/ld+json\" class=\"yoast-schema-graph\">{\"@context\":\"https:\/\/schema.org\",\"@graph\":[{\"@type\":\"WebPage\",\"@id\":\"https:\/\/verdadeon.com.br\/portal\/2022\/07\/16\/transito-de-franca-tem-novos-contadores-em-semaforos-champagnat-recebeu-dispositivo\/\",\"url\":\"https:\/\/verdadeon.com.br\/portal\/2022\/07\/16\/transito-de-franca-tem-novos-contadores-em-semaforos-champagnat-recebeu-dispositivo\/\",\"name\":\"Tr\u00e2nsito de Franca tem novos contadores em sem\u00e1foros; Champagnat recebeu dispositivo - VerdadeOn\",\"isPartOf\":{\"@id\":\"https:\/\/verdadeon.com.br\/portal\/#website\"},\"primaryImageOfPage\":{\"@id\":\"https:\/\/verdadeon.com.br\/portal\/2022\/07\/16\/transito-de-franca-tem-novos-contadores-em-semaforos-champagnat-recebeu-dispositivo\/#primaryimage\"},\"image\":{\"@id\":\"https:\/\/verdadeon.com.br\/portal\/2022\/07\/16\/transito-de-franca-tem-novos-contadores-em-semaforos-champagnat-recebeu-dispositivo\/#primaryimage\"},\"thumbnailUrl\":\"https:\/\/i0.wp.com\/verdadeon.com.br\/portal\/wp-content\/uploads\/2022\/07\/CONTADOR-REGRESSIVO-SEMAFORO-scaled.jpg?fit=2560%2C1696&ssl=1\",\"datePublished\":\"2022-07-16T13:58:55+00:00\",\"author\":{\"@id\":\"https:\/\/verdadeon.com.br\/portal\/#\/schema\/person\/a5060ad1e9ea3df545188fc93ce43d2f\"},\"breadcrumb\":{\"@id\":\"https:\/\/verdadeon.com.br\/portal\/2022\/07\/16\/transito-de-franca-tem-novos-contadores-em-semaforos-champagnat-recebeu-dispositivo\/#breadcrumb\"},\"inLanguage\":\"pt-BR\",\"potentialAction\":[{\"@type\":\"ReadAction\",\"target\":[\"https:\/\/verdadeon.com.br\/portal\/2022\/07\/16\/transito-de-franca-tem-novos-contadores-em-semaforos-champagnat-recebeu-dispositivo\/\"]}]},{\"@type\":\"ImageObject\",\"inLanguage\":\"pt-BR\",\"@id\":\"https:\/\/verdadeon.com.br\/portal\/2022\/07\/16\/transito-de-franca-tem-novos-contadores-em-semaforos-champagnat-recebeu-dispositivo\/#primaryimage\",\"url\":\"https:\/\/i0.wp.com\/verdadeon.com.br\/portal\/wp-content\/uploads\/2022\/07\/CONTADOR-REGRESSIVO-SEMAFORO-scaled.jpg?fit=2560%2C1696&ssl=1\",\"contentUrl\":\"https:\/\/i0.wp.com\/verdadeon.com.br\/portal\/wp-content\/uploads\/2022\/07\/CONTADOR-REGRESSIVO-SEMAFORO-scaled.jpg?fit=2560%2C1696&ssl=1\",\"width\":2560,\"height\":1696,\"caption\":\"Em um ano e meio, segundo a Prefeitura, foram instalados quase 80 contadores regressivos nos sem\u00e1foros, em diferentes regi\u00f5es da cidade | Foto: Divulga\u00e7\u00e3o\"},{\"@type\":\"BreadcrumbList\",\"@id\":\"https:\/\/verdadeon.com.br\/portal\/2022\/07\/16\/transito-de-franca-tem-novos-contadores-em-semaforos-champagnat-recebeu-dispositivo\/#breadcrumb\",\"itemListElement\":[{\"@type\":\"ListItem\",\"position\":1,\"name\":\"In\u00edcio\",\"item\":\"https:\/\/verdadeon.com.br\/portal\/\"},{\"@type\":\"ListItem\",\"position\":2,\"name\":\"Tr\u00e2nsito de Franca tem novos contadores em sem\u00e1foros; Champagnat recebeu dispositivo\"}]},{\"@type\":\"WebSite\",\"@id\":\"https:\/\/verdadeon.com.br\/portal\/#website\",\"url\":\"https:\/\/verdadeon.com.br\/portal\/\",\"name\":\"VerdadeOn\",\"description\":\"Not\u00edcias di\u00e1rias sobre Franca, Regi\u00e3o, Esporte, Cultura, Cotidiano, Colunas. Cobertura nos principais eventos da cidade \u00e9 aqui - Verdadeon Franca\",\"potentialAction\":[{\"@type\":\"SearchAction\",\"target\":{\"@type\":\"EntryPoint\",\"urlTemplate\":\"https:\/\/verdadeon.com.br\/portal\/?s={search_term_string}\"},\"query-input\":{\"@type\":\"PropertyValueSpecification\",\"valueRequired\":true,\"valueName\":\"search_term_string\"}}],\"inLanguage\":\"pt-BR\"},{\"@type\":\"Person\",\"@id\":\"https:\/\/verdadeon.com.br\/portal\/#\/schema\/person\/a5060ad1e9ea3df545188fc93ce43d2f\",\"name\":\"Redacao VerdadeOn\",\"image\":{\"@type\":\"ImageObject\",\"inLanguage\":\"pt-BR\",\"@id\":\"https:\/\/verdadeon.com.br\/portal\/#\/schema\/person\/image\/\",\"url\":\"https:\/\/secure.gravatar.com\/avatar\/459a9613caaaf07f582c3d0841eea68bdd66f533e465e6ba8b9cb45619572cf4?s=96&d=mm&r=g\",\"contentUrl\":\"https:\/\/secure.gravatar.com\/avatar\/459a9613caaaf07f582c3d0841eea68bdd66f533e465e6ba8b9cb45619572cf4?s=96&d=mm&r=g\",\"caption\":\"Redacao VerdadeOn\"},\"url\":\"https:\/\/verdadeon.com.br\/portal\/author\/redacao\/\"}]}<\/script>\n<!-- \/ Yoast SEO plugin. -->","yoast_head_json":{"title":"Tr\u00e2nsito de Franca tem novos contadores em sem\u00e1foros; Champagnat recebeu dispositivo - VerdadeOn","robots":{"index":"index","follow":"follow","max-snippet":"max-snippet:-1","max-image-preview":"max-image-preview:large","max-video-preview":"max-video-preview:-1"},"canonical":"https:\/\/verdadeon.com.br\/portal\/2022\/07\/16\/transito-de-franca-tem-novos-contadores-em-semaforos-champagnat-recebeu-dispositivo\/","og_locale":"pt_BR","og_type":"article","og_title":"Tr\u00e2nsito de Franca tem novos contadores em sem\u00e1foros; Champagnat recebeu dispositivo - VerdadeOn","og_description":"Entre janeiro de 2021 at\u00e9 o momento, foram instalados 77 equipamentos em diversos bairros &nbsp; Com o intuito de melhorar cada vez mais as condi\u00e7\u00f5es de [\u2026]","og_url":"https:\/\/verdadeon.com.br\/portal\/2022\/07\/16\/transito-de-franca-tem-novos-contadores-em-semaforos-champagnat-recebeu-dispositivo\/","og_site_name":"VerdadeOn","article_published_time":"2022-07-16T13:58:55+00:00","og_image":[{"width":2560,"height":1696,"url":"https:\/\/verdadeon.com.br\/portal\/wp-content\/uploads\/2022\/07\/CONTADOR-REGRESSIVO-SEMAFORO-scaled.jpg","type":"image\/jpeg"}],"author":"Redacao VerdadeOn","twitter_card":"summary_large_image","twitter_misc":{"Escrito por":"Redacao VerdadeOn","Est. tempo de leitura":"2 minutos"},"schema":{"@context":"https:\/\/schema.org","@graph":[{"@type":"WebPage","@id":"https:\/\/verdadeon.com.br\/portal\/2022\/07\/16\/transito-de-franca-tem-novos-contadores-em-semaforos-champagnat-recebeu-dispositivo\/","url":"https:\/\/verdadeon.com.br\/portal\/2022\/07\/16\/transito-de-franca-tem-novos-contadores-em-semaforos-champagnat-recebeu-dispositivo\/","name":"Tr\u00e2nsito de Franca tem novos contadores em sem\u00e1foros; Champagnat recebeu dispositivo - VerdadeOn","isPartOf":{"@id":"https:\/\/verdadeon.com.br\/portal\/#website"},"primaryImageOfPage":{"@id":"https:\/\/verdadeon.com.br\/portal\/2022\/07\/16\/transito-de-franca-tem-novos-contadores-em-semaforos-champagnat-recebeu-dispositivo\/#primaryimage"},"image":{"@id":"https:\/\/verdadeon.com.br\/portal\/2022\/07\/16\/transito-de-franca-tem-novos-contadores-em-semaforos-champagnat-recebeu-dispositivo\/#primaryimage"},"thumbnailUrl":"https:\/\/i0.wp.com\/verdadeon.com.br\/portal\/wp-content\/uploads\/2022\/07\/CONTADOR-REGRESSIVO-SEMAFORO-scaled.jpg?fit=2560%2C1696&ssl=1","datePublished":"2022-07-16T13:58:55+00:00","author":{"@id":"https:\/\/verdadeon.com.br\/portal\/#\/schema\/person\/a5060ad1e9ea3df545188fc93ce43d2f"},"breadcrumb":{"@id":"https:\/\/verdadeon.com.br\/portal\/2022\/07\/16\/transito-de-franca-tem-novos-contadores-em-semaforos-champagnat-recebeu-dispositivo\/#breadcrumb"},"inLanguage":"pt-BR","potentialAction":[{"@type":"ReadAction","target":["https:\/\/verdadeon.com.br\/portal\/2022\/07\/16\/transito-de-franca-tem-novos-contadores-em-semaforos-champagnat-recebeu-dispositivo\/"]}]},{"@type":"ImageObject","inLanguage":"pt-BR","@id":"https:\/\/verdadeon.com.br\/portal\/2022\/07\/16\/transito-de-franca-tem-novos-contadores-em-semaforos-champagnat-recebeu-dispositivo\/#primaryimage","url":"https:\/\/i0.wp.com\/verdadeon.com.br\/portal\/wp-content\/uploads\/2022\/07\/CONTADOR-REGRESSIVO-SEMAFORO-scaled.jpg?fit=2560%2C1696&ssl=1","contentUrl":"https:\/\/i0.wp.com\/verdadeon.com.br\/portal\/wp-content\/uploads\/2022\/07\/CONTADOR-REGRESSIVO-SEMAFORO-scaled.jpg?fit=2560%2C1696&ssl=1","width":2560,"height":1696,"caption":"Em um ano e meio, segundo a Prefeitura, foram instalados quase 80 contadores regressivos nos sem\u00e1foros, em diferentes regi\u00f5es da cidade | Foto: Divulga\u00e7\u00e3o"},{"@type":"BreadcrumbList","@id":"https:\/\/verdadeon.com.br\/portal\/2022\/07\/16\/transito-de-franca-tem-novos-contadores-em-semaforos-champagnat-recebeu-dispositivo\/#breadcrumb","itemListElement":[{"@type":"ListItem","position":1,"name":"In\u00edcio","item":"https:\/\/verdadeon.com.br\/portal\/"},{"@type":"ListItem","position":2,"name":"Tr\u00e2nsito de Franca tem novos contadores em sem\u00e1foros; Champagnat recebeu dispositivo"}]},{"@type":"WebSite","@id":"https:\/\/verdadeon.com.br\/portal\/#website","url":"https:\/\/verdadeon.com.br\/portal\/","name":"VerdadeOn","description":"Not\u00edcias di\u00e1rias sobre Franca, Regi\u00e3o, Esporte, Cultura, Cotidiano, Colunas. Cobertura nos principais eventos da cidade \u00e9 aqui - Verdadeon Franca","potentialAction":[{"@type":"SearchAction","target":{"@type":"EntryPoint","urlTemplate":"https:\/\/verdadeon.com.br\/portal\/?s={search_term_string}"},"query-input":{"@type":"PropertyValueSpecification","valueRequired":true,"valueName":"search_term_string"}}],"inLanguage":"pt-BR"},{"@type":"Person","@id":"https:\/\/verdadeon.com.br\/portal\/#\/schema\/person\/a5060ad1e9ea3df545188fc93ce43d2f","name":"Redacao VerdadeOn","image":{"@type":"ImageObject","inLanguage":"pt-BR","@id":"https:\/\/verdadeon.com.br\/portal\/#\/schema\/person\/image\/","url":"https:\/\/secure.gravatar.com\/avatar\/459a9613caaaf07f582c3d0841eea68bdd66f533e465e6ba8b9cb45619572cf4?s=96&d=mm&r=g","contentUrl":"https:\/\/secure.gravatar.com\/avatar\/459a9613caaaf07f582c3d0841eea68bdd66f533e465e6ba8b9cb45619572cf4?s=96&d=mm&r=g","caption":"Redacao VerdadeOn"},"url":"https:\/\/verdadeon.com.br\/portal\/author\/redacao\/"}]}},"jetpack_publicize_connections":[],"jetpack_featured_media_url":"https:\/\/i0.wp.com\/verdadeon.com.br\/portal\/wp-content\/uploads\/2022\/07\/CONTADOR-REGRESSIVO-SEMAFORO-scaled.jpg?fit=2560%2C1696&ssl=1","jetpack_sharing_enabled":true,"_links":{"self":[{"href":"https:\/\/verdadeon.com.br\/portal\/wp-json\/wp\/v2\/posts\/26548","targetHints":{"allow":["GET"]}}],"collection":[{"href":"https:\/\/verdadeon.com.br\/portal\/wp-json\/wp\/v2\/posts"}],"about":[{"href":"https:\/\/verdadeon.com.br\/portal\/wp-json\/wp\/v2\/types\/post"}],"author":[{"embeddable":true,"href":"https:\/\/verdadeon.com.br\/portal\/wp-json\/wp\/v2\/users\/10"}],"replies":[{"embeddable":true,"href":"https:\/\/verdadeon.com.br\/portal\/wp-json\/wp\/v2\/comments?post=26548"}],"version-history":[{"count":1,"href":"https:\/\/verdadeon.com.br\/portal\/wp-json\/wp\/v2\/posts\/26548\/revisions"}],"predecessor-version":[{"id":26550,"href":"https:\/\/verdadeon.com.br\/portal\/wp-json\/wp\/v2\/posts\/26548\/revisions\/26550"}],"wp:featuredmedia":[{"embeddable":true,"href":"https:\/\/verdadeon.com.br\/portal\/wp-json\/wp\/v2\/media\/26549"}],"wp:attachment":[{"href":"https:\/\/verdadeon.com.br\/portal\/wp-json\/wp\/v2\/media?parent=26548"}],"wp:term":[{"taxonomy":"category","embeddable":true,"href":"https:\/\/verdadeon.com.br\/portal\/wp-json\/wp\/v2\/categories?post=26548"},{"taxonomy":"post_tag","embeddable":true,"href":"https:\/\/verdadeon.com.br\/portal\/wp-json\/wp\/v2\/tags?post=26548"}],"curies":[{"name":"wp","href":"https:\/\/api.w.org\/{rel}","templated":true}]}}