{"id":26532,"date":"2022-07-15T15:38:14","date_gmt":"2022-07-15T18:38:14","guid":{"rendered":"https:\/\/verdadeon.com.br\/portal\/?p=26532"},"modified":"2022-07-15T15:38:14","modified_gmt":"2022-07-15T18:38:14","slug":"com-nova-queda-etanol-chega-a-r-3-69-em-franca-aponta-procon","status":"publish","type":"post","link":"https:\/\/verdadeon.com.br\/portal\/2022\/07\/15\/com-nova-queda-etanol-chega-a-r-3-69-em-franca-aponta-procon\/","title":{"rendered":"Com nova queda etanol chega a R$ 3.69 em Franca, aponta Procon"},"content":{"rendered":"<h2>Desde o dia primeiro de julho a gasolina j\u00e1 caiu mais de R$ 1 na cidade, etanol j\u00e1 \u00e9 vendido bem abaixo dos R$ 4<\/h2>\n<p>Fernando Lima<\/p>\n<p>O Procon de Franca divulgou nesta sexta-feira (15), uma nova pesquisa sobre o pre\u00e7o dos combust\u00edveis em Franca, os dados apontam que o litro do etanol mais barato sai a R$3.69, mas o produto pode ser encontrado a R$ 3.95, varia\u00e7\u00e3o de 3,7%. Foram 90 postos pesquisados em todas as regi\u00f5es de Franca nesta sexta-feira.<\/p>\n<p>A gasolina tamb\u00e9m teve diminui\u00e7\u00e3o no valor do litro, o mais barato da cidade \u00e9 encontrado a R$5.69, mas ainda \u00e9 vendido em outros postos a R$5.95, varia\u00e7\u00e3o de 5,6%. A pesquisa tamb\u00e9m foi realizada em 90 estabelecimentos de todas as regi\u00f5es de Franca.<\/p>\n<p>O \u00f3leo diesel tamb\u00e9m foi pesquisado pelo Procon de Franca, ele \u00e9 encontrado nos postos entre R$ 6.97 a R$ 7.49, o que representa uma varia\u00e7\u00e3o de 7%.<\/p>\n<h4>Queda<\/h4>\n<p>Na \u00faltima semana o Jornal Verdade mostrou que a pesquisa do Procon, j\u00e1 apontava a tend\u00eancia de queda dos pre\u00e7os, o que acabou se concretizando. Na semana passada, o menor pre\u00e7o do litro da gasolina era R$ 5.83 e o maior chegava a R$ 6.69. O etanol tamb\u00e9m era praticado a pre\u00e7os maiores, de R$ 3.70 a R$ 4.03.<\/p>\n<p>A primeira pesquisa do Procon foi realizada no dia 1\u00b0 deste m\u00eas, o hist\u00f3rico aponta que os combust\u00edveis tiveram redu\u00e7\u00e3o significativa desde ent\u00e3o. Confira:<\/p>\n<p>&nbsp;<\/p>\n<table>\n<tbody>\n<tr>\n<td width=\"142\">Combust\u00edvel<\/td>\n<td width=\"142\">Maior Pre\u00e7o<\/p>\n<p>(01-07-2022)<\/td>\n<td width=\"142\">Menor Pre\u00e7o<\/p>\n<p>(15-07-2022)<\/td>\n<td width=\"142\">Diferen\u00e7a<\/td>\n<\/tr>\n<tr>\n<td width=\"142\">&nbsp;<\/p>\n<p>Gasolina<\/p>\n<p>&nbsp;<\/td>\n<td width=\"142\">R$ 6.79<\/td>\n<td width=\"142\">R$ 5.69<\/td>\n<td width=\"142\">&nbsp;<\/p>\n<p>R$ &#8211; 1.10<\/p>\n<p>&nbsp;<\/td>\n<\/tr>\n<tr>\n<td width=\"142\">&nbsp;<\/p>\n<p>Etanol<\/p>\n<p>&nbsp;<\/td>\n<td width=\"142\">R$ 4.03<\/td>\n<td width=\"142\">R$ 3.69<\/td>\n<td width=\"142\">R$ &#8211; 0.34<\/td>\n<\/tr>\n<\/tbody>\n<\/table>\n<p>&nbsp;<\/p>\n<p>O Procon destacou que qualquer pre\u00e7o que seja considerado abusivo pelo consumidor, pode ser comunicado ao \u00f3rg\u00e3o, atrav\u00e9s do (16) 3721-4757.\u00a0Outra dica importante do Procon, \u00e9 em rela\u00e7\u00e3o a levantamento de pre\u00e7os, a pesquisa ainda \u00e9 uma das principais armas do consumidor.<\/p>\n<p>Nas redes sociais os francanos come\u00e7aram a divulgar os pre\u00e7os em grupos, um deles \u201cGasolina Barata em Franca\u201d, conta com cerca de 10 mil participantes que postam o pre\u00e7o em seus bairros.<\/p>\n","protected":false},"excerpt":{"rendered":"<p>Desde o dia primeiro de julho a gasolina j\u00e1 caiu mais de R$ 1 na cidade, etanol j\u00e1 \u00e9 vendido bem abaixo dos R$ 4 Fernando<span class=\"excerpt-hellip\"> [\u2026]<\/span><\/p>\n","protected":false},"author":7,"featured_media":25889,"comment_status":"open","ping_status":"open","sticky":false,"template":"","format":"standard","meta":{"_jetpack_memberships_contains_paid_content":false,"footnotes":"","jetpack_publicize_message":"","jetpack_publicize_feature_enabled":true,"jetpack_social_post_already_shared":false,"jetpack_social_options":{"image_generator_settings":{"template":"highway","default_image_id":0,"enabled":false},"version":2}},"categories":[28,81],"tags":[],"class_list":["post-26532","post","type-post","status-publish","format-standard","has-post-thumbnail","hentry","category-cotidiano","category-manchete"],"yoast_head":"<!-- This site is optimized with the Yoast SEO plugin v25.6 - https:\/\/yoast.com\/wordpress\/plugins\/seo\/ -->\n<title>Com nova queda etanol chega a R$ 3.69 em Franca, aponta Procon - VerdadeOn<\/title>\n<meta name=\"robots\" content=\"index, follow, max-snippet:-1, max-image-preview:large, max-video-preview:-1\" \/>\n<link rel=\"canonical\" href=\"https:\/\/verdadeon.com.br\/portal\/2022\/07\/15\/com-nova-queda-etanol-chega-a-r-3-69-em-franca-aponta-procon\/\" \/>\n<meta property=\"og:locale\" content=\"pt_BR\" \/>\n<meta property=\"og:type\" content=\"article\" \/>\n<meta property=\"og:title\" content=\"Com nova queda etanol chega a R$ 3.69 em Franca, aponta Procon - VerdadeOn\" \/>\n<meta property=\"og:description\" content=\"Desde o dia primeiro de julho a gasolina j\u00e1 caiu mais de R$ 1 na cidade, etanol j\u00e1 \u00e9 vendido bem abaixo dos R$ 4 Fernando [\u2026]\" \/>\n<meta property=\"og:url\" content=\"https:\/\/verdadeon.com.br\/portal\/2022\/07\/15\/com-nova-queda-etanol-chega-a-r-3-69-em-franca-aponta-procon\/\" \/>\n<meta property=\"og:site_name\" content=\"VerdadeOn\" \/>\n<meta property=\"article:published_time\" content=\"2022-07-15T18:38:14+00:00\" \/>\n<meta property=\"og:image\" content=\"https:\/\/verdadeon.com.br\/portal\/wp-content\/uploads\/2022\/06\/AUMENTO-GASOLINA-e1655486285473.jpg\" \/>\n\t<meta property=\"og:image:width\" content=\"1000\" \/>\n\t<meta property=\"og:image:height\" content=\"669\" \/>\n\t<meta property=\"og:image:type\" content=\"image\/jpeg\" \/>\n<meta name=\"author\" content=\"Fernando Lima\" \/>\n<meta name=\"twitter:card\" content=\"summary_large_image\" \/>\n<meta name=\"twitter:label1\" content=\"Escrito por\" \/>\n\t<meta name=\"twitter:data1\" content=\"Fernando Lima\" \/>\n\t<meta name=\"twitter:label2\" content=\"Est. tempo de leitura\" \/>\n\t<meta name=\"twitter:data2\" content=\"2 minutos\" \/>\n<script type=\"application\/ld+json\" class=\"yoast-schema-graph\">{\"@context\":\"https:\/\/schema.org\",\"@graph\":[{\"@type\":\"WebPage\",\"@id\":\"https:\/\/verdadeon.com.br\/portal\/2022\/07\/15\/com-nova-queda-etanol-chega-a-r-3-69-em-franca-aponta-procon\/\",\"url\":\"https:\/\/verdadeon.com.br\/portal\/2022\/07\/15\/com-nova-queda-etanol-chega-a-r-3-69-em-franca-aponta-procon\/\",\"name\":\"Com nova queda etanol chega a R$ 3.69 em Franca, aponta Procon - VerdadeOn\",\"isPartOf\":{\"@id\":\"https:\/\/verdadeon.com.br\/portal\/#website\"},\"primaryImageOfPage\":{\"@id\":\"https:\/\/verdadeon.com.br\/portal\/2022\/07\/15\/com-nova-queda-etanol-chega-a-r-3-69-em-franca-aponta-procon\/#primaryimage\"},\"image\":{\"@id\":\"https:\/\/verdadeon.com.br\/portal\/2022\/07\/15\/com-nova-queda-etanol-chega-a-r-3-69-em-franca-aponta-procon\/#primaryimage\"},\"thumbnailUrl\":\"https:\/\/i0.wp.com\/verdadeon.com.br\/portal\/wp-content\/uploads\/2022\/06\/AUMENTO-GASOLINA-e1655486285473.jpg?fit=1000%2C669&ssl=1\",\"datePublished\":\"2022-07-15T18:38:14+00:00\",\"author\":{\"@id\":\"https:\/\/verdadeon.com.br\/portal\/#\/schema\/person\/cc32be22b8e8599387c480bc83e1d11a\"},\"breadcrumb\":{\"@id\":\"https:\/\/verdadeon.com.br\/portal\/2022\/07\/15\/com-nova-queda-etanol-chega-a-r-3-69-em-franca-aponta-procon\/#breadcrumb\"},\"inLanguage\":\"pt-BR\",\"potentialAction\":[{\"@type\":\"ReadAction\",\"target\":[\"https:\/\/verdadeon.com.br\/portal\/2022\/07\/15\/com-nova-queda-etanol-chega-a-r-3-69-em-franca-aponta-procon\/\"]}]},{\"@type\":\"ImageObject\",\"inLanguage\":\"pt-BR\",\"@id\":\"https:\/\/verdadeon.com.br\/portal\/2022\/07\/15\/com-nova-queda-etanol-chega-a-r-3-69-em-franca-aponta-procon\/#primaryimage\",\"url\":\"https:\/\/i0.wp.com\/verdadeon.com.br\/portal\/wp-content\/uploads\/2022\/06\/AUMENTO-GASOLINA-e1655486285473.jpg?fit=1000%2C669&ssl=1\",\"contentUrl\":\"https:\/\/i0.wp.com\/verdadeon.com.br\/portal\/wp-content\/uploads\/2022\/06\/AUMENTO-GASOLINA-e1655486285473.jpg?fit=1000%2C669&ssl=1\",\"width\":1000,\"height\":669,\"caption\":\"Ciesp manifesta preocupa\u00e7\u00e3o com os impactos na sistem\u00e1tica da tributa\u00e7\u00e3o do etanol como insumo industrial (\u00a9Ag\u00eancia Brasil)\"},{\"@type\":\"BreadcrumbList\",\"@id\":\"https:\/\/verdadeon.com.br\/portal\/2022\/07\/15\/com-nova-queda-etanol-chega-a-r-3-69-em-franca-aponta-procon\/#breadcrumb\",\"itemListElement\":[{\"@type\":\"ListItem\",\"position\":1,\"name\":\"In\u00edcio\",\"item\":\"https:\/\/verdadeon.com.br\/portal\/\"},{\"@type\":\"ListItem\",\"position\":2,\"name\":\"Com nova queda etanol chega a R$ 3.69 em Franca, aponta Procon\"}]},{\"@type\":\"WebSite\",\"@id\":\"https:\/\/verdadeon.com.br\/portal\/#website\",\"url\":\"https:\/\/verdadeon.com.br\/portal\/\",\"name\":\"VerdadeOn\",\"description\":\"Not\u00edcias di\u00e1rias sobre Franca, Regi\u00e3o, Esporte, Cultura, Cotidiano, Colunas. Cobertura nos principais eventos da cidade \u00e9 aqui - Verdadeon Franca\",\"potentialAction\":[{\"@type\":\"SearchAction\",\"target\":{\"@type\":\"EntryPoint\",\"urlTemplate\":\"https:\/\/verdadeon.com.br\/portal\/?s={search_term_string}\"},\"query-input\":{\"@type\":\"PropertyValueSpecification\",\"valueRequired\":true,\"valueName\":\"search_term_string\"}}],\"inLanguage\":\"pt-BR\"},{\"@type\":\"Person\",\"@id\":\"https:\/\/verdadeon.com.br\/portal\/#\/schema\/person\/cc32be22b8e8599387c480bc83e1d11a\",\"name\":\"Fernando Lima\",\"image\":{\"@type\":\"ImageObject\",\"inLanguage\":\"pt-BR\",\"@id\":\"https:\/\/verdadeon.com.br\/portal\/#\/schema\/person\/image\/\",\"url\":\"https:\/\/secure.gravatar.com\/avatar\/df4c8e132080d2b3a4841d5d232045464e0eed11a1d6e43115ca0843d48768d3?s=96&d=mm&r=g\",\"contentUrl\":\"https:\/\/secure.gravatar.com\/avatar\/df4c8e132080d2b3a4841d5d232045464e0eed11a1d6e43115ca0843d48768d3?s=96&d=mm&r=g\",\"caption\":\"Fernando Lima\"},\"sameAs\":[\"http:\/\/verdadeon.com.br\/\"],\"url\":\"https:\/\/verdadeon.com.br\/portal\/author\/fernando-lima\/\"}]}<\/script>\n<!-- \/ Yoast SEO plugin. -->","yoast_head_json":{"title":"Com nova queda etanol chega a R$ 3.69 em Franca, aponta Procon - VerdadeOn","robots":{"index":"index","follow":"follow","max-snippet":"max-snippet:-1","max-image-preview":"max-image-preview:large","max-video-preview":"max-video-preview:-1"},"canonical":"https:\/\/verdadeon.com.br\/portal\/2022\/07\/15\/com-nova-queda-etanol-chega-a-r-3-69-em-franca-aponta-procon\/","og_locale":"pt_BR","og_type":"article","og_title":"Com nova queda etanol chega a R$ 3.69 em Franca, aponta Procon - VerdadeOn","og_description":"Desde o dia primeiro de julho a gasolina j\u00e1 caiu mais de R$ 1 na cidade, etanol j\u00e1 \u00e9 vendido bem abaixo dos R$ 4 Fernando [\u2026]","og_url":"https:\/\/verdadeon.com.br\/portal\/2022\/07\/15\/com-nova-queda-etanol-chega-a-r-3-69-em-franca-aponta-procon\/","og_site_name":"VerdadeOn","article_published_time":"2022-07-15T18:38:14+00:00","og_image":[{"width":1000,"height":669,"url":"https:\/\/verdadeon.com.br\/portal\/wp-content\/uploads\/2022\/06\/AUMENTO-GASOLINA-e1655486285473.jpg","type":"image\/jpeg"}],"author":"Fernando Lima","twitter_card":"summary_large_image","twitter_misc":{"Escrito por":"Fernando Lima","Est. tempo de leitura":"2 minutos"},"schema":{"@context":"https:\/\/schema.org","@graph":[{"@type":"WebPage","@id":"https:\/\/verdadeon.com.br\/portal\/2022\/07\/15\/com-nova-queda-etanol-chega-a-r-3-69-em-franca-aponta-procon\/","url":"https:\/\/verdadeon.com.br\/portal\/2022\/07\/15\/com-nova-queda-etanol-chega-a-r-3-69-em-franca-aponta-procon\/","name":"Com nova queda etanol chega a R$ 3.69 em Franca, aponta Procon - VerdadeOn","isPartOf":{"@id":"https:\/\/verdadeon.com.br\/portal\/#website"},"primaryImageOfPage":{"@id":"https:\/\/verdadeon.com.br\/portal\/2022\/07\/15\/com-nova-queda-etanol-chega-a-r-3-69-em-franca-aponta-procon\/#primaryimage"},"image":{"@id":"https:\/\/verdadeon.com.br\/portal\/2022\/07\/15\/com-nova-queda-etanol-chega-a-r-3-69-em-franca-aponta-procon\/#primaryimage"},"thumbnailUrl":"https:\/\/i0.wp.com\/verdadeon.com.br\/portal\/wp-content\/uploads\/2022\/06\/AUMENTO-GASOLINA-e1655486285473.jpg?fit=1000%2C669&ssl=1","datePublished":"2022-07-15T18:38:14+00:00","author":{"@id":"https:\/\/verdadeon.com.br\/portal\/#\/schema\/person\/cc32be22b8e8599387c480bc83e1d11a"},"breadcrumb":{"@id":"https:\/\/verdadeon.com.br\/portal\/2022\/07\/15\/com-nova-queda-etanol-chega-a-r-3-69-em-franca-aponta-procon\/#breadcrumb"},"inLanguage":"pt-BR","potentialAction":[{"@type":"ReadAction","target":["https:\/\/verdadeon.com.br\/portal\/2022\/07\/15\/com-nova-queda-etanol-chega-a-r-3-69-em-franca-aponta-procon\/"]}]},{"@type":"ImageObject","inLanguage":"pt-BR","@id":"https:\/\/verdadeon.com.br\/portal\/2022\/07\/15\/com-nova-queda-etanol-chega-a-r-3-69-em-franca-aponta-procon\/#primaryimage","url":"https:\/\/i0.wp.com\/verdadeon.com.br\/portal\/wp-content\/uploads\/2022\/06\/AUMENTO-GASOLINA-e1655486285473.jpg?fit=1000%2C669&ssl=1","contentUrl":"https:\/\/i0.wp.com\/verdadeon.com.br\/portal\/wp-content\/uploads\/2022\/06\/AUMENTO-GASOLINA-e1655486285473.jpg?fit=1000%2C669&ssl=1","width":1000,"height":669,"caption":"Ciesp manifesta preocupa\u00e7\u00e3o com os impactos na sistem\u00e1tica da tributa\u00e7\u00e3o do etanol como insumo industrial (\u00a9Ag\u00eancia Brasil)"},{"@type":"BreadcrumbList","@id":"https:\/\/verdadeon.com.br\/portal\/2022\/07\/15\/com-nova-queda-etanol-chega-a-r-3-69-em-franca-aponta-procon\/#breadcrumb","itemListElement":[{"@type":"ListItem","position":1,"name":"In\u00edcio","item":"https:\/\/verdadeon.com.br\/portal\/"},{"@type":"ListItem","position":2,"name":"Com nova queda etanol chega a R$ 3.69 em Franca, aponta Procon"}]},{"@type":"WebSite","@id":"https:\/\/verdadeon.com.br\/portal\/#website","url":"https:\/\/verdadeon.com.br\/portal\/","name":"VerdadeOn","description":"Not\u00edcias di\u00e1rias sobre Franca, Regi\u00e3o, Esporte, Cultura, Cotidiano, Colunas. Cobertura nos principais eventos da cidade \u00e9 aqui - Verdadeon Franca","potentialAction":[{"@type":"SearchAction","target":{"@type":"EntryPoint","urlTemplate":"https:\/\/verdadeon.com.br\/portal\/?s={search_term_string}"},"query-input":{"@type":"PropertyValueSpecification","valueRequired":true,"valueName":"search_term_string"}}],"inLanguage":"pt-BR"},{"@type":"Person","@id":"https:\/\/verdadeon.com.br\/portal\/#\/schema\/person\/cc32be22b8e8599387c480bc83e1d11a","name":"Fernando Lima","image":{"@type":"ImageObject","inLanguage":"pt-BR","@id":"https:\/\/verdadeon.com.br\/portal\/#\/schema\/person\/image\/","url":"https:\/\/secure.gravatar.com\/avatar\/df4c8e132080d2b3a4841d5d232045464e0eed11a1d6e43115ca0843d48768d3?s=96&d=mm&r=g","contentUrl":"https:\/\/secure.gravatar.com\/avatar\/df4c8e132080d2b3a4841d5d232045464e0eed11a1d6e43115ca0843d48768d3?s=96&d=mm&r=g","caption":"Fernando Lima"},"sameAs":["http:\/\/verdadeon.com.br\/"],"url":"https:\/\/verdadeon.com.br\/portal\/author\/fernando-lima\/"}]}},"jetpack_publicize_connections":[],"jetpack_featured_media_url":"https:\/\/i0.wp.com\/verdadeon.com.br\/portal\/wp-content\/uploads\/2022\/06\/AUMENTO-GASOLINA-e1655486285473.jpg?fit=1000%2C669&ssl=1","jetpack_sharing_enabled":true,"_links":{"self":[{"href":"https:\/\/verdadeon.com.br\/portal\/wp-json\/wp\/v2\/posts\/26532","targetHints":{"allow":["GET"]}}],"collection":[{"href":"https:\/\/verdadeon.com.br\/portal\/wp-json\/wp\/v2\/posts"}],"about":[{"href":"https:\/\/verdadeon.com.br\/portal\/wp-json\/wp\/v2\/types\/post"}],"author":[{"embeddable":true,"href":"https:\/\/verdadeon.com.br\/portal\/wp-json\/wp\/v2\/users\/7"}],"replies":[{"embeddable":true,"href":"https:\/\/verdadeon.com.br\/portal\/wp-json\/wp\/v2\/comments?post=26532"}],"version-history":[{"count":1,"href":"https:\/\/verdadeon.com.br\/portal\/wp-json\/wp\/v2\/posts\/26532\/revisions"}],"predecessor-version":[{"id":26534,"href":"https:\/\/verdadeon.com.br\/portal\/wp-json\/wp\/v2\/posts\/26532\/revisions\/26534"}],"wp:featuredmedia":[{"embeddable":true,"href":"https:\/\/verdadeon.com.br\/portal\/wp-json\/wp\/v2\/media\/25889"}],"wp:attachment":[{"href":"https:\/\/verdadeon.com.br\/portal\/wp-json\/wp\/v2\/media?parent=26532"}],"wp:term":[{"taxonomy":"category","embeddable":true,"href":"https:\/\/verdadeon.com.br\/portal\/wp-json\/wp\/v2\/categories?post=26532"},{"taxonomy":"post_tag","embeddable":true,"href":"https:\/\/verdadeon.com.br\/portal\/wp-json\/wp\/v2\/tags?post=26532"}],"curies":[{"name":"wp","href":"https:\/\/api.w.org\/{rel}","templated":true}]}}