{"id":26465,"date":"2022-07-12T18:00:49","date_gmt":"2022-07-12T21:00:49","guid":{"rendered":"https:\/\/verdadeon.com.br\/portal\/?p=26465"},"modified":"2022-07-12T17:04:08","modified_gmt":"2022-07-12T20:04:08","slug":"policia-federal-dara-protecao-a-candidatos-nas-eleicoes-deste-ano","status":"publish","type":"post","link":"https:\/\/verdadeon.com.br\/portal\/2022\/07\/12\/policia-federal-dara-protecao-a-candidatos-nas-eleicoes-deste-ano\/","title":{"rendered":"Pol\u00edcia Federal dar\u00e1 prote\u00e7\u00e3o a candidatos nas elei\u00e7\u00f5es deste ano"},"content":{"rendered":"<h2 class=\"col-10 offset-1 animated fadeInDown dealy-900 display-8 display-md-8 alt-font font-italic my-1 text-center\">Centenas de policiais formar\u00e3o equipes que atuar\u00e3o no pa\u00eds, processo teve in\u00edcio em 2021<\/h2>\n<p>A Pol\u00edcia Federal (PF) editou uma s\u00e9rie de atos normativos internos abordando as atua\u00e7\u00f5es para dar prote\u00e7\u00e3o a candidatos nas elei\u00e7\u00f5es deste ano. Al\u00e9m de preparar profissionais e capacitar equipes, ela est\u00e1 distribuindo viaturas blindadas em todas as superintend\u00eancias regionais, conforme nota divulgada em Bras\u00edlia.<img data-recalc-dims=\"1\" decoding=\"async\" src=\"https:\/\/i0.wp.com\/agenciabrasil.ebc.com.br\/ebc.png?w=1220&#038;ssl=1\" \/><img data-recalc-dims=\"1\" decoding=\"async\" src=\"https:\/\/i0.wp.com\/agenciabrasil.ebc.com.br\/ebc.gif?w=1220&#038;ssl=1\" \/><\/p>\n<p>\u201cA opera\u00e7\u00e3o ter\u00e1 in\u00edcio ap\u00f3s a homologa\u00e7\u00e3o em conven\u00e7\u00e3o partid\u00e1ria da candidatura, em observa\u00e7\u00e3o \u00e0 legisla\u00e7\u00e3o vigente (que tem o prazo para acontecer entre 20 de julho e 5 de agosto do corrente ano). Ser\u00e3o mais de 300 policiais envolvidos entre aqueles que compor\u00e3o as equipes dedicadas de prote\u00e7\u00e3o e aqueles das unidades especializadas que apoiar\u00e3o as equipes dedicadas \u00e0s visitas dos candidatos aos seus respectivos estados\u201d, detalhou a PF ao informar que carros VIP ser\u00e3o utilizados por candidatos em seus deslocamentos.<\/p>\n<p>A sele\u00e7\u00e3o dos policiais federais foi feita tendo por base a experi\u00eancia na prote\u00e7\u00e3o \u00e0 pessoa, bem como sua capacidade operacional. \u201cAs equipes de cada candidato est\u00e3o sendo formadas com fundamento em an\u00e1lise de risco feita por grupo de intelig\u00eancia policial que atuar\u00e1 durante todo o per\u00edodo eleitoral\u201d, explicou a PF ao acrescentar que \u201cfatores sociopol\u00edticos\u201d subsidiar\u00e3o as a\u00e7\u00f5es das equipes de prote\u00e7\u00e3o.<\/p>\n<p>Ainda segundo a Pol\u00edcia Federal, todas unidades especializadas em prote\u00e7\u00e3o \u00e0 pessoa foram \u201calinhadas t\u00e9cnica e doutrinariamente\u201d durante o ano de 2021, e, desde ent\u00e3o, mais de 160 policiais federais foram formados na Academia Nacional de Pol\u00edcia por meio do Curso B\u00e1sico de Prote\u00e7\u00e3o \u00e0 Pessoa.<\/p>\n<h4>Contribui\u00e7\u00f5es<\/h4>\n<p>Ainda sobre elei\u00e7\u00f5es, o processo eleitoral de 2022 ser\u00e1 o terceiro no Brasil a utilizar o financiamento coletivo na internet para arrecadar recursos para campanhas. A arrecada\u00e7\u00e3o por crowdfunding, ou vaquinha virtual, come\u00e7ou a ser feita em <span id=\"OBJ_PREFIX_DWT455_com_zimbra_date\" role=\"link\">15 de maio<\/span>, seguindo as regras do Tribunal Superior Eleitoral (TSE).<img data-recalc-dims=\"1\" decoding=\"async\" src=\"https:\/\/i0.wp.com\/agenciabrasil.ebc.com.br\/ebc.png?w=1220&#038;ssl=1\" \/><img data-recalc-dims=\"1\" decoding=\"async\" src=\"https:\/\/i0.wp.com\/agenciabrasil.ebc.com.br\/ebc.gif?w=1220&#038;ssl=1\" \/><\/p>\n<p>A modalidade de arrecada\u00e7\u00e3o de recursos para campanhas eleitorais foi regulamentada pela reforma eleitoral de 2017 e utilizada nas Elei\u00e7\u00f5es Gerais de 2018 e nas Municipais de 2020. A reforma de 2017 tamb\u00e9m proibiu a doa\u00e7\u00e3o de empresas para candidatos. A vaquinha, ganhou, ent\u00e3o, for\u00e7a para aumentar o montante para as campanhas eleitorais, somada \u00e0s doa\u00e7\u00f5es de pessoas f\u00edsicas e aos recursos p\u00fablicos, procedentes\u00a0do Fundo Especial de Financiamento de Campanha, que neste ano tem previs\u00e3o de R$ 4,9 bilh\u00f5es.<\/p>\n<p>Segundo\u00a0dados do TSE, \u00a0nas elei\u00e7\u00f5es de 2018, na primeira vez que as vaquinhas foram realizadas, foram arrecadados aproximadamente R$ 19,7 milh\u00f5es por meio de financiamento coletivo. Nas elei\u00e7\u00f5es de 2020, foram arrecadados R$ 15,8 milh\u00f5es.<\/p>\n","protected":false},"excerpt":{"rendered":"<p>Centenas de policiais formar\u00e3o equipes que atuar\u00e3o no pa\u00eds, processo teve in\u00edcio em 2021 A Pol\u00edcia Federal (PF) editou uma s\u00e9rie de atos normativos internos abordando<span class=\"excerpt-hellip\"> [\u2026]<\/span><\/p>\n","protected":false},"author":7,"featured_media":19654,"comment_status":"open","ping_status":"open","sticky":false,"template":"","format":"standard","meta":{"_jetpack_memberships_contains_paid_content":false,"footnotes":"","jetpack_publicize_message":"","jetpack_publicize_feature_enabled":true,"jetpack_social_post_already_shared":false,"jetpack_social_options":{"image_generator_settings":{"template":"highway","default_image_id":0,"enabled":false},"version":2}},"categories":[28,44],"tags":[],"class_list":["post-26465","post","type-post","status-publish","format-standard","has-post-thumbnail","hentry","category-cotidiano","category-noticias"],"yoast_head":"<!-- This site is optimized with the Yoast SEO plugin v25.6 - https:\/\/yoast.com\/wordpress\/plugins\/seo\/ -->\n<title>Pol\u00edcia Federal dar\u00e1 prote\u00e7\u00e3o a candidatos nas elei\u00e7\u00f5es deste ano - VerdadeOn<\/title>\n<meta name=\"robots\" content=\"index, follow, max-snippet:-1, max-image-preview:large, max-video-preview:-1\" \/>\n<link rel=\"canonical\" href=\"https:\/\/verdadeon.com.br\/portal\/2022\/07\/12\/policia-federal-dara-protecao-a-candidatos-nas-eleicoes-deste-ano\/\" \/>\n<meta property=\"og:locale\" content=\"pt_BR\" \/>\n<meta property=\"og:type\" content=\"article\" \/>\n<meta property=\"og:title\" content=\"Pol\u00edcia Federal dar\u00e1 prote\u00e7\u00e3o a candidatos nas elei\u00e7\u00f5es deste ano - VerdadeOn\" \/>\n<meta property=\"og:description\" content=\"Centenas de policiais formar\u00e3o equipes que atuar\u00e3o no pa\u00eds, processo teve in\u00edcio em 2021 A Pol\u00edcia Federal (PF) editou uma s\u00e9rie de atos normativos internos abordando [\u2026]\" \/>\n<meta property=\"og:url\" content=\"https:\/\/verdadeon.com.br\/portal\/2022\/07\/12\/policia-federal-dara-protecao-a-candidatos-nas-eleicoes-deste-ano\/\" \/>\n<meta property=\"og:site_name\" content=\"VerdadeOn\" \/>\n<meta property=\"article:published_time\" content=\"2022-07-12T21:00:49+00:00\" \/>\n<meta property=\"og:image\" content=\"https:\/\/verdadeon.com.br\/portal\/wp-content\/uploads\/2021\/09\/POLICIA-FEDERAL-scaled-e1631816376170.jpg\" \/>\n\t<meta property=\"og:image:width\" content=\"998\" \/>\n\t<meta property=\"og:image:height\" content=\"672\" \/>\n\t<meta property=\"og:image:type\" content=\"image\/jpeg\" \/>\n<meta name=\"author\" content=\"Fernando Lima\" \/>\n<meta name=\"twitter:card\" content=\"summary_large_image\" \/>\n<meta name=\"twitter:label1\" content=\"Escrito por\" \/>\n\t<meta name=\"twitter:data1\" content=\"Fernando Lima\" \/>\n\t<meta name=\"twitter:label2\" content=\"Est. tempo de leitura\" \/>\n\t<meta name=\"twitter:data2\" content=\"4 minutos\" \/>\n<script type=\"application\/ld+json\" class=\"yoast-schema-graph\">{\"@context\":\"https:\/\/schema.org\",\"@graph\":[{\"@type\":\"WebPage\",\"@id\":\"https:\/\/verdadeon.com.br\/portal\/2022\/07\/12\/policia-federal-dara-protecao-a-candidatos-nas-eleicoes-deste-ano\/\",\"url\":\"https:\/\/verdadeon.com.br\/portal\/2022\/07\/12\/policia-federal-dara-protecao-a-candidatos-nas-eleicoes-deste-ano\/\",\"name\":\"Pol\u00edcia Federal dar\u00e1 prote\u00e7\u00e3o a candidatos nas elei\u00e7\u00f5es deste ano - VerdadeOn\",\"isPartOf\":{\"@id\":\"https:\/\/verdadeon.com.br\/portal\/#website\"},\"primaryImageOfPage\":{\"@id\":\"https:\/\/verdadeon.com.br\/portal\/2022\/07\/12\/policia-federal-dara-protecao-a-candidatos-nas-eleicoes-deste-ano\/#primaryimage\"},\"image\":{\"@id\":\"https:\/\/verdadeon.com.br\/portal\/2022\/07\/12\/policia-federal-dara-protecao-a-candidatos-nas-eleicoes-deste-ano\/#primaryimage\"},\"thumbnailUrl\":\"https:\/\/i0.wp.com\/verdadeon.com.br\/portal\/wp-content\/uploads\/2021\/09\/POLICIA-FEDERAL-scaled-e1631816376170.jpg?fit=998%2C672&ssl=1\",\"datePublished\":\"2022-07-12T21:00:49+00:00\",\"author\":{\"@id\":\"https:\/\/verdadeon.com.br\/portal\/#\/schema\/person\/cc32be22b8e8599387c480bc83e1d11a\"},\"breadcrumb\":{\"@id\":\"https:\/\/verdadeon.com.br\/portal\/2022\/07\/12\/policia-federal-dara-protecao-a-candidatos-nas-eleicoes-deste-ano\/#breadcrumb\"},\"inLanguage\":\"pt-BR\",\"potentialAction\":[{\"@type\":\"ReadAction\",\"target\":[\"https:\/\/verdadeon.com.br\/portal\/2022\/07\/12\/policia-federal-dara-protecao-a-candidatos-nas-eleicoes-deste-ano\/\"]}]},{\"@type\":\"ImageObject\",\"inLanguage\":\"pt-BR\",\"@id\":\"https:\/\/verdadeon.com.br\/portal\/2022\/07\/12\/policia-federal-dara-protecao-a-candidatos-nas-eleicoes-deste-ano\/#primaryimage\",\"url\":\"https:\/\/i0.wp.com\/verdadeon.com.br\/portal\/wp-content\/uploads\/2021\/09\/POLICIA-FEDERAL-scaled-e1631816376170.jpg?fit=998%2C672&ssl=1\",\"contentUrl\":\"https:\/\/i0.wp.com\/verdadeon.com.br\/portal\/wp-content\/uploads\/2021\/09\/POLICIA-FEDERAL-scaled-e1631816376170.jpg?fit=998%2C672&ssl=1\",\"width\":998,\"height\":672,\"caption\":\"Pol\u00edcia Federal combate crime de moeda fala em Miguel\u00f3polis\/SP (\u00a9Ag\u00eancia Brasil)\"},{\"@type\":\"BreadcrumbList\",\"@id\":\"https:\/\/verdadeon.com.br\/portal\/2022\/07\/12\/policia-federal-dara-protecao-a-candidatos-nas-eleicoes-deste-ano\/#breadcrumb\",\"itemListElement\":[{\"@type\":\"ListItem\",\"position\":1,\"name\":\"In\u00edcio\",\"item\":\"https:\/\/verdadeon.com.br\/portal\/\"},{\"@type\":\"ListItem\",\"position\":2,\"name\":\"Pol\u00edcia Federal dar\u00e1 prote\u00e7\u00e3o a candidatos nas elei\u00e7\u00f5es deste ano\"}]},{\"@type\":\"WebSite\",\"@id\":\"https:\/\/verdadeon.com.br\/portal\/#website\",\"url\":\"https:\/\/verdadeon.com.br\/portal\/\",\"name\":\"VerdadeOn\",\"description\":\"Not\u00edcias di\u00e1rias sobre Franca, Regi\u00e3o, Esporte, Cultura, Cotidiano, Colunas. Cobertura nos principais eventos da cidade \u00e9 aqui - Verdadeon Franca\",\"potentialAction\":[{\"@type\":\"SearchAction\",\"target\":{\"@type\":\"EntryPoint\",\"urlTemplate\":\"https:\/\/verdadeon.com.br\/portal\/?s={search_term_string}\"},\"query-input\":{\"@type\":\"PropertyValueSpecification\",\"valueRequired\":true,\"valueName\":\"search_term_string\"}}],\"inLanguage\":\"pt-BR\"},{\"@type\":\"Person\",\"@id\":\"https:\/\/verdadeon.com.br\/portal\/#\/schema\/person\/cc32be22b8e8599387c480bc83e1d11a\",\"name\":\"Fernando Lima\",\"image\":{\"@type\":\"ImageObject\",\"inLanguage\":\"pt-BR\",\"@id\":\"https:\/\/verdadeon.com.br\/portal\/#\/schema\/person\/image\/\",\"url\":\"https:\/\/secure.gravatar.com\/avatar\/df4c8e132080d2b3a4841d5d232045464e0eed11a1d6e43115ca0843d48768d3?s=96&d=mm&r=g\",\"contentUrl\":\"https:\/\/secure.gravatar.com\/avatar\/df4c8e132080d2b3a4841d5d232045464e0eed11a1d6e43115ca0843d48768d3?s=96&d=mm&r=g\",\"caption\":\"Fernando Lima\"},\"sameAs\":[\"http:\/\/verdadeon.com.br\/\"],\"url\":\"https:\/\/verdadeon.com.br\/portal\/author\/fernando-lima\/\"}]}<\/script>\n<!-- \/ Yoast SEO plugin. -->","yoast_head_json":{"title":"Pol\u00edcia Federal dar\u00e1 prote\u00e7\u00e3o a candidatos nas elei\u00e7\u00f5es deste ano - VerdadeOn","robots":{"index":"index","follow":"follow","max-snippet":"max-snippet:-1","max-image-preview":"max-image-preview:large","max-video-preview":"max-video-preview:-1"},"canonical":"https:\/\/verdadeon.com.br\/portal\/2022\/07\/12\/policia-federal-dara-protecao-a-candidatos-nas-eleicoes-deste-ano\/","og_locale":"pt_BR","og_type":"article","og_title":"Pol\u00edcia Federal dar\u00e1 prote\u00e7\u00e3o a candidatos nas elei\u00e7\u00f5es deste ano - VerdadeOn","og_description":"Centenas de policiais formar\u00e3o equipes que atuar\u00e3o no pa\u00eds, processo teve in\u00edcio em 2021 A Pol\u00edcia Federal (PF) editou uma s\u00e9rie de atos normativos internos abordando [\u2026]","og_url":"https:\/\/verdadeon.com.br\/portal\/2022\/07\/12\/policia-federal-dara-protecao-a-candidatos-nas-eleicoes-deste-ano\/","og_site_name":"VerdadeOn","article_published_time":"2022-07-12T21:00:49+00:00","og_image":[{"width":998,"height":672,"url":"https:\/\/verdadeon.com.br\/portal\/wp-content\/uploads\/2021\/09\/POLICIA-FEDERAL-scaled-e1631816376170.jpg","type":"image\/jpeg"}],"author":"Fernando Lima","twitter_card":"summary_large_image","twitter_misc":{"Escrito por":"Fernando Lima","Est. tempo de leitura":"4 minutos"},"schema":{"@context":"https:\/\/schema.org","@graph":[{"@type":"WebPage","@id":"https:\/\/verdadeon.com.br\/portal\/2022\/07\/12\/policia-federal-dara-protecao-a-candidatos-nas-eleicoes-deste-ano\/","url":"https:\/\/verdadeon.com.br\/portal\/2022\/07\/12\/policia-federal-dara-protecao-a-candidatos-nas-eleicoes-deste-ano\/","name":"Pol\u00edcia Federal dar\u00e1 prote\u00e7\u00e3o a candidatos nas elei\u00e7\u00f5es deste ano - VerdadeOn","isPartOf":{"@id":"https:\/\/verdadeon.com.br\/portal\/#website"},"primaryImageOfPage":{"@id":"https:\/\/verdadeon.com.br\/portal\/2022\/07\/12\/policia-federal-dara-protecao-a-candidatos-nas-eleicoes-deste-ano\/#primaryimage"},"image":{"@id":"https:\/\/verdadeon.com.br\/portal\/2022\/07\/12\/policia-federal-dara-protecao-a-candidatos-nas-eleicoes-deste-ano\/#primaryimage"},"thumbnailUrl":"https:\/\/i0.wp.com\/verdadeon.com.br\/portal\/wp-content\/uploads\/2021\/09\/POLICIA-FEDERAL-scaled-e1631816376170.jpg?fit=998%2C672&ssl=1","datePublished":"2022-07-12T21:00:49+00:00","author":{"@id":"https:\/\/verdadeon.com.br\/portal\/#\/schema\/person\/cc32be22b8e8599387c480bc83e1d11a"},"breadcrumb":{"@id":"https:\/\/verdadeon.com.br\/portal\/2022\/07\/12\/policia-federal-dara-protecao-a-candidatos-nas-eleicoes-deste-ano\/#breadcrumb"},"inLanguage":"pt-BR","potentialAction":[{"@type":"ReadAction","target":["https:\/\/verdadeon.com.br\/portal\/2022\/07\/12\/policia-federal-dara-protecao-a-candidatos-nas-eleicoes-deste-ano\/"]}]},{"@type":"ImageObject","inLanguage":"pt-BR","@id":"https:\/\/verdadeon.com.br\/portal\/2022\/07\/12\/policia-federal-dara-protecao-a-candidatos-nas-eleicoes-deste-ano\/#primaryimage","url":"https:\/\/i0.wp.com\/verdadeon.com.br\/portal\/wp-content\/uploads\/2021\/09\/POLICIA-FEDERAL-scaled-e1631816376170.jpg?fit=998%2C672&ssl=1","contentUrl":"https:\/\/i0.wp.com\/verdadeon.com.br\/portal\/wp-content\/uploads\/2021\/09\/POLICIA-FEDERAL-scaled-e1631816376170.jpg?fit=998%2C672&ssl=1","width":998,"height":672,"caption":"Pol\u00edcia Federal combate crime de moeda fala em Miguel\u00f3polis\/SP (\u00a9Ag\u00eancia Brasil)"},{"@type":"BreadcrumbList","@id":"https:\/\/verdadeon.com.br\/portal\/2022\/07\/12\/policia-federal-dara-protecao-a-candidatos-nas-eleicoes-deste-ano\/#breadcrumb","itemListElement":[{"@type":"ListItem","position":1,"name":"In\u00edcio","item":"https:\/\/verdadeon.com.br\/portal\/"},{"@type":"ListItem","position":2,"name":"Pol\u00edcia Federal dar\u00e1 prote\u00e7\u00e3o a candidatos nas elei\u00e7\u00f5es deste ano"}]},{"@type":"WebSite","@id":"https:\/\/verdadeon.com.br\/portal\/#website","url":"https:\/\/verdadeon.com.br\/portal\/","name":"VerdadeOn","description":"Not\u00edcias di\u00e1rias sobre Franca, Regi\u00e3o, Esporte, Cultura, Cotidiano, Colunas. Cobertura nos principais eventos da cidade \u00e9 aqui - Verdadeon Franca","potentialAction":[{"@type":"SearchAction","target":{"@type":"EntryPoint","urlTemplate":"https:\/\/verdadeon.com.br\/portal\/?s={search_term_string}"},"query-input":{"@type":"PropertyValueSpecification","valueRequired":true,"valueName":"search_term_string"}}],"inLanguage":"pt-BR"},{"@type":"Person","@id":"https:\/\/verdadeon.com.br\/portal\/#\/schema\/person\/cc32be22b8e8599387c480bc83e1d11a","name":"Fernando Lima","image":{"@type":"ImageObject","inLanguage":"pt-BR","@id":"https:\/\/verdadeon.com.br\/portal\/#\/schema\/person\/image\/","url":"https:\/\/secure.gravatar.com\/avatar\/df4c8e132080d2b3a4841d5d232045464e0eed11a1d6e43115ca0843d48768d3?s=96&d=mm&r=g","contentUrl":"https:\/\/secure.gravatar.com\/avatar\/df4c8e132080d2b3a4841d5d232045464e0eed11a1d6e43115ca0843d48768d3?s=96&d=mm&r=g","caption":"Fernando Lima"},"sameAs":["http:\/\/verdadeon.com.br\/"],"url":"https:\/\/verdadeon.com.br\/portal\/author\/fernando-lima\/"}]}},"jetpack_publicize_connections":[],"jetpack_featured_media_url":"https:\/\/i0.wp.com\/verdadeon.com.br\/portal\/wp-content\/uploads\/2021\/09\/POLICIA-FEDERAL-scaled-e1631816376170.jpg?fit=998%2C672&ssl=1","jetpack_sharing_enabled":true,"_links":{"self":[{"href":"https:\/\/verdadeon.com.br\/portal\/wp-json\/wp\/v2\/posts\/26465","targetHints":{"allow":["GET"]}}],"collection":[{"href":"https:\/\/verdadeon.com.br\/portal\/wp-json\/wp\/v2\/posts"}],"about":[{"href":"https:\/\/verdadeon.com.br\/portal\/wp-json\/wp\/v2\/types\/post"}],"author":[{"embeddable":true,"href":"https:\/\/verdadeon.com.br\/portal\/wp-json\/wp\/v2\/users\/7"}],"replies":[{"embeddable":true,"href":"https:\/\/verdadeon.com.br\/portal\/wp-json\/wp\/v2\/comments?post=26465"}],"version-history":[{"count":1,"href":"https:\/\/verdadeon.com.br\/portal\/wp-json\/wp\/v2\/posts\/26465\/revisions"}],"predecessor-version":[{"id":26466,"href":"https:\/\/verdadeon.com.br\/portal\/wp-json\/wp\/v2\/posts\/26465\/revisions\/26466"}],"wp:featuredmedia":[{"embeddable":true,"href":"https:\/\/verdadeon.com.br\/portal\/wp-json\/wp\/v2\/media\/19654"}],"wp:attachment":[{"href":"https:\/\/verdadeon.com.br\/portal\/wp-json\/wp\/v2\/media?parent=26465"}],"wp:term":[{"taxonomy":"category","embeddable":true,"href":"https:\/\/verdadeon.com.br\/portal\/wp-json\/wp\/v2\/categories?post=26465"},{"taxonomy":"post_tag","embeddable":true,"href":"https:\/\/verdadeon.com.br\/portal\/wp-json\/wp\/v2\/tags?post=26465"}],"curies":[{"name":"wp","href":"https:\/\/api.w.org\/{rel}","templated":true}]}}