{"id":26460,"date":"2022-07-12T15:46:30","date_gmt":"2022-07-12T18:46:30","guid":{"rendered":"https:\/\/verdadeon.com.br\/portal\/?p=26460"},"modified":"2022-07-12T15:46:30","modified_gmt":"2022-07-12T18:46:30","slug":"diretor-do-procon-de-franca-orienta-para-que-populacao-denuncie-precos-abusivos-de-combustiveis","status":"publish","type":"post","link":"https:\/\/verdadeon.com.br\/portal\/2022\/07\/12\/diretor-do-procon-de-franca-orienta-para-que-populacao-denuncie-precos-abusivos-de-combustiveis\/","title":{"rendered":"Diretor do Procon de Franca orienta para que popula\u00e7\u00e3o denuncie pre\u00e7os abusivos de combust\u00edveis"},"content":{"rendered":"<h2>Luis Murari informou que fiscaliza\u00e7\u00f5es e monitoramento acontecem uma vez por semana na cidade<\/h2>\n<p>Na semana passada o pre\u00e7o do litro da gasolina caiu quase R$ 0,90 em Franca, os valores continuam dentro da m\u00e9dia apontada pelo Procon na \u00faltima sexta-feira. Em todo o pa\u00eds o Procon deu in\u00edcio as fiscaliza\u00e7\u00f5es, e em Franca n\u00e3o foi diferente.<\/p>\n<p>&#8220;O monitoramento realizado pelo Procon Franca est\u00e1 sendo feito uma vez por semana, encontrado alguma irregularidade recomendamos que o consumidor denuncie&#8221;, disse Luis Murari, diretor do Procon de Franca. O telefone do \u00f3rg\u00e3o \u00e9 o (16) 3721-4757. Existe ainda um email, que \u00e9 o procon@franca.sp.gov.br, j\u00e1 o consumidor que quiser pode ir pessoalmente at\u00e9 a unidade, que fica na Alameda Vicente Leporace, 4655, no Parque dos Pinhais.<\/p>\n<p>Na \u00faltima quinta-feira (7), o Verdade trouxe em primeira m\u00e3o a pesquisa do Procon sobre os pre\u00e7os dos combust\u00edveis na cidade. De acordo com os dados, o menor pre\u00e7o \u00e9 R$ 5.83, o maior chega a R$ 6.69, uma varia\u00e7\u00e3o de 6%. Em alguns postos ela j\u00e1 \u00e9 encontrada a R$ 5.79.\u00a0Em rela\u00e7\u00e3o ao etanol, o menor pre\u00e7o \u00e9 R$ 3.70, enquanto que o maior \u00e9 R$ 4.03, varia\u00e7\u00e3o de 3.8%.<\/p>\n<p>O \u00f3rg\u00e3o realizou pesquisa ainda sobre os valores praticados no \u00f3leo diesel, a varia\u00e7\u00e3o de pre\u00e7o \u00e9 de 7.1%, o maior \u00e9 R$ 7.60, e o menor valor R$ 6.99.<\/p>\n<p>Nas redes sociais os francanos come\u00e7aram a divulgar os pre\u00e7os em grupos, um deles \u201cGasolina Barata em Franca\u201d, conta com milhares de participantes que postam o pre\u00e7o em seus bairros. Por conta da grande varia\u00e7\u00e3o de pre\u00e7o, a dica do Procon ainda continua sendo a pesquisa, uma das principais armas do consumidor.<\/p>\n<h4>Nacional<\/h4>\n<p>Procons de todo o pa\u00eds iniciaram v\u00e1rias frentes de fiscaliza\u00e7\u00e3o para conferir se os postos de combust\u00edveis est\u00e3o cumprindo a determina\u00e7\u00e3o de informar, de forma \u201ccorreta, clara, precisa, ostensiva e leg\u00edvel\u201d, os pre\u00e7os dos combust\u00edveis cobrados em 22 de junho de 2022 \u2013 data anterior \u00e0 entrada em vigor da lei que prev\u00ea a redu\u00e7\u00e3o do Imposto sobre Circula\u00e7\u00e3o de Mercadorias e Servi\u00e7os (ICMS) que incide sobre os combust\u00edveis.<img data-recalc-dims=\"1\" decoding=\"async\" src=\"https:\/\/i0.wp.com\/agenciabrasil.ebc.com.br\/ebc.png?w=1220&#038;ssl=1\" \/><img data-recalc-dims=\"1\" decoding=\"async\" src=\"https:\/\/i0.wp.com\/agenciabrasil.ebc.com.br\/ebc.gif?w=1220&#038;ssl=1\" \/><\/p>\n<p>Coordenada pela Secretaria Nacional do Consumidor (Senacon), a fiscaliza\u00e7\u00e3o pretende verificar se a redu\u00e7\u00e3o ICMS ser\u00e1 repassada aos consumidores, possibilitando a todos comparar\u00a0o pre\u00e7o atual com o que era cobrado antes de vigorar a lei\u00a0que n\u00e3o permite \u00e0s unidades federativas cobrar o imposto com percentual acima da al\u00edquota de 17% ou 18%, dependendo da localidade.<\/p>\n<p>Diante da situa\u00e7\u00e3o, o Minist\u00e9rio da Justi\u00e7a e Seguran\u00e7a P\u00fablica abriu tamb\u00e9m um canal para a den\u00fancia, via internet, de postos de combust\u00edveis que n\u00e3o cumpram com o que est\u00e1 previsto na lei. O formul\u00e1rio para den\u00fancia pode ser acessado pela\u00a0internet.<\/p>\n","protected":false},"excerpt":{"rendered":"<p>Luis Murari informou que fiscaliza\u00e7\u00f5es e monitoramento acontecem uma vez por semana na cidade Na semana passada o pre\u00e7o do litro da gasolina caiu quase R$<span class=\"excerpt-hellip\"> [\u2026]<\/span><\/p>\n","protected":false},"author":7,"featured_media":6651,"comment_status":"open","ping_status":"open","sticky":false,"template":"","format":"standard","meta":{"_jetpack_memberships_contains_paid_content":false,"footnotes":"","jetpack_publicize_message":"","jetpack_publicize_feature_enabled":true,"jetpack_social_post_already_shared":false,"jetpack_social_options":{"image_generator_settings":{"template":"highway","default_image_id":0,"enabled":false},"version":2}},"categories":[28,81],"tags":[],"class_list":["post-26460","post","type-post","status-publish","format-standard","has-post-thumbnail","hentry","category-cotidiano","category-manchete"],"yoast_head":"<!-- This site is optimized with the Yoast SEO plugin v25.6 - https:\/\/yoast.com\/wordpress\/plugins\/seo\/ -->\n<title>Diretor do Procon de Franca orienta para que popula\u00e7\u00e3o denuncie pre\u00e7os abusivos de combust\u00edveis - VerdadeOn<\/title>\n<meta name=\"robots\" content=\"index, follow, max-snippet:-1, max-image-preview:large, max-video-preview:-1\" \/>\n<link rel=\"canonical\" href=\"https:\/\/verdadeon.com.br\/portal\/2022\/07\/12\/diretor-do-procon-de-franca-orienta-para-que-populacao-denuncie-precos-abusivos-de-combustiveis\/\" \/>\n<meta property=\"og:locale\" content=\"pt_BR\" \/>\n<meta property=\"og:type\" content=\"article\" \/>\n<meta property=\"og:title\" content=\"Diretor do Procon de Franca orienta para que popula\u00e7\u00e3o denuncie pre\u00e7os abusivos de combust\u00edveis - VerdadeOn\" \/>\n<meta property=\"og:description\" content=\"Luis Murari informou que fiscaliza\u00e7\u00f5es e monitoramento acontecem uma vez por semana na cidade Na semana passada o pre\u00e7o do litro da gasolina caiu quase R$ [\u2026]\" \/>\n<meta property=\"og:url\" content=\"https:\/\/verdadeon.com.br\/portal\/2022\/07\/12\/diretor-do-procon-de-franca-orienta-para-que-populacao-denuncie-precos-abusivos-de-combustiveis\/\" \/>\n<meta property=\"og:site_name\" content=\"VerdadeOn\" \/>\n<meta property=\"article:published_time\" content=\"2022-07-12T18:46:30+00:00\" \/>\n<meta property=\"og:image\" content=\"https:\/\/verdadeon.com.br\/portal\/wp-content\/uploads\/2020\/04\/29122017104148.jpg\" \/>\n\t<meta property=\"og:image:width\" content=\"1000\" \/>\n\t<meta property=\"og:image:height\" content=\"670\" \/>\n\t<meta property=\"og:image:type\" content=\"image\/jpeg\" \/>\n<meta name=\"author\" content=\"Fernando Lima\" \/>\n<meta name=\"twitter:card\" content=\"summary_large_image\" \/>\n<meta name=\"twitter:label1\" content=\"Escrito por\" \/>\n\t<meta name=\"twitter:data1\" content=\"Fernando Lima\" \/>\n\t<meta name=\"twitter:label2\" content=\"Est. tempo de leitura\" \/>\n\t<meta name=\"twitter:data2\" content=\"3 minutos\" \/>\n<script type=\"application\/ld+json\" class=\"yoast-schema-graph\">{\"@context\":\"https:\/\/schema.org\",\"@graph\":[{\"@type\":\"WebPage\",\"@id\":\"https:\/\/verdadeon.com.br\/portal\/2022\/07\/12\/diretor-do-procon-de-franca-orienta-para-que-populacao-denuncie-precos-abusivos-de-combustiveis\/\",\"url\":\"https:\/\/verdadeon.com.br\/portal\/2022\/07\/12\/diretor-do-procon-de-franca-orienta-para-que-populacao-denuncie-precos-abusivos-de-combustiveis\/\",\"name\":\"Diretor do Procon de Franca orienta para que popula\u00e7\u00e3o denuncie pre\u00e7os abusivos de combust\u00edveis - VerdadeOn\",\"isPartOf\":{\"@id\":\"https:\/\/verdadeon.com.br\/portal\/#website\"},\"primaryImageOfPage\":{\"@id\":\"https:\/\/verdadeon.com.br\/portal\/2022\/07\/12\/diretor-do-procon-de-franca-orienta-para-que-populacao-denuncie-precos-abusivos-de-combustiveis\/#primaryimage\"},\"image\":{\"@id\":\"https:\/\/verdadeon.com.br\/portal\/2022\/07\/12\/diretor-do-procon-de-franca-orienta-para-que-populacao-denuncie-precos-abusivos-de-combustiveis\/#primaryimage\"},\"thumbnailUrl\":\"https:\/\/i0.wp.com\/verdadeon.com.br\/portal\/wp-content\/uploads\/2020\/04\/29122017104148.jpg?fit=1000%2C670&ssl=1\",\"datePublished\":\"2022-07-12T18:46:30+00:00\",\"author\":{\"@id\":\"https:\/\/verdadeon.com.br\/portal\/#\/schema\/person\/cc32be22b8e8599387c480bc83e1d11a\"},\"breadcrumb\":{\"@id\":\"https:\/\/verdadeon.com.br\/portal\/2022\/07\/12\/diretor-do-procon-de-franca-orienta-para-que-populacao-denuncie-precos-abusivos-de-combustiveis\/#breadcrumb\"},\"inLanguage\":\"pt-BR\",\"potentialAction\":[{\"@type\":\"ReadAction\",\"target\":[\"https:\/\/verdadeon.com.br\/portal\/2022\/07\/12\/diretor-do-procon-de-franca-orienta-para-que-populacao-denuncie-precos-abusivos-de-combustiveis\/\"]}]},{\"@type\":\"ImageObject\",\"inLanguage\":\"pt-BR\",\"@id\":\"https:\/\/verdadeon.com.br\/portal\/2022\/07\/12\/diretor-do-procon-de-franca-orienta-para-que-populacao-denuncie-precos-abusivos-de-combustiveis\/#primaryimage\",\"url\":\"https:\/\/i0.wp.com\/verdadeon.com.br\/portal\/wp-content\/uploads\/2020\/04\/29122017104148.jpg?fit=1000%2C670&ssl=1\",\"contentUrl\":\"https:\/\/i0.wp.com\/verdadeon.com.br\/portal\/wp-content\/uploads\/2020\/04\/29122017104148.jpg?fit=1000%2C670&ssl=1\",\"width\":1000,\"height\":670,\"caption\":\"No \u00faltimo levantamento feito pelo Procon de Franca, 90 estabelecimentos foram monitorados | Foto: Fernando Calixto\/ Jornal Verdade\"},{\"@type\":\"BreadcrumbList\",\"@id\":\"https:\/\/verdadeon.com.br\/portal\/2022\/07\/12\/diretor-do-procon-de-franca-orienta-para-que-populacao-denuncie-precos-abusivos-de-combustiveis\/#breadcrumb\",\"itemListElement\":[{\"@type\":\"ListItem\",\"position\":1,\"name\":\"In\u00edcio\",\"item\":\"https:\/\/verdadeon.com.br\/portal\/\"},{\"@type\":\"ListItem\",\"position\":2,\"name\":\"Diretor do Procon de Franca orienta para que popula\u00e7\u00e3o denuncie pre\u00e7os abusivos de combust\u00edveis\"}]},{\"@type\":\"WebSite\",\"@id\":\"https:\/\/verdadeon.com.br\/portal\/#website\",\"url\":\"https:\/\/verdadeon.com.br\/portal\/\",\"name\":\"VerdadeOn\",\"description\":\"Not\u00edcias di\u00e1rias sobre Franca, Regi\u00e3o, Esporte, Cultura, Cotidiano, Colunas. Cobertura nos principais eventos da cidade \u00e9 aqui - Verdadeon Franca\",\"potentialAction\":[{\"@type\":\"SearchAction\",\"target\":{\"@type\":\"EntryPoint\",\"urlTemplate\":\"https:\/\/verdadeon.com.br\/portal\/?s={search_term_string}\"},\"query-input\":{\"@type\":\"PropertyValueSpecification\",\"valueRequired\":true,\"valueName\":\"search_term_string\"}}],\"inLanguage\":\"pt-BR\"},{\"@type\":\"Person\",\"@id\":\"https:\/\/verdadeon.com.br\/portal\/#\/schema\/person\/cc32be22b8e8599387c480bc83e1d11a\",\"name\":\"Fernando Lima\",\"image\":{\"@type\":\"ImageObject\",\"inLanguage\":\"pt-BR\",\"@id\":\"https:\/\/verdadeon.com.br\/portal\/#\/schema\/person\/image\/\",\"url\":\"https:\/\/secure.gravatar.com\/avatar\/df4c8e132080d2b3a4841d5d232045464e0eed11a1d6e43115ca0843d48768d3?s=96&d=mm&r=g\",\"contentUrl\":\"https:\/\/secure.gravatar.com\/avatar\/df4c8e132080d2b3a4841d5d232045464e0eed11a1d6e43115ca0843d48768d3?s=96&d=mm&r=g\",\"caption\":\"Fernando Lima\"},\"sameAs\":[\"http:\/\/verdadeon.com.br\/\"],\"url\":\"https:\/\/verdadeon.com.br\/portal\/author\/fernando-lima\/\"}]}<\/script>\n<!-- \/ Yoast SEO plugin. -->","yoast_head_json":{"title":"Diretor do Procon de Franca orienta para que popula\u00e7\u00e3o denuncie pre\u00e7os abusivos de combust\u00edveis - VerdadeOn","robots":{"index":"index","follow":"follow","max-snippet":"max-snippet:-1","max-image-preview":"max-image-preview:large","max-video-preview":"max-video-preview:-1"},"canonical":"https:\/\/verdadeon.com.br\/portal\/2022\/07\/12\/diretor-do-procon-de-franca-orienta-para-que-populacao-denuncie-precos-abusivos-de-combustiveis\/","og_locale":"pt_BR","og_type":"article","og_title":"Diretor do Procon de Franca orienta para que popula\u00e7\u00e3o denuncie pre\u00e7os abusivos de combust\u00edveis - VerdadeOn","og_description":"Luis Murari informou que fiscaliza\u00e7\u00f5es e monitoramento acontecem uma vez por semana na cidade Na semana passada o pre\u00e7o do litro da gasolina caiu quase R$ [\u2026]","og_url":"https:\/\/verdadeon.com.br\/portal\/2022\/07\/12\/diretor-do-procon-de-franca-orienta-para-que-populacao-denuncie-precos-abusivos-de-combustiveis\/","og_site_name":"VerdadeOn","article_published_time":"2022-07-12T18:46:30+00:00","og_image":[{"width":1000,"height":670,"url":"https:\/\/verdadeon.com.br\/portal\/wp-content\/uploads\/2020\/04\/29122017104148.jpg","type":"image\/jpeg"}],"author":"Fernando Lima","twitter_card":"summary_large_image","twitter_misc":{"Escrito por":"Fernando Lima","Est. tempo de leitura":"3 minutos"},"schema":{"@context":"https:\/\/schema.org","@graph":[{"@type":"WebPage","@id":"https:\/\/verdadeon.com.br\/portal\/2022\/07\/12\/diretor-do-procon-de-franca-orienta-para-que-populacao-denuncie-precos-abusivos-de-combustiveis\/","url":"https:\/\/verdadeon.com.br\/portal\/2022\/07\/12\/diretor-do-procon-de-franca-orienta-para-que-populacao-denuncie-precos-abusivos-de-combustiveis\/","name":"Diretor do Procon de Franca orienta para que popula\u00e7\u00e3o denuncie pre\u00e7os abusivos de combust\u00edveis - VerdadeOn","isPartOf":{"@id":"https:\/\/verdadeon.com.br\/portal\/#website"},"primaryImageOfPage":{"@id":"https:\/\/verdadeon.com.br\/portal\/2022\/07\/12\/diretor-do-procon-de-franca-orienta-para-que-populacao-denuncie-precos-abusivos-de-combustiveis\/#primaryimage"},"image":{"@id":"https:\/\/verdadeon.com.br\/portal\/2022\/07\/12\/diretor-do-procon-de-franca-orienta-para-que-populacao-denuncie-precos-abusivos-de-combustiveis\/#primaryimage"},"thumbnailUrl":"https:\/\/i0.wp.com\/verdadeon.com.br\/portal\/wp-content\/uploads\/2020\/04\/29122017104148.jpg?fit=1000%2C670&ssl=1","datePublished":"2022-07-12T18:46:30+00:00","author":{"@id":"https:\/\/verdadeon.com.br\/portal\/#\/schema\/person\/cc32be22b8e8599387c480bc83e1d11a"},"breadcrumb":{"@id":"https:\/\/verdadeon.com.br\/portal\/2022\/07\/12\/diretor-do-procon-de-franca-orienta-para-que-populacao-denuncie-precos-abusivos-de-combustiveis\/#breadcrumb"},"inLanguage":"pt-BR","potentialAction":[{"@type":"ReadAction","target":["https:\/\/verdadeon.com.br\/portal\/2022\/07\/12\/diretor-do-procon-de-franca-orienta-para-que-populacao-denuncie-precos-abusivos-de-combustiveis\/"]}]},{"@type":"ImageObject","inLanguage":"pt-BR","@id":"https:\/\/verdadeon.com.br\/portal\/2022\/07\/12\/diretor-do-procon-de-franca-orienta-para-que-populacao-denuncie-precos-abusivos-de-combustiveis\/#primaryimage","url":"https:\/\/i0.wp.com\/verdadeon.com.br\/portal\/wp-content\/uploads\/2020\/04\/29122017104148.jpg?fit=1000%2C670&ssl=1","contentUrl":"https:\/\/i0.wp.com\/verdadeon.com.br\/portal\/wp-content\/uploads\/2020\/04\/29122017104148.jpg?fit=1000%2C670&ssl=1","width":1000,"height":670,"caption":"No \u00faltimo levantamento feito pelo Procon de Franca, 90 estabelecimentos foram monitorados | Foto: Fernando Calixto\/ Jornal Verdade"},{"@type":"BreadcrumbList","@id":"https:\/\/verdadeon.com.br\/portal\/2022\/07\/12\/diretor-do-procon-de-franca-orienta-para-que-populacao-denuncie-precos-abusivos-de-combustiveis\/#breadcrumb","itemListElement":[{"@type":"ListItem","position":1,"name":"In\u00edcio","item":"https:\/\/verdadeon.com.br\/portal\/"},{"@type":"ListItem","position":2,"name":"Diretor do Procon de Franca orienta para que popula\u00e7\u00e3o denuncie pre\u00e7os abusivos de combust\u00edveis"}]},{"@type":"WebSite","@id":"https:\/\/verdadeon.com.br\/portal\/#website","url":"https:\/\/verdadeon.com.br\/portal\/","name":"VerdadeOn","description":"Not\u00edcias di\u00e1rias sobre Franca, Regi\u00e3o, Esporte, Cultura, Cotidiano, Colunas. Cobertura nos principais eventos da cidade \u00e9 aqui - Verdadeon Franca","potentialAction":[{"@type":"SearchAction","target":{"@type":"EntryPoint","urlTemplate":"https:\/\/verdadeon.com.br\/portal\/?s={search_term_string}"},"query-input":{"@type":"PropertyValueSpecification","valueRequired":true,"valueName":"search_term_string"}}],"inLanguage":"pt-BR"},{"@type":"Person","@id":"https:\/\/verdadeon.com.br\/portal\/#\/schema\/person\/cc32be22b8e8599387c480bc83e1d11a","name":"Fernando Lima","image":{"@type":"ImageObject","inLanguage":"pt-BR","@id":"https:\/\/verdadeon.com.br\/portal\/#\/schema\/person\/image\/","url":"https:\/\/secure.gravatar.com\/avatar\/df4c8e132080d2b3a4841d5d232045464e0eed11a1d6e43115ca0843d48768d3?s=96&d=mm&r=g","contentUrl":"https:\/\/secure.gravatar.com\/avatar\/df4c8e132080d2b3a4841d5d232045464e0eed11a1d6e43115ca0843d48768d3?s=96&d=mm&r=g","caption":"Fernando Lima"},"sameAs":["http:\/\/verdadeon.com.br\/"],"url":"https:\/\/verdadeon.com.br\/portal\/author\/fernando-lima\/"}]}},"jetpack_publicize_connections":[],"jetpack_featured_media_url":"https:\/\/i0.wp.com\/verdadeon.com.br\/portal\/wp-content\/uploads\/2020\/04\/29122017104148.jpg?fit=1000%2C670&ssl=1","jetpack_sharing_enabled":true,"_links":{"self":[{"href":"https:\/\/verdadeon.com.br\/portal\/wp-json\/wp\/v2\/posts\/26460","targetHints":{"allow":["GET"]}}],"collection":[{"href":"https:\/\/verdadeon.com.br\/portal\/wp-json\/wp\/v2\/posts"}],"about":[{"href":"https:\/\/verdadeon.com.br\/portal\/wp-json\/wp\/v2\/types\/post"}],"author":[{"embeddable":true,"href":"https:\/\/verdadeon.com.br\/portal\/wp-json\/wp\/v2\/users\/7"}],"replies":[{"embeddable":true,"href":"https:\/\/verdadeon.com.br\/portal\/wp-json\/wp\/v2\/comments?post=26460"}],"version-history":[{"count":1,"href":"https:\/\/verdadeon.com.br\/portal\/wp-json\/wp\/v2\/posts\/26460\/revisions"}],"predecessor-version":[{"id":26461,"href":"https:\/\/verdadeon.com.br\/portal\/wp-json\/wp\/v2\/posts\/26460\/revisions\/26461"}],"wp:featuredmedia":[{"embeddable":true,"href":"https:\/\/verdadeon.com.br\/portal\/wp-json\/wp\/v2\/media\/6651"}],"wp:attachment":[{"href":"https:\/\/verdadeon.com.br\/portal\/wp-json\/wp\/v2\/media?parent=26460"}],"wp:term":[{"taxonomy":"category","embeddable":true,"href":"https:\/\/verdadeon.com.br\/portal\/wp-json\/wp\/v2\/categories?post=26460"},{"taxonomy":"post_tag","embeddable":true,"href":"https:\/\/verdadeon.com.br\/portal\/wp-json\/wp\/v2\/tags?post=26460"}],"curies":[{"name":"wp","href":"https:\/\/api.w.org\/{rel}","templated":true}]}}