{"id":26441,"date":"2022-07-11T17:39:51","date_gmt":"2022-07-11T20:39:51","guid":{"rendered":"https:\/\/verdadeon.com.br\/portal\/?p=26441"},"modified":"2022-07-11T17:39:51","modified_gmt":"2022-07-11T20:39:51","slug":"franca-chega-a-14-mortes-por-dengue-em-2022","status":"publish","type":"post","link":"https:\/\/verdadeon.com.br\/portal\/2022\/07\/11\/franca-chega-a-14-mortes-por-dengue-em-2022\/","title":{"rendered":"Franca chega a 14 mortes por dengue em 2022"},"content":{"rendered":"<h2>Dados foram atualizados pela Secretaria de Sa\u00fade, casos j\u00e1 somam mais de 5.500<\/h2>\n<p>Mais tr\u00eas mortes causadas pela dengue foram registradas em Franca nesta segunda-feira (11), totalizando 14 \u00f3bitos. Segundo os dados da Secretaria de Sa\u00fade foram tr\u00eas mulheres, com idades de 28, 66 e 73 anos, ocorridos nos dias 5, 8 e 21 de maio. At\u00e9 esta segunda-feira, foram registrados 5.625 casos da doen\u00e7a.<\/p>\n<div>A cidade vive um surto de casos desde o in\u00edcio do ano, com unidades de sa\u00fade lotadas de pacientes com sintomas da doen\u00e7a. A secretaria informou que que segue com as a\u00e7\u00f5es de preven\u00e7\u00e3o e combate \u00e0 doen\u00e7a, incluindo o &#8216;fumac\u00ea&#8217; que nesta semana vai atender sete bairros de diferentes regi\u00f5es da cidade.<\/div>\n<div>O ve\u00edculo vai passar em diferentes regi\u00f5es da cidade do dia 12 at\u00e9 o dia 18. &#8220;Inicialmente \u00e9 feito o trabalho de orienta\u00e7\u00e3o pelos agentes da Vigil\u00e2ncia, que anunciam no dia posterior, a nebuliza\u00e7\u00e3o, sempre a partir das 17h&#8221;, informou.<\/div>\n<h4>Orienta\u00e7\u00f5es<\/h4>\n<div>Durante o &#8216;fumac\u00ea&#8217;, a orienta\u00e7\u00e3o aos moradores \u00e9 para que mantenham as portas, janelas e cortinas abertas para facilitar a entrada do inseticida no im\u00f3vel. As pessoas n\u00e3o dever\u00e3o permanecer nas cal\u00e7adas, com crian\u00e7as e os animais de pequeno porte.<\/div>\n<div>A secretaria orienta ainda que se na resid\u00eancia, houver pessoas doentes ou acamadas, estas dever\u00e3o ser mantidas no quarto, com as portas e janelas fechadas, permanecendo por 30 minutos depois do final da a\u00e7\u00e3o. Os moradores dever\u00e3o guardar em local fechado ou cobrir, alimentos, \u00e1gua e utens\u00edlios de cozinha, roupas limpas e\/ou penduradas no varal (mesmo molhadas), comedouros e bebedouros de animais e gaiolas de passarinhos. Retirar ou manter suspensas roupas de cama e toalhas de mesa.<\/div>\n<h4>Confira a programa\u00e7\u00e3o do fumac\u00ea:<\/h4>\n<div>12\/07 &#8211; Parte do Recanto Elimar e Recanto Elimar II<\/div>\n<div>13\/07 &#8211;\u00a0 Parque das Esmeraldas e Prolongamento do Parque das Esmeraldas<\/div>\n<div>14\/07 &#8211; Jardim Brasil\u00e2ndia<\/div>\n<div>15\/07\u00a0 &#8211; Vila Nic\u00e1cio<\/div>\n<div>18\/07 &#8211;\u00a0 Vila T\u00f3toli<\/div>\n","protected":false},"excerpt":{"rendered":"<p>Dados foram atualizados pela Secretaria de Sa\u00fade, casos j\u00e1 somam mais de 5.500 Mais tr\u00eas mortes causadas pela dengue foram registradas em Franca nesta segunda-feira (11),<span class=\"excerpt-hellip\"> [\u2026]<\/span><\/p>\n","protected":false},"author":7,"featured_media":25232,"comment_status":"open","ping_status":"open","sticky":false,"template":"","format":"standard","meta":{"_jetpack_memberships_contains_paid_content":false,"footnotes":"","jetpack_publicize_message":"","jetpack_publicize_feature_enabled":true,"jetpack_social_post_already_shared":false,"jetpack_social_options":{"image_generator_settings":{"template":"highway","default_image_id":0,"enabled":false},"version":2}},"categories":[28,81],"tags":[],"class_list":["post-26441","post","type-post","status-publish","format-standard","has-post-thumbnail","hentry","category-cotidiano","category-manchete"],"yoast_head":"<!-- This site is optimized with the Yoast SEO plugin v25.6 - https:\/\/yoast.com\/wordpress\/plugins\/seo\/ -->\n<title>Franca chega a 14 mortes por dengue em 2022 - VerdadeOn<\/title>\n<meta name=\"robots\" content=\"index, follow, max-snippet:-1, max-image-preview:large, max-video-preview:-1\" \/>\n<link rel=\"canonical\" href=\"https:\/\/verdadeon.com.br\/portal\/2022\/07\/11\/franca-chega-a-14-mortes-por-dengue-em-2022\/\" \/>\n<meta property=\"og:locale\" content=\"pt_BR\" \/>\n<meta property=\"og:type\" content=\"article\" \/>\n<meta property=\"og:title\" content=\"Franca chega a 14 mortes por dengue em 2022 - VerdadeOn\" \/>\n<meta property=\"og:description\" content=\"Dados foram atualizados pela Secretaria de Sa\u00fade, casos j\u00e1 somam mais de 5.500 Mais tr\u00eas mortes causadas pela dengue foram registradas em Franca nesta segunda-feira (11), [\u2026]\" \/>\n<meta property=\"og:url\" content=\"https:\/\/verdadeon.com.br\/portal\/2022\/07\/11\/franca-chega-a-14-mortes-por-dengue-em-2022\/\" \/>\n<meta property=\"og:site_name\" content=\"VerdadeOn\" \/>\n<meta property=\"article:published_time\" content=\"2022-07-11T20:39:51+00:00\" \/>\n<meta property=\"og:image\" content=\"https:\/\/verdadeon.com.br\/portal\/wp-content\/uploads\/2022\/05\/Fumace-em-Franca-maio-de-2022-quando-cidade-tem-surto-da-doenca-e1653751534139.jpg\" \/>\n\t<meta property=\"og:image:width\" content=\"998\" \/>\n\t<meta property=\"og:image:height\" content=\"672\" \/>\n\t<meta property=\"og:image:type\" content=\"image\/jpeg\" \/>\n<meta name=\"author\" content=\"Fernando Lima\" \/>\n<meta name=\"twitter:card\" content=\"summary_large_image\" \/>\n<meta name=\"twitter:label1\" content=\"Escrito por\" \/>\n\t<meta name=\"twitter:data1\" content=\"Fernando Lima\" \/>\n\t<meta name=\"twitter:label2\" content=\"Est. tempo de leitura\" \/>\n\t<meta name=\"twitter:data2\" content=\"2 minutos\" \/>\n<script type=\"application\/ld+json\" class=\"yoast-schema-graph\">{\"@context\":\"https:\/\/schema.org\",\"@graph\":[{\"@type\":\"WebPage\",\"@id\":\"https:\/\/verdadeon.com.br\/portal\/2022\/07\/11\/franca-chega-a-14-mortes-por-dengue-em-2022\/\",\"url\":\"https:\/\/verdadeon.com.br\/portal\/2022\/07\/11\/franca-chega-a-14-mortes-por-dengue-em-2022\/\",\"name\":\"Franca chega a 14 mortes por dengue em 2022 - VerdadeOn\",\"isPartOf\":{\"@id\":\"https:\/\/verdadeon.com.br\/portal\/#website\"},\"primaryImageOfPage\":{\"@id\":\"https:\/\/verdadeon.com.br\/portal\/2022\/07\/11\/franca-chega-a-14-mortes-por-dengue-em-2022\/#primaryimage\"},\"image\":{\"@id\":\"https:\/\/verdadeon.com.br\/portal\/2022\/07\/11\/franca-chega-a-14-mortes-por-dengue-em-2022\/#primaryimage\"},\"thumbnailUrl\":\"https:\/\/i0.wp.com\/verdadeon.com.br\/portal\/wp-content\/uploads\/2022\/05\/Fumace-em-Franca-maio-de-2022-quando-cidade-tem-surto-da-doenca-e1653751534139.jpg?fit=998%2C672&ssl=1\",\"datePublished\":\"2022-07-11T20:39:51+00:00\",\"author\":{\"@id\":\"https:\/\/verdadeon.com.br\/portal\/#\/schema\/person\/cc32be22b8e8599387c480bc83e1d11a\"},\"breadcrumb\":{\"@id\":\"https:\/\/verdadeon.com.br\/portal\/2022\/07\/11\/franca-chega-a-14-mortes-por-dengue-em-2022\/#breadcrumb\"},\"inLanguage\":\"pt-BR\",\"potentialAction\":[{\"@type\":\"ReadAction\",\"target\":[\"https:\/\/verdadeon.com.br\/portal\/2022\/07\/11\/franca-chega-a-14-mortes-por-dengue-em-2022\/\"]}]},{\"@type\":\"ImageObject\",\"inLanguage\":\"pt-BR\",\"@id\":\"https:\/\/verdadeon.com.br\/portal\/2022\/07\/11\/franca-chega-a-14-mortes-por-dengue-em-2022\/#primaryimage\",\"url\":\"https:\/\/i0.wp.com\/verdadeon.com.br\/portal\/wp-content\/uploads\/2022\/05\/Fumace-em-Franca-maio-de-2022-quando-cidade-tem-surto-da-doenca-e1653751534139.jpg?fit=998%2C672&ssl=1\",\"contentUrl\":\"https:\/\/i0.wp.com\/verdadeon.com.br\/portal\/wp-content\/uploads\/2022\/05\/Fumace-em-Franca-maio-de-2022-quando-cidade-tem-surto-da-doenca-e1653751534139.jpg?fit=998%2C672&ssl=1\",\"width\":998,\"height\":672,\"caption\":\"O \\\"fumac\u00ea\\\" contra o mosquito da dengue \u00e9 aplicado nos bairros sempre a partir das 17h; antes os moradores recebem visita dos agentes de sa\u00fade para orienta\u00e7\u00f5es | Foto: Divulga\u00e7\u00e3o\"},{\"@type\":\"BreadcrumbList\",\"@id\":\"https:\/\/verdadeon.com.br\/portal\/2022\/07\/11\/franca-chega-a-14-mortes-por-dengue-em-2022\/#breadcrumb\",\"itemListElement\":[{\"@type\":\"ListItem\",\"position\":1,\"name\":\"In\u00edcio\",\"item\":\"https:\/\/verdadeon.com.br\/portal\/\"},{\"@type\":\"ListItem\",\"position\":2,\"name\":\"Franca chega a 14 mortes por dengue em 2022\"}]},{\"@type\":\"WebSite\",\"@id\":\"https:\/\/verdadeon.com.br\/portal\/#website\",\"url\":\"https:\/\/verdadeon.com.br\/portal\/\",\"name\":\"VerdadeOn\",\"description\":\"Not\u00edcias di\u00e1rias sobre Franca, Regi\u00e3o, Esporte, Cultura, Cotidiano, Colunas. Cobertura nos principais eventos da cidade \u00e9 aqui - Verdadeon Franca\",\"potentialAction\":[{\"@type\":\"SearchAction\",\"target\":{\"@type\":\"EntryPoint\",\"urlTemplate\":\"https:\/\/verdadeon.com.br\/portal\/?s={search_term_string}\"},\"query-input\":{\"@type\":\"PropertyValueSpecification\",\"valueRequired\":true,\"valueName\":\"search_term_string\"}}],\"inLanguage\":\"pt-BR\"},{\"@type\":\"Person\",\"@id\":\"https:\/\/verdadeon.com.br\/portal\/#\/schema\/person\/cc32be22b8e8599387c480bc83e1d11a\",\"name\":\"Fernando Lima\",\"image\":{\"@type\":\"ImageObject\",\"inLanguage\":\"pt-BR\",\"@id\":\"https:\/\/verdadeon.com.br\/portal\/#\/schema\/person\/image\/\",\"url\":\"https:\/\/secure.gravatar.com\/avatar\/df4c8e132080d2b3a4841d5d232045464e0eed11a1d6e43115ca0843d48768d3?s=96&d=mm&r=g\",\"contentUrl\":\"https:\/\/secure.gravatar.com\/avatar\/df4c8e132080d2b3a4841d5d232045464e0eed11a1d6e43115ca0843d48768d3?s=96&d=mm&r=g\",\"caption\":\"Fernando Lima\"},\"sameAs\":[\"http:\/\/verdadeon.com.br\/\"],\"url\":\"https:\/\/verdadeon.com.br\/portal\/author\/fernando-lima\/\"}]}<\/script>\n<!-- \/ Yoast SEO plugin. -->","yoast_head_json":{"title":"Franca chega a 14 mortes por dengue em 2022 - VerdadeOn","robots":{"index":"index","follow":"follow","max-snippet":"max-snippet:-1","max-image-preview":"max-image-preview:large","max-video-preview":"max-video-preview:-1"},"canonical":"https:\/\/verdadeon.com.br\/portal\/2022\/07\/11\/franca-chega-a-14-mortes-por-dengue-em-2022\/","og_locale":"pt_BR","og_type":"article","og_title":"Franca chega a 14 mortes por dengue em 2022 - VerdadeOn","og_description":"Dados foram atualizados pela Secretaria de Sa\u00fade, casos j\u00e1 somam mais de 5.500 Mais tr\u00eas mortes causadas pela dengue foram registradas em Franca nesta segunda-feira (11), [\u2026]","og_url":"https:\/\/verdadeon.com.br\/portal\/2022\/07\/11\/franca-chega-a-14-mortes-por-dengue-em-2022\/","og_site_name":"VerdadeOn","article_published_time":"2022-07-11T20:39:51+00:00","og_image":[{"width":998,"height":672,"url":"https:\/\/verdadeon.com.br\/portal\/wp-content\/uploads\/2022\/05\/Fumace-em-Franca-maio-de-2022-quando-cidade-tem-surto-da-doenca-e1653751534139.jpg","type":"image\/jpeg"}],"author":"Fernando Lima","twitter_card":"summary_large_image","twitter_misc":{"Escrito por":"Fernando Lima","Est. tempo de leitura":"2 minutos"},"schema":{"@context":"https:\/\/schema.org","@graph":[{"@type":"WebPage","@id":"https:\/\/verdadeon.com.br\/portal\/2022\/07\/11\/franca-chega-a-14-mortes-por-dengue-em-2022\/","url":"https:\/\/verdadeon.com.br\/portal\/2022\/07\/11\/franca-chega-a-14-mortes-por-dengue-em-2022\/","name":"Franca chega a 14 mortes por dengue em 2022 - VerdadeOn","isPartOf":{"@id":"https:\/\/verdadeon.com.br\/portal\/#website"},"primaryImageOfPage":{"@id":"https:\/\/verdadeon.com.br\/portal\/2022\/07\/11\/franca-chega-a-14-mortes-por-dengue-em-2022\/#primaryimage"},"image":{"@id":"https:\/\/verdadeon.com.br\/portal\/2022\/07\/11\/franca-chega-a-14-mortes-por-dengue-em-2022\/#primaryimage"},"thumbnailUrl":"https:\/\/i0.wp.com\/verdadeon.com.br\/portal\/wp-content\/uploads\/2022\/05\/Fumace-em-Franca-maio-de-2022-quando-cidade-tem-surto-da-doenca-e1653751534139.jpg?fit=998%2C672&ssl=1","datePublished":"2022-07-11T20:39:51+00:00","author":{"@id":"https:\/\/verdadeon.com.br\/portal\/#\/schema\/person\/cc32be22b8e8599387c480bc83e1d11a"},"breadcrumb":{"@id":"https:\/\/verdadeon.com.br\/portal\/2022\/07\/11\/franca-chega-a-14-mortes-por-dengue-em-2022\/#breadcrumb"},"inLanguage":"pt-BR","potentialAction":[{"@type":"ReadAction","target":["https:\/\/verdadeon.com.br\/portal\/2022\/07\/11\/franca-chega-a-14-mortes-por-dengue-em-2022\/"]}]},{"@type":"ImageObject","inLanguage":"pt-BR","@id":"https:\/\/verdadeon.com.br\/portal\/2022\/07\/11\/franca-chega-a-14-mortes-por-dengue-em-2022\/#primaryimage","url":"https:\/\/i0.wp.com\/verdadeon.com.br\/portal\/wp-content\/uploads\/2022\/05\/Fumace-em-Franca-maio-de-2022-quando-cidade-tem-surto-da-doenca-e1653751534139.jpg?fit=998%2C672&ssl=1","contentUrl":"https:\/\/i0.wp.com\/verdadeon.com.br\/portal\/wp-content\/uploads\/2022\/05\/Fumace-em-Franca-maio-de-2022-quando-cidade-tem-surto-da-doenca-e1653751534139.jpg?fit=998%2C672&ssl=1","width":998,"height":672,"caption":"O \"fumac\u00ea\" contra o mosquito da dengue \u00e9 aplicado nos bairros sempre a partir das 17h; antes os moradores recebem visita dos agentes de sa\u00fade para orienta\u00e7\u00f5es | Foto: Divulga\u00e7\u00e3o"},{"@type":"BreadcrumbList","@id":"https:\/\/verdadeon.com.br\/portal\/2022\/07\/11\/franca-chega-a-14-mortes-por-dengue-em-2022\/#breadcrumb","itemListElement":[{"@type":"ListItem","position":1,"name":"In\u00edcio","item":"https:\/\/verdadeon.com.br\/portal\/"},{"@type":"ListItem","position":2,"name":"Franca chega a 14 mortes por dengue em 2022"}]},{"@type":"WebSite","@id":"https:\/\/verdadeon.com.br\/portal\/#website","url":"https:\/\/verdadeon.com.br\/portal\/","name":"VerdadeOn","description":"Not\u00edcias di\u00e1rias sobre Franca, Regi\u00e3o, Esporte, Cultura, Cotidiano, Colunas. Cobertura nos principais eventos da cidade \u00e9 aqui - Verdadeon Franca","potentialAction":[{"@type":"SearchAction","target":{"@type":"EntryPoint","urlTemplate":"https:\/\/verdadeon.com.br\/portal\/?s={search_term_string}"},"query-input":{"@type":"PropertyValueSpecification","valueRequired":true,"valueName":"search_term_string"}}],"inLanguage":"pt-BR"},{"@type":"Person","@id":"https:\/\/verdadeon.com.br\/portal\/#\/schema\/person\/cc32be22b8e8599387c480bc83e1d11a","name":"Fernando Lima","image":{"@type":"ImageObject","inLanguage":"pt-BR","@id":"https:\/\/verdadeon.com.br\/portal\/#\/schema\/person\/image\/","url":"https:\/\/secure.gravatar.com\/avatar\/df4c8e132080d2b3a4841d5d232045464e0eed11a1d6e43115ca0843d48768d3?s=96&d=mm&r=g","contentUrl":"https:\/\/secure.gravatar.com\/avatar\/df4c8e132080d2b3a4841d5d232045464e0eed11a1d6e43115ca0843d48768d3?s=96&d=mm&r=g","caption":"Fernando Lima"},"sameAs":["http:\/\/verdadeon.com.br\/"],"url":"https:\/\/verdadeon.com.br\/portal\/author\/fernando-lima\/"}]}},"jetpack_publicize_connections":[],"jetpack_featured_media_url":"https:\/\/i0.wp.com\/verdadeon.com.br\/portal\/wp-content\/uploads\/2022\/05\/Fumace-em-Franca-maio-de-2022-quando-cidade-tem-surto-da-doenca-e1653751534139.jpg?fit=998%2C672&ssl=1","jetpack_sharing_enabled":true,"_links":{"self":[{"href":"https:\/\/verdadeon.com.br\/portal\/wp-json\/wp\/v2\/posts\/26441","targetHints":{"allow":["GET"]}}],"collection":[{"href":"https:\/\/verdadeon.com.br\/portal\/wp-json\/wp\/v2\/posts"}],"about":[{"href":"https:\/\/verdadeon.com.br\/portal\/wp-json\/wp\/v2\/types\/post"}],"author":[{"embeddable":true,"href":"https:\/\/verdadeon.com.br\/portal\/wp-json\/wp\/v2\/users\/7"}],"replies":[{"embeddable":true,"href":"https:\/\/verdadeon.com.br\/portal\/wp-json\/wp\/v2\/comments?post=26441"}],"version-history":[{"count":1,"href":"https:\/\/verdadeon.com.br\/portal\/wp-json\/wp\/v2\/posts\/26441\/revisions"}],"predecessor-version":[{"id":26449,"href":"https:\/\/verdadeon.com.br\/portal\/wp-json\/wp\/v2\/posts\/26441\/revisions\/26449"}],"wp:featuredmedia":[{"embeddable":true,"href":"https:\/\/verdadeon.com.br\/portal\/wp-json\/wp\/v2\/media\/25232"}],"wp:attachment":[{"href":"https:\/\/verdadeon.com.br\/portal\/wp-json\/wp\/v2\/media?parent=26441"}],"wp:term":[{"taxonomy":"category","embeddable":true,"href":"https:\/\/verdadeon.com.br\/portal\/wp-json\/wp\/v2\/categories?post=26441"},{"taxonomy":"post_tag","embeddable":true,"href":"https:\/\/verdadeon.com.br\/portal\/wp-json\/wp\/v2\/tags?post=26441"}],"curies":[{"name":"wp","href":"https:\/\/api.w.org\/{rel}","templated":true}]}}