{"id":26438,"date":"2022-07-11T16:43:52","date_gmt":"2022-07-11T19:43:52","guid":{"rendered":"https:\/\/verdadeon.com.br\/portal\/?p=26438"},"modified":"2022-07-11T16:43:52","modified_gmt":"2022-07-11T19:43:52","slug":"franca-mais-de-um-veiculo-e-furtado-por-dia-em-2022","status":"publish","type":"post","link":"https:\/\/verdadeon.com.br\/portal\/2022\/07\/11\/franca-mais-de-um-veiculo-e-furtado-por-dia-em-2022\/","title":{"rendered":"Franca: mais de um ve\u00edculo \u00e9 furtado por dia em 2022"},"content":{"rendered":"<h2>Dados s\u00e3o da Secretaria de Seguran\u00e7a P\u00fablica do Estado de S\u00e3o Paulo e relativos aos cinco primeiros meses deste ano<\/h2>\n<p>Fernando Lima<\/p>\n<p>Os dados da SSP disponibilizados at\u00e9 o m\u00eas de maio, apontam que em cinco meses, 182 ve\u00edculos foram furtados em Franca, isso representa uma m\u00e9dia maior do que um carro levado por ladr\u00f5es por dia.\u00a0 Maio foi m\u00eas com mais registros at\u00e9 agora com 50, seguido de mar\u00e7o com 41. Janeiro vem em seguida com 36, enquanto que em abril foram 32 e 23 em fevereiro.<\/p>\n<p>A regi\u00e3o central de Franca \u00e9 a que mais registra este tipo de crime, por l\u00e1 foram 52 carros levados em cinco meses. A regi\u00e3o oeste da cidade vem em seguido com 42 furtos, enquanto a regi\u00e3o leste registrou 34. Ao mesmo tempo a zona sul teve 32 casos seguida da zona norte, com 22.<\/p>\n<p>Neste ano os furtos de ve\u00edculos j\u00e1 superam o mesmo per\u00edodo do ano passado, s\u00e3o 182 em 2022, contra 159 de 2021, um crescimento maior que 14%.<\/p>\n<p>J\u00e1 os ve\u00edculos roubados, que s\u00e3o aqueles que s\u00e3o levados mediante amea\u00e7a, somam 27 em 2022. Janeiro foi o m\u00eas mais violento, com oito casos, seguido de maio e abril ambos com seis registros. Em mar\u00e7o foram quatro e em fevereiro tr\u00eas. O n\u00famero de roubos \u00e9 58% maior do que o mesmo per\u00edodo do ano passado, quando 17 ve\u00edculos haviam sido roubados at\u00e9 maio.<\/p>\n<h4>Recuperados<\/h4>\n<p>Dos 182 carros levados por ladr\u00f5es em 2022, quase a metade foi recuperada, 24 em janeiro, 16 em fevereiro e mar\u00e7o, 19 em abril e 15 em maio, somando 90, o que representa 49% do total.<\/p>\n","protected":false},"excerpt":{"rendered":"<p>Dados s\u00e3o da Secretaria de Seguran\u00e7a P\u00fablica do Estado de S\u00e3o Paulo e relativos aos cinco primeiros meses deste ano Fernando Lima Os dados da SSP<span class=\"excerpt-hellip\"> [\u2026]<\/span><\/p>\n","protected":false},"author":7,"featured_media":18735,"comment_status":"open","ping_status":"open","sticky":false,"template":"","format":"standard","meta":{"_jetpack_memberships_contains_paid_content":false,"footnotes":"","jetpack_publicize_message":"","jetpack_publicize_feature_enabled":true,"jetpack_social_post_already_shared":false,"jetpack_social_options":{"image_generator_settings":{"template":"highway","default_image_id":0,"enabled":false},"version":2}},"categories":[28,81],"tags":[],"class_list":["post-26438","post","type-post","status-publish","format-standard","has-post-thumbnail","hentry","category-cotidiano","category-manchete"],"yoast_head":"<!-- This site is optimized with the Yoast SEO plugin v25.6 - https:\/\/yoast.com\/wordpress\/plugins\/seo\/ -->\n<title>Franca: mais de um ve\u00edculo \u00e9 furtado por dia em 2022 - VerdadeOn<\/title>\n<meta name=\"robots\" content=\"index, follow, max-snippet:-1, max-image-preview:large, max-video-preview:-1\" \/>\n<link rel=\"canonical\" href=\"https:\/\/verdadeon.com.br\/portal\/2022\/07\/11\/franca-mais-de-um-veiculo-e-furtado-por-dia-em-2022\/\" \/>\n<meta property=\"og:locale\" content=\"pt_BR\" \/>\n<meta property=\"og:type\" content=\"article\" \/>\n<meta property=\"og:title\" content=\"Franca: mais de um ve\u00edculo \u00e9 furtado por dia em 2022 - VerdadeOn\" \/>\n<meta property=\"og:description\" content=\"Dados s\u00e3o da Secretaria de Seguran\u00e7a P\u00fablica do Estado de S\u00e3o Paulo e relativos aos cinco primeiros meses deste ano Fernando Lima Os dados da SSP [\u2026]\" \/>\n<meta property=\"og:url\" content=\"https:\/\/verdadeon.com.br\/portal\/2022\/07\/11\/franca-mais-de-um-veiculo-e-furtado-por-dia-em-2022\/\" \/>\n<meta property=\"og:site_name\" content=\"VerdadeOn\" \/>\n<meta property=\"article:published_time\" content=\"2022-07-11T19:43:52+00:00\" \/>\n<meta property=\"og:image\" content=\"https:\/\/verdadeon.com.br\/portal\/wp-content\/uploads\/2021\/08\/FURTO-CENTRO-e1628800456283.png\" \/>\n\t<meta property=\"og:image:width\" content=\"1000\" \/>\n\t<meta property=\"og:image:height\" content=\"669\" \/>\n\t<meta property=\"og:image:type\" content=\"image\/png\" \/>\n<meta name=\"author\" content=\"Fernando Lima\" \/>\n<meta name=\"twitter:card\" content=\"summary_large_image\" \/>\n<meta name=\"twitter:label1\" content=\"Escrito por\" \/>\n\t<meta name=\"twitter:data1\" content=\"Fernando Lima\" \/>\n\t<meta name=\"twitter:label2\" content=\"Est. tempo de leitura\" \/>\n\t<meta name=\"twitter:data2\" content=\"2 minutos\" \/>\n<script type=\"application\/ld+json\" class=\"yoast-schema-graph\">{\"@context\":\"https:\/\/schema.org\",\"@graph\":[{\"@type\":\"WebPage\",\"@id\":\"https:\/\/verdadeon.com.br\/portal\/2022\/07\/11\/franca-mais-de-um-veiculo-e-furtado-por-dia-em-2022\/\",\"url\":\"https:\/\/verdadeon.com.br\/portal\/2022\/07\/11\/franca-mais-de-um-veiculo-e-furtado-por-dia-em-2022\/\",\"name\":\"Franca: mais de um ve\u00edculo \u00e9 furtado por dia em 2022 - VerdadeOn\",\"isPartOf\":{\"@id\":\"https:\/\/verdadeon.com.br\/portal\/#website\"},\"primaryImageOfPage\":{\"@id\":\"https:\/\/verdadeon.com.br\/portal\/2022\/07\/11\/franca-mais-de-um-veiculo-e-furtado-por-dia-em-2022\/#primaryimage\"},\"image\":{\"@id\":\"https:\/\/verdadeon.com.br\/portal\/2022\/07\/11\/franca-mais-de-um-veiculo-e-furtado-por-dia-em-2022\/#primaryimage\"},\"thumbnailUrl\":\"https:\/\/i0.wp.com\/verdadeon.com.br\/portal\/wp-content\/uploads\/2021\/08\/FURTO-CENTRO-e1628800456283.png?fit=1000%2C669&ssl=1\",\"datePublished\":\"2022-07-11T19:43:52+00:00\",\"author\":{\"@id\":\"https:\/\/verdadeon.com.br\/portal\/#\/schema\/person\/cc32be22b8e8599387c480bc83e1d11a\"},\"breadcrumb\":{\"@id\":\"https:\/\/verdadeon.com.br\/portal\/2022\/07\/11\/franca-mais-de-um-veiculo-e-furtado-por-dia-em-2022\/#breadcrumb\"},\"inLanguage\":\"pt-BR\",\"potentialAction\":[{\"@type\":\"ReadAction\",\"target\":[\"https:\/\/verdadeon.com.br\/portal\/2022\/07\/11\/franca-mais-de-um-veiculo-e-furtado-por-dia-em-2022\/\"]}]},{\"@type\":\"ImageObject\",\"inLanguage\":\"pt-BR\",\"@id\":\"https:\/\/verdadeon.com.br\/portal\/2022\/07\/11\/franca-mais-de-um-veiculo-e-furtado-por-dia-em-2022\/#primaryimage\",\"url\":\"https:\/\/i0.wp.com\/verdadeon.com.br\/portal\/wp-content\/uploads\/2021\/08\/FURTO-CENTRO-e1628800456283.png?fit=1000%2C669&ssl=1\",\"contentUrl\":\"https:\/\/i0.wp.com\/verdadeon.com.br\/portal\/wp-content\/uploads\/2021\/08\/FURTO-CENTRO-e1628800456283.png?fit=1000%2C669&ssl=1\",\"width\":1000,\"height\":669,\"caption\":\"C\u00e2mera de seguran\u00e7a mostram a\u00e7\u00e3o de criminoso furtando carro no centro de Franca em 2021 | Foto: Reprodu\u00e7\u00e3o\"},{\"@type\":\"BreadcrumbList\",\"@id\":\"https:\/\/verdadeon.com.br\/portal\/2022\/07\/11\/franca-mais-de-um-veiculo-e-furtado-por-dia-em-2022\/#breadcrumb\",\"itemListElement\":[{\"@type\":\"ListItem\",\"position\":1,\"name\":\"In\u00edcio\",\"item\":\"https:\/\/verdadeon.com.br\/portal\/\"},{\"@type\":\"ListItem\",\"position\":2,\"name\":\"Franca: mais de um ve\u00edculo \u00e9 furtado por dia em 2022\"}]},{\"@type\":\"WebSite\",\"@id\":\"https:\/\/verdadeon.com.br\/portal\/#website\",\"url\":\"https:\/\/verdadeon.com.br\/portal\/\",\"name\":\"VerdadeOn\",\"description\":\"Not\u00edcias di\u00e1rias sobre Franca, Regi\u00e3o, Esporte, Cultura, Cotidiano, Colunas. Cobertura nos principais eventos da cidade \u00e9 aqui - Verdadeon Franca\",\"potentialAction\":[{\"@type\":\"SearchAction\",\"target\":{\"@type\":\"EntryPoint\",\"urlTemplate\":\"https:\/\/verdadeon.com.br\/portal\/?s={search_term_string}\"},\"query-input\":{\"@type\":\"PropertyValueSpecification\",\"valueRequired\":true,\"valueName\":\"search_term_string\"}}],\"inLanguage\":\"pt-BR\"},{\"@type\":\"Person\",\"@id\":\"https:\/\/verdadeon.com.br\/portal\/#\/schema\/person\/cc32be22b8e8599387c480bc83e1d11a\",\"name\":\"Fernando Lima\",\"image\":{\"@type\":\"ImageObject\",\"inLanguage\":\"pt-BR\",\"@id\":\"https:\/\/verdadeon.com.br\/portal\/#\/schema\/person\/image\/\",\"url\":\"https:\/\/secure.gravatar.com\/avatar\/df4c8e132080d2b3a4841d5d232045464e0eed11a1d6e43115ca0843d48768d3?s=96&d=mm&r=g\",\"contentUrl\":\"https:\/\/secure.gravatar.com\/avatar\/df4c8e132080d2b3a4841d5d232045464e0eed11a1d6e43115ca0843d48768d3?s=96&d=mm&r=g\",\"caption\":\"Fernando Lima\"},\"sameAs\":[\"http:\/\/verdadeon.com.br\/\"],\"url\":\"https:\/\/verdadeon.com.br\/portal\/author\/fernando-lima\/\"}]}<\/script>\n<!-- \/ Yoast SEO plugin. -->","yoast_head_json":{"title":"Franca: mais de um ve\u00edculo \u00e9 furtado por dia em 2022 - VerdadeOn","robots":{"index":"index","follow":"follow","max-snippet":"max-snippet:-1","max-image-preview":"max-image-preview:large","max-video-preview":"max-video-preview:-1"},"canonical":"https:\/\/verdadeon.com.br\/portal\/2022\/07\/11\/franca-mais-de-um-veiculo-e-furtado-por-dia-em-2022\/","og_locale":"pt_BR","og_type":"article","og_title":"Franca: mais de um ve\u00edculo \u00e9 furtado por dia em 2022 - VerdadeOn","og_description":"Dados s\u00e3o da Secretaria de Seguran\u00e7a P\u00fablica do Estado de S\u00e3o Paulo e relativos aos cinco primeiros meses deste ano Fernando Lima Os dados da SSP [\u2026]","og_url":"https:\/\/verdadeon.com.br\/portal\/2022\/07\/11\/franca-mais-de-um-veiculo-e-furtado-por-dia-em-2022\/","og_site_name":"VerdadeOn","article_published_time":"2022-07-11T19:43:52+00:00","og_image":[{"width":1000,"height":669,"url":"https:\/\/verdadeon.com.br\/portal\/wp-content\/uploads\/2021\/08\/FURTO-CENTRO-e1628800456283.png","type":"image\/png"}],"author":"Fernando Lima","twitter_card":"summary_large_image","twitter_misc":{"Escrito por":"Fernando Lima","Est. tempo de leitura":"2 minutos"},"schema":{"@context":"https:\/\/schema.org","@graph":[{"@type":"WebPage","@id":"https:\/\/verdadeon.com.br\/portal\/2022\/07\/11\/franca-mais-de-um-veiculo-e-furtado-por-dia-em-2022\/","url":"https:\/\/verdadeon.com.br\/portal\/2022\/07\/11\/franca-mais-de-um-veiculo-e-furtado-por-dia-em-2022\/","name":"Franca: mais de um ve\u00edculo \u00e9 furtado por dia em 2022 - VerdadeOn","isPartOf":{"@id":"https:\/\/verdadeon.com.br\/portal\/#website"},"primaryImageOfPage":{"@id":"https:\/\/verdadeon.com.br\/portal\/2022\/07\/11\/franca-mais-de-um-veiculo-e-furtado-por-dia-em-2022\/#primaryimage"},"image":{"@id":"https:\/\/verdadeon.com.br\/portal\/2022\/07\/11\/franca-mais-de-um-veiculo-e-furtado-por-dia-em-2022\/#primaryimage"},"thumbnailUrl":"https:\/\/i0.wp.com\/verdadeon.com.br\/portal\/wp-content\/uploads\/2021\/08\/FURTO-CENTRO-e1628800456283.png?fit=1000%2C669&ssl=1","datePublished":"2022-07-11T19:43:52+00:00","author":{"@id":"https:\/\/verdadeon.com.br\/portal\/#\/schema\/person\/cc32be22b8e8599387c480bc83e1d11a"},"breadcrumb":{"@id":"https:\/\/verdadeon.com.br\/portal\/2022\/07\/11\/franca-mais-de-um-veiculo-e-furtado-por-dia-em-2022\/#breadcrumb"},"inLanguage":"pt-BR","potentialAction":[{"@type":"ReadAction","target":["https:\/\/verdadeon.com.br\/portal\/2022\/07\/11\/franca-mais-de-um-veiculo-e-furtado-por-dia-em-2022\/"]}]},{"@type":"ImageObject","inLanguage":"pt-BR","@id":"https:\/\/verdadeon.com.br\/portal\/2022\/07\/11\/franca-mais-de-um-veiculo-e-furtado-por-dia-em-2022\/#primaryimage","url":"https:\/\/i0.wp.com\/verdadeon.com.br\/portal\/wp-content\/uploads\/2021\/08\/FURTO-CENTRO-e1628800456283.png?fit=1000%2C669&ssl=1","contentUrl":"https:\/\/i0.wp.com\/verdadeon.com.br\/portal\/wp-content\/uploads\/2021\/08\/FURTO-CENTRO-e1628800456283.png?fit=1000%2C669&ssl=1","width":1000,"height":669,"caption":"C\u00e2mera de seguran\u00e7a mostram a\u00e7\u00e3o de criminoso furtando carro no centro de Franca em 2021 | Foto: Reprodu\u00e7\u00e3o"},{"@type":"BreadcrumbList","@id":"https:\/\/verdadeon.com.br\/portal\/2022\/07\/11\/franca-mais-de-um-veiculo-e-furtado-por-dia-em-2022\/#breadcrumb","itemListElement":[{"@type":"ListItem","position":1,"name":"In\u00edcio","item":"https:\/\/verdadeon.com.br\/portal\/"},{"@type":"ListItem","position":2,"name":"Franca: mais de um ve\u00edculo \u00e9 furtado por dia em 2022"}]},{"@type":"WebSite","@id":"https:\/\/verdadeon.com.br\/portal\/#website","url":"https:\/\/verdadeon.com.br\/portal\/","name":"VerdadeOn","description":"Not\u00edcias di\u00e1rias sobre Franca, Regi\u00e3o, Esporte, Cultura, Cotidiano, Colunas. Cobertura nos principais eventos da cidade \u00e9 aqui - Verdadeon Franca","potentialAction":[{"@type":"SearchAction","target":{"@type":"EntryPoint","urlTemplate":"https:\/\/verdadeon.com.br\/portal\/?s={search_term_string}"},"query-input":{"@type":"PropertyValueSpecification","valueRequired":true,"valueName":"search_term_string"}}],"inLanguage":"pt-BR"},{"@type":"Person","@id":"https:\/\/verdadeon.com.br\/portal\/#\/schema\/person\/cc32be22b8e8599387c480bc83e1d11a","name":"Fernando Lima","image":{"@type":"ImageObject","inLanguage":"pt-BR","@id":"https:\/\/verdadeon.com.br\/portal\/#\/schema\/person\/image\/","url":"https:\/\/secure.gravatar.com\/avatar\/df4c8e132080d2b3a4841d5d232045464e0eed11a1d6e43115ca0843d48768d3?s=96&d=mm&r=g","contentUrl":"https:\/\/secure.gravatar.com\/avatar\/df4c8e132080d2b3a4841d5d232045464e0eed11a1d6e43115ca0843d48768d3?s=96&d=mm&r=g","caption":"Fernando Lima"},"sameAs":["http:\/\/verdadeon.com.br\/"],"url":"https:\/\/verdadeon.com.br\/portal\/author\/fernando-lima\/"}]}},"jetpack_publicize_connections":[],"jetpack_featured_media_url":"https:\/\/i0.wp.com\/verdadeon.com.br\/portal\/wp-content\/uploads\/2021\/08\/FURTO-CENTRO-e1628800456283.png?fit=1000%2C669&ssl=1","jetpack_sharing_enabled":true,"_links":{"self":[{"href":"https:\/\/verdadeon.com.br\/portal\/wp-json\/wp\/v2\/posts\/26438","targetHints":{"allow":["GET"]}}],"collection":[{"href":"https:\/\/verdadeon.com.br\/portal\/wp-json\/wp\/v2\/posts"}],"about":[{"href":"https:\/\/verdadeon.com.br\/portal\/wp-json\/wp\/v2\/types\/post"}],"author":[{"embeddable":true,"href":"https:\/\/verdadeon.com.br\/portal\/wp-json\/wp\/v2\/users\/7"}],"replies":[{"embeddable":true,"href":"https:\/\/verdadeon.com.br\/portal\/wp-json\/wp\/v2\/comments?post=26438"}],"version-history":[{"count":1,"href":"https:\/\/verdadeon.com.br\/portal\/wp-json\/wp\/v2\/posts\/26438\/revisions"}],"predecessor-version":[{"id":26440,"href":"https:\/\/verdadeon.com.br\/portal\/wp-json\/wp\/v2\/posts\/26438\/revisions\/26440"}],"wp:featuredmedia":[{"embeddable":true,"href":"https:\/\/verdadeon.com.br\/portal\/wp-json\/wp\/v2\/media\/18735"}],"wp:attachment":[{"href":"https:\/\/verdadeon.com.br\/portal\/wp-json\/wp\/v2\/media?parent=26438"}],"wp:term":[{"taxonomy":"category","embeddable":true,"href":"https:\/\/verdadeon.com.br\/portal\/wp-json\/wp\/v2\/categories?post=26438"},{"taxonomy":"post_tag","embeddable":true,"href":"https:\/\/verdadeon.com.br\/portal\/wp-json\/wp\/v2\/tags?post=26438"}],"curies":[{"name":"wp","href":"https:\/\/api.w.org\/{rel}","templated":true}]}}