{"id":26426,"date":"2022-07-09T14:34:06","date_gmt":"2022-07-09T17:34:06","guid":{"rendered":"https:\/\/verdadeon.com.br\/portal\/?p=26426"},"modified":"2022-07-09T14:34:06","modified_gmt":"2022-07-09T17:34:06","slug":"trafico-internacional-p-f-faz-acao-contra-grupo-especializado-em-enviar-drogas-para-a-europa","status":"publish","type":"post","link":"https:\/\/verdadeon.com.br\/portal\/2022\/07\/09\/trafico-internacional-p-f-faz-acao-contra-grupo-especializado-em-enviar-drogas-para-a-europa\/","title":{"rendered":"Tr\u00e1fico internacional: P.F. faz a\u00e7\u00e3o contra grupo especializado em enviar drogas para a Europa"},"content":{"rendered":"<h2 class=\"col-10 offset-1 animated fadeInDown dealy-900 display-8 display-md-8 alt-font font-italic my-1 text-center\">Os mandados foram expedidos pela 7\u00aa Vara Federal Criminal do Rio de Janeiro<\/h2>\n<p>Policiais federais cumprem neste s\u00e1bado (9), tr\u00eas mandados de pris\u00e3o preventiva e tr\u00eas de busca e apreens\u00e3o contra suspeitos de despachar coca\u00edna para a Europa atrav\u00e9s da ilha portuguesa da Madeira. Os mandados da Opera\u00e7\u00e3o Conex\u00e3o Madeira foram expedidos pela 7\u00aa Vara Federal Criminal do Rio de Janeiro.<img data-recalc-dims=\"1\" decoding=\"async\" src=\"https:\/\/i0.wp.com\/agenciabrasil.ebc.com.br\/ebc.png?w=1220&#038;ssl=1\" \/><img data-recalc-dims=\"1\" decoding=\"async\" src=\"https:\/\/i0.wp.com\/agenciabrasil.ebc.com.br\/ebc.gif?w=1220&#038;ssl=1\" \/><\/p>\n<p>Segundo a Pol\u00edcia Federal (PF), o grupo usava passageiros de avi\u00e3o, que embarcavam rumo \u00e0 Ilha da Madeira, com coca\u00edna em suas bagagens. A partir do Aeroporto de Funchal, os passageiros pegavam voos para Barcelona, na Espanha. Como ambos pa\u00edses pertencem \u00e0 zona Schengen (\u00e1rea de livre circula\u00e7\u00e3o de pessoas que envolve a Uni\u00e3o Europeia e outros pa\u00edses do continente), o voo entre Madeira e Barcelona \u00e9 considerado dom\u00e9stico.<\/p>\n<p>Com isso, de acordo com a PF, o grupo evitava a fiscaliza\u00e7\u00e3o portu\u00e1ria. A investiga\u00e7\u00e3o come\u00e7ou este ano, depois da pris\u00e3o, no Aeroporto Internacional do Rio de Janeiro (Tom Jobim\/Gale\u00e3o) de um casal com 5,2 quilos de coca\u00edna. Eles tinham como destino a ilha portuguesa.<\/p>\n<p>A partir da\u00ed, os investigadores conseguiram identificar outros tr\u00eas acusados de participar do esquema. Um deles foi preso na comunidade do Vidigal, na zona sul da cidade do Rio de Janeiro. Ele estava, segundo a PF, com coca\u00edna e haxixe embalados e prontos para serem despachados por \u201cmulas\u201d (os passageiros que levam a droga de um pa\u00eds para outro).<\/p>\n<p>Outros dois alvos ainda n\u00e3o foram localizados. Um deles est\u00e1 na Europa, segundo a PF.<\/p>\n<p>Fonte: Ag\u00eancia Brasil<\/p>\n","protected":false},"excerpt":{"rendered":"<p>Os mandados foram expedidos pela 7\u00aa Vara Federal Criminal do Rio de Janeiro Policiais federais cumprem neste s\u00e1bado (9), tr\u00eas mandados de pris\u00e3o preventiva e tr\u00eas<span class=\"excerpt-hellip\"> [\u2026]<\/span><\/p>\n","protected":false},"author":7,"featured_media":26427,"comment_status":"open","ping_status":"open","sticky":false,"template":"","format":"standard","meta":{"_jetpack_memberships_contains_paid_content":false,"footnotes":"","jetpack_publicize_message":"","jetpack_publicize_feature_enabled":true,"jetpack_social_post_already_shared":false,"jetpack_social_options":{"image_generator_settings":{"template":"highway","default_image_id":0,"enabled":false},"version":2}},"categories":[28,44],"tags":[],"class_list":["post-26426","post","type-post","status-publish","format-standard","has-post-thumbnail","hentry","category-cotidiano","category-noticias"],"yoast_head":"<!-- This site is optimized with the Yoast SEO plugin v25.6 - https:\/\/yoast.com\/wordpress\/plugins\/seo\/ -->\n<title>Tr\u00e1fico internacional: P.F. faz a\u00e7\u00e3o contra grupo especializado em enviar drogas para a Europa - VerdadeOn<\/title>\n<meta name=\"robots\" content=\"index, follow, max-snippet:-1, max-image-preview:large, max-video-preview:-1\" \/>\n<link rel=\"canonical\" href=\"https:\/\/verdadeon.com.br\/portal\/2022\/07\/09\/trafico-internacional-p-f-faz-acao-contra-grupo-especializado-em-enviar-drogas-para-a-europa\/\" \/>\n<meta property=\"og:locale\" content=\"pt_BR\" \/>\n<meta property=\"og:type\" content=\"article\" \/>\n<meta property=\"og:title\" content=\"Tr\u00e1fico internacional: P.F. faz a\u00e7\u00e3o contra grupo especializado em enviar drogas para a Europa - VerdadeOn\" \/>\n<meta property=\"og:description\" content=\"Os mandados foram expedidos pela 7\u00aa Vara Federal Criminal do Rio de Janeiro Policiais federais cumprem neste s\u00e1bado (9), tr\u00eas mandados de pris\u00e3o preventiva e tr\u00eas [\u2026]\" \/>\n<meta property=\"og:url\" content=\"https:\/\/verdadeon.com.br\/portal\/2022\/07\/09\/trafico-internacional-p-f-faz-acao-contra-grupo-especializado-em-enviar-drogas-para-a-europa\/\" \/>\n<meta property=\"og:site_name\" content=\"VerdadeOn\" \/>\n<meta property=\"article:published_time\" content=\"2022-07-09T17:34:06+00:00\" \/>\n<meta property=\"og:image\" content=\"https:\/\/verdadeon.com.br\/portal\/wp-content\/uploads\/2022\/07\/Policia-federal-e1657388025475.jpeg\" \/>\n\t<meta property=\"og:image:width\" content=\"1000\" \/>\n\t<meta property=\"og:image:height\" content=\"669\" \/>\n\t<meta property=\"og:image:type\" content=\"image\/jpeg\" \/>\n<meta name=\"author\" content=\"Fernando Lima\" \/>\n<meta name=\"twitter:card\" content=\"summary_large_image\" \/>\n<meta name=\"twitter:label1\" content=\"Escrito por\" \/>\n\t<meta name=\"twitter:data1\" content=\"Fernando Lima\" \/>\n\t<meta name=\"twitter:label2\" content=\"Est. tempo de leitura\" \/>\n\t<meta name=\"twitter:data2\" content=\"2 minutos\" \/>\n<script type=\"application\/ld+json\" class=\"yoast-schema-graph\">{\"@context\":\"https:\/\/schema.org\",\"@graph\":[{\"@type\":\"WebPage\",\"@id\":\"https:\/\/verdadeon.com.br\/portal\/2022\/07\/09\/trafico-internacional-p-f-faz-acao-contra-grupo-especializado-em-enviar-drogas-para-a-europa\/\",\"url\":\"https:\/\/verdadeon.com.br\/portal\/2022\/07\/09\/trafico-internacional-p-f-faz-acao-contra-grupo-especializado-em-enviar-drogas-para-a-europa\/\",\"name\":\"Tr\u00e1fico internacional: P.F. faz a\u00e7\u00e3o contra grupo especializado em enviar drogas para a Europa - VerdadeOn\",\"isPartOf\":{\"@id\":\"https:\/\/verdadeon.com.br\/portal\/#website\"},\"primaryImageOfPage\":{\"@id\":\"https:\/\/verdadeon.com.br\/portal\/2022\/07\/09\/trafico-internacional-p-f-faz-acao-contra-grupo-especializado-em-enviar-drogas-para-a-europa\/#primaryimage\"},\"image\":{\"@id\":\"https:\/\/verdadeon.com.br\/portal\/2022\/07\/09\/trafico-internacional-p-f-faz-acao-contra-grupo-especializado-em-enviar-drogas-para-a-europa\/#primaryimage\"},\"thumbnailUrl\":\"https:\/\/i0.wp.com\/verdadeon.com.br\/portal\/wp-content\/uploads\/2022\/07\/Policia-federal-e1657388025475.jpeg?fit=1000%2C669&ssl=1\",\"datePublished\":\"2022-07-09T17:34:06+00:00\",\"author\":{\"@id\":\"https:\/\/verdadeon.com.br\/portal\/#\/schema\/person\/cc32be22b8e8599387c480bc83e1d11a\"},\"breadcrumb\":{\"@id\":\"https:\/\/verdadeon.com.br\/portal\/2022\/07\/09\/trafico-internacional-p-f-faz-acao-contra-grupo-especializado-em-enviar-drogas-para-a-europa\/#breadcrumb\"},\"inLanguage\":\"pt-BR\",\"potentialAction\":[{\"@type\":\"ReadAction\",\"target\":[\"https:\/\/verdadeon.com.br\/portal\/2022\/07\/09\/trafico-internacional-p-f-faz-acao-contra-grupo-especializado-em-enviar-drogas-para-a-europa\/\"]}]},{\"@type\":\"ImageObject\",\"inLanguage\":\"pt-BR\",\"@id\":\"https:\/\/verdadeon.com.br\/portal\/2022\/07\/09\/trafico-internacional-p-f-faz-acao-contra-grupo-especializado-em-enviar-drogas-para-a-europa\/#primaryimage\",\"url\":\"https:\/\/i0.wp.com\/verdadeon.com.br\/portal\/wp-content\/uploads\/2022\/07\/Policia-federal-e1657388025475.jpeg?fit=1000%2C669&ssl=1\",\"contentUrl\":\"https:\/\/i0.wp.com\/verdadeon.com.br\/portal\/wp-content\/uploads\/2022\/07\/Policia-federal-e1657388025475.jpeg?fit=1000%2C669&ssl=1\",\"width\":1000,\"height\":669,\"caption\":\"Opera\u00e7\u00e3o Conex\u00e3o Madeira foi deflagrada pela Pol\u00edcia Federal, grupo usava passageiros para o envio dos entorpecentes | Foto: Divulga\u00e7\u00e3o P.F.\"},{\"@type\":\"BreadcrumbList\",\"@id\":\"https:\/\/verdadeon.com.br\/portal\/2022\/07\/09\/trafico-internacional-p-f-faz-acao-contra-grupo-especializado-em-enviar-drogas-para-a-europa\/#breadcrumb\",\"itemListElement\":[{\"@type\":\"ListItem\",\"position\":1,\"name\":\"In\u00edcio\",\"item\":\"https:\/\/verdadeon.com.br\/portal\/\"},{\"@type\":\"ListItem\",\"position\":2,\"name\":\"Tr\u00e1fico internacional: P.F. faz a\u00e7\u00e3o contra grupo especializado em enviar drogas para a Europa\"}]},{\"@type\":\"WebSite\",\"@id\":\"https:\/\/verdadeon.com.br\/portal\/#website\",\"url\":\"https:\/\/verdadeon.com.br\/portal\/\",\"name\":\"VerdadeOn\",\"description\":\"Not\u00edcias di\u00e1rias sobre Franca, Regi\u00e3o, Esporte, Cultura, Cotidiano, Colunas. Cobertura nos principais eventos da cidade \u00e9 aqui - Verdadeon Franca\",\"potentialAction\":[{\"@type\":\"SearchAction\",\"target\":{\"@type\":\"EntryPoint\",\"urlTemplate\":\"https:\/\/verdadeon.com.br\/portal\/?s={search_term_string}\"},\"query-input\":{\"@type\":\"PropertyValueSpecification\",\"valueRequired\":true,\"valueName\":\"search_term_string\"}}],\"inLanguage\":\"pt-BR\"},{\"@type\":\"Person\",\"@id\":\"https:\/\/verdadeon.com.br\/portal\/#\/schema\/person\/cc32be22b8e8599387c480bc83e1d11a\",\"name\":\"Fernando Lima\",\"image\":{\"@type\":\"ImageObject\",\"inLanguage\":\"pt-BR\",\"@id\":\"https:\/\/verdadeon.com.br\/portal\/#\/schema\/person\/image\/\",\"url\":\"https:\/\/secure.gravatar.com\/avatar\/df4c8e132080d2b3a4841d5d232045464e0eed11a1d6e43115ca0843d48768d3?s=96&d=mm&r=g\",\"contentUrl\":\"https:\/\/secure.gravatar.com\/avatar\/df4c8e132080d2b3a4841d5d232045464e0eed11a1d6e43115ca0843d48768d3?s=96&d=mm&r=g\",\"caption\":\"Fernando Lima\"},\"sameAs\":[\"http:\/\/verdadeon.com.br\/\"],\"url\":\"https:\/\/verdadeon.com.br\/portal\/author\/fernando-lima\/\"}]}<\/script>\n<!-- \/ Yoast SEO plugin. -->","yoast_head_json":{"title":"Tr\u00e1fico internacional: P.F. faz a\u00e7\u00e3o contra grupo especializado em enviar drogas para a Europa - VerdadeOn","robots":{"index":"index","follow":"follow","max-snippet":"max-snippet:-1","max-image-preview":"max-image-preview:large","max-video-preview":"max-video-preview:-1"},"canonical":"https:\/\/verdadeon.com.br\/portal\/2022\/07\/09\/trafico-internacional-p-f-faz-acao-contra-grupo-especializado-em-enviar-drogas-para-a-europa\/","og_locale":"pt_BR","og_type":"article","og_title":"Tr\u00e1fico internacional: P.F. faz a\u00e7\u00e3o contra grupo especializado em enviar drogas para a Europa - VerdadeOn","og_description":"Os mandados foram expedidos pela 7\u00aa Vara Federal Criminal do Rio de Janeiro Policiais federais cumprem neste s\u00e1bado (9), tr\u00eas mandados de pris\u00e3o preventiva e tr\u00eas [\u2026]","og_url":"https:\/\/verdadeon.com.br\/portal\/2022\/07\/09\/trafico-internacional-p-f-faz-acao-contra-grupo-especializado-em-enviar-drogas-para-a-europa\/","og_site_name":"VerdadeOn","article_published_time":"2022-07-09T17:34:06+00:00","og_image":[{"width":1000,"height":669,"url":"https:\/\/verdadeon.com.br\/portal\/wp-content\/uploads\/2022\/07\/Policia-federal-e1657388025475.jpeg","type":"image\/jpeg"}],"author":"Fernando Lima","twitter_card":"summary_large_image","twitter_misc":{"Escrito por":"Fernando Lima","Est. tempo de leitura":"2 minutos"},"schema":{"@context":"https:\/\/schema.org","@graph":[{"@type":"WebPage","@id":"https:\/\/verdadeon.com.br\/portal\/2022\/07\/09\/trafico-internacional-p-f-faz-acao-contra-grupo-especializado-em-enviar-drogas-para-a-europa\/","url":"https:\/\/verdadeon.com.br\/portal\/2022\/07\/09\/trafico-internacional-p-f-faz-acao-contra-grupo-especializado-em-enviar-drogas-para-a-europa\/","name":"Tr\u00e1fico internacional: P.F. faz a\u00e7\u00e3o contra grupo especializado em enviar drogas para a Europa - VerdadeOn","isPartOf":{"@id":"https:\/\/verdadeon.com.br\/portal\/#website"},"primaryImageOfPage":{"@id":"https:\/\/verdadeon.com.br\/portal\/2022\/07\/09\/trafico-internacional-p-f-faz-acao-contra-grupo-especializado-em-enviar-drogas-para-a-europa\/#primaryimage"},"image":{"@id":"https:\/\/verdadeon.com.br\/portal\/2022\/07\/09\/trafico-internacional-p-f-faz-acao-contra-grupo-especializado-em-enviar-drogas-para-a-europa\/#primaryimage"},"thumbnailUrl":"https:\/\/i0.wp.com\/verdadeon.com.br\/portal\/wp-content\/uploads\/2022\/07\/Policia-federal-e1657388025475.jpeg?fit=1000%2C669&ssl=1","datePublished":"2022-07-09T17:34:06+00:00","author":{"@id":"https:\/\/verdadeon.com.br\/portal\/#\/schema\/person\/cc32be22b8e8599387c480bc83e1d11a"},"breadcrumb":{"@id":"https:\/\/verdadeon.com.br\/portal\/2022\/07\/09\/trafico-internacional-p-f-faz-acao-contra-grupo-especializado-em-enviar-drogas-para-a-europa\/#breadcrumb"},"inLanguage":"pt-BR","potentialAction":[{"@type":"ReadAction","target":["https:\/\/verdadeon.com.br\/portal\/2022\/07\/09\/trafico-internacional-p-f-faz-acao-contra-grupo-especializado-em-enviar-drogas-para-a-europa\/"]}]},{"@type":"ImageObject","inLanguage":"pt-BR","@id":"https:\/\/verdadeon.com.br\/portal\/2022\/07\/09\/trafico-internacional-p-f-faz-acao-contra-grupo-especializado-em-enviar-drogas-para-a-europa\/#primaryimage","url":"https:\/\/i0.wp.com\/verdadeon.com.br\/portal\/wp-content\/uploads\/2022\/07\/Policia-federal-e1657388025475.jpeg?fit=1000%2C669&ssl=1","contentUrl":"https:\/\/i0.wp.com\/verdadeon.com.br\/portal\/wp-content\/uploads\/2022\/07\/Policia-federal-e1657388025475.jpeg?fit=1000%2C669&ssl=1","width":1000,"height":669,"caption":"Opera\u00e7\u00e3o Conex\u00e3o Madeira foi deflagrada pela Pol\u00edcia Federal, grupo usava passageiros para o envio dos entorpecentes | Foto: Divulga\u00e7\u00e3o P.F."},{"@type":"BreadcrumbList","@id":"https:\/\/verdadeon.com.br\/portal\/2022\/07\/09\/trafico-internacional-p-f-faz-acao-contra-grupo-especializado-em-enviar-drogas-para-a-europa\/#breadcrumb","itemListElement":[{"@type":"ListItem","position":1,"name":"In\u00edcio","item":"https:\/\/verdadeon.com.br\/portal\/"},{"@type":"ListItem","position":2,"name":"Tr\u00e1fico internacional: P.F. faz a\u00e7\u00e3o contra grupo especializado em enviar drogas para a Europa"}]},{"@type":"WebSite","@id":"https:\/\/verdadeon.com.br\/portal\/#website","url":"https:\/\/verdadeon.com.br\/portal\/","name":"VerdadeOn","description":"Not\u00edcias di\u00e1rias sobre Franca, Regi\u00e3o, Esporte, Cultura, Cotidiano, Colunas. Cobertura nos principais eventos da cidade \u00e9 aqui - Verdadeon Franca","potentialAction":[{"@type":"SearchAction","target":{"@type":"EntryPoint","urlTemplate":"https:\/\/verdadeon.com.br\/portal\/?s={search_term_string}"},"query-input":{"@type":"PropertyValueSpecification","valueRequired":true,"valueName":"search_term_string"}}],"inLanguage":"pt-BR"},{"@type":"Person","@id":"https:\/\/verdadeon.com.br\/portal\/#\/schema\/person\/cc32be22b8e8599387c480bc83e1d11a","name":"Fernando Lima","image":{"@type":"ImageObject","inLanguage":"pt-BR","@id":"https:\/\/verdadeon.com.br\/portal\/#\/schema\/person\/image\/","url":"https:\/\/secure.gravatar.com\/avatar\/df4c8e132080d2b3a4841d5d232045464e0eed11a1d6e43115ca0843d48768d3?s=96&d=mm&r=g","contentUrl":"https:\/\/secure.gravatar.com\/avatar\/df4c8e132080d2b3a4841d5d232045464e0eed11a1d6e43115ca0843d48768d3?s=96&d=mm&r=g","caption":"Fernando Lima"},"sameAs":["http:\/\/verdadeon.com.br\/"],"url":"https:\/\/verdadeon.com.br\/portal\/author\/fernando-lima\/"}]}},"jetpack_publicize_connections":[],"jetpack_featured_media_url":"https:\/\/i0.wp.com\/verdadeon.com.br\/portal\/wp-content\/uploads\/2022\/07\/Policia-federal-e1657388025475.jpeg?fit=1000%2C669&ssl=1","jetpack_sharing_enabled":true,"_links":{"self":[{"href":"https:\/\/verdadeon.com.br\/portal\/wp-json\/wp\/v2\/posts\/26426","targetHints":{"allow":["GET"]}}],"collection":[{"href":"https:\/\/verdadeon.com.br\/portal\/wp-json\/wp\/v2\/posts"}],"about":[{"href":"https:\/\/verdadeon.com.br\/portal\/wp-json\/wp\/v2\/types\/post"}],"author":[{"embeddable":true,"href":"https:\/\/verdadeon.com.br\/portal\/wp-json\/wp\/v2\/users\/7"}],"replies":[{"embeddable":true,"href":"https:\/\/verdadeon.com.br\/portal\/wp-json\/wp\/v2\/comments?post=26426"}],"version-history":[{"count":1,"href":"https:\/\/verdadeon.com.br\/portal\/wp-json\/wp\/v2\/posts\/26426\/revisions"}],"predecessor-version":[{"id":26428,"href":"https:\/\/verdadeon.com.br\/portal\/wp-json\/wp\/v2\/posts\/26426\/revisions\/26428"}],"wp:featuredmedia":[{"embeddable":true,"href":"https:\/\/verdadeon.com.br\/portal\/wp-json\/wp\/v2\/media\/26427"}],"wp:attachment":[{"href":"https:\/\/verdadeon.com.br\/portal\/wp-json\/wp\/v2\/media?parent=26426"}],"wp:term":[{"taxonomy":"category","embeddable":true,"href":"https:\/\/verdadeon.com.br\/portal\/wp-json\/wp\/v2\/categories?post=26426"},{"taxonomy":"post_tag","embeddable":true,"href":"https:\/\/verdadeon.com.br\/portal\/wp-json\/wp\/v2\/tags?post=26426"}],"curies":[{"name":"wp","href":"https:\/\/api.w.org\/{rel}","templated":true}]}}