{"id":26421,"date":"2022-07-09T14:30:46","date_gmt":"2022-07-09T17:30:46","guid":{"rendered":"https:\/\/verdadeon.com.br\/portal\/?p=26421"},"modified":"2022-07-09T13:31:39","modified_gmt":"2022-07-09T16:31:39","slug":"falta-de-transparencia-implica-em-uma-relacao-de-desconfianca-entre-governo-e-sociedade-alem-de-criar-um-terreno-fertil-para-a-corrupcao-diz-willian-karan","status":"publish","type":"post","link":"https:\/\/verdadeon.com.br\/portal\/2022\/07\/09\/falta-de-transparencia-implica-em-uma-relacao-de-desconfianca-entre-governo-e-sociedade-alem-de-criar-um-terreno-fertil-para-a-corrupcao-diz-willian-karan\/","title":{"rendered":"&#8216;Falta de transpar\u00eancia implica em uma rela\u00e7\u00e3o de desconfian\u00e7a entre governo e sociedade, al\u00e9m de criar um terreno f\u00e9rtil para a corrup\u00e7\u00e3o&#8217;, diz Willian Karan"},"content":{"rendered":"<h2>A fala \u00e9 Willian Karan, que faz parte do Observat\u00f3rio Social em Franca<\/h2>\n<p>O Coordenador Executivo do Observat\u00f3rio Social de Franca, Willian Karan J\u00fanior, \u00e9 o entrevistado desta edi\u00e7\u00e3o do Jornal Verdade. Nesta semana o \u00f3rg\u00e3o divulgou um estudo que apontou o n\u00edvel de transpar\u00eancia das prefeituras de v\u00e1rias cidades da regi\u00e3o, entre elas Franca, que foi classificada como &#8220;ruim&#8221;.<\/p>\n<p>Em um ano de elei\u00e7\u00e3o, onde as aten\u00e7\u00f5es se voltam para a quest\u00e3o pol\u00edtica, fica a import\u00e2ncia do trabalho desenvolvido pelo Observat\u00f3rio, al\u00e9m do alerta para que a popula\u00e7\u00e3o se atente aos dados que s\u00e3o disponibilizados.<\/p>\n<p>Na entrevista Willian conta como foi o trabalho desenvolvido nesta pesquisa, al\u00e9m de opinar sobre como n\u00f3s podemos reverter este cen\u00e1rio, j\u00e1 que transpar\u00eancia com o dinheiro p\u00fablico, nunca \u00e9 demais.<\/p>\n<p>Confira:<\/p>\n<p><strong>O que significa Franca ser classificada como &#8220;ruim&#8221; neste ranking de transpar\u00eancia?\u00a0<\/strong><\/p>\n<p>Estar classificada com n\u00edvel ruim quer dizer que o munic\u00edpio n\u00e3o atende, dentre os indicadores avaliados, a alguns requisitos de transpar\u00eancia, dados abertos, integridade e combate \u00e0 corrup\u00e7\u00e3o exigidos pela legisla\u00e7\u00e3o, assim como n\u00e3o est\u00e1 de acordo com as melhores pr\u00e1ticas nessas \u00e1reas.<\/p>\n<p>&nbsp;<\/p>\n<p><strong>Como foi este trabalho feito por voc\u00eas?\u00a0<\/strong><\/p>\n<p>O Observat\u00f3rio Social de Franca coletou os dados nos sites oficiais e redes sociais dos munic\u00edpios selecionados, com objetivo de avaliar a transpar\u00eancia, governan\u00e7a p\u00fablica e preven\u00e7\u00e3o e combate \u00e0 corrup\u00e7\u00e3o. Os crit\u00e9rios de avalia\u00e7\u00e3o foram baseados no guia de &#8220;Recomenda\u00e7\u00f5es de Transpar\u00eancia e Governan\u00e7a P\u00fablica para Prefeituras&#8221;, elaborado pela Transpar\u00eancia Internacional \u2013 Brasil e pelo Instituto de Governo Aberto (IGA), e que foi enviado previamente para todos esses \u00f3rg\u00e3os, como forma de oferecer o \u201cgabarito\u201d antes de aplicar a \u201cprova\u201d.\u00a0Ap\u00f3s essa coleta de dados, os resultados preliminares foram enviados para as prefeituras para que pudessem apresentar eventuais esclarecimentos ou solicitar poss\u00edveis corre\u00e7\u00f5es. No entanto, nenhuma delas se manifestou antes da publica\u00e7\u00e3o do ranking.<\/p>\n<p>&nbsp;<\/p>\n<p><strong>Como melhorar esta situa\u00e7\u00e3o?\u00a0<\/strong><\/p>\n<p>\u00c9 preciso que os gestores p\u00fablicos se engajem para fortalecer essa cultura de transpar\u00eancia e integridade, e permitir que a sociedade monitore gastos p\u00fablicos e participe do processo decis\u00f3rio, garantindo que os recursos sejam direcionados ao que a popula\u00e7\u00e3o mais precisa. A proposta do ranking \u00e9 exatamente essa, estimular o poder p\u00fablico a promover continuamente melhorias na governan\u00e7a e na transpar\u00eancia de suas a\u00e7\u00f5es.<\/p>\n<p>&nbsp;<\/p>\n<p><strong>Voc\u00eas ressaltam sempre um conjunto de boas pr\u00e1ticas. Pode nos dar um exemplo que encontraram?\u00a0<\/strong><\/p>\n<p>O que buscamos encontrar quando falamos em boas pr\u00e1ticas s\u00e3o atividades governamentais que elevam o padr\u00e3o exigido pela legisla\u00e7\u00e3o, como por exemplo a Lei de Acesso \u00e0 Informa\u00e7\u00e3o, e que gerem resultados e impacto positivos para promover a preven\u00e7\u00e3o e combate \u00e0 corrup\u00e7\u00e3o, e ampliar a transpar\u00eancia e participa\u00e7\u00e3o social. Como exemplo de boa pr\u00e1tica, podemos destacar a exist\u00eancia de canais de comunica\u00e7\u00e3o em redes sociais, o que pode aproximar a prefeitura da popula\u00e7\u00e3o. No entanto, h\u00e1 muito espa\u00e7o para melhoria. Pr\u00e1ticas como a publica\u00e7\u00e3o da agenda do prefeito, dos secret\u00e1rios municipais e dirigentes de funda\u00e7\u00f5es e autarquias municipais; regulamenta\u00e7\u00e3o que define casos de poss\u00edveis conflitos de interesse; e, realiza\u00e7\u00e3o de audi\u00eancias p\u00fablicas com possibilidade de participa\u00e7\u00e3o virtual.<\/p>\n<p>&nbsp;<\/p>\n<p><strong>A popula\u00e7\u00e3o \u00e9 prejudicada com esse desempenho baixo de transpar\u00eancia?\u00a0<\/strong><\/p>\n<p>A falta de transpar\u00eancia implica em uma rela\u00e7\u00e3o de desconfian\u00e7a entre governo e sociedade, al\u00e9m de criar um terreno f\u00e9rtil para a corrup\u00e7\u00e3o. A falta de mecanismos de prote\u00e7\u00e3o a quem denuncia a corrup\u00e7\u00e3o e o dif\u00edcil acesso \u00e0s informa\u00e7\u00f5es e documentos p\u00fablicos limitam a participa\u00e7\u00e3o da sociedade na gest\u00e3o p\u00fablica, reduzindo o alcance do controle social.<\/p>\n<p>&nbsp;<\/p>\n<p><strong>Como o cidad\u00e3o tamb\u00e9m pode colaborar para que este cen\u00e1rio mude?\u00a0<\/strong><\/p>\n<p>O cidad\u00e3o pode cobrar o empenho do gestor p\u00fablico, melhoria de suas pr\u00e1ticas de transpar\u00eancia e governan\u00e7a p\u00fablica. Tamb\u00e9m pode, e deve, conhecer mais os seus direitos e participar democraticamente da gest\u00e3o p\u00fablica da sua cidade.<\/p>\n<p>&nbsp;<\/p>\n<p><strong>Nos \u00faltimos anos em um contexto geral, tivemos avan\u00e7os importantes na transpar\u00eancia? Tivemos retrocessos?\u00a0<\/strong><\/p>\n<p>O campo da transpar\u00eancia est\u00e1 em constante avan\u00e7o. A\u00e7\u00f5es como a publica\u00e7\u00e3o da agenda dos gestores p\u00fablicos e divulga\u00e7\u00e3o das formas de participa\u00e7\u00e3o da sociedade s\u00e3o exemplos cada dia mais vistos nos \u00f3rg\u00e3os p\u00fablicos. Contudo, ap\u00f3s dez anos da entrada em vigor de \u00a0um dos mais importantes marcos legais de transpar\u00eancia do pa\u00eds, a Lei de Acesso \u00e0 Informa\u00e7\u00e3o, esperava-se que o n\u00edvel de transpar\u00eancia das informa\u00e7\u00f5es p\u00fablicas e das iniciativas de governan\u00e7a p\u00fablica fossem melhores. A realidade \u00e9 que, apesar de eventualmente adotarem boas pr\u00e1ticas de gest\u00e3o, a maioria dos munic\u00edpios avaliados sequer cumpre todos os requisitos m\u00ednimos da legisla\u00e7\u00e3o. Por isso, esperamos que o ranking sirva como um est\u00edmulo para melhorias e que contribua com recomenda\u00e7\u00f5es para a promo\u00e7\u00e3o da transpar\u00eancia em nossa regi\u00e3o.<\/p>\n","protected":false},"excerpt":{"rendered":"<p>A fala \u00e9 Willian Karan, que faz parte do Observat\u00f3rio Social em Franca O Coordenador Executivo do Observat\u00f3rio Social de Franca, Willian Karan J\u00fanior, \u00e9 o<span class=\"excerpt-hellip\"> [\u2026]<\/span><\/p>\n","protected":false},"author":7,"featured_media":21744,"comment_status":"open","ping_status":"open","sticky":false,"template":"","format":"standard","meta":{"_jetpack_memberships_contains_paid_content":false,"footnotes":"","jetpack_publicize_message":"","jetpack_publicize_feature_enabled":true,"jetpack_social_post_already_shared":false,"jetpack_social_options":{"image_generator_settings":{"template":"highway","default_image_id":0,"enabled":false},"version":2}},"categories":[28,81],"tags":[],"class_list":["post-26421","post","type-post","status-publish","format-standard","has-post-thumbnail","hentry","category-cotidiano","category-manchete"],"yoast_head":"<!-- This site is optimized with the Yoast SEO plugin v25.6 - https:\/\/yoast.com\/wordpress\/plugins\/seo\/ -->\n<title>&#039;Falta de transpar\u00eancia implica em uma rela\u00e7\u00e3o de desconfian\u00e7a entre governo e sociedade, al\u00e9m de criar um terreno f\u00e9rtil para a corrup\u00e7\u00e3o&#039;, diz Willian Karan - VerdadeOn<\/title>\n<meta name=\"robots\" content=\"index, follow, max-snippet:-1, max-image-preview:large, max-video-preview:-1\" \/>\n<link rel=\"canonical\" href=\"https:\/\/verdadeon.com.br\/portal\/2022\/07\/09\/falta-de-transparencia-implica-em-uma-relacao-de-desconfianca-entre-governo-e-sociedade-alem-de-criar-um-terreno-fertil-para-a-corrupcao-diz-willian-karan\/\" \/>\n<meta property=\"og:locale\" content=\"pt_BR\" \/>\n<meta property=\"og:type\" content=\"article\" \/>\n<meta property=\"og:title\" content=\"&#039;Falta de transpar\u00eancia implica em uma rela\u00e7\u00e3o de desconfian\u00e7a entre governo e sociedade, al\u00e9m de criar um terreno f\u00e9rtil para a corrup\u00e7\u00e3o&#039;, diz Willian Karan - VerdadeOn\" \/>\n<meta property=\"og:description\" content=\"A fala \u00e9 Willian Karan, que faz parte do Observat\u00f3rio Social em Franca O Coordenador Executivo do Observat\u00f3rio Social de Franca, Willian Karan J\u00fanior, \u00e9 o [\u2026]\" \/>\n<meta property=\"og:url\" content=\"https:\/\/verdadeon.com.br\/portal\/2022\/07\/09\/falta-de-transparencia-implica-em-uma-relacao-de-desconfianca-entre-governo-e-sociedade-alem-de-criar-um-terreno-fertil-para-a-corrupcao-diz-willian-karan\/\" \/>\n<meta property=\"og:site_name\" content=\"VerdadeOn\" \/>\n<meta property=\"article:published_time\" content=\"2022-07-09T17:30:46+00:00\" \/>\n<meta property=\"og:image\" content=\"https:\/\/verdadeon.com.br\/portal\/wp-content\/uploads\/2021\/12\/Willian-Karan-Junior-advogado-especialista-em-Direito-do-Consumidor-2.jpeg\" \/>\n\t<meta property=\"og:image:width\" content=\"1000\" \/>\n\t<meta property=\"og:image:height\" content=\"670\" \/>\n\t<meta property=\"og:image:type\" content=\"image\/jpeg\" \/>\n<meta name=\"author\" content=\"Fernando Lima\" \/>\n<meta name=\"twitter:card\" content=\"summary_large_image\" \/>\n<meta name=\"twitter:label1\" content=\"Escrito por\" \/>\n\t<meta name=\"twitter:data1\" content=\"Fernando Lima\" \/>\n\t<meta name=\"twitter:label2\" content=\"Est. tempo de leitura\" \/>\n\t<meta name=\"twitter:data2\" content=\"5 minutos\" \/>\n<script type=\"application\/ld+json\" class=\"yoast-schema-graph\">{\"@context\":\"https:\/\/schema.org\",\"@graph\":[{\"@type\":\"WebPage\",\"@id\":\"https:\/\/verdadeon.com.br\/portal\/2022\/07\/09\/falta-de-transparencia-implica-em-uma-relacao-de-desconfianca-entre-governo-e-sociedade-alem-de-criar-um-terreno-fertil-para-a-corrupcao-diz-willian-karan\/\",\"url\":\"https:\/\/verdadeon.com.br\/portal\/2022\/07\/09\/falta-de-transparencia-implica-em-uma-relacao-de-desconfianca-entre-governo-e-sociedade-alem-de-criar-um-terreno-fertil-para-a-corrupcao-diz-willian-karan\/\",\"name\":\"'Falta de transpar\u00eancia implica em uma rela\u00e7\u00e3o de desconfian\u00e7a entre governo e sociedade, al\u00e9m de criar um terreno f\u00e9rtil para a corrup\u00e7\u00e3o', diz Willian Karan - VerdadeOn\",\"isPartOf\":{\"@id\":\"https:\/\/verdadeon.com.br\/portal\/#website\"},\"primaryImageOfPage\":{\"@id\":\"https:\/\/verdadeon.com.br\/portal\/2022\/07\/09\/falta-de-transparencia-implica-em-uma-relacao-de-desconfianca-entre-governo-e-sociedade-alem-de-criar-um-terreno-fertil-para-a-corrupcao-diz-willian-karan\/#primaryimage\"},\"image\":{\"@id\":\"https:\/\/verdadeon.com.br\/portal\/2022\/07\/09\/falta-de-transparencia-implica-em-uma-relacao-de-desconfianca-entre-governo-e-sociedade-alem-de-criar-um-terreno-fertil-para-a-corrupcao-diz-willian-karan\/#primaryimage\"},\"thumbnailUrl\":\"https:\/\/i0.wp.com\/verdadeon.com.br\/portal\/wp-content\/uploads\/2021\/12\/Willian-Karan-Junior-advogado-especialista-em-Direito-do-Consumidor-2.jpeg?fit=1000%2C670&ssl=1\",\"datePublished\":\"2022-07-09T17:30:46+00:00\",\"author\":{\"@id\":\"https:\/\/verdadeon.com.br\/portal\/#\/schema\/person\/cc32be22b8e8599387c480bc83e1d11a\"},\"breadcrumb\":{\"@id\":\"https:\/\/verdadeon.com.br\/portal\/2022\/07\/09\/falta-de-transparencia-implica-em-uma-relacao-de-desconfianca-entre-governo-e-sociedade-alem-de-criar-um-terreno-fertil-para-a-corrupcao-diz-willian-karan\/#breadcrumb\"},\"inLanguage\":\"pt-BR\",\"potentialAction\":[{\"@type\":\"ReadAction\",\"target\":[\"https:\/\/verdadeon.com.br\/portal\/2022\/07\/09\/falta-de-transparencia-implica-em-uma-relacao-de-desconfianca-entre-governo-e-sociedade-alem-de-criar-um-terreno-fertil-para-a-corrupcao-diz-willian-karan\/\"]}]},{\"@type\":\"ImageObject\",\"inLanguage\":\"pt-BR\",\"@id\":\"https:\/\/verdadeon.com.br\/portal\/2022\/07\/09\/falta-de-transparencia-implica-em-uma-relacao-de-desconfianca-entre-governo-e-sociedade-alem-de-criar-um-terreno-fertil-para-a-corrupcao-diz-willian-karan\/#primaryimage\",\"url\":\"https:\/\/i0.wp.com\/verdadeon.com.br\/portal\/wp-content\/uploads\/2021\/12\/Willian-Karan-Junior-advogado-especialista-em-Direito-do-Consumidor-2.jpeg?fit=1000%2C670&ssl=1\",\"contentUrl\":\"https:\/\/i0.wp.com\/verdadeon.com.br\/portal\/wp-content\/uploads\/2021\/12\/Willian-Karan-Junior-advogado-especialista-em-Direito-do-Consumidor-2.jpeg?fit=1000%2C670&ssl=1\",\"width\":1000,\"height\":670,\"caption\":\"O advogado Willian Karan J\u00fanior \u00e9 coordenador Executivo do Observat\u00f3rio Social de Franca | Foto: Reprodu\u00e7\u00e3o\"},{\"@type\":\"BreadcrumbList\",\"@id\":\"https:\/\/verdadeon.com.br\/portal\/2022\/07\/09\/falta-de-transparencia-implica-em-uma-relacao-de-desconfianca-entre-governo-e-sociedade-alem-de-criar-um-terreno-fertil-para-a-corrupcao-diz-willian-karan\/#breadcrumb\",\"itemListElement\":[{\"@type\":\"ListItem\",\"position\":1,\"name\":\"In\u00edcio\",\"item\":\"https:\/\/verdadeon.com.br\/portal\/\"},{\"@type\":\"ListItem\",\"position\":2,\"name\":\"&#8216;Falta de transpar\u00eancia implica em uma rela\u00e7\u00e3o de desconfian\u00e7a entre governo e sociedade, al\u00e9m de criar um terreno f\u00e9rtil para a corrup\u00e7\u00e3o&#8217;, diz Willian Karan\"}]},{\"@type\":\"WebSite\",\"@id\":\"https:\/\/verdadeon.com.br\/portal\/#website\",\"url\":\"https:\/\/verdadeon.com.br\/portal\/\",\"name\":\"VerdadeOn\",\"description\":\"Not\u00edcias di\u00e1rias sobre Franca, Regi\u00e3o, Esporte, Cultura, Cotidiano, Colunas. Cobertura nos principais eventos da cidade \u00e9 aqui - Verdadeon Franca\",\"potentialAction\":[{\"@type\":\"SearchAction\",\"target\":{\"@type\":\"EntryPoint\",\"urlTemplate\":\"https:\/\/verdadeon.com.br\/portal\/?s={search_term_string}\"},\"query-input\":{\"@type\":\"PropertyValueSpecification\",\"valueRequired\":true,\"valueName\":\"search_term_string\"}}],\"inLanguage\":\"pt-BR\"},{\"@type\":\"Person\",\"@id\":\"https:\/\/verdadeon.com.br\/portal\/#\/schema\/person\/cc32be22b8e8599387c480bc83e1d11a\",\"name\":\"Fernando Lima\",\"image\":{\"@type\":\"ImageObject\",\"inLanguage\":\"pt-BR\",\"@id\":\"https:\/\/verdadeon.com.br\/portal\/#\/schema\/person\/image\/\",\"url\":\"https:\/\/secure.gravatar.com\/avatar\/df4c8e132080d2b3a4841d5d232045464e0eed11a1d6e43115ca0843d48768d3?s=96&d=mm&r=g\",\"contentUrl\":\"https:\/\/secure.gravatar.com\/avatar\/df4c8e132080d2b3a4841d5d232045464e0eed11a1d6e43115ca0843d48768d3?s=96&d=mm&r=g\",\"caption\":\"Fernando Lima\"},\"sameAs\":[\"http:\/\/verdadeon.com.br\/\"],\"url\":\"https:\/\/verdadeon.com.br\/portal\/author\/fernando-lima\/\"}]}<\/script>\n<!-- \/ Yoast SEO plugin. -->","yoast_head_json":{"title":"'Falta de transpar\u00eancia implica em uma rela\u00e7\u00e3o de desconfian\u00e7a entre governo e sociedade, al\u00e9m de criar um terreno f\u00e9rtil para a corrup\u00e7\u00e3o', diz Willian Karan - VerdadeOn","robots":{"index":"index","follow":"follow","max-snippet":"max-snippet:-1","max-image-preview":"max-image-preview:large","max-video-preview":"max-video-preview:-1"},"canonical":"https:\/\/verdadeon.com.br\/portal\/2022\/07\/09\/falta-de-transparencia-implica-em-uma-relacao-de-desconfianca-entre-governo-e-sociedade-alem-de-criar-um-terreno-fertil-para-a-corrupcao-diz-willian-karan\/","og_locale":"pt_BR","og_type":"article","og_title":"'Falta de transpar\u00eancia implica em uma rela\u00e7\u00e3o de desconfian\u00e7a entre governo e sociedade, al\u00e9m de criar um terreno f\u00e9rtil para a corrup\u00e7\u00e3o', diz Willian Karan - VerdadeOn","og_description":"A fala \u00e9 Willian Karan, que faz parte do Observat\u00f3rio Social em Franca O Coordenador Executivo do Observat\u00f3rio Social de Franca, Willian Karan J\u00fanior, \u00e9 o [\u2026]","og_url":"https:\/\/verdadeon.com.br\/portal\/2022\/07\/09\/falta-de-transparencia-implica-em-uma-relacao-de-desconfianca-entre-governo-e-sociedade-alem-de-criar-um-terreno-fertil-para-a-corrupcao-diz-willian-karan\/","og_site_name":"VerdadeOn","article_published_time":"2022-07-09T17:30:46+00:00","og_image":[{"width":1000,"height":670,"url":"https:\/\/verdadeon.com.br\/portal\/wp-content\/uploads\/2021\/12\/Willian-Karan-Junior-advogado-especialista-em-Direito-do-Consumidor-2.jpeg","type":"image\/jpeg"}],"author":"Fernando Lima","twitter_card":"summary_large_image","twitter_misc":{"Escrito por":"Fernando Lima","Est. tempo de leitura":"5 minutos"},"schema":{"@context":"https:\/\/schema.org","@graph":[{"@type":"WebPage","@id":"https:\/\/verdadeon.com.br\/portal\/2022\/07\/09\/falta-de-transparencia-implica-em-uma-relacao-de-desconfianca-entre-governo-e-sociedade-alem-de-criar-um-terreno-fertil-para-a-corrupcao-diz-willian-karan\/","url":"https:\/\/verdadeon.com.br\/portal\/2022\/07\/09\/falta-de-transparencia-implica-em-uma-relacao-de-desconfianca-entre-governo-e-sociedade-alem-de-criar-um-terreno-fertil-para-a-corrupcao-diz-willian-karan\/","name":"'Falta de transpar\u00eancia implica em uma rela\u00e7\u00e3o de desconfian\u00e7a entre governo e sociedade, al\u00e9m de criar um terreno f\u00e9rtil para a corrup\u00e7\u00e3o', diz Willian Karan - VerdadeOn","isPartOf":{"@id":"https:\/\/verdadeon.com.br\/portal\/#website"},"primaryImageOfPage":{"@id":"https:\/\/verdadeon.com.br\/portal\/2022\/07\/09\/falta-de-transparencia-implica-em-uma-relacao-de-desconfianca-entre-governo-e-sociedade-alem-de-criar-um-terreno-fertil-para-a-corrupcao-diz-willian-karan\/#primaryimage"},"image":{"@id":"https:\/\/verdadeon.com.br\/portal\/2022\/07\/09\/falta-de-transparencia-implica-em-uma-relacao-de-desconfianca-entre-governo-e-sociedade-alem-de-criar-um-terreno-fertil-para-a-corrupcao-diz-willian-karan\/#primaryimage"},"thumbnailUrl":"https:\/\/i0.wp.com\/verdadeon.com.br\/portal\/wp-content\/uploads\/2021\/12\/Willian-Karan-Junior-advogado-especialista-em-Direito-do-Consumidor-2.jpeg?fit=1000%2C670&ssl=1","datePublished":"2022-07-09T17:30:46+00:00","author":{"@id":"https:\/\/verdadeon.com.br\/portal\/#\/schema\/person\/cc32be22b8e8599387c480bc83e1d11a"},"breadcrumb":{"@id":"https:\/\/verdadeon.com.br\/portal\/2022\/07\/09\/falta-de-transparencia-implica-em-uma-relacao-de-desconfianca-entre-governo-e-sociedade-alem-de-criar-um-terreno-fertil-para-a-corrupcao-diz-willian-karan\/#breadcrumb"},"inLanguage":"pt-BR","potentialAction":[{"@type":"ReadAction","target":["https:\/\/verdadeon.com.br\/portal\/2022\/07\/09\/falta-de-transparencia-implica-em-uma-relacao-de-desconfianca-entre-governo-e-sociedade-alem-de-criar-um-terreno-fertil-para-a-corrupcao-diz-willian-karan\/"]}]},{"@type":"ImageObject","inLanguage":"pt-BR","@id":"https:\/\/verdadeon.com.br\/portal\/2022\/07\/09\/falta-de-transparencia-implica-em-uma-relacao-de-desconfianca-entre-governo-e-sociedade-alem-de-criar-um-terreno-fertil-para-a-corrupcao-diz-willian-karan\/#primaryimage","url":"https:\/\/i0.wp.com\/verdadeon.com.br\/portal\/wp-content\/uploads\/2021\/12\/Willian-Karan-Junior-advogado-especialista-em-Direito-do-Consumidor-2.jpeg?fit=1000%2C670&ssl=1","contentUrl":"https:\/\/i0.wp.com\/verdadeon.com.br\/portal\/wp-content\/uploads\/2021\/12\/Willian-Karan-Junior-advogado-especialista-em-Direito-do-Consumidor-2.jpeg?fit=1000%2C670&ssl=1","width":1000,"height":670,"caption":"O advogado Willian Karan J\u00fanior \u00e9 coordenador Executivo do Observat\u00f3rio Social de Franca | Foto: Reprodu\u00e7\u00e3o"},{"@type":"BreadcrumbList","@id":"https:\/\/verdadeon.com.br\/portal\/2022\/07\/09\/falta-de-transparencia-implica-em-uma-relacao-de-desconfianca-entre-governo-e-sociedade-alem-de-criar-um-terreno-fertil-para-a-corrupcao-diz-willian-karan\/#breadcrumb","itemListElement":[{"@type":"ListItem","position":1,"name":"In\u00edcio","item":"https:\/\/verdadeon.com.br\/portal\/"},{"@type":"ListItem","position":2,"name":"&#8216;Falta de transpar\u00eancia implica em uma rela\u00e7\u00e3o de desconfian\u00e7a entre governo e sociedade, al\u00e9m de criar um terreno f\u00e9rtil para a corrup\u00e7\u00e3o&#8217;, diz Willian Karan"}]},{"@type":"WebSite","@id":"https:\/\/verdadeon.com.br\/portal\/#website","url":"https:\/\/verdadeon.com.br\/portal\/","name":"VerdadeOn","description":"Not\u00edcias di\u00e1rias sobre Franca, Regi\u00e3o, Esporte, Cultura, Cotidiano, Colunas. Cobertura nos principais eventos da cidade \u00e9 aqui - Verdadeon Franca","potentialAction":[{"@type":"SearchAction","target":{"@type":"EntryPoint","urlTemplate":"https:\/\/verdadeon.com.br\/portal\/?s={search_term_string}"},"query-input":{"@type":"PropertyValueSpecification","valueRequired":true,"valueName":"search_term_string"}}],"inLanguage":"pt-BR"},{"@type":"Person","@id":"https:\/\/verdadeon.com.br\/portal\/#\/schema\/person\/cc32be22b8e8599387c480bc83e1d11a","name":"Fernando Lima","image":{"@type":"ImageObject","inLanguage":"pt-BR","@id":"https:\/\/verdadeon.com.br\/portal\/#\/schema\/person\/image\/","url":"https:\/\/secure.gravatar.com\/avatar\/df4c8e132080d2b3a4841d5d232045464e0eed11a1d6e43115ca0843d48768d3?s=96&d=mm&r=g","contentUrl":"https:\/\/secure.gravatar.com\/avatar\/df4c8e132080d2b3a4841d5d232045464e0eed11a1d6e43115ca0843d48768d3?s=96&d=mm&r=g","caption":"Fernando Lima"},"sameAs":["http:\/\/verdadeon.com.br\/"],"url":"https:\/\/verdadeon.com.br\/portal\/author\/fernando-lima\/"}]}},"jetpack_publicize_connections":[],"jetpack_featured_media_url":"https:\/\/i0.wp.com\/verdadeon.com.br\/portal\/wp-content\/uploads\/2021\/12\/Willian-Karan-Junior-advogado-especialista-em-Direito-do-Consumidor-2.jpeg?fit=1000%2C670&ssl=1","jetpack_sharing_enabled":true,"_links":{"self":[{"href":"https:\/\/verdadeon.com.br\/portal\/wp-json\/wp\/v2\/posts\/26421","targetHints":{"allow":["GET"]}}],"collection":[{"href":"https:\/\/verdadeon.com.br\/portal\/wp-json\/wp\/v2\/posts"}],"about":[{"href":"https:\/\/verdadeon.com.br\/portal\/wp-json\/wp\/v2\/types\/post"}],"author":[{"embeddable":true,"href":"https:\/\/verdadeon.com.br\/portal\/wp-json\/wp\/v2\/users\/7"}],"replies":[{"embeddable":true,"href":"https:\/\/verdadeon.com.br\/portal\/wp-json\/wp\/v2\/comments?post=26421"}],"version-history":[{"count":1,"href":"https:\/\/verdadeon.com.br\/portal\/wp-json\/wp\/v2\/posts\/26421\/revisions"}],"predecessor-version":[{"id":26422,"href":"https:\/\/verdadeon.com.br\/portal\/wp-json\/wp\/v2\/posts\/26421\/revisions\/26422"}],"wp:featuredmedia":[{"embeddable":true,"href":"https:\/\/verdadeon.com.br\/portal\/wp-json\/wp\/v2\/media\/21744"}],"wp:attachment":[{"href":"https:\/\/verdadeon.com.br\/portal\/wp-json\/wp\/v2\/media?parent=26421"}],"wp:term":[{"taxonomy":"category","embeddable":true,"href":"https:\/\/verdadeon.com.br\/portal\/wp-json\/wp\/v2\/categories?post=26421"},{"taxonomy":"post_tag","embeddable":true,"href":"https:\/\/verdadeon.com.br\/portal\/wp-json\/wp\/v2\/tags?post=26421"}],"curies":[{"name":"wp","href":"https:\/\/api.w.org\/{rel}","templated":true}]}}