{"id":26405,"date":"2022-07-08T17:35:32","date_gmt":"2022-07-08T20:35:32","guid":{"rendered":"https:\/\/verdadeon.com.br\/portal\/?p=26405"},"modified":"2022-07-08T17:35:32","modified_gmt":"2022-07-08T20:35:32","slug":"iamspe-deve-mais-de-r1-milhao-para-grupo-santa-casa-atendimentos-comecam-a-ser-prejudicados","status":"publish","type":"post","link":"https:\/\/verdadeon.com.br\/portal\/2022\/07\/08\/iamspe-deve-mais-de-r1-milhao-para-grupo-santa-casa-atendimentos-comecam-a-ser-prejudicados\/","title":{"rendered":"IAMSPE deve mais de R$1 milh\u00e3o para Grupo Santa Casa, atendimentos come\u00e7am a ser prejudicados"},"content":{"rendered":"<h2>Segundo o grupo, pacientes dos Hospitais do C\u00e2ncer e do Cora\u00e7\u00e3o s\u00e3o afetados diretamente<\/h2>\n<p>O Grupo Santa Casa de Franca, informou nesta sexta-feira que o\u00a0Instituto de Assist\u00eancia M\u00e9dica ao Servidor P\u00fablico Estadual de S\u00e3o Paulo (IAMSP), possui uma d\u00edvida de R$1,3 milh\u00f5es com o hospital, que administra ainda o Hospital do C\u00e2ncer e do Cora\u00e7\u00e3o. Em nota a assessoria afirmou que h\u00e1 algum tempo a institui\u00e7\u00e3o vem inclusive realizando atendimentos aos conveniados mesmo sem os pagamentos dos conv\u00eanios.<\/p>\n<p>&#8220;A Diretoria Administrativa do Grupo empreendeu uma s\u00e9rie de reuni\u00f5es para cobran\u00e7as da d\u00edvida com a diretoria do IAMSPE, por\u00e9m sem sucesso, permanecendo o d\u00e9ficit no pagamento, o que onera o Grupo Santa Casa de Franca, que j\u00e1 \u00e9 uma institui\u00e7\u00e3o que historicamente, assim como as demais institui\u00e7\u00f5es de atendimento SUS do pa\u00eds, sofre com d\u00e9ficit de repasses e financiamento de tabelas, hoje este valor em atraso est\u00e1 em R$ 1,3 milh\u00f5es&#8221;, informou.<\/p>\n<p>No mesmo comunicado, a Santa Casa destacou que n\u00e3o pode, e n\u00e3o tem a obriga\u00e7\u00e3o de sustentar tal d\u00e9ficit, pois \u00e9 uma institui\u00e7\u00e3o prestadora de servi\u00e7os de sa\u00fade, e como tal deve ser paga por tais servi\u00e7os. &#8220;Esperamos que essa situa\u00e7\u00e3o seja resolvida prontamente, pois j\u00e1 a partir da pr\u00f3xima ter\u00e7a-feira, dia 12 de julho o corte nos atendimentos ir\u00e1 impactar pacientes com s\u00e9rias necessidades, que dependem dos atendimentos do Hospital do C\u00e2ncer e Hospital do Cora\u00e7\u00e3o&#8221;.<\/p>\n<p>A situa\u00e7\u00e3o n\u00e3o \u00e9 exclusiva de Franca, o IAMSPE \u00e9 respons\u00e1vel por um cen\u00e1rio de d\u00e9ficit envolvendo diversos hospitais e laborat\u00f3rios em todo o Estado de S\u00e3o Paulo, que tamb\u00e9m tem se recusado a fazer consultas e procedimentos j\u00e1 agendados, com a mesma justifiacativa, a falta de repasse de valores por parte do Instituto.<\/p>\n<p>&#8220;Os servidores e conveniados t\u00eam encaminhado uma s\u00e9rie de reclama\u00e7\u00f5es sobre o cancelamento de conv\u00eanios e rompimento de contratos do Instituto de Assist\u00eancia M\u00e9dica do Servidor P\u00fablico Estadual (IAMSPE) com hospitais, cl\u00ednicas e laborat\u00f3rios na capital e no interior de S\u00e3o Paulo&#8221;, finalizou a Santa Casa.<\/p>\n","protected":false},"excerpt":{"rendered":"<p>Segundo o grupo, pacientes dos Hospitais do C\u00e2ncer e do Cora\u00e7\u00e3o s\u00e3o afetados diretamente O Grupo Santa Casa de Franca, informou nesta sexta-feira que o\u00a0Instituto de<span class=\"excerpt-hellip\"> [\u2026]<\/span><\/p>\n","protected":false},"author":7,"featured_media":26406,"comment_status":"open","ping_status":"open","sticky":false,"template":"","format":"standard","meta":{"_jetpack_memberships_contains_paid_content":false,"footnotes":"","jetpack_publicize_message":"","jetpack_publicize_feature_enabled":true,"jetpack_social_post_already_shared":false,"jetpack_social_options":{"image_generator_settings":{"template":"highway","default_image_id":0,"enabled":false},"version":2}},"categories":[28,44],"tags":[],"class_list":["post-26405","post","type-post","status-publish","format-standard","has-post-thumbnail","hentry","category-cotidiano","category-noticias"],"yoast_head":"<!-- This site is optimized with the Yoast SEO plugin v25.6 - https:\/\/yoast.com\/wordpress\/plugins\/seo\/ -->\n<title>IAMSPE deve mais de R$1 milh\u00e3o para Grupo Santa Casa, atendimentos come\u00e7am a ser prejudicados - VerdadeOn<\/title>\n<meta name=\"robots\" content=\"index, follow, max-snippet:-1, max-image-preview:large, max-video-preview:-1\" \/>\n<link rel=\"canonical\" href=\"https:\/\/verdadeon.com.br\/portal\/2022\/07\/08\/iamspe-deve-mais-de-r1-milhao-para-grupo-santa-casa-atendimentos-comecam-a-ser-prejudicados\/\" \/>\n<meta property=\"og:locale\" content=\"pt_BR\" \/>\n<meta property=\"og:type\" content=\"article\" \/>\n<meta property=\"og:title\" content=\"IAMSPE deve mais de R$1 milh\u00e3o para Grupo Santa Casa, atendimentos come\u00e7am a ser prejudicados - VerdadeOn\" \/>\n<meta property=\"og:description\" content=\"Segundo o grupo, pacientes dos Hospitais do C\u00e2ncer e do Cora\u00e7\u00e3o s\u00e3o afetados diretamente O Grupo Santa Casa de Franca, informou nesta sexta-feira que o\u00a0Instituto de [\u2026]\" \/>\n<meta property=\"og:url\" content=\"https:\/\/verdadeon.com.br\/portal\/2022\/07\/08\/iamspe-deve-mais-de-r1-milhao-para-grupo-santa-casa-atendimentos-comecam-a-ser-prejudicados\/\" \/>\n<meta property=\"og:site_name\" content=\"VerdadeOn\" \/>\n<meta property=\"article:published_time\" content=\"2022-07-08T20:35:32+00:00\" \/>\n<meta property=\"og:image\" content=\"https:\/\/verdadeon.com.br\/portal\/wp-content\/uploads\/2022\/07\/santa-casa-e1657312433130.jpg\" \/>\n\t<meta property=\"og:image:width\" content=\"999\" \/>\n\t<meta property=\"og:image:height\" content=\"671\" \/>\n\t<meta property=\"og:image:type\" content=\"image\/jpeg\" \/>\n<meta name=\"author\" content=\"Fernando Lima\" \/>\n<meta name=\"twitter:card\" content=\"summary_large_image\" \/>\n<meta name=\"twitter:label1\" content=\"Escrito por\" \/>\n\t<meta name=\"twitter:data1\" content=\"Fernando Lima\" \/>\n\t<meta name=\"twitter:label2\" content=\"Est. tempo de leitura\" \/>\n\t<meta name=\"twitter:data2\" content=\"2 minutos\" \/>\n<script type=\"application\/ld+json\" class=\"yoast-schema-graph\">{\"@context\":\"https:\/\/schema.org\",\"@graph\":[{\"@type\":\"WebPage\",\"@id\":\"https:\/\/verdadeon.com.br\/portal\/2022\/07\/08\/iamspe-deve-mais-de-r1-milhao-para-grupo-santa-casa-atendimentos-comecam-a-ser-prejudicados\/\",\"url\":\"https:\/\/verdadeon.com.br\/portal\/2022\/07\/08\/iamspe-deve-mais-de-r1-milhao-para-grupo-santa-casa-atendimentos-comecam-a-ser-prejudicados\/\",\"name\":\"IAMSPE deve mais de R$1 milh\u00e3o para Grupo Santa Casa, atendimentos come\u00e7am a ser prejudicados - VerdadeOn\",\"isPartOf\":{\"@id\":\"https:\/\/verdadeon.com.br\/portal\/#website\"},\"primaryImageOfPage\":{\"@id\":\"https:\/\/verdadeon.com.br\/portal\/2022\/07\/08\/iamspe-deve-mais-de-r1-milhao-para-grupo-santa-casa-atendimentos-comecam-a-ser-prejudicados\/#primaryimage\"},\"image\":{\"@id\":\"https:\/\/verdadeon.com.br\/portal\/2022\/07\/08\/iamspe-deve-mais-de-r1-milhao-para-grupo-santa-casa-atendimentos-comecam-a-ser-prejudicados\/#primaryimage\"},\"thumbnailUrl\":\"https:\/\/i0.wp.com\/verdadeon.com.br\/portal\/wp-content\/uploads\/2022\/07\/santa-casa-e1657312433130.jpg?fit=999%2C671&ssl=1\",\"datePublished\":\"2022-07-08T20:35:32+00:00\",\"author\":{\"@id\":\"https:\/\/verdadeon.com.br\/portal\/#\/schema\/person\/cc32be22b8e8599387c480bc83e1d11a\"},\"breadcrumb\":{\"@id\":\"https:\/\/verdadeon.com.br\/portal\/2022\/07\/08\/iamspe-deve-mais-de-r1-milhao-para-grupo-santa-casa-atendimentos-comecam-a-ser-prejudicados\/#breadcrumb\"},\"inLanguage\":\"pt-BR\",\"potentialAction\":[{\"@type\":\"ReadAction\",\"target\":[\"https:\/\/verdadeon.com.br\/portal\/2022\/07\/08\/iamspe-deve-mais-de-r1-milhao-para-grupo-santa-casa-atendimentos-comecam-a-ser-prejudicados\/\"]}]},{\"@type\":\"ImageObject\",\"inLanguage\":\"pt-BR\",\"@id\":\"https:\/\/verdadeon.com.br\/portal\/2022\/07\/08\/iamspe-deve-mais-de-r1-milhao-para-grupo-santa-casa-atendimentos-comecam-a-ser-prejudicados\/#primaryimage\",\"url\":\"https:\/\/i0.wp.com\/verdadeon.com.br\/portal\/wp-content\/uploads\/2022\/07\/santa-casa-e1657312433130.jpg?fit=999%2C671&ssl=1\",\"contentUrl\":\"https:\/\/i0.wp.com\/verdadeon.com.br\/portal\/wp-content\/uploads\/2022\/07\/santa-casa-e1657312433130.jpg?fit=999%2C671&ssl=1\",\"width\":999,\"height\":671,\"caption\":\"Santa Casa informou que j\u00e1 realizou diversas reuni\u00f5es com o IAMSP, valor pago deveria ser dobrado | Foto: Divulga\u00e7\u00e3o\"},{\"@type\":\"BreadcrumbList\",\"@id\":\"https:\/\/verdadeon.com.br\/portal\/2022\/07\/08\/iamspe-deve-mais-de-r1-milhao-para-grupo-santa-casa-atendimentos-comecam-a-ser-prejudicados\/#breadcrumb\",\"itemListElement\":[{\"@type\":\"ListItem\",\"position\":1,\"name\":\"In\u00edcio\",\"item\":\"https:\/\/verdadeon.com.br\/portal\/\"},{\"@type\":\"ListItem\",\"position\":2,\"name\":\"IAMSPE deve mais de R$1 milh\u00e3o para Grupo Santa Casa, atendimentos come\u00e7am a ser prejudicados\"}]},{\"@type\":\"WebSite\",\"@id\":\"https:\/\/verdadeon.com.br\/portal\/#website\",\"url\":\"https:\/\/verdadeon.com.br\/portal\/\",\"name\":\"VerdadeOn\",\"description\":\"Not\u00edcias di\u00e1rias sobre Franca, Regi\u00e3o, Esporte, Cultura, Cotidiano, Colunas. Cobertura nos principais eventos da cidade \u00e9 aqui - Verdadeon Franca\",\"potentialAction\":[{\"@type\":\"SearchAction\",\"target\":{\"@type\":\"EntryPoint\",\"urlTemplate\":\"https:\/\/verdadeon.com.br\/portal\/?s={search_term_string}\"},\"query-input\":{\"@type\":\"PropertyValueSpecification\",\"valueRequired\":true,\"valueName\":\"search_term_string\"}}],\"inLanguage\":\"pt-BR\"},{\"@type\":\"Person\",\"@id\":\"https:\/\/verdadeon.com.br\/portal\/#\/schema\/person\/cc32be22b8e8599387c480bc83e1d11a\",\"name\":\"Fernando Lima\",\"image\":{\"@type\":\"ImageObject\",\"inLanguage\":\"pt-BR\",\"@id\":\"https:\/\/verdadeon.com.br\/portal\/#\/schema\/person\/image\/\",\"url\":\"https:\/\/secure.gravatar.com\/avatar\/df4c8e132080d2b3a4841d5d232045464e0eed11a1d6e43115ca0843d48768d3?s=96&d=mm&r=g\",\"contentUrl\":\"https:\/\/secure.gravatar.com\/avatar\/df4c8e132080d2b3a4841d5d232045464e0eed11a1d6e43115ca0843d48768d3?s=96&d=mm&r=g\",\"caption\":\"Fernando Lima\"},\"sameAs\":[\"http:\/\/verdadeon.com.br\/\"],\"url\":\"https:\/\/verdadeon.com.br\/portal\/author\/fernando-lima\/\"}]}<\/script>\n<!-- \/ Yoast SEO plugin. -->","yoast_head_json":{"title":"IAMSPE deve mais de R$1 milh\u00e3o para Grupo Santa Casa, atendimentos come\u00e7am a ser prejudicados - VerdadeOn","robots":{"index":"index","follow":"follow","max-snippet":"max-snippet:-1","max-image-preview":"max-image-preview:large","max-video-preview":"max-video-preview:-1"},"canonical":"https:\/\/verdadeon.com.br\/portal\/2022\/07\/08\/iamspe-deve-mais-de-r1-milhao-para-grupo-santa-casa-atendimentos-comecam-a-ser-prejudicados\/","og_locale":"pt_BR","og_type":"article","og_title":"IAMSPE deve mais de R$1 milh\u00e3o para Grupo Santa Casa, atendimentos come\u00e7am a ser prejudicados - VerdadeOn","og_description":"Segundo o grupo, pacientes dos Hospitais do C\u00e2ncer e do Cora\u00e7\u00e3o s\u00e3o afetados diretamente O Grupo Santa Casa de Franca, informou nesta sexta-feira que o\u00a0Instituto de [\u2026]","og_url":"https:\/\/verdadeon.com.br\/portal\/2022\/07\/08\/iamspe-deve-mais-de-r1-milhao-para-grupo-santa-casa-atendimentos-comecam-a-ser-prejudicados\/","og_site_name":"VerdadeOn","article_published_time":"2022-07-08T20:35:32+00:00","og_image":[{"width":999,"height":671,"url":"https:\/\/verdadeon.com.br\/portal\/wp-content\/uploads\/2022\/07\/santa-casa-e1657312433130.jpg","type":"image\/jpeg"}],"author":"Fernando Lima","twitter_card":"summary_large_image","twitter_misc":{"Escrito por":"Fernando Lima","Est. tempo de leitura":"2 minutos"},"schema":{"@context":"https:\/\/schema.org","@graph":[{"@type":"WebPage","@id":"https:\/\/verdadeon.com.br\/portal\/2022\/07\/08\/iamspe-deve-mais-de-r1-milhao-para-grupo-santa-casa-atendimentos-comecam-a-ser-prejudicados\/","url":"https:\/\/verdadeon.com.br\/portal\/2022\/07\/08\/iamspe-deve-mais-de-r1-milhao-para-grupo-santa-casa-atendimentos-comecam-a-ser-prejudicados\/","name":"IAMSPE deve mais de R$1 milh\u00e3o para Grupo Santa Casa, atendimentos come\u00e7am a ser prejudicados - VerdadeOn","isPartOf":{"@id":"https:\/\/verdadeon.com.br\/portal\/#website"},"primaryImageOfPage":{"@id":"https:\/\/verdadeon.com.br\/portal\/2022\/07\/08\/iamspe-deve-mais-de-r1-milhao-para-grupo-santa-casa-atendimentos-comecam-a-ser-prejudicados\/#primaryimage"},"image":{"@id":"https:\/\/verdadeon.com.br\/portal\/2022\/07\/08\/iamspe-deve-mais-de-r1-milhao-para-grupo-santa-casa-atendimentos-comecam-a-ser-prejudicados\/#primaryimage"},"thumbnailUrl":"https:\/\/i0.wp.com\/verdadeon.com.br\/portal\/wp-content\/uploads\/2022\/07\/santa-casa-e1657312433130.jpg?fit=999%2C671&ssl=1","datePublished":"2022-07-08T20:35:32+00:00","author":{"@id":"https:\/\/verdadeon.com.br\/portal\/#\/schema\/person\/cc32be22b8e8599387c480bc83e1d11a"},"breadcrumb":{"@id":"https:\/\/verdadeon.com.br\/portal\/2022\/07\/08\/iamspe-deve-mais-de-r1-milhao-para-grupo-santa-casa-atendimentos-comecam-a-ser-prejudicados\/#breadcrumb"},"inLanguage":"pt-BR","potentialAction":[{"@type":"ReadAction","target":["https:\/\/verdadeon.com.br\/portal\/2022\/07\/08\/iamspe-deve-mais-de-r1-milhao-para-grupo-santa-casa-atendimentos-comecam-a-ser-prejudicados\/"]}]},{"@type":"ImageObject","inLanguage":"pt-BR","@id":"https:\/\/verdadeon.com.br\/portal\/2022\/07\/08\/iamspe-deve-mais-de-r1-milhao-para-grupo-santa-casa-atendimentos-comecam-a-ser-prejudicados\/#primaryimage","url":"https:\/\/i0.wp.com\/verdadeon.com.br\/portal\/wp-content\/uploads\/2022\/07\/santa-casa-e1657312433130.jpg?fit=999%2C671&ssl=1","contentUrl":"https:\/\/i0.wp.com\/verdadeon.com.br\/portal\/wp-content\/uploads\/2022\/07\/santa-casa-e1657312433130.jpg?fit=999%2C671&ssl=1","width":999,"height":671,"caption":"Santa Casa informou que j\u00e1 realizou diversas reuni\u00f5es com o IAMSP, valor pago deveria ser dobrado | Foto: Divulga\u00e7\u00e3o"},{"@type":"BreadcrumbList","@id":"https:\/\/verdadeon.com.br\/portal\/2022\/07\/08\/iamspe-deve-mais-de-r1-milhao-para-grupo-santa-casa-atendimentos-comecam-a-ser-prejudicados\/#breadcrumb","itemListElement":[{"@type":"ListItem","position":1,"name":"In\u00edcio","item":"https:\/\/verdadeon.com.br\/portal\/"},{"@type":"ListItem","position":2,"name":"IAMSPE deve mais de R$1 milh\u00e3o para Grupo Santa Casa, atendimentos come\u00e7am a ser prejudicados"}]},{"@type":"WebSite","@id":"https:\/\/verdadeon.com.br\/portal\/#website","url":"https:\/\/verdadeon.com.br\/portal\/","name":"VerdadeOn","description":"Not\u00edcias di\u00e1rias sobre Franca, Regi\u00e3o, Esporte, Cultura, Cotidiano, Colunas. Cobertura nos principais eventos da cidade \u00e9 aqui - Verdadeon Franca","potentialAction":[{"@type":"SearchAction","target":{"@type":"EntryPoint","urlTemplate":"https:\/\/verdadeon.com.br\/portal\/?s={search_term_string}"},"query-input":{"@type":"PropertyValueSpecification","valueRequired":true,"valueName":"search_term_string"}}],"inLanguage":"pt-BR"},{"@type":"Person","@id":"https:\/\/verdadeon.com.br\/portal\/#\/schema\/person\/cc32be22b8e8599387c480bc83e1d11a","name":"Fernando Lima","image":{"@type":"ImageObject","inLanguage":"pt-BR","@id":"https:\/\/verdadeon.com.br\/portal\/#\/schema\/person\/image\/","url":"https:\/\/secure.gravatar.com\/avatar\/df4c8e132080d2b3a4841d5d232045464e0eed11a1d6e43115ca0843d48768d3?s=96&d=mm&r=g","contentUrl":"https:\/\/secure.gravatar.com\/avatar\/df4c8e132080d2b3a4841d5d232045464e0eed11a1d6e43115ca0843d48768d3?s=96&d=mm&r=g","caption":"Fernando Lima"},"sameAs":["http:\/\/verdadeon.com.br\/"],"url":"https:\/\/verdadeon.com.br\/portal\/author\/fernando-lima\/"}]}},"jetpack_publicize_connections":[],"jetpack_featured_media_url":"https:\/\/i0.wp.com\/verdadeon.com.br\/portal\/wp-content\/uploads\/2022\/07\/santa-casa-e1657312433130.jpg?fit=999%2C671&ssl=1","jetpack_sharing_enabled":true,"_links":{"self":[{"href":"https:\/\/verdadeon.com.br\/portal\/wp-json\/wp\/v2\/posts\/26405","targetHints":{"allow":["GET"]}}],"collection":[{"href":"https:\/\/verdadeon.com.br\/portal\/wp-json\/wp\/v2\/posts"}],"about":[{"href":"https:\/\/verdadeon.com.br\/portal\/wp-json\/wp\/v2\/types\/post"}],"author":[{"embeddable":true,"href":"https:\/\/verdadeon.com.br\/portal\/wp-json\/wp\/v2\/users\/7"}],"replies":[{"embeddable":true,"href":"https:\/\/verdadeon.com.br\/portal\/wp-json\/wp\/v2\/comments?post=26405"}],"version-history":[{"count":1,"href":"https:\/\/verdadeon.com.br\/portal\/wp-json\/wp\/v2\/posts\/26405\/revisions"}],"predecessor-version":[{"id":26407,"href":"https:\/\/verdadeon.com.br\/portal\/wp-json\/wp\/v2\/posts\/26405\/revisions\/26407"}],"wp:featuredmedia":[{"embeddable":true,"href":"https:\/\/verdadeon.com.br\/portal\/wp-json\/wp\/v2\/media\/26406"}],"wp:attachment":[{"href":"https:\/\/verdadeon.com.br\/portal\/wp-json\/wp\/v2\/media?parent=26405"}],"wp:term":[{"taxonomy":"category","embeddable":true,"href":"https:\/\/verdadeon.com.br\/portal\/wp-json\/wp\/v2\/categories?post=26405"},{"taxonomy":"post_tag","embeddable":true,"href":"https:\/\/verdadeon.com.br\/portal\/wp-json\/wp\/v2\/tags?post=26405"}],"curies":[{"name":"wp","href":"https:\/\/api.w.org\/{rel}","templated":true}]}}