{"id":2639,"date":"2020-01-27T10:52:51","date_gmt":"2020-01-27T13:52:51","guid":{"rendered":"http:\/\/verdadeon.com.br\/portal\/?p=2639"},"modified":"2020-01-27T17:48:04","modified_gmt":"2020-01-27T20:48:04","slug":"padaria-estrela-pega-fogo-por-problema-em-fritadeira","status":"publish","type":"post","link":"https:\/\/verdadeon.com.br\/portal\/2020\/01\/27\/padaria-estrela-pega-fogo-por-problema-em-fritadeira\/","title":{"rendered":"Padaria Estrela pega fogo por problema em fritadeira"},"content":{"rendered":"\n<h2 class=\"wp-block-heading\">Nenhum funcion\u00e1rio se feriu <\/h2>\n\n\n\n<p>Um inc\u00eandio assustou funcion\u00e1rios da Padaria Estrela, na avenida Presidente Vargas durante a manh\u00e3 desta segunda-feira (27). <\/p>\n\n\n\n<p>De acordo com as informa\u00e7\u00f5es preliminares, a causa do problema foi a pane em uma fritadeira que pegou fogo. <\/p>\n\n\n\n<p>O Corpo de Bombeiros foi acionado para resolver a situa\u00e7\u00e3o em seguida. Mesmo com o risco das chamas, ningu\u00e9m se feriu. Ainda hoje mais informa\u00e7\u00f5es sobre o caso.<\/p>\n","protected":false},"excerpt":{"rendered":"<p>Nenhum funcion\u00e1rio se feriu Um inc\u00eandio assustou funcion\u00e1rios da Padaria Estrela, na avenida Presidente Vargas durante a manh\u00e3 desta segunda-feira (27). De acordo com as informa\u00e7\u00f5es<span class=\"excerpt-hellip\"> [\u2026]<\/span><\/p>\n","protected":false},"author":10,"featured_media":2647,"comment_status":"open","ping_status":"open","sticky":false,"template":"","format":"standard","meta":{"_jetpack_memberships_contains_paid_content":false,"footnotes":"","jetpack_publicize_message":"","jetpack_publicize_feature_enabled":true,"jetpack_social_post_already_shared":false,"jetpack_social_options":{"image_generator_settings":{"template":"highway","default_image_id":0,"enabled":false},"version":2}},"categories":[7,44],"tags":[],"class_list":["post-2639","post","type-post","status-publish","format-standard","has-post-thumbnail","hentry","category-news","category-noticias"],"yoast_head":"<!-- This site is optimized with the Yoast SEO plugin v25.6 - https:\/\/yoast.com\/wordpress\/plugins\/seo\/ -->\n<title>Padaria Estrela pega fogo por problema em fritadeira - VerdadeOn<\/title>\n<meta name=\"robots\" content=\"index, follow, max-snippet:-1, max-image-preview:large, max-video-preview:-1\" \/>\n<link rel=\"canonical\" href=\"https:\/\/verdadeon.com.br\/portal\/2020\/01\/27\/padaria-estrela-pega-fogo-por-problema-em-fritadeira\/\" \/>\n<meta property=\"og:locale\" content=\"pt_BR\" \/>\n<meta property=\"og:type\" content=\"article\" \/>\n<meta property=\"og:title\" content=\"Padaria Estrela pega fogo por problema em fritadeira - VerdadeOn\" \/>\n<meta property=\"og:description\" content=\"Nenhum funcion\u00e1rio se feriu Um inc\u00eandio assustou funcion\u00e1rios da Padaria Estrela, na avenida Presidente Vargas durante a manh\u00e3 desta segunda-feira (27). De acordo com as informa\u00e7\u00f5es [\u2026]\" \/>\n<meta property=\"og:url\" content=\"https:\/\/verdadeon.com.br\/portal\/2020\/01\/27\/padaria-estrela-pega-fogo-por-problema-em-fritadeira\/\" \/>\n<meta property=\"og:site_name\" content=\"VerdadeOn\" \/>\n<meta property=\"article:published_time\" content=\"2020-01-27T13:52:51+00:00\" \/>\n<meta property=\"article:modified_time\" content=\"2020-01-27T20:48:04+00:00\" \/>\n<meta property=\"og:image\" content=\"https:\/\/verdadeon.com.br\/portal\/wp-content\/uploads\/2020\/01\/news-4651.jpg\" \/>\n\t<meta property=\"og:image:width\" content=\"1000\" \/>\n\t<meta property=\"og:image:height\" content=\"668\" \/>\n\t<meta property=\"og:image:type\" content=\"image\/jpeg\" \/>\n<meta name=\"author\" content=\"Redacao VerdadeOn\" \/>\n<meta name=\"twitter:card\" content=\"summary_large_image\" \/>\n<meta name=\"twitter:label1\" content=\"Escrito por\" \/>\n\t<meta name=\"twitter:data1\" content=\"Redacao VerdadeOn\" \/>\n<script type=\"application\/ld+json\" class=\"yoast-schema-graph\">{\"@context\":\"https:\/\/schema.org\",\"@graph\":[{\"@type\":\"WebPage\",\"@id\":\"https:\/\/verdadeon.com.br\/portal\/2020\/01\/27\/padaria-estrela-pega-fogo-por-problema-em-fritadeira\/\",\"url\":\"https:\/\/verdadeon.com.br\/portal\/2020\/01\/27\/padaria-estrela-pega-fogo-por-problema-em-fritadeira\/\",\"name\":\"Padaria Estrela pega fogo por problema em fritadeira - VerdadeOn\",\"isPartOf\":{\"@id\":\"https:\/\/verdadeon.com.br\/portal\/#website\"},\"primaryImageOfPage\":{\"@id\":\"https:\/\/verdadeon.com.br\/portal\/2020\/01\/27\/padaria-estrela-pega-fogo-por-problema-em-fritadeira\/#primaryimage\"},\"image\":{\"@id\":\"https:\/\/verdadeon.com.br\/portal\/2020\/01\/27\/padaria-estrela-pega-fogo-por-problema-em-fritadeira\/#primaryimage\"},\"thumbnailUrl\":\"https:\/\/i0.wp.com\/verdadeon.com.br\/portal\/wp-content\/uploads\/2020\/01\/news-4651.jpg?fit=1000%2C668&ssl=1\",\"datePublished\":\"2020-01-27T13:52:51+00:00\",\"dateModified\":\"2020-01-27T20:48:04+00:00\",\"author\":{\"@id\":\"https:\/\/verdadeon.com.br\/portal\/#\/schema\/person\/a5060ad1e9ea3df545188fc93ce43d2f\"},\"breadcrumb\":{\"@id\":\"https:\/\/verdadeon.com.br\/portal\/2020\/01\/27\/padaria-estrela-pega-fogo-por-problema-em-fritadeira\/#breadcrumb\"},\"inLanguage\":\"pt-BR\",\"potentialAction\":[{\"@type\":\"ReadAction\",\"target\":[\"https:\/\/verdadeon.com.br\/portal\/2020\/01\/27\/padaria-estrela-pega-fogo-por-problema-em-fritadeira\/\"]}]},{\"@type\":\"ImageObject\",\"inLanguage\":\"pt-BR\",\"@id\":\"https:\/\/verdadeon.com.br\/portal\/2020\/01\/27\/padaria-estrela-pega-fogo-por-problema-em-fritadeira\/#primaryimage\",\"url\":\"https:\/\/i0.wp.com\/verdadeon.com.br\/portal\/wp-content\/uploads\/2020\/01\/news-4651.jpg?fit=1000%2C668&ssl=1\",\"contentUrl\":\"https:\/\/i0.wp.com\/verdadeon.com.br\/portal\/wp-content\/uploads\/2020\/01\/news-4651.jpg?fit=1000%2C668&ssl=1\",\"width\":1000,\"height\":668},{\"@type\":\"BreadcrumbList\",\"@id\":\"https:\/\/verdadeon.com.br\/portal\/2020\/01\/27\/padaria-estrela-pega-fogo-por-problema-em-fritadeira\/#breadcrumb\",\"itemListElement\":[{\"@type\":\"ListItem\",\"position\":1,\"name\":\"In\u00edcio\",\"item\":\"https:\/\/verdadeon.com.br\/portal\/\"},{\"@type\":\"ListItem\",\"position\":2,\"name\":\"Padaria Estrela pega fogo por problema em fritadeira\"}]},{\"@type\":\"WebSite\",\"@id\":\"https:\/\/verdadeon.com.br\/portal\/#website\",\"url\":\"https:\/\/verdadeon.com.br\/portal\/\",\"name\":\"VerdadeOn\",\"description\":\"Not\u00edcias di\u00e1rias sobre Franca, Regi\u00e3o, Esporte, Cultura, Cotidiano, Colunas. Cobertura nos principais eventos da cidade \u00e9 aqui - Verdadeon Franca\",\"potentialAction\":[{\"@type\":\"SearchAction\",\"target\":{\"@type\":\"EntryPoint\",\"urlTemplate\":\"https:\/\/verdadeon.com.br\/portal\/?s={search_term_string}\"},\"query-input\":{\"@type\":\"PropertyValueSpecification\",\"valueRequired\":true,\"valueName\":\"search_term_string\"}}],\"inLanguage\":\"pt-BR\"},{\"@type\":\"Person\",\"@id\":\"https:\/\/verdadeon.com.br\/portal\/#\/schema\/person\/a5060ad1e9ea3df545188fc93ce43d2f\",\"name\":\"Redacao VerdadeOn\",\"image\":{\"@type\":\"ImageObject\",\"inLanguage\":\"pt-BR\",\"@id\":\"https:\/\/verdadeon.com.br\/portal\/#\/schema\/person\/image\/\",\"url\":\"https:\/\/secure.gravatar.com\/avatar\/459a9613caaaf07f582c3d0841eea68bdd66f533e465e6ba8b9cb45619572cf4?s=96&d=mm&r=g\",\"contentUrl\":\"https:\/\/secure.gravatar.com\/avatar\/459a9613caaaf07f582c3d0841eea68bdd66f533e465e6ba8b9cb45619572cf4?s=96&d=mm&r=g\",\"caption\":\"Redacao VerdadeOn\"},\"url\":\"https:\/\/verdadeon.com.br\/portal\/author\/redacao\/\"}]}<\/script>\n<!-- \/ Yoast SEO plugin. -->","yoast_head_json":{"title":"Padaria Estrela pega fogo por problema em fritadeira - VerdadeOn","robots":{"index":"index","follow":"follow","max-snippet":"max-snippet:-1","max-image-preview":"max-image-preview:large","max-video-preview":"max-video-preview:-1"},"canonical":"https:\/\/verdadeon.com.br\/portal\/2020\/01\/27\/padaria-estrela-pega-fogo-por-problema-em-fritadeira\/","og_locale":"pt_BR","og_type":"article","og_title":"Padaria Estrela pega fogo por problema em fritadeira - VerdadeOn","og_description":"Nenhum funcion\u00e1rio se feriu Um inc\u00eandio assustou funcion\u00e1rios da Padaria Estrela, na avenida Presidente Vargas durante a manh\u00e3 desta segunda-feira (27). De acordo com as informa\u00e7\u00f5es [\u2026]","og_url":"https:\/\/verdadeon.com.br\/portal\/2020\/01\/27\/padaria-estrela-pega-fogo-por-problema-em-fritadeira\/","og_site_name":"VerdadeOn","article_published_time":"2020-01-27T13:52:51+00:00","article_modified_time":"2020-01-27T20:48:04+00:00","og_image":[{"width":1000,"height":668,"url":"https:\/\/verdadeon.com.br\/portal\/wp-content\/uploads\/2020\/01\/news-4651.jpg","type":"image\/jpeg"}],"author":"Redacao VerdadeOn","twitter_card":"summary_large_image","twitter_misc":{"Escrito por":"Redacao VerdadeOn"},"schema":{"@context":"https:\/\/schema.org","@graph":[{"@type":"WebPage","@id":"https:\/\/verdadeon.com.br\/portal\/2020\/01\/27\/padaria-estrela-pega-fogo-por-problema-em-fritadeira\/","url":"https:\/\/verdadeon.com.br\/portal\/2020\/01\/27\/padaria-estrela-pega-fogo-por-problema-em-fritadeira\/","name":"Padaria Estrela pega fogo por problema em fritadeira - VerdadeOn","isPartOf":{"@id":"https:\/\/verdadeon.com.br\/portal\/#website"},"primaryImageOfPage":{"@id":"https:\/\/verdadeon.com.br\/portal\/2020\/01\/27\/padaria-estrela-pega-fogo-por-problema-em-fritadeira\/#primaryimage"},"image":{"@id":"https:\/\/verdadeon.com.br\/portal\/2020\/01\/27\/padaria-estrela-pega-fogo-por-problema-em-fritadeira\/#primaryimage"},"thumbnailUrl":"https:\/\/i0.wp.com\/verdadeon.com.br\/portal\/wp-content\/uploads\/2020\/01\/news-4651.jpg?fit=1000%2C668&ssl=1","datePublished":"2020-01-27T13:52:51+00:00","dateModified":"2020-01-27T20:48:04+00:00","author":{"@id":"https:\/\/verdadeon.com.br\/portal\/#\/schema\/person\/a5060ad1e9ea3df545188fc93ce43d2f"},"breadcrumb":{"@id":"https:\/\/verdadeon.com.br\/portal\/2020\/01\/27\/padaria-estrela-pega-fogo-por-problema-em-fritadeira\/#breadcrumb"},"inLanguage":"pt-BR","potentialAction":[{"@type":"ReadAction","target":["https:\/\/verdadeon.com.br\/portal\/2020\/01\/27\/padaria-estrela-pega-fogo-por-problema-em-fritadeira\/"]}]},{"@type":"ImageObject","inLanguage":"pt-BR","@id":"https:\/\/verdadeon.com.br\/portal\/2020\/01\/27\/padaria-estrela-pega-fogo-por-problema-em-fritadeira\/#primaryimage","url":"https:\/\/i0.wp.com\/verdadeon.com.br\/portal\/wp-content\/uploads\/2020\/01\/news-4651.jpg?fit=1000%2C668&ssl=1","contentUrl":"https:\/\/i0.wp.com\/verdadeon.com.br\/portal\/wp-content\/uploads\/2020\/01\/news-4651.jpg?fit=1000%2C668&ssl=1","width":1000,"height":668},{"@type":"BreadcrumbList","@id":"https:\/\/verdadeon.com.br\/portal\/2020\/01\/27\/padaria-estrela-pega-fogo-por-problema-em-fritadeira\/#breadcrumb","itemListElement":[{"@type":"ListItem","position":1,"name":"In\u00edcio","item":"https:\/\/verdadeon.com.br\/portal\/"},{"@type":"ListItem","position":2,"name":"Padaria Estrela pega fogo por problema em fritadeira"}]},{"@type":"WebSite","@id":"https:\/\/verdadeon.com.br\/portal\/#website","url":"https:\/\/verdadeon.com.br\/portal\/","name":"VerdadeOn","description":"Not\u00edcias di\u00e1rias sobre Franca, Regi\u00e3o, Esporte, Cultura, Cotidiano, Colunas. Cobertura nos principais eventos da cidade \u00e9 aqui - Verdadeon Franca","potentialAction":[{"@type":"SearchAction","target":{"@type":"EntryPoint","urlTemplate":"https:\/\/verdadeon.com.br\/portal\/?s={search_term_string}"},"query-input":{"@type":"PropertyValueSpecification","valueRequired":true,"valueName":"search_term_string"}}],"inLanguage":"pt-BR"},{"@type":"Person","@id":"https:\/\/verdadeon.com.br\/portal\/#\/schema\/person\/a5060ad1e9ea3df545188fc93ce43d2f","name":"Redacao VerdadeOn","image":{"@type":"ImageObject","inLanguage":"pt-BR","@id":"https:\/\/verdadeon.com.br\/portal\/#\/schema\/person\/image\/","url":"https:\/\/secure.gravatar.com\/avatar\/459a9613caaaf07f582c3d0841eea68bdd66f533e465e6ba8b9cb45619572cf4?s=96&d=mm&r=g","contentUrl":"https:\/\/secure.gravatar.com\/avatar\/459a9613caaaf07f582c3d0841eea68bdd66f533e465e6ba8b9cb45619572cf4?s=96&d=mm&r=g","caption":"Redacao VerdadeOn"},"url":"https:\/\/verdadeon.com.br\/portal\/author\/redacao\/"}]}},"jetpack_publicize_connections":[],"jetpack_featured_media_url":"https:\/\/i0.wp.com\/verdadeon.com.br\/portal\/wp-content\/uploads\/2020\/01\/news-4651.jpg?fit=1000%2C668&ssl=1","jetpack_sharing_enabled":true,"_links":{"self":[{"href":"https:\/\/verdadeon.com.br\/portal\/wp-json\/wp\/v2\/posts\/2639","targetHints":{"allow":["GET"]}}],"collection":[{"href":"https:\/\/verdadeon.com.br\/portal\/wp-json\/wp\/v2\/posts"}],"about":[{"href":"https:\/\/verdadeon.com.br\/portal\/wp-json\/wp\/v2\/types\/post"}],"author":[{"embeddable":true,"href":"https:\/\/verdadeon.com.br\/portal\/wp-json\/wp\/v2\/users\/10"}],"replies":[{"embeddable":true,"href":"https:\/\/verdadeon.com.br\/portal\/wp-json\/wp\/v2\/comments?post=2639"}],"version-history":[{"count":0,"href":"https:\/\/verdadeon.com.br\/portal\/wp-json\/wp\/v2\/posts\/2639\/revisions"}],"wp:featuredmedia":[{"embeddable":true,"href":"https:\/\/verdadeon.com.br\/portal\/wp-json\/wp\/v2\/media\/2647"}],"wp:attachment":[{"href":"https:\/\/verdadeon.com.br\/portal\/wp-json\/wp\/v2\/media?parent=2639"}],"wp:term":[{"taxonomy":"category","embeddable":true,"href":"https:\/\/verdadeon.com.br\/portal\/wp-json\/wp\/v2\/categories?post=2639"},{"taxonomy":"post_tag","embeddable":true,"href":"https:\/\/verdadeon.com.br\/portal\/wp-json\/wp\/v2\/tags?post=2639"}],"curies":[{"name":"wp","href":"https:\/\/api.w.org\/{rel}","templated":true}]}}