{"id":26335,"date":"2022-07-06T15:58:17","date_gmt":"2022-07-06T18:58:17","guid":{"rendered":"https:\/\/verdadeon.com.br\/portal\/?p=26335"},"modified":"2022-07-06T15:55:20","modified_gmt":"2022-07-06T18:55:20","slug":"campanha-da-acif-distribuira-motos-eletricas-viagens-e-vale-reforma","status":"publish","type":"post","link":"https:\/\/verdadeon.com.br\/portal\/2022\/07\/06\/campanha-da-acif-distribuira-motos-eletricas-viagens-e-vale-reforma\/","title":{"rendered":"Campanha da ACIF distribuir\u00e1 motos el\u00e9tricas, viagens e vale-reforma"},"content":{"rendered":"<h2><span style=\"font-weight: 400;\">A\u00e7\u00e3o \u2018Eu Desejo Pr\u00eamios\u2019 visa fomentar o com\u00e9rcio local e inclui v\u00e1rias datas especiais, como Dia dos Pais e Natal<\/span><\/h2>\n<p>&nbsp;<\/p>\n<p>&nbsp;<\/p>\n<p><span style=\"font-weight: 400;\">A ACIF (Associa\u00e7\u00e3o do Com\u00e9rcio e Ind\u00fastria de Franca) lan\u00e7a neste m\u00eas a campanha anual de incentivo ao com\u00e9rcio. Intitulada \u201cEu Desejo Pr\u00eamios\u201d, a a\u00e7\u00e3o sortear\u00e1 cinco motos scooter el\u00e9tricas, um vale reforma de R$ 20 mil e cinco vales-viagem de R$ 2,5 mil. Tamb\u00e9m faz parte da campanha a distribui\u00e7\u00e3o de centenas de seladinhas premiadas com vales-compras de R$ 20, R$ 30, R$ 50 e R$ 100.<\/span><\/p>\n<p><span style=\"font-weight: 400;\">A nova campanha, que soma mais de R$ 110 mil em pr\u00eamios, contempla um \u201ccombo\u201d de datas comemorativas: o Dia dos Pais, Semana da P\u00e1tria, Dia das Crian\u00e7as, Black Week, Natal e o Liquida Tudo Franca. Os sorteios acontecer\u00e3o no dia 21 de outubro e no dia 10 de janeiro de 2023.<\/span><\/p>\n<p><span style=\"font-weight: 400;\">\u201cPensamos em pr\u00eamios que s\u00e3o de desejo no momento. As motos el\u00e9tricas por estarem ganhando espa\u00e7o devido \u00e0 alta do combust\u00edvel e as quest\u00f5es ambientais, as viagens t\u00e3o aguardadas depois de tanto tempo em casa e a reforma, por ser um desejo de todos e um investimento em conforto no lar\u201d, explica a coordenadora de marketing da ACIF, Thais Ferrari.<\/span><\/p>\n<p><span style=\"font-weight: 400;\">Os lojistas interessados em adquirir os kits da campanha, que contam com 400 seladinhas, uma urna, um display e um adesivo de vitrine, dever\u00e3o entrar em contato com o setor comercial da ACIF por meio do telefone (16) 3711-1727 ou (16) 99384-9630.<\/span><\/p>\n<p><span style=\"font-weight: 400;\">Neste ano, por regra, todas as regi\u00f5es da cidade ser\u00e3o beneficiadas com sorteios espec\u00edficos (um por regi\u00e3o). Tamb\u00e9m est\u00e1 regulamentada premia\u00e7\u00e3o para associados e vendedores da loja onde os pr\u00eamios forem sorteados. Na primeira fase (Dia dos Pais e Crian\u00e7as), o vendedor ganhar\u00e1 um vale-compra de R$ 500 e o propriet\u00e1rio, um combo de divulga\u00e7\u00e3o nos canais de comunica\u00e7\u00e3o da ACIF. No Natal, o pr\u00eamio do propriet\u00e1rio tamb\u00e9m inclui mat\u00e9ria no Portal ACIF, na ACIF em Revista e um conte\u00fado especial nas redes sociais da entidade, j\u00e1 o vendedor ganha um vale-compra de R$ 1 mil.<\/span><\/p>\n<p><span style=\"font-weight: 400;\">\u201cEssa \u00e9 uma campanha completa que incentiva o consumidor final, aquece o com\u00e9rcio francano, reconhece o empenho do vendedor e ainda d\u00e1 destaque ao empres\u00e1rio\u201d, refor\u00e7a Thais. \u201cInclusive a ideia de realizar sorteios por regi\u00e3o visa contemplar toda a cidade, inclusive as que n\u00e3o possuem foco em com\u00e9rcio e grandes redes\u201d.<\/span><\/p>\n<h4>Como participar<\/h4>\n<p><span style=\"font-weight: 400;\">O consumidor ter\u00e1 direito a um cupom\/seladinha em todas as compras realizadas nas lojas participantes da campanha, independente do seu valor, at\u00e9 o dia 24 de dezembro. Ap\u00f3s a compra, o consumidor deve preencher o cupom\/seladinha de forma leg\u00edvel e corretamente com os dados pessoais, al\u00e9m de responder: \u201cQual entidade realiza a campanha \u2018Eu desejo pr\u00eamios\u2019 em Franca?\u201d. O cupom\/seladinha preenchido deve ser colocado nas urnas de qualquer uma das lojas participantes da campanha at\u00e9 a data limite para cada sorteio.<\/span><\/p>\n<p><span style=\"font-weight: 400;\">O primeiro ser\u00e1 no dia 21 de outubro, quando ser\u00e3o sorteados cinco vales-viagem de R$ 2,5 mil a serem utilizados pelo ganhador em loja\/ag\u00eancia associada \u00e0 ACIF. O segundo sorteio est\u00e1 marcado para o dia 10 de janeiro de 2023 e, na ocasi\u00e3o, haver\u00e1 o sorteio do vale reforma, a ser utilizado em uma loja do ramo associada \u00e0 ACIF e das cinco motos el\u00e9tricas zero quil\u00f4metro.<\/span><\/p>\n<p>&nbsp;<\/p>\n","protected":false},"excerpt":{"rendered":"<p>A\u00e7\u00e3o \u2018Eu Desejo Pr\u00eamios\u2019 visa fomentar o com\u00e9rcio local e inclui v\u00e1rias datas especiais, como Dia dos Pais e Natal &nbsp; &nbsp; A ACIF (Associa\u00e7\u00e3o do<span class=\"excerpt-hellip\"> [\u2026]<\/span><\/p>\n","protected":false},"author":10,"featured_media":26337,"comment_status":"open","ping_status":"open","sticky":false,"template":"","format":"standard","meta":{"_jetpack_memberships_contains_paid_content":false,"footnotes":"","jetpack_publicize_message":"","jetpack_publicize_feature_enabled":true,"jetpack_social_post_already_shared":false,"jetpack_social_options":{"image_generator_settings":{"template":"highway","default_image_id":0,"enabled":false},"version":2}},"categories":[28,44],"tags":[],"class_list":["post-26335","post","type-post","status-publish","format-standard","has-post-thumbnail","hentry","category-cotidiano","category-noticias"],"yoast_head":"<!-- This site is optimized with the Yoast SEO plugin v25.6 - https:\/\/yoast.com\/wordpress\/plugins\/seo\/ -->\n<title>Campanha da ACIF distribuir\u00e1 motos el\u00e9tricas, viagens e vale-reforma - VerdadeOn<\/title>\n<meta name=\"robots\" content=\"index, follow, max-snippet:-1, max-image-preview:large, max-video-preview:-1\" \/>\n<link rel=\"canonical\" href=\"https:\/\/verdadeon.com.br\/portal\/2022\/07\/06\/campanha-da-acif-distribuira-motos-eletricas-viagens-e-vale-reforma\/\" \/>\n<meta property=\"og:locale\" content=\"pt_BR\" \/>\n<meta property=\"og:type\" content=\"article\" \/>\n<meta property=\"og:title\" content=\"Campanha da ACIF distribuir\u00e1 motos el\u00e9tricas, viagens e vale-reforma - VerdadeOn\" \/>\n<meta property=\"og:description\" content=\"A\u00e7\u00e3o \u2018Eu Desejo Pr\u00eamios\u2019 visa fomentar o com\u00e9rcio local e inclui v\u00e1rias datas especiais, como Dia dos Pais e Natal &nbsp; &nbsp; A ACIF (Associa\u00e7\u00e3o do [\u2026]\" \/>\n<meta property=\"og:url\" content=\"https:\/\/verdadeon.com.br\/portal\/2022\/07\/06\/campanha-da-acif-distribuira-motos-eletricas-viagens-e-vale-reforma\/\" \/>\n<meta property=\"og:site_name\" content=\"VerdadeOn\" \/>\n<meta property=\"article:published_time\" content=\"2022-07-06T18:58:17+00:00\" \/>\n<meta property=\"og:image\" content=\"https:\/\/verdadeon.com.br\/portal\/wp-content\/uploads\/2022\/07\/desejopremios.png\" \/>\n\t<meta property=\"og:image:width\" content=\"750\" \/>\n\t<meta property=\"og:image:height\" content=\"550\" \/>\n\t<meta property=\"og:image:type\" content=\"image\/png\" \/>\n<meta name=\"author\" content=\"Redacao VerdadeOn\" \/>\n<meta name=\"twitter:card\" content=\"summary_large_image\" \/>\n<meta name=\"twitter:label1\" content=\"Escrito por\" \/>\n\t<meta name=\"twitter:data1\" content=\"Redacao VerdadeOn\" \/>\n\t<meta name=\"twitter:label2\" content=\"Est. tempo de leitura\" \/>\n\t<meta name=\"twitter:data2\" content=\"3 minutos\" \/>\n<script type=\"application\/ld+json\" class=\"yoast-schema-graph\">{\"@context\":\"https:\/\/schema.org\",\"@graph\":[{\"@type\":\"WebPage\",\"@id\":\"https:\/\/verdadeon.com.br\/portal\/2022\/07\/06\/campanha-da-acif-distribuira-motos-eletricas-viagens-e-vale-reforma\/\",\"url\":\"https:\/\/verdadeon.com.br\/portal\/2022\/07\/06\/campanha-da-acif-distribuira-motos-eletricas-viagens-e-vale-reforma\/\",\"name\":\"Campanha da ACIF distribuir\u00e1 motos el\u00e9tricas, viagens e vale-reforma - VerdadeOn\",\"isPartOf\":{\"@id\":\"https:\/\/verdadeon.com.br\/portal\/#website\"},\"primaryImageOfPage\":{\"@id\":\"https:\/\/verdadeon.com.br\/portal\/2022\/07\/06\/campanha-da-acif-distribuira-motos-eletricas-viagens-e-vale-reforma\/#primaryimage\"},\"image\":{\"@id\":\"https:\/\/verdadeon.com.br\/portal\/2022\/07\/06\/campanha-da-acif-distribuira-motos-eletricas-viagens-e-vale-reforma\/#primaryimage\"},\"thumbnailUrl\":\"https:\/\/i0.wp.com\/verdadeon.com.br\/portal\/wp-content\/uploads\/2022\/07\/desejopremios.png?fit=750%2C550&ssl=1\",\"datePublished\":\"2022-07-06T18:58:17+00:00\",\"author\":{\"@id\":\"https:\/\/verdadeon.com.br\/portal\/#\/schema\/person\/a5060ad1e9ea3df545188fc93ce43d2f\"},\"breadcrumb\":{\"@id\":\"https:\/\/verdadeon.com.br\/portal\/2022\/07\/06\/campanha-da-acif-distribuira-motos-eletricas-viagens-e-vale-reforma\/#breadcrumb\"},\"inLanguage\":\"pt-BR\",\"potentialAction\":[{\"@type\":\"ReadAction\",\"target\":[\"https:\/\/verdadeon.com.br\/portal\/2022\/07\/06\/campanha-da-acif-distribuira-motos-eletricas-viagens-e-vale-reforma\/\"]}]},{\"@type\":\"ImageObject\",\"inLanguage\":\"pt-BR\",\"@id\":\"https:\/\/verdadeon.com.br\/portal\/2022\/07\/06\/campanha-da-acif-distribuira-motos-eletricas-viagens-e-vale-reforma\/#primaryimage\",\"url\":\"https:\/\/i0.wp.com\/verdadeon.com.br\/portal\/wp-content\/uploads\/2022\/07\/desejopremios.png?fit=750%2C550&ssl=1\",\"contentUrl\":\"https:\/\/i0.wp.com\/verdadeon.com.br\/portal\/wp-content\/uploads\/2022\/07\/desejopremios.png?fit=750%2C550&ssl=1\",\"width\":750,\"height\":550,\"caption\":\"A consultora de neg\u00f3cios da ACIF Karla Roncari apresenta a campanha \\\"Eu Desejo Pr\u00eamios\\\" | Foto: Lucas Monteiro\/ACIF\"},{\"@type\":\"BreadcrumbList\",\"@id\":\"https:\/\/verdadeon.com.br\/portal\/2022\/07\/06\/campanha-da-acif-distribuira-motos-eletricas-viagens-e-vale-reforma\/#breadcrumb\",\"itemListElement\":[{\"@type\":\"ListItem\",\"position\":1,\"name\":\"In\u00edcio\",\"item\":\"https:\/\/verdadeon.com.br\/portal\/\"},{\"@type\":\"ListItem\",\"position\":2,\"name\":\"Campanha da ACIF distribuir\u00e1 motos el\u00e9tricas, viagens e vale-reforma\"}]},{\"@type\":\"WebSite\",\"@id\":\"https:\/\/verdadeon.com.br\/portal\/#website\",\"url\":\"https:\/\/verdadeon.com.br\/portal\/\",\"name\":\"VerdadeOn\",\"description\":\"Not\u00edcias di\u00e1rias sobre Franca, Regi\u00e3o, Esporte, Cultura, Cotidiano, Colunas. Cobertura nos principais eventos da cidade \u00e9 aqui - Verdadeon Franca\",\"potentialAction\":[{\"@type\":\"SearchAction\",\"target\":{\"@type\":\"EntryPoint\",\"urlTemplate\":\"https:\/\/verdadeon.com.br\/portal\/?s={search_term_string}\"},\"query-input\":{\"@type\":\"PropertyValueSpecification\",\"valueRequired\":true,\"valueName\":\"search_term_string\"}}],\"inLanguage\":\"pt-BR\"},{\"@type\":\"Person\",\"@id\":\"https:\/\/verdadeon.com.br\/portal\/#\/schema\/person\/a5060ad1e9ea3df545188fc93ce43d2f\",\"name\":\"Redacao VerdadeOn\",\"image\":{\"@type\":\"ImageObject\",\"inLanguage\":\"pt-BR\",\"@id\":\"https:\/\/verdadeon.com.br\/portal\/#\/schema\/person\/image\/\",\"url\":\"https:\/\/secure.gravatar.com\/avatar\/459a9613caaaf07f582c3d0841eea68bdd66f533e465e6ba8b9cb45619572cf4?s=96&d=mm&r=g\",\"contentUrl\":\"https:\/\/secure.gravatar.com\/avatar\/459a9613caaaf07f582c3d0841eea68bdd66f533e465e6ba8b9cb45619572cf4?s=96&d=mm&r=g\",\"caption\":\"Redacao VerdadeOn\"},\"url\":\"https:\/\/verdadeon.com.br\/portal\/author\/redacao\/\"}]}<\/script>\n<!-- \/ Yoast SEO plugin. -->","yoast_head_json":{"title":"Campanha da ACIF distribuir\u00e1 motos el\u00e9tricas, viagens e vale-reforma - VerdadeOn","robots":{"index":"index","follow":"follow","max-snippet":"max-snippet:-1","max-image-preview":"max-image-preview:large","max-video-preview":"max-video-preview:-1"},"canonical":"https:\/\/verdadeon.com.br\/portal\/2022\/07\/06\/campanha-da-acif-distribuira-motos-eletricas-viagens-e-vale-reforma\/","og_locale":"pt_BR","og_type":"article","og_title":"Campanha da ACIF distribuir\u00e1 motos el\u00e9tricas, viagens e vale-reforma - VerdadeOn","og_description":"A\u00e7\u00e3o \u2018Eu Desejo Pr\u00eamios\u2019 visa fomentar o com\u00e9rcio local e inclui v\u00e1rias datas especiais, como Dia dos Pais e Natal &nbsp; &nbsp; A ACIF (Associa\u00e7\u00e3o do [\u2026]","og_url":"https:\/\/verdadeon.com.br\/portal\/2022\/07\/06\/campanha-da-acif-distribuira-motos-eletricas-viagens-e-vale-reforma\/","og_site_name":"VerdadeOn","article_published_time":"2022-07-06T18:58:17+00:00","og_image":[{"width":750,"height":550,"url":"https:\/\/verdadeon.com.br\/portal\/wp-content\/uploads\/2022\/07\/desejopremios.png","type":"image\/png"}],"author":"Redacao VerdadeOn","twitter_card":"summary_large_image","twitter_misc":{"Escrito por":"Redacao VerdadeOn","Est. tempo de leitura":"3 minutos"},"schema":{"@context":"https:\/\/schema.org","@graph":[{"@type":"WebPage","@id":"https:\/\/verdadeon.com.br\/portal\/2022\/07\/06\/campanha-da-acif-distribuira-motos-eletricas-viagens-e-vale-reforma\/","url":"https:\/\/verdadeon.com.br\/portal\/2022\/07\/06\/campanha-da-acif-distribuira-motos-eletricas-viagens-e-vale-reforma\/","name":"Campanha da ACIF distribuir\u00e1 motos el\u00e9tricas, viagens e vale-reforma - VerdadeOn","isPartOf":{"@id":"https:\/\/verdadeon.com.br\/portal\/#website"},"primaryImageOfPage":{"@id":"https:\/\/verdadeon.com.br\/portal\/2022\/07\/06\/campanha-da-acif-distribuira-motos-eletricas-viagens-e-vale-reforma\/#primaryimage"},"image":{"@id":"https:\/\/verdadeon.com.br\/portal\/2022\/07\/06\/campanha-da-acif-distribuira-motos-eletricas-viagens-e-vale-reforma\/#primaryimage"},"thumbnailUrl":"https:\/\/i0.wp.com\/verdadeon.com.br\/portal\/wp-content\/uploads\/2022\/07\/desejopremios.png?fit=750%2C550&ssl=1","datePublished":"2022-07-06T18:58:17+00:00","author":{"@id":"https:\/\/verdadeon.com.br\/portal\/#\/schema\/person\/a5060ad1e9ea3df545188fc93ce43d2f"},"breadcrumb":{"@id":"https:\/\/verdadeon.com.br\/portal\/2022\/07\/06\/campanha-da-acif-distribuira-motos-eletricas-viagens-e-vale-reforma\/#breadcrumb"},"inLanguage":"pt-BR","potentialAction":[{"@type":"ReadAction","target":["https:\/\/verdadeon.com.br\/portal\/2022\/07\/06\/campanha-da-acif-distribuira-motos-eletricas-viagens-e-vale-reforma\/"]}]},{"@type":"ImageObject","inLanguage":"pt-BR","@id":"https:\/\/verdadeon.com.br\/portal\/2022\/07\/06\/campanha-da-acif-distribuira-motos-eletricas-viagens-e-vale-reforma\/#primaryimage","url":"https:\/\/i0.wp.com\/verdadeon.com.br\/portal\/wp-content\/uploads\/2022\/07\/desejopremios.png?fit=750%2C550&ssl=1","contentUrl":"https:\/\/i0.wp.com\/verdadeon.com.br\/portal\/wp-content\/uploads\/2022\/07\/desejopremios.png?fit=750%2C550&ssl=1","width":750,"height":550,"caption":"A consultora de neg\u00f3cios da ACIF Karla Roncari apresenta a campanha \"Eu Desejo Pr\u00eamios\" | Foto: Lucas Monteiro\/ACIF"},{"@type":"BreadcrumbList","@id":"https:\/\/verdadeon.com.br\/portal\/2022\/07\/06\/campanha-da-acif-distribuira-motos-eletricas-viagens-e-vale-reforma\/#breadcrumb","itemListElement":[{"@type":"ListItem","position":1,"name":"In\u00edcio","item":"https:\/\/verdadeon.com.br\/portal\/"},{"@type":"ListItem","position":2,"name":"Campanha da ACIF distribuir\u00e1 motos el\u00e9tricas, viagens e vale-reforma"}]},{"@type":"WebSite","@id":"https:\/\/verdadeon.com.br\/portal\/#website","url":"https:\/\/verdadeon.com.br\/portal\/","name":"VerdadeOn","description":"Not\u00edcias di\u00e1rias sobre Franca, Regi\u00e3o, Esporte, Cultura, Cotidiano, Colunas. Cobertura nos principais eventos da cidade \u00e9 aqui - Verdadeon Franca","potentialAction":[{"@type":"SearchAction","target":{"@type":"EntryPoint","urlTemplate":"https:\/\/verdadeon.com.br\/portal\/?s={search_term_string}"},"query-input":{"@type":"PropertyValueSpecification","valueRequired":true,"valueName":"search_term_string"}}],"inLanguage":"pt-BR"},{"@type":"Person","@id":"https:\/\/verdadeon.com.br\/portal\/#\/schema\/person\/a5060ad1e9ea3df545188fc93ce43d2f","name":"Redacao VerdadeOn","image":{"@type":"ImageObject","inLanguage":"pt-BR","@id":"https:\/\/verdadeon.com.br\/portal\/#\/schema\/person\/image\/","url":"https:\/\/secure.gravatar.com\/avatar\/459a9613caaaf07f582c3d0841eea68bdd66f533e465e6ba8b9cb45619572cf4?s=96&d=mm&r=g","contentUrl":"https:\/\/secure.gravatar.com\/avatar\/459a9613caaaf07f582c3d0841eea68bdd66f533e465e6ba8b9cb45619572cf4?s=96&d=mm&r=g","caption":"Redacao VerdadeOn"},"url":"https:\/\/verdadeon.com.br\/portal\/author\/redacao\/"}]}},"jetpack_publicize_connections":[],"jetpack_featured_media_url":"https:\/\/i0.wp.com\/verdadeon.com.br\/portal\/wp-content\/uploads\/2022\/07\/desejopremios.png?fit=750%2C550&ssl=1","jetpack_sharing_enabled":true,"_links":{"self":[{"href":"https:\/\/verdadeon.com.br\/portal\/wp-json\/wp\/v2\/posts\/26335","targetHints":{"allow":["GET"]}}],"collection":[{"href":"https:\/\/verdadeon.com.br\/portal\/wp-json\/wp\/v2\/posts"}],"about":[{"href":"https:\/\/verdadeon.com.br\/portal\/wp-json\/wp\/v2\/types\/post"}],"author":[{"embeddable":true,"href":"https:\/\/verdadeon.com.br\/portal\/wp-json\/wp\/v2\/users\/10"}],"replies":[{"embeddable":true,"href":"https:\/\/verdadeon.com.br\/portal\/wp-json\/wp\/v2\/comments?post=26335"}],"version-history":[{"count":1,"href":"https:\/\/verdadeon.com.br\/portal\/wp-json\/wp\/v2\/posts\/26335\/revisions"}],"predecessor-version":[{"id":26338,"href":"https:\/\/verdadeon.com.br\/portal\/wp-json\/wp\/v2\/posts\/26335\/revisions\/26338"}],"wp:featuredmedia":[{"embeddable":true,"href":"https:\/\/verdadeon.com.br\/portal\/wp-json\/wp\/v2\/media\/26337"}],"wp:attachment":[{"href":"https:\/\/verdadeon.com.br\/portal\/wp-json\/wp\/v2\/media?parent=26335"}],"wp:term":[{"taxonomy":"category","embeddable":true,"href":"https:\/\/verdadeon.com.br\/portal\/wp-json\/wp\/v2\/categories?post=26335"},{"taxonomy":"post_tag","embeddable":true,"href":"https:\/\/verdadeon.com.br\/portal\/wp-json\/wp\/v2\/tags?post=26335"}],"curies":[{"name":"wp","href":"https:\/\/api.w.org\/{rel}","templated":true}]}}