{"id":26328,"date":"2022-07-06T14:57:56","date_gmt":"2022-07-06T17:57:56","guid":{"rendered":"https:\/\/verdadeon.com.br\/portal\/?p=26328"},"modified":"2022-07-06T14:57:56","modified_gmt":"2022-07-06T17:57:56","slug":"policia-civil-apreende-cerca-de-600-litros-de-lanca-perfume-no-jardim-cambui","status":"publish","type":"post","link":"https:\/\/verdadeon.com.br\/portal\/2022\/07\/06\/policia-civil-apreende-cerca-de-600-litros-de-lanca-perfume-no-jardim-cambui\/","title":{"rendered":"Pol\u00edcia Civil apreende cerca de 600 litros de lan\u00e7a perfume no Jardim Cambu\u00ed"},"content":{"rendered":"<h2>Os investigadores chegaram at\u00e9 o local ap\u00f3s den\u00fancias an\u00f4nimas, entorpecentes eram armazenados em garagem<\/h2>\n<p>Um homem foi detido nesta quarta-feira (6), na casa dele no Jardim Cambu\u00ed, na zona norte de Franca, suspeito de produzir e vender a droga conhecia como lan\u00e7a-perfume. Mais de 600 litros foram apreendidos em tambores, que ficavam na garagem da casa dele.<\/p>\n<p>Segundo o delegado Alan Bazalha Lopes, titular da Delegacia de Investiga\u00e7\u00f5es Sobre Entorpecentes (DISE), os investigadores chegaram at\u00e9 a casa ap\u00f3s den\u00fancias an\u00f4nimas. Foram feitas campanas e a partir delas, um movimento anormal de pessoas foi constatado em dias e hor\u00e1rios diferentes no local. Com autoriza\u00e7\u00e3o da Justi\u00e7a, as buscas foram realizadas nesta quarta-feira.<\/p>\n<p>Os tambores possuem capacidade para 200 litros cada e estavam cheios, al\u00e9m de cinco gal\u00f5es de cinco litros cada,\u00a0 dois gal\u00f5es de 20 litros, e oito gal\u00f5es que estavam no ve\u00edculo dele, que foi apreendido j\u00e1 que a pol\u00edcia acredita que o mesmo era usado para a venda dos entorpecentes prontos.<\/p>\n<p>&#8220;Com isso, requisitamos per\u00edcia t\u00e9cnica no local dos fatos, bem como o aux\u00edlio da Vigil\u00e2ncia Sanit\u00e1ria, que auxiliou no transporte das subst\u00e2ncias at\u00e9 local determinado pela Autoridade Policial&#8221;, informou o delegado.<\/p>\n<p>Foi realizado o contato com o Instituto de Criminal\u00edstica de Ribeir\u00e3o Preto, por\u00e9m segundo a pol\u00edcia, por quest\u00f5es\u00a0t\u00e9cnicas o laudo n\u00e3o p\u00f4de ser expedido imediatamente, demandando dias.\u00a0 Por conta disso o investigado foi ouvido e est\u00e1 a disposi\u00e7\u00e3o da Justi\u00e7a.<br \/>\n&#8220;Considerando os fatos acima declinados e a posterior remessa do Laudo Pericial definitivo em data oportuna, foi realizado o presente registro e os fatos apurados em Inqu\u00e9rito Policial instaurado&#8221;, finalzou Bazalha.<\/p>\n","protected":false},"excerpt":{"rendered":"<p>Os investigadores chegaram at\u00e9 o local ap\u00f3s den\u00fancias an\u00f4nimas, entorpecentes eram armazenados em garagem Um homem foi detido nesta quarta-feira (6), na casa dele no Jardim<span class=\"excerpt-hellip\"> [\u2026]<\/span><\/p>\n","protected":false},"author":7,"featured_media":26333,"comment_status":"open","ping_status":"open","sticky":false,"template":"","format":"standard","meta":{"_jetpack_memberships_contains_paid_content":false,"footnotes":"","jetpack_publicize_message":"","jetpack_publicize_feature_enabled":true,"jetpack_social_post_already_shared":false,"jetpack_social_options":{"image_generator_settings":{"template":"highway","default_image_id":0,"enabled":false},"version":2}},"categories":[28,81],"tags":[],"class_list":["post-26328","post","type-post","status-publish","format-standard","has-post-thumbnail","hentry","category-cotidiano","category-manchete"],"yoast_head":"<!-- This site is optimized with the Yoast SEO plugin v25.6 - https:\/\/yoast.com\/wordpress\/plugins\/seo\/ -->\n<title>Pol\u00edcia Civil apreende cerca de 600 litros de lan\u00e7a perfume no Jardim Cambu\u00ed - VerdadeOn<\/title>\n<meta name=\"robots\" content=\"index, follow, max-snippet:-1, max-image-preview:large, max-video-preview:-1\" \/>\n<link rel=\"canonical\" href=\"https:\/\/verdadeon.com.br\/portal\/2022\/07\/06\/policia-civil-apreende-cerca-de-600-litros-de-lanca-perfume-no-jardim-cambui\/\" \/>\n<meta property=\"og:locale\" content=\"pt_BR\" \/>\n<meta property=\"og:type\" content=\"article\" \/>\n<meta property=\"og:title\" content=\"Pol\u00edcia Civil apreende cerca de 600 litros de lan\u00e7a perfume no Jardim Cambu\u00ed - VerdadeOn\" \/>\n<meta property=\"og:description\" content=\"Os investigadores chegaram at\u00e9 o local ap\u00f3s den\u00fancias an\u00f4nimas, entorpecentes eram armazenados em garagem Um homem foi detido nesta quarta-feira (6), na casa dele no Jardim [\u2026]\" \/>\n<meta property=\"og:url\" content=\"https:\/\/verdadeon.com.br\/portal\/2022\/07\/06\/policia-civil-apreende-cerca-de-600-litros-de-lanca-perfume-no-jardim-cambui\/\" \/>\n<meta property=\"og:site_name\" content=\"VerdadeOn\" \/>\n<meta property=\"article:published_time\" content=\"2022-07-06T17:57:56+00:00\" \/>\n<meta property=\"og:image\" content=\"https:\/\/verdadeon.com.br\/portal\/wp-content\/uploads\/2022\/07\/WhatsApp-Image-2022-07-06-at-12.14.00.jpeg\" \/>\n\t<meta property=\"og:image:width\" content=\"1599\" \/>\n\t<meta property=\"og:image:height\" content=\"899\" \/>\n\t<meta property=\"og:image:type\" content=\"image\/jpeg\" \/>\n<meta name=\"author\" content=\"Fernando Lima\" \/>\n<meta name=\"twitter:card\" content=\"summary_large_image\" \/>\n<meta name=\"twitter:label1\" content=\"Escrito por\" \/>\n\t<meta name=\"twitter:data1\" content=\"Fernando Lima\" \/>\n\t<meta name=\"twitter:label2\" content=\"Est. tempo de leitura\" \/>\n\t<meta name=\"twitter:data2\" content=\"2 minutos\" \/>\n<script type=\"application\/ld+json\" class=\"yoast-schema-graph\">{\"@context\":\"https:\/\/schema.org\",\"@graph\":[{\"@type\":\"WebPage\",\"@id\":\"https:\/\/verdadeon.com.br\/portal\/2022\/07\/06\/policia-civil-apreende-cerca-de-600-litros-de-lanca-perfume-no-jardim-cambui\/\",\"url\":\"https:\/\/verdadeon.com.br\/portal\/2022\/07\/06\/policia-civil-apreende-cerca-de-600-litros-de-lanca-perfume-no-jardim-cambui\/\",\"name\":\"Pol\u00edcia Civil apreende cerca de 600 litros de lan\u00e7a perfume no Jardim Cambu\u00ed - VerdadeOn\",\"isPartOf\":{\"@id\":\"https:\/\/verdadeon.com.br\/portal\/#website\"},\"primaryImageOfPage\":{\"@id\":\"https:\/\/verdadeon.com.br\/portal\/2022\/07\/06\/policia-civil-apreende-cerca-de-600-litros-de-lanca-perfume-no-jardim-cambui\/#primaryimage\"},\"image\":{\"@id\":\"https:\/\/verdadeon.com.br\/portal\/2022\/07\/06\/policia-civil-apreende-cerca-de-600-litros-de-lanca-perfume-no-jardim-cambui\/#primaryimage\"},\"thumbnailUrl\":\"https:\/\/i0.wp.com\/verdadeon.com.br\/portal\/wp-content\/uploads\/2022\/07\/WhatsApp-Image-2022-07-06-at-12.14.00.jpeg?fit=1599%2C899&ssl=1\",\"datePublished\":\"2022-07-06T17:57:56+00:00\",\"author\":{\"@id\":\"https:\/\/verdadeon.com.br\/portal\/#\/schema\/person\/cc32be22b8e8599387c480bc83e1d11a\"},\"breadcrumb\":{\"@id\":\"https:\/\/verdadeon.com.br\/portal\/2022\/07\/06\/policia-civil-apreende-cerca-de-600-litros-de-lanca-perfume-no-jardim-cambui\/#breadcrumb\"},\"inLanguage\":\"pt-BR\",\"potentialAction\":[{\"@type\":\"ReadAction\",\"target\":[\"https:\/\/verdadeon.com.br\/portal\/2022\/07\/06\/policia-civil-apreende-cerca-de-600-litros-de-lanca-perfume-no-jardim-cambui\/\"]}]},{\"@type\":\"ImageObject\",\"inLanguage\":\"pt-BR\",\"@id\":\"https:\/\/verdadeon.com.br\/portal\/2022\/07\/06\/policia-civil-apreende-cerca-de-600-litros-de-lanca-perfume-no-jardim-cambui\/#primaryimage\",\"url\":\"https:\/\/i0.wp.com\/verdadeon.com.br\/portal\/wp-content\/uploads\/2022\/07\/WhatsApp-Image-2022-07-06-at-12.14.00.jpeg?fit=1599%2C899&ssl=1\",\"contentUrl\":\"https:\/\/i0.wp.com\/verdadeon.com.br\/portal\/wp-content\/uploads\/2022\/07\/WhatsApp-Image-2022-07-06-at-12.14.00.jpeg?fit=1599%2C899&ssl=1\",\"width\":1599,\"height\":899,\"caption\":\"Tr\u00eas barris com 200 litros cada, foram apreendidos na garagem da casa do suspeito, que teve ainda o seu carro apreendido. Inqu\u00e9rito foi aberto pela Pol\u00edcia para investigar o caso | Foto: Pol\u00edcia Civil\"},{\"@type\":\"BreadcrumbList\",\"@id\":\"https:\/\/verdadeon.com.br\/portal\/2022\/07\/06\/policia-civil-apreende-cerca-de-600-litros-de-lanca-perfume-no-jardim-cambui\/#breadcrumb\",\"itemListElement\":[{\"@type\":\"ListItem\",\"position\":1,\"name\":\"In\u00edcio\",\"item\":\"https:\/\/verdadeon.com.br\/portal\/\"},{\"@type\":\"ListItem\",\"position\":2,\"name\":\"Pol\u00edcia Civil apreende cerca de 600 litros de lan\u00e7a perfume no Jardim Cambu\u00ed\"}]},{\"@type\":\"WebSite\",\"@id\":\"https:\/\/verdadeon.com.br\/portal\/#website\",\"url\":\"https:\/\/verdadeon.com.br\/portal\/\",\"name\":\"VerdadeOn\",\"description\":\"Not\u00edcias di\u00e1rias sobre Franca, Regi\u00e3o, Esporte, Cultura, Cotidiano, Colunas. Cobertura nos principais eventos da cidade \u00e9 aqui - Verdadeon Franca\",\"potentialAction\":[{\"@type\":\"SearchAction\",\"target\":{\"@type\":\"EntryPoint\",\"urlTemplate\":\"https:\/\/verdadeon.com.br\/portal\/?s={search_term_string}\"},\"query-input\":{\"@type\":\"PropertyValueSpecification\",\"valueRequired\":true,\"valueName\":\"search_term_string\"}}],\"inLanguage\":\"pt-BR\"},{\"@type\":\"Person\",\"@id\":\"https:\/\/verdadeon.com.br\/portal\/#\/schema\/person\/cc32be22b8e8599387c480bc83e1d11a\",\"name\":\"Fernando Lima\",\"image\":{\"@type\":\"ImageObject\",\"inLanguage\":\"pt-BR\",\"@id\":\"https:\/\/verdadeon.com.br\/portal\/#\/schema\/person\/image\/\",\"url\":\"https:\/\/secure.gravatar.com\/avatar\/df4c8e132080d2b3a4841d5d232045464e0eed11a1d6e43115ca0843d48768d3?s=96&d=mm&r=g\",\"contentUrl\":\"https:\/\/secure.gravatar.com\/avatar\/df4c8e132080d2b3a4841d5d232045464e0eed11a1d6e43115ca0843d48768d3?s=96&d=mm&r=g\",\"caption\":\"Fernando Lima\"},\"sameAs\":[\"http:\/\/verdadeon.com.br\/\"],\"url\":\"https:\/\/verdadeon.com.br\/portal\/author\/fernando-lima\/\"}]}<\/script>\n<!-- \/ Yoast SEO plugin. -->","yoast_head_json":{"title":"Pol\u00edcia Civil apreende cerca de 600 litros de lan\u00e7a perfume no Jardim Cambu\u00ed - VerdadeOn","robots":{"index":"index","follow":"follow","max-snippet":"max-snippet:-1","max-image-preview":"max-image-preview:large","max-video-preview":"max-video-preview:-1"},"canonical":"https:\/\/verdadeon.com.br\/portal\/2022\/07\/06\/policia-civil-apreende-cerca-de-600-litros-de-lanca-perfume-no-jardim-cambui\/","og_locale":"pt_BR","og_type":"article","og_title":"Pol\u00edcia Civil apreende cerca de 600 litros de lan\u00e7a perfume no Jardim Cambu\u00ed - VerdadeOn","og_description":"Os investigadores chegaram at\u00e9 o local ap\u00f3s den\u00fancias an\u00f4nimas, entorpecentes eram armazenados em garagem Um homem foi detido nesta quarta-feira (6), na casa dele no Jardim [\u2026]","og_url":"https:\/\/verdadeon.com.br\/portal\/2022\/07\/06\/policia-civil-apreende-cerca-de-600-litros-de-lanca-perfume-no-jardim-cambui\/","og_site_name":"VerdadeOn","article_published_time":"2022-07-06T17:57:56+00:00","og_image":[{"width":1599,"height":899,"url":"https:\/\/verdadeon.com.br\/portal\/wp-content\/uploads\/2022\/07\/WhatsApp-Image-2022-07-06-at-12.14.00.jpeg","type":"image\/jpeg"}],"author":"Fernando Lima","twitter_card":"summary_large_image","twitter_misc":{"Escrito por":"Fernando Lima","Est. tempo de leitura":"2 minutos"},"schema":{"@context":"https:\/\/schema.org","@graph":[{"@type":"WebPage","@id":"https:\/\/verdadeon.com.br\/portal\/2022\/07\/06\/policia-civil-apreende-cerca-de-600-litros-de-lanca-perfume-no-jardim-cambui\/","url":"https:\/\/verdadeon.com.br\/portal\/2022\/07\/06\/policia-civil-apreende-cerca-de-600-litros-de-lanca-perfume-no-jardim-cambui\/","name":"Pol\u00edcia Civil apreende cerca de 600 litros de lan\u00e7a perfume no Jardim Cambu\u00ed - VerdadeOn","isPartOf":{"@id":"https:\/\/verdadeon.com.br\/portal\/#website"},"primaryImageOfPage":{"@id":"https:\/\/verdadeon.com.br\/portal\/2022\/07\/06\/policia-civil-apreende-cerca-de-600-litros-de-lanca-perfume-no-jardim-cambui\/#primaryimage"},"image":{"@id":"https:\/\/verdadeon.com.br\/portal\/2022\/07\/06\/policia-civil-apreende-cerca-de-600-litros-de-lanca-perfume-no-jardim-cambui\/#primaryimage"},"thumbnailUrl":"https:\/\/i0.wp.com\/verdadeon.com.br\/portal\/wp-content\/uploads\/2022\/07\/WhatsApp-Image-2022-07-06-at-12.14.00.jpeg?fit=1599%2C899&ssl=1","datePublished":"2022-07-06T17:57:56+00:00","author":{"@id":"https:\/\/verdadeon.com.br\/portal\/#\/schema\/person\/cc32be22b8e8599387c480bc83e1d11a"},"breadcrumb":{"@id":"https:\/\/verdadeon.com.br\/portal\/2022\/07\/06\/policia-civil-apreende-cerca-de-600-litros-de-lanca-perfume-no-jardim-cambui\/#breadcrumb"},"inLanguage":"pt-BR","potentialAction":[{"@type":"ReadAction","target":["https:\/\/verdadeon.com.br\/portal\/2022\/07\/06\/policia-civil-apreende-cerca-de-600-litros-de-lanca-perfume-no-jardim-cambui\/"]}]},{"@type":"ImageObject","inLanguage":"pt-BR","@id":"https:\/\/verdadeon.com.br\/portal\/2022\/07\/06\/policia-civil-apreende-cerca-de-600-litros-de-lanca-perfume-no-jardim-cambui\/#primaryimage","url":"https:\/\/i0.wp.com\/verdadeon.com.br\/portal\/wp-content\/uploads\/2022\/07\/WhatsApp-Image-2022-07-06-at-12.14.00.jpeg?fit=1599%2C899&ssl=1","contentUrl":"https:\/\/i0.wp.com\/verdadeon.com.br\/portal\/wp-content\/uploads\/2022\/07\/WhatsApp-Image-2022-07-06-at-12.14.00.jpeg?fit=1599%2C899&ssl=1","width":1599,"height":899,"caption":"Tr\u00eas barris com 200 litros cada, foram apreendidos na garagem da casa do suspeito, que teve ainda o seu carro apreendido. Inqu\u00e9rito foi aberto pela Pol\u00edcia para investigar o caso | Foto: Pol\u00edcia Civil"},{"@type":"BreadcrumbList","@id":"https:\/\/verdadeon.com.br\/portal\/2022\/07\/06\/policia-civil-apreende-cerca-de-600-litros-de-lanca-perfume-no-jardim-cambui\/#breadcrumb","itemListElement":[{"@type":"ListItem","position":1,"name":"In\u00edcio","item":"https:\/\/verdadeon.com.br\/portal\/"},{"@type":"ListItem","position":2,"name":"Pol\u00edcia Civil apreende cerca de 600 litros de lan\u00e7a perfume no Jardim Cambu\u00ed"}]},{"@type":"WebSite","@id":"https:\/\/verdadeon.com.br\/portal\/#website","url":"https:\/\/verdadeon.com.br\/portal\/","name":"VerdadeOn","description":"Not\u00edcias di\u00e1rias sobre Franca, Regi\u00e3o, Esporte, Cultura, Cotidiano, Colunas. Cobertura nos principais eventos da cidade \u00e9 aqui - Verdadeon Franca","potentialAction":[{"@type":"SearchAction","target":{"@type":"EntryPoint","urlTemplate":"https:\/\/verdadeon.com.br\/portal\/?s={search_term_string}"},"query-input":{"@type":"PropertyValueSpecification","valueRequired":true,"valueName":"search_term_string"}}],"inLanguage":"pt-BR"},{"@type":"Person","@id":"https:\/\/verdadeon.com.br\/portal\/#\/schema\/person\/cc32be22b8e8599387c480bc83e1d11a","name":"Fernando Lima","image":{"@type":"ImageObject","inLanguage":"pt-BR","@id":"https:\/\/verdadeon.com.br\/portal\/#\/schema\/person\/image\/","url":"https:\/\/secure.gravatar.com\/avatar\/df4c8e132080d2b3a4841d5d232045464e0eed11a1d6e43115ca0843d48768d3?s=96&d=mm&r=g","contentUrl":"https:\/\/secure.gravatar.com\/avatar\/df4c8e132080d2b3a4841d5d232045464e0eed11a1d6e43115ca0843d48768d3?s=96&d=mm&r=g","caption":"Fernando Lima"},"sameAs":["http:\/\/verdadeon.com.br\/"],"url":"https:\/\/verdadeon.com.br\/portal\/author\/fernando-lima\/"}]}},"jetpack_publicize_connections":[],"jetpack_featured_media_url":"https:\/\/i0.wp.com\/verdadeon.com.br\/portal\/wp-content\/uploads\/2022\/07\/WhatsApp-Image-2022-07-06-at-12.14.00.jpeg?fit=1599%2C899&ssl=1","jetpack_sharing_enabled":true,"_links":{"self":[{"href":"https:\/\/verdadeon.com.br\/portal\/wp-json\/wp\/v2\/posts\/26328","targetHints":{"allow":["GET"]}}],"collection":[{"href":"https:\/\/verdadeon.com.br\/portal\/wp-json\/wp\/v2\/posts"}],"about":[{"href":"https:\/\/verdadeon.com.br\/portal\/wp-json\/wp\/v2\/types\/post"}],"author":[{"embeddable":true,"href":"https:\/\/verdadeon.com.br\/portal\/wp-json\/wp\/v2\/users\/7"}],"replies":[{"embeddable":true,"href":"https:\/\/verdadeon.com.br\/portal\/wp-json\/wp\/v2\/comments?post=26328"}],"version-history":[{"count":1,"href":"https:\/\/verdadeon.com.br\/portal\/wp-json\/wp\/v2\/posts\/26328\/revisions"}],"predecessor-version":[{"id":26334,"href":"https:\/\/verdadeon.com.br\/portal\/wp-json\/wp\/v2\/posts\/26328\/revisions\/26334"}],"wp:featuredmedia":[{"embeddable":true,"href":"https:\/\/verdadeon.com.br\/portal\/wp-json\/wp\/v2\/media\/26333"}],"wp:attachment":[{"href":"https:\/\/verdadeon.com.br\/portal\/wp-json\/wp\/v2\/media?parent=26328"}],"wp:term":[{"taxonomy":"category","embeddable":true,"href":"https:\/\/verdadeon.com.br\/portal\/wp-json\/wp\/v2\/categories?post=26328"},{"taxonomy":"post_tag","embeddable":true,"href":"https:\/\/verdadeon.com.br\/portal\/wp-json\/wp\/v2\/tags?post=26328"}],"curies":[{"name":"wp","href":"https:\/\/api.w.org\/{rel}","templated":true}]}}