{"id":26269,"date":"2022-07-02T13:45:21","date_gmt":"2022-07-02T16:45:21","guid":{"rendered":"https:\/\/verdadeon.com.br\/portal\/?p=26269"},"modified":"2022-07-02T13:11:50","modified_gmt":"2022-07-02T16:11:50","slug":"saude-leva-fumace-contra-a-dengue-a-14-bairros-nesta-semana","status":"publish","type":"post","link":"https:\/\/verdadeon.com.br\/portal\/2022\/07\/02\/saude-leva-fumace-contra-a-dengue-a-14-bairros-nesta-semana\/","title":{"rendered":"Sa\u00fade leva &#8216;fumac\u00ea&#8217; contra a dengue a 14 bairros nesta semana"},"content":{"rendered":"<h2>Franca j\u00e1 registra 5.433 casos e 11 mortes por dengue. Agentes de sa\u00fade orientam popula\u00e7\u00e3o a evitar prolifera\u00e7\u00e3o do mosquito<\/h2>\n<p>&nbsp;<\/p>\n<p><span style=\"font-weight: 400;\">A programa\u00e7\u00e3o das a\u00e7\u00f5es de preven\u00e7\u00e3o e combate \u00e0 dengue na cidade para a pr\u00f3xima semana, no per\u00edodo de 4 a 11 de julho, incluindo o &#8220;fumac\u00ea&#8221;, prev\u00ea o atendimento a 14 bairros de diferentes regi\u00f5es da cidade. Segundo a Secretaria de Sa\u00fade, foram confirmadas at\u00e9 o momento em Franca, 11 mortes por dengue e 5.433 casos da doen\u00e7a at\u00e9 esta sexta-feira (1\u00ba).<\/span><\/p>\n<p><span style=\"font-weight: 400;\">Segundo a Vigil\u00e2ncia Ambiental, que coordena o trabalho, os agentes de controle de vetores uniformizados e credenciados realizam a visita\u00e7\u00e3o casa a casa e a orienta\u00e7\u00e3o aos moradores de forma antecipada, visando anunciar a programa\u00e7\u00e3o da nebuliza\u00e7\u00e3o, que \u00e9 realizada no dia posterior, a partir das 17h.\u00a0<\/span><\/p>\n<p><span style=\"font-weight: 400;\">O cronograma prev\u00ea o atendimento a partir de segunda-feira (4), no Jardim Independ\u00eancia, Vila Raycos, Calif\u00f3rnia, Vila Santos Dumont, Parque Sumar\u00e9, Prolongamento do \u00c2ngela Rosa II, Jardim Eliza, Residencial Santa Fam\u00edlia, Jardim Aeroporto II, Residencial Nova Franca, Parque Dom Pedro, Samel Park, partes dos Jardins Paulistano I e S\u00e3o Luiz II.\u00a0\u00a0<\/span><\/p>\n<p>&nbsp;<\/p>\n<h4>Confira a programa\u00e7\u00e3o das a\u00e7\u00f5es:<\/h4>\n<p><b>TRABALHO &#8211; AGENTES DIA 04\/07 (SEGUNDA)<\/b><\/p>\n<ol>\n<li><span style=\"font-weight: 400;\"> INDEPEND\u00caNCIA\/ VILA RAYCOS\/ JD. CALIF\u00d3RNIA\/ VL. SANTOS DUMONT<\/span><\/li>\n<\/ol>\n<p><span style=\"font-weight: 400;\">NEBULIZA\u00c7\u00c3O DIA 05\/07 (TER\u00c7A)<\/span><\/p>\n<p>&nbsp;<\/p>\n<p><b>TRABALHO &#8211; AGENTES DIA 05\/07 (TER\u00c7A)\u00a0\u00a0<\/b><\/p>\n<p><span style=\"font-weight: 400;\">PARQUE SUMAR\u00c9\/ PROL. \u00c2NGELA ROSA II\/ JD. ELIZA<\/span><\/p>\n<p><span style=\"font-weight: 400;\">NEBULIZA\u00c7\u00c3O DIA 06\/07 (QUARTA)<\/span><\/p>\n<p>&nbsp;<\/p>\n<p><b>TRABALHO AGENTES DIA 06\/07 (QUARTA)<\/b><\/p>\n<ol>\n<li><span style=\"font-weight: 400;\"> AEROPORTO II<\/span><\/li>\n<\/ol>\n<p><span style=\"font-weight: 400;\">NEBULIZA\u00c7\u00c3O DIA 07\/07 (QUINTA)<\/span><\/p>\n<p>&nbsp;<\/p>\n<p><b>TRABALHO AGENTES DIA 07\/07 (QUINTA) <\/b><span style=\"font-weight: 400;\">\u00a0\u00a0<\/span><\/p>\n<p><span style=\"font-weight: 400;\">RES. NOVA FRANCA\/ PQ. DOM PEDRO \/ SAMEL PARK<\/span><\/p>\n<p><span style=\"font-weight: 400;\">NEBULIZA\u00c7\u00c3O DIA 08\/07 (SEXTA)<\/span><\/p>\n<p>&nbsp;<\/p>\n<p><b>TRABALHO AGENTES DIA 08\/07 (SEXTA) <\/b><span style=\"font-weight: 400;\">\u00a0\u00a0<\/span><\/p>\n<p><span style=\"font-weight: 400;\">PARTE PAULISTANO I \/ PARTE S\u00c3O LUIZ II<\/span><\/p>\n<p><span style=\"font-weight: 400;\">NEBULIZA\u00c7\u00c3O DIA 11\/07(SEGUNDA)\u00a0<\/span><\/p>\n<p>&nbsp;<\/p>\n","protected":false},"excerpt":{"rendered":"<p>Franca j\u00e1 registra 5.433 casos e 11 mortes por dengue. Agentes de sa\u00fade orientam popula\u00e7\u00e3o a evitar prolifera\u00e7\u00e3o do mosquito &nbsp; A programa\u00e7\u00e3o das a\u00e7\u00f5es de<span class=\"excerpt-hellip\"> [\u2026]<\/span><\/p>\n","protected":false},"author":10,"featured_media":11071,"comment_status":"open","ping_status":"open","sticky":false,"template":"","format":"standard","meta":{"_jetpack_memberships_contains_paid_content":false,"footnotes":"","jetpack_publicize_message":"","jetpack_publicize_feature_enabled":true,"jetpack_social_post_already_shared":false,"jetpack_social_options":{"image_generator_settings":{"template":"highway","default_image_id":0,"enabled":false},"version":2}},"categories":[28,44],"tags":[],"class_list":["post-26269","post","type-post","status-publish","format-standard","has-post-thumbnail","hentry","category-cotidiano","category-noticias"],"yoast_head":"<!-- This site is optimized with the Yoast SEO plugin v25.6 - https:\/\/yoast.com\/wordpress\/plugins\/seo\/ -->\n<title>Sa\u00fade leva &#039;fumac\u00ea&#039; contra a dengue a 14 bairros nesta semana - VerdadeOn<\/title>\n<meta name=\"robots\" content=\"index, follow, max-snippet:-1, max-image-preview:large, max-video-preview:-1\" \/>\n<link rel=\"canonical\" href=\"https:\/\/verdadeon.com.br\/portal\/2022\/07\/02\/saude-leva-fumace-contra-a-dengue-a-14-bairros-nesta-semana\/\" \/>\n<meta property=\"og:locale\" content=\"pt_BR\" \/>\n<meta property=\"og:type\" content=\"article\" \/>\n<meta property=\"og:title\" content=\"Sa\u00fade leva &#039;fumac\u00ea&#039; contra a dengue a 14 bairros nesta semana - VerdadeOn\" \/>\n<meta property=\"og:description\" content=\"Franca j\u00e1 registra 5.433 casos e 11 mortes por dengue. Agentes de sa\u00fade orientam popula\u00e7\u00e3o a evitar prolifera\u00e7\u00e3o do mosquito &nbsp; A programa\u00e7\u00e3o das a\u00e7\u00f5es de [\u2026]\" \/>\n<meta property=\"og:url\" content=\"https:\/\/verdadeon.com.br\/portal\/2022\/07\/02\/saude-leva-fumace-contra-a-dengue-a-14-bairros-nesta-semana\/\" \/>\n<meta property=\"og:site_name\" content=\"VerdadeOn\" \/>\n<meta property=\"article:published_time\" content=\"2022-07-02T16:45:21+00:00\" \/>\n<meta property=\"og:image\" content=\"https:\/\/verdadeon.com.br\/portal\/wp-content\/uploads\/2020\/10\/291343-saiba-mais-sobre-como-fazer-o-tratamento-da-dengue.jpg\" \/>\n\t<meta property=\"og:image:width\" content=\"1000\" \/>\n\t<meta property=\"og:image:height\" content=\"670\" \/>\n\t<meta property=\"og:image:type\" content=\"image\/jpeg\" \/>\n<meta name=\"author\" content=\"Redacao VerdadeOn\" \/>\n<meta name=\"twitter:card\" content=\"summary_large_image\" \/>\n<meta name=\"twitter:label1\" content=\"Escrito por\" \/>\n\t<meta name=\"twitter:data1\" content=\"Redacao VerdadeOn\" \/>\n\t<meta name=\"twitter:label2\" content=\"Est. tempo de leitura\" \/>\n\t<meta name=\"twitter:data2\" content=\"1 minuto\" \/>\n<script type=\"application\/ld+json\" class=\"yoast-schema-graph\">{\"@context\":\"https:\/\/schema.org\",\"@graph\":[{\"@type\":\"WebPage\",\"@id\":\"https:\/\/verdadeon.com.br\/portal\/2022\/07\/02\/saude-leva-fumace-contra-a-dengue-a-14-bairros-nesta-semana\/\",\"url\":\"https:\/\/verdadeon.com.br\/portal\/2022\/07\/02\/saude-leva-fumace-contra-a-dengue-a-14-bairros-nesta-semana\/\",\"name\":\"Sa\u00fade leva 'fumac\u00ea' contra a dengue a 14 bairros nesta semana - VerdadeOn\",\"isPartOf\":{\"@id\":\"https:\/\/verdadeon.com.br\/portal\/#website\"},\"primaryImageOfPage\":{\"@id\":\"https:\/\/verdadeon.com.br\/portal\/2022\/07\/02\/saude-leva-fumace-contra-a-dengue-a-14-bairros-nesta-semana\/#primaryimage\"},\"image\":{\"@id\":\"https:\/\/verdadeon.com.br\/portal\/2022\/07\/02\/saude-leva-fumace-contra-a-dengue-a-14-bairros-nesta-semana\/#primaryimage\"},\"thumbnailUrl\":\"https:\/\/i0.wp.com\/verdadeon.com.br\/portal\/wp-content\/uploads\/2020\/10\/291343-saiba-mais-sobre-como-fazer-o-tratamento-da-dengue.jpg?fit=1000%2C670&ssl=1\",\"datePublished\":\"2022-07-02T16:45:21+00:00\",\"author\":{\"@id\":\"https:\/\/verdadeon.com.br\/portal\/#\/schema\/person\/a5060ad1e9ea3df545188fc93ce43d2f\"},\"breadcrumb\":{\"@id\":\"https:\/\/verdadeon.com.br\/portal\/2022\/07\/02\/saude-leva-fumace-contra-a-dengue-a-14-bairros-nesta-semana\/#breadcrumb\"},\"inLanguage\":\"pt-BR\",\"potentialAction\":[{\"@type\":\"ReadAction\",\"target\":[\"https:\/\/verdadeon.com.br\/portal\/2022\/07\/02\/saude-leva-fumace-contra-a-dengue-a-14-bairros-nesta-semana\/\"]}]},{\"@type\":\"ImageObject\",\"inLanguage\":\"pt-BR\",\"@id\":\"https:\/\/verdadeon.com.br\/portal\/2022\/07\/02\/saude-leva-fumace-contra-a-dengue-a-14-bairros-nesta-semana\/#primaryimage\",\"url\":\"https:\/\/i0.wp.com\/verdadeon.com.br\/portal\/wp-content\/uploads\/2020\/10\/291343-saiba-mais-sobre-como-fazer-o-tratamento-da-dengue.jpg?fit=1000%2C670&ssl=1\",\"contentUrl\":\"https:\/\/i0.wp.com\/verdadeon.com.br\/portal\/wp-content\/uploads\/2020\/10\/291343-saiba-mais-sobre-como-fazer-o-tratamento-da-dengue.jpg?fit=1000%2C670&ssl=1\",\"width\":1000,\"height\":670,\"caption\":\"O v\u00edrus da dengue \u00e9 transmitido atrav\u00e9s da picada do inseto Aedes Aegypti (Divulga\u00e7\u00e3o)\"},{\"@type\":\"BreadcrumbList\",\"@id\":\"https:\/\/verdadeon.com.br\/portal\/2022\/07\/02\/saude-leva-fumace-contra-a-dengue-a-14-bairros-nesta-semana\/#breadcrumb\",\"itemListElement\":[{\"@type\":\"ListItem\",\"position\":1,\"name\":\"In\u00edcio\",\"item\":\"https:\/\/verdadeon.com.br\/portal\/\"},{\"@type\":\"ListItem\",\"position\":2,\"name\":\"Sa\u00fade leva &#8216;fumac\u00ea&#8217; contra a dengue a 14 bairros nesta semana\"}]},{\"@type\":\"WebSite\",\"@id\":\"https:\/\/verdadeon.com.br\/portal\/#website\",\"url\":\"https:\/\/verdadeon.com.br\/portal\/\",\"name\":\"VerdadeOn\",\"description\":\"Not\u00edcias di\u00e1rias sobre Franca, Regi\u00e3o, Esporte, Cultura, Cotidiano, Colunas. Cobertura nos principais eventos da cidade \u00e9 aqui - Verdadeon Franca\",\"potentialAction\":[{\"@type\":\"SearchAction\",\"target\":{\"@type\":\"EntryPoint\",\"urlTemplate\":\"https:\/\/verdadeon.com.br\/portal\/?s={search_term_string}\"},\"query-input\":{\"@type\":\"PropertyValueSpecification\",\"valueRequired\":true,\"valueName\":\"search_term_string\"}}],\"inLanguage\":\"pt-BR\"},{\"@type\":\"Person\",\"@id\":\"https:\/\/verdadeon.com.br\/portal\/#\/schema\/person\/a5060ad1e9ea3df545188fc93ce43d2f\",\"name\":\"Redacao VerdadeOn\",\"image\":{\"@type\":\"ImageObject\",\"inLanguage\":\"pt-BR\",\"@id\":\"https:\/\/verdadeon.com.br\/portal\/#\/schema\/person\/image\/\",\"url\":\"https:\/\/secure.gravatar.com\/avatar\/459a9613caaaf07f582c3d0841eea68bdd66f533e465e6ba8b9cb45619572cf4?s=96&d=mm&r=g\",\"contentUrl\":\"https:\/\/secure.gravatar.com\/avatar\/459a9613caaaf07f582c3d0841eea68bdd66f533e465e6ba8b9cb45619572cf4?s=96&d=mm&r=g\",\"caption\":\"Redacao VerdadeOn\"},\"url\":\"https:\/\/verdadeon.com.br\/portal\/author\/redacao\/\"}]}<\/script>\n<!-- \/ Yoast SEO plugin. -->","yoast_head_json":{"title":"Sa\u00fade leva 'fumac\u00ea' contra a dengue a 14 bairros nesta semana - VerdadeOn","robots":{"index":"index","follow":"follow","max-snippet":"max-snippet:-1","max-image-preview":"max-image-preview:large","max-video-preview":"max-video-preview:-1"},"canonical":"https:\/\/verdadeon.com.br\/portal\/2022\/07\/02\/saude-leva-fumace-contra-a-dengue-a-14-bairros-nesta-semana\/","og_locale":"pt_BR","og_type":"article","og_title":"Sa\u00fade leva 'fumac\u00ea' contra a dengue a 14 bairros nesta semana - VerdadeOn","og_description":"Franca j\u00e1 registra 5.433 casos e 11 mortes por dengue. Agentes de sa\u00fade orientam popula\u00e7\u00e3o a evitar prolifera\u00e7\u00e3o do mosquito &nbsp; A programa\u00e7\u00e3o das a\u00e7\u00f5es de [\u2026]","og_url":"https:\/\/verdadeon.com.br\/portal\/2022\/07\/02\/saude-leva-fumace-contra-a-dengue-a-14-bairros-nesta-semana\/","og_site_name":"VerdadeOn","article_published_time":"2022-07-02T16:45:21+00:00","og_image":[{"width":1000,"height":670,"url":"https:\/\/verdadeon.com.br\/portal\/wp-content\/uploads\/2020\/10\/291343-saiba-mais-sobre-como-fazer-o-tratamento-da-dengue.jpg","type":"image\/jpeg"}],"author":"Redacao VerdadeOn","twitter_card":"summary_large_image","twitter_misc":{"Escrito por":"Redacao VerdadeOn","Est. tempo de leitura":"1 minuto"},"schema":{"@context":"https:\/\/schema.org","@graph":[{"@type":"WebPage","@id":"https:\/\/verdadeon.com.br\/portal\/2022\/07\/02\/saude-leva-fumace-contra-a-dengue-a-14-bairros-nesta-semana\/","url":"https:\/\/verdadeon.com.br\/portal\/2022\/07\/02\/saude-leva-fumace-contra-a-dengue-a-14-bairros-nesta-semana\/","name":"Sa\u00fade leva 'fumac\u00ea' contra a dengue a 14 bairros nesta semana - VerdadeOn","isPartOf":{"@id":"https:\/\/verdadeon.com.br\/portal\/#website"},"primaryImageOfPage":{"@id":"https:\/\/verdadeon.com.br\/portal\/2022\/07\/02\/saude-leva-fumace-contra-a-dengue-a-14-bairros-nesta-semana\/#primaryimage"},"image":{"@id":"https:\/\/verdadeon.com.br\/portal\/2022\/07\/02\/saude-leva-fumace-contra-a-dengue-a-14-bairros-nesta-semana\/#primaryimage"},"thumbnailUrl":"https:\/\/i0.wp.com\/verdadeon.com.br\/portal\/wp-content\/uploads\/2020\/10\/291343-saiba-mais-sobre-como-fazer-o-tratamento-da-dengue.jpg?fit=1000%2C670&ssl=1","datePublished":"2022-07-02T16:45:21+00:00","author":{"@id":"https:\/\/verdadeon.com.br\/portal\/#\/schema\/person\/a5060ad1e9ea3df545188fc93ce43d2f"},"breadcrumb":{"@id":"https:\/\/verdadeon.com.br\/portal\/2022\/07\/02\/saude-leva-fumace-contra-a-dengue-a-14-bairros-nesta-semana\/#breadcrumb"},"inLanguage":"pt-BR","potentialAction":[{"@type":"ReadAction","target":["https:\/\/verdadeon.com.br\/portal\/2022\/07\/02\/saude-leva-fumace-contra-a-dengue-a-14-bairros-nesta-semana\/"]}]},{"@type":"ImageObject","inLanguage":"pt-BR","@id":"https:\/\/verdadeon.com.br\/portal\/2022\/07\/02\/saude-leva-fumace-contra-a-dengue-a-14-bairros-nesta-semana\/#primaryimage","url":"https:\/\/i0.wp.com\/verdadeon.com.br\/portal\/wp-content\/uploads\/2020\/10\/291343-saiba-mais-sobre-como-fazer-o-tratamento-da-dengue.jpg?fit=1000%2C670&ssl=1","contentUrl":"https:\/\/i0.wp.com\/verdadeon.com.br\/portal\/wp-content\/uploads\/2020\/10\/291343-saiba-mais-sobre-como-fazer-o-tratamento-da-dengue.jpg?fit=1000%2C670&ssl=1","width":1000,"height":670,"caption":"O v\u00edrus da dengue \u00e9 transmitido atrav\u00e9s da picada do inseto Aedes Aegypti (Divulga\u00e7\u00e3o)"},{"@type":"BreadcrumbList","@id":"https:\/\/verdadeon.com.br\/portal\/2022\/07\/02\/saude-leva-fumace-contra-a-dengue-a-14-bairros-nesta-semana\/#breadcrumb","itemListElement":[{"@type":"ListItem","position":1,"name":"In\u00edcio","item":"https:\/\/verdadeon.com.br\/portal\/"},{"@type":"ListItem","position":2,"name":"Sa\u00fade leva &#8216;fumac\u00ea&#8217; contra a dengue a 14 bairros nesta semana"}]},{"@type":"WebSite","@id":"https:\/\/verdadeon.com.br\/portal\/#website","url":"https:\/\/verdadeon.com.br\/portal\/","name":"VerdadeOn","description":"Not\u00edcias di\u00e1rias sobre Franca, Regi\u00e3o, Esporte, Cultura, Cotidiano, Colunas. Cobertura nos principais eventos da cidade \u00e9 aqui - Verdadeon Franca","potentialAction":[{"@type":"SearchAction","target":{"@type":"EntryPoint","urlTemplate":"https:\/\/verdadeon.com.br\/portal\/?s={search_term_string}"},"query-input":{"@type":"PropertyValueSpecification","valueRequired":true,"valueName":"search_term_string"}}],"inLanguage":"pt-BR"},{"@type":"Person","@id":"https:\/\/verdadeon.com.br\/portal\/#\/schema\/person\/a5060ad1e9ea3df545188fc93ce43d2f","name":"Redacao VerdadeOn","image":{"@type":"ImageObject","inLanguage":"pt-BR","@id":"https:\/\/verdadeon.com.br\/portal\/#\/schema\/person\/image\/","url":"https:\/\/secure.gravatar.com\/avatar\/459a9613caaaf07f582c3d0841eea68bdd66f533e465e6ba8b9cb45619572cf4?s=96&d=mm&r=g","contentUrl":"https:\/\/secure.gravatar.com\/avatar\/459a9613caaaf07f582c3d0841eea68bdd66f533e465e6ba8b9cb45619572cf4?s=96&d=mm&r=g","caption":"Redacao VerdadeOn"},"url":"https:\/\/verdadeon.com.br\/portal\/author\/redacao\/"}]}},"jetpack_publicize_connections":[],"jetpack_featured_media_url":"https:\/\/i0.wp.com\/verdadeon.com.br\/portal\/wp-content\/uploads\/2020\/10\/291343-saiba-mais-sobre-como-fazer-o-tratamento-da-dengue.jpg?fit=1000%2C670&ssl=1","jetpack_sharing_enabled":true,"_links":{"self":[{"href":"https:\/\/verdadeon.com.br\/portal\/wp-json\/wp\/v2\/posts\/26269","targetHints":{"allow":["GET"]}}],"collection":[{"href":"https:\/\/verdadeon.com.br\/portal\/wp-json\/wp\/v2\/posts"}],"about":[{"href":"https:\/\/verdadeon.com.br\/portal\/wp-json\/wp\/v2\/types\/post"}],"author":[{"embeddable":true,"href":"https:\/\/verdadeon.com.br\/portal\/wp-json\/wp\/v2\/users\/10"}],"replies":[{"embeddable":true,"href":"https:\/\/verdadeon.com.br\/portal\/wp-json\/wp\/v2\/comments?post=26269"}],"version-history":[{"count":1,"href":"https:\/\/verdadeon.com.br\/portal\/wp-json\/wp\/v2\/posts\/26269\/revisions"}],"predecessor-version":[{"id":26270,"href":"https:\/\/verdadeon.com.br\/portal\/wp-json\/wp\/v2\/posts\/26269\/revisions\/26270"}],"wp:featuredmedia":[{"embeddable":true,"href":"https:\/\/verdadeon.com.br\/portal\/wp-json\/wp\/v2\/media\/11071"}],"wp:attachment":[{"href":"https:\/\/verdadeon.com.br\/portal\/wp-json\/wp\/v2\/media?parent=26269"}],"wp:term":[{"taxonomy":"category","embeddable":true,"href":"https:\/\/verdadeon.com.br\/portal\/wp-json\/wp\/v2\/categories?post=26269"},{"taxonomy":"post_tag","embeddable":true,"href":"https:\/\/verdadeon.com.br\/portal\/wp-json\/wp\/v2\/tags?post=26269"}],"curies":[{"name":"wp","href":"https:\/\/api.w.org\/{rel}","templated":true}]}}