{"id":26263,"date":"2022-07-02T14:00:29","date_gmt":"2022-07-02T17:00:29","guid":{"rendered":"https:\/\/verdadeon.com.br\/portal\/?p=26263"},"modified":"2022-07-02T12:52:43","modified_gmt":"2022-07-02T15:52:43","slug":"eleicoes-2022-restricoes-para-agentes-publicos-comecam-a-valer","status":"publish","type":"post","link":"https:\/\/verdadeon.com.br\/portal\/2022\/07\/02\/eleicoes-2022-restricoes-para-agentes-publicos-comecam-a-valer\/","title":{"rendered":"Elei\u00e7\u00f5es 2022: restri\u00e7\u00f5es para agentes p\u00fablicos come\u00e7am a valer\u00a0"},"content":{"rendered":"<h3><span style=\"font-weight: 400;\">Medidas abrangem servidores p\u00fablicos e pr\u00e9-candidatos \u00e0s elei\u00e7\u00f5es de outubro e objetivam manter o equil\u00edbrio entre todos os concorrentes<\/span><\/h3>\n<p>&nbsp;<\/p>\n<p><span style=\"font-weight: 400;\">Restri\u00e7\u00f5es para servidores p\u00fablicos e pr\u00e9-candidatos \u00e0s elei\u00e7\u00f5es de outubro passam a valer a partir deste s\u00e1bado (2), tr\u00eas meses antes do primeiro turno. <\/span><\/p>\n<p><span style=\"font-weight: 400;\">As medidas est\u00e3o previstas na Lei n\u00ba 9.504\/1997, conhecida como Lei das Elei\u00e7\u00f5es, e objetivam manter o equil\u00edbrio entre os candidatos.\u00a0<\/span><\/p>\n<p><span style=\"font-weight: 400;\">Pol\u00edticos est\u00e3o proibidos de autorizar a veicula\u00e7\u00e3o de publicidade estatal sobre os atos de governo, realiza\u00e7\u00e3o de obras, campanhas de \u00f3rg\u00e3os p\u00fablicos federais, estaduais e municipais, exceto no caso de grave e urgente necessidade p\u00fablica. Nesse caso, a veicula\u00e7\u00e3o dever\u00e1 ser autorizada pela Justi\u00e7a Eleitoral.\u00a0<\/span><\/p>\n<p><span style=\"font-weight: 400;\">Eles tamb\u00e9m n\u00e3o podem fazer pronunciamento oficial em cadeia de r\u00e1dio de televis\u00e3o, salvo em casos de quest\u00f5es urgentes e relevantes, cuja autoriza\u00e7\u00e3o tamb\u00e9m depender\u00e1 de autoriza\u00e7\u00e3o da Justi\u00e7a Eleitoral.\u00a0\u00a0<\/span><\/p>\n<p><span style=\"font-weight: 400;\">A participa\u00e7\u00e3o em inaugura\u00e7\u00f5es de obras p\u00fablicas tamb\u00e9m est\u00e1 vedada, al\u00e9m da contrata\u00e7\u00e3o de shows art\u00edsticos com dinheiro p\u00fablico.\u00a0<\/span><\/p>\n<p><span style=\"font-weight: 400;\">Durante o per\u00edodo eleitoral, funcion\u00e1rios p\u00fablicos n\u00e3o podem ser contratados, demitidos ou transferidos at\u00e9 a posse dos eleitos.\u00a0<\/span><\/p>\n<p><span style=\"font-weight: 400;\">No entanto, est\u00e3o liberadas a exonera\u00e7\u00e3o e a nomea\u00e7\u00e3o de cargos em comiss\u00e3o e fun\u00e7\u00f5es de confian\u00e7a, al\u00e9m das nomea\u00e7\u00f5es de aprovados em concursos p\u00fablicos homologados at\u00e9 2 de julho de 2022.\u00a0<\/span><\/p>\n<h4><span style=\"font-weight: 400;\">Defini\u00e7\u00e3o dos candidatos<\/span><\/h4>\n<p><span style=\"font-weight: 400;\">Em julho, o calend\u00e1rio eleitoral tamb\u00e9m prev\u00ea outras datas importantes para o pleito.\u00a0<\/span><\/p>\n<p><span style=\"font-weight: 400;\">De 20 de julho at\u00e9 5 de agosto, os partidos dever\u00e3o realizar suas conven\u00e7\u00f5es para escolher oficialmente os candidatos que v\u00e3o disputar as elei\u00e7\u00f5es.\u00a0<\/span><\/p>\n<p><span style=\"font-weight: 400;\">A partir do dia 20, candidatos, partidos pol\u00edticos, coliga\u00e7\u00f5es e federa\u00e7\u00f5es ter\u00e3o direito \u00e0 solicita\u00e7\u00e3o de direito de resposta por afirma\u00e7\u00f5es consideradas caluniosas, difamat\u00f3rias ou sabidamente inver\u00eddicas que forem publicadas por ve\u00edculos de comunica\u00e7\u00e3o social.\u00a0<\/span><\/p>\n<p><span style=\"font-weight: 400;\">O primeiro turno ser\u00e1 realizado no dia 2 de outubro, quando os eleitores v\u00e3o \u00e0s urnas para eleger o presidente da Rep\u00fablica, governadores, senadores, deputados federais, estaduais e distritais. Eventual segundo turno\u00a0 para a disputa presidencial e aos governos estaduais ser\u00e1 em 30 de outubro.\u00a0<\/span><\/p>\n<p>Fonte: Ag\u00eancia Brasil<\/p>\n","protected":false},"excerpt":{"rendered":"<p>Medidas abrangem servidores p\u00fablicos e pr\u00e9-candidatos \u00e0s elei\u00e7\u00f5es de outubro e objetivam manter o equil\u00edbrio entre todos os concorrentes &nbsp; Restri\u00e7\u00f5es para servidores p\u00fablicos e pr\u00e9-candidatos<span class=\"excerpt-hellip\"> [\u2026]<\/span><\/p>\n","protected":false},"author":10,"featured_media":26267,"comment_status":"open","ping_status":"open","sticky":false,"template":"","format":"standard","meta":{"_jetpack_memberships_contains_paid_content":false,"footnotes":"","jetpack_publicize_message":"","jetpack_publicize_feature_enabled":true,"jetpack_social_post_already_shared":false,"jetpack_social_options":{"image_generator_settings":{"template":"highway","default_image_id":0,"enabled":false},"version":2}},"categories":[28,44],"tags":[],"class_list":["post-26263","post","type-post","status-publish","format-standard","has-post-thumbnail","hentry","category-cotidiano","category-noticias"],"yoast_head":"<!-- This site is optimized with the Yoast SEO plugin v25.6 - https:\/\/yoast.com\/wordpress\/plugins\/seo\/ -->\n<title>Elei\u00e7\u00f5es 2022: restri\u00e7\u00f5es para agentes p\u00fablicos come\u00e7am a valer\u00a0 - VerdadeOn<\/title>\n<meta name=\"robots\" content=\"index, follow, max-snippet:-1, max-image-preview:large, max-video-preview:-1\" \/>\n<link rel=\"canonical\" href=\"https:\/\/verdadeon.com.br\/portal\/2022\/07\/02\/eleicoes-2022-restricoes-para-agentes-publicos-comecam-a-valer\/\" \/>\n<meta property=\"og:locale\" content=\"pt_BR\" \/>\n<meta property=\"og:type\" content=\"article\" \/>\n<meta property=\"og:title\" content=\"Elei\u00e7\u00f5es 2022: restri\u00e7\u00f5es para agentes p\u00fablicos come\u00e7am a valer\u00a0 - VerdadeOn\" \/>\n<meta property=\"og:description\" content=\"Medidas abrangem servidores p\u00fablicos e pr\u00e9-candidatos \u00e0s elei\u00e7\u00f5es de outubro e objetivam manter o equil\u00edbrio entre todos os concorrentes &nbsp; Restri\u00e7\u00f5es para servidores p\u00fablicos e pr\u00e9-candidatos [\u2026]\" \/>\n<meta property=\"og:url\" content=\"https:\/\/verdadeon.com.br\/portal\/2022\/07\/02\/eleicoes-2022-restricoes-para-agentes-publicos-comecam-a-valer\/\" \/>\n<meta property=\"og:site_name\" content=\"VerdadeOn\" \/>\n<meta property=\"article:published_time\" content=\"2022-07-02T17:00:29+00:00\" \/>\n<meta property=\"og:image\" content=\"https:\/\/verdadeon.com.br\/portal\/wp-content\/uploads\/2022\/07\/urna-eletronica-eleicoes-e1656777046433.jpg\" \/>\n\t<meta property=\"og:image:width\" content=\"1000\" \/>\n\t<meta property=\"og:image:height\" content=\"669\" \/>\n\t<meta property=\"og:image:type\" content=\"image\/jpeg\" \/>\n<meta name=\"author\" content=\"Redacao VerdadeOn\" \/>\n<meta name=\"twitter:card\" content=\"summary_large_image\" \/>\n<meta name=\"twitter:label1\" content=\"Escrito por\" \/>\n\t<meta name=\"twitter:data1\" content=\"Redacao VerdadeOn\" \/>\n\t<meta name=\"twitter:label2\" content=\"Est. tempo de leitura\" \/>\n\t<meta name=\"twitter:data2\" content=\"2 minutos\" \/>\n<script type=\"application\/ld+json\" class=\"yoast-schema-graph\">{\"@context\":\"https:\/\/schema.org\",\"@graph\":[{\"@type\":\"WebPage\",\"@id\":\"https:\/\/verdadeon.com.br\/portal\/2022\/07\/02\/eleicoes-2022-restricoes-para-agentes-publicos-comecam-a-valer\/\",\"url\":\"https:\/\/verdadeon.com.br\/portal\/2022\/07\/02\/eleicoes-2022-restricoes-para-agentes-publicos-comecam-a-valer\/\",\"name\":\"Elei\u00e7\u00f5es 2022: restri\u00e7\u00f5es para agentes p\u00fablicos come\u00e7am a valer\u00a0 - VerdadeOn\",\"isPartOf\":{\"@id\":\"https:\/\/verdadeon.com.br\/portal\/#website\"},\"primaryImageOfPage\":{\"@id\":\"https:\/\/verdadeon.com.br\/portal\/2022\/07\/02\/eleicoes-2022-restricoes-para-agentes-publicos-comecam-a-valer\/#primaryimage\"},\"image\":{\"@id\":\"https:\/\/verdadeon.com.br\/portal\/2022\/07\/02\/eleicoes-2022-restricoes-para-agentes-publicos-comecam-a-valer\/#primaryimage\"},\"thumbnailUrl\":\"https:\/\/i0.wp.com\/verdadeon.com.br\/portal\/wp-content\/uploads\/2022\/07\/urna-eletronica-eleicoes-e1656777046433.jpg?fit=1000%2C669&ssl=1\",\"datePublished\":\"2022-07-02T17:00:29+00:00\",\"author\":{\"@id\":\"https:\/\/verdadeon.com.br\/portal\/#\/schema\/person\/a5060ad1e9ea3df545188fc93ce43d2f\"},\"breadcrumb\":{\"@id\":\"https:\/\/verdadeon.com.br\/portal\/2022\/07\/02\/eleicoes-2022-restricoes-para-agentes-publicos-comecam-a-valer\/#breadcrumb\"},\"inLanguage\":\"pt-BR\",\"potentialAction\":[{\"@type\":\"ReadAction\",\"target\":[\"https:\/\/verdadeon.com.br\/portal\/2022\/07\/02\/eleicoes-2022-restricoes-para-agentes-publicos-comecam-a-valer\/\"]}]},{\"@type\":\"ImageObject\",\"inLanguage\":\"pt-BR\",\"@id\":\"https:\/\/verdadeon.com.br\/portal\/2022\/07\/02\/eleicoes-2022-restricoes-para-agentes-publicos-comecam-a-valer\/#primaryimage\",\"url\":\"https:\/\/i0.wp.com\/verdadeon.com.br\/portal\/wp-content\/uploads\/2022\/07\/urna-eletronica-eleicoes-e1656777046433.jpg?fit=1000%2C669&ssl=1\",\"contentUrl\":\"https:\/\/i0.wp.com\/verdadeon.com.br\/portal\/wp-content\/uploads\/2022\/07\/urna-eletronica-eleicoes-e1656777046433.jpg?fit=1000%2C669&ssl=1\",\"width\":1000,\"height\":669,\"caption\":\"Os eleitores que precisarem do transporte gratuito para votar no domingo (30) podem consultar mais informa\u00e7\u00f5es no aplicativo Cittamobi | Foto: Ag\u00eancia Brasil\"},{\"@type\":\"BreadcrumbList\",\"@id\":\"https:\/\/verdadeon.com.br\/portal\/2022\/07\/02\/eleicoes-2022-restricoes-para-agentes-publicos-comecam-a-valer\/#breadcrumb\",\"itemListElement\":[{\"@type\":\"ListItem\",\"position\":1,\"name\":\"In\u00edcio\",\"item\":\"https:\/\/verdadeon.com.br\/portal\/\"},{\"@type\":\"ListItem\",\"position\":2,\"name\":\"Elei\u00e7\u00f5es 2022: restri\u00e7\u00f5es para agentes p\u00fablicos come\u00e7am a valer\u00a0\"}]},{\"@type\":\"WebSite\",\"@id\":\"https:\/\/verdadeon.com.br\/portal\/#website\",\"url\":\"https:\/\/verdadeon.com.br\/portal\/\",\"name\":\"VerdadeOn\",\"description\":\"Not\u00edcias di\u00e1rias sobre Franca, Regi\u00e3o, Esporte, Cultura, Cotidiano, Colunas. Cobertura nos principais eventos da cidade \u00e9 aqui - Verdadeon Franca\",\"potentialAction\":[{\"@type\":\"SearchAction\",\"target\":{\"@type\":\"EntryPoint\",\"urlTemplate\":\"https:\/\/verdadeon.com.br\/portal\/?s={search_term_string}\"},\"query-input\":{\"@type\":\"PropertyValueSpecification\",\"valueRequired\":true,\"valueName\":\"search_term_string\"}}],\"inLanguage\":\"pt-BR\"},{\"@type\":\"Person\",\"@id\":\"https:\/\/verdadeon.com.br\/portal\/#\/schema\/person\/a5060ad1e9ea3df545188fc93ce43d2f\",\"name\":\"Redacao VerdadeOn\",\"image\":{\"@type\":\"ImageObject\",\"inLanguage\":\"pt-BR\",\"@id\":\"https:\/\/verdadeon.com.br\/portal\/#\/schema\/person\/image\/\",\"url\":\"https:\/\/secure.gravatar.com\/avatar\/459a9613caaaf07f582c3d0841eea68bdd66f533e465e6ba8b9cb45619572cf4?s=96&d=mm&r=g\",\"contentUrl\":\"https:\/\/secure.gravatar.com\/avatar\/459a9613caaaf07f582c3d0841eea68bdd66f533e465e6ba8b9cb45619572cf4?s=96&d=mm&r=g\",\"caption\":\"Redacao VerdadeOn\"},\"url\":\"https:\/\/verdadeon.com.br\/portal\/author\/redacao\/\"}]}<\/script>\n<!-- \/ Yoast SEO plugin. -->","yoast_head_json":{"title":"Elei\u00e7\u00f5es 2022: restri\u00e7\u00f5es para agentes p\u00fablicos come\u00e7am a valer\u00a0 - VerdadeOn","robots":{"index":"index","follow":"follow","max-snippet":"max-snippet:-1","max-image-preview":"max-image-preview:large","max-video-preview":"max-video-preview:-1"},"canonical":"https:\/\/verdadeon.com.br\/portal\/2022\/07\/02\/eleicoes-2022-restricoes-para-agentes-publicos-comecam-a-valer\/","og_locale":"pt_BR","og_type":"article","og_title":"Elei\u00e7\u00f5es 2022: restri\u00e7\u00f5es para agentes p\u00fablicos come\u00e7am a valer\u00a0 - VerdadeOn","og_description":"Medidas abrangem servidores p\u00fablicos e pr\u00e9-candidatos \u00e0s elei\u00e7\u00f5es de outubro e objetivam manter o equil\u00edbrio entre todos os concorrentes &nbsp; Restri\u00e7\u00f5es para servidores p\u00fablicos e pr\u00e9-candidatos [\u2026]","og_url":"https:\/\/verdadeon.com.br\/portal\/2022\/07\/02\/eleicoes-2022-restricoes-para-agentes-publicos-comecam-a-valer\/","og_site_name":"VerdadeOn","article_published_time":"2022-07-02T17:00:29+00:00","og_image":[{"width":1000,"height":669,"url":"https:\/\/verdadeon.com.br\/portal\/wp-content\/uploads\/2022\/07\/urna-eletronica-eleicoes-e1656777046433.jpg","type":"image\/jpeg"}],"author":"Redacao VerdadeOn","twitter_card":"summary_large_image","twitter_misc":{"Escrito por":"Redacao VerdadeOn","Est. tempo de leitura":"2 minutos"},"schema":{"@context":"https:\/\/schema.org","@graph":[{"@type":"WebPage","@id":"https:\/\/verdadeon.com.br\/portal\/2022\/07\/02\/eleicoes-2022-restricoes-para-agentes-publicos-comecam-a-valer\/","url":"https:\/\/verdadeon.com.br\/portal\/2022\/07\/02\/eleicoes-2022-restricoes-para-agentes-publicos-comecam-a-valer\/","name":"Elei\u00e7\u00f5es 2022: restri\u00e7\u00f5es para agentes p\u00fablicos come\u00e7am a valer\u00a0 - VerdadeOn","isPartOf":{"@id":"https:\/\/verdadeon.com.br\/portal\/#website"},"primaryImageOfPage":{"@id":"https:\/\/verdadeon.com.br\/portal\/2022\/07\/02\/eleicoes-2022-restricoes-para-agentes-publicos-comecam-a-valer\/#primaryimage"},"image":{"@id":"https:\/\/verdadeon.com.br\/portal\/2022\/07\/02\/eleicoes-2022-restricoes-para-agentes-publicos-comecam-a-valer\/#primaryimage"},"thumbnailUrl":"https:\/\/i0.wp.com\/verdadeon.com.br\/portal\/wp-content\/uploads\/2022\/07\/urna-eletronica-eleicoes-e1656777046433.jpg?fit=1000%2C669&ssl=1","datePublished":"2022-07-02T17:00:29+00:00","author":{"@id":"https:\/\/verdadeon.com.br\/portal\/#\/schema\/person\/a5060ad1e9ea3df545188fc93ce43d2f"},"breadcrumb":{"@id":"https:\/\/verdadeon.com.br\/portal\/2022\/07\/02\/eleicoes-2022-restricoes-para-agentes-publicos-comecam-a-valer\/#breadcrumb"},"inLanguage":"pt-BR","potentialAction":[{"@type":"ReadAction","target":["https:\/\/verdadeon.com.br\/portal\/2022\/07\/02\/eleicoes-2022-restricoes-para-agentes-publicos-comecam-a-valer\/"]}]},{"@type":"ImageObject","inLanguage":"pt-BR","@id":"https:\/\/verdadeon.com.br\/portal\/2022\/07\/02\/eleicoes-2022-restricoes-para-agentes-publicos-comecam-a-valer\/#primaryimage","url":"https:\/\/i0.wp.com\/verdadeon.com.br\/portal\/wp-content\/uploads\/2022\/07\/urna-eletronica-eleicoes-e1656777046433.jpg?fit=1000%2C669&ssl=1","contentUrl":"https:\/\/i0.wp.com\/verdadeon.com.br\/portal\/wp-content\/uploads\/2022\/07\/urna-eletronica-eleicoes-e1656777046433.jpg?fit=1000%2C669&ssl=1","width":1000,"height":669,"caption":"Os eleitores que precisarem do transporte gratuito para votar no domingo (30) podem consultar mais informa\u00e7\u00f5es no aplicativo Cittamobi | Foto: Ag\u00eancia Brasil"},{"@type":"BreadcrumbList","@id":"https:\/\/verdadeon.com.br\/portal\/2022\/07\/02\/eleicoes-2022-restricoes-para-agentes-publicos-comecam-a-valer\/#breadcrumb","itemListElement":[{"@type":"ListItem","position":1,"name":"In\u00edcio","item":"https:\/\/verdadeon.com.br\/portal\/"},{"@type":"ListItem","position":2,"name":"Elei\u00e7\u00f5es 2022: restri\u00e7\u00f5es para agentes p\u00fablicos come\u00e7am a valer\u00a0"}]},{"@type":"WebSite","@id":"https:\/\/verdadeon.com.br\/portal\/#website","url":"https:\/\/verdadeon.com.br\/portal\/","name":"VerdadeOn","description":"Not\u00edcias di\u00e1rias sobre Franca, Regi\u00e3o, Esporte, Cultura, Cotidiano, Colunas. Cobertura nos principais eventos da cidade \u00e9 aqui - Verdadeon Franca","potentialAction":[{"@type":"SearchAction","target":{"@type":"EntryPoint","urlTemplate":"https:\/\/verdadeon.com.br\/portal\/?s={search_term_string}"},"query-input":{"@type":"PropertyValueSpecification","valueRequired":true,"valueName":"search_term_string"}}],"inLanguage":"pt-BR"},{"@type":"Person","@id":"https:\/\/verdadeon.com.br\/portal\/#\/schema\/person\/a5060ad1e9ea3df545188fc93ce43d2f","name":"Redacao VerdadeOn","image":{"@type":"ImageObject","inLanguage":"pt-BR","@id":"https:\/\/verdadeon.com.br\/portal\/#\/schema\/person\/image\/","url":"https:\/\/secure.gravatar.com\/avatar\/459a9613caaaf07f582c3d0841eea68bdd66f533e465e6ba8b9cb45619572cf4?s=96&d=mm&r=g","contentUrl":"https:\/\/secure.gravatar.com\/avatar\/459a9613caaaf07f582c3d0841eea68bdd66f533e465e6ba8b9cb45619572cf4?s=96&d=mm&r=g","caption":"Redacao VerdadeOn"},"url":"https:\/\/verdadeon.com.br\/portal\/author\/redacao\/"}]}},"jetpack_publicize_connections":[],"jetpack_featured_media_url":"https:\/\/i0.wp.com\/verdadeon.com.br\/portal\/wp-content\/uploads\/2022\/07\/urna-eletronica-eleicoes-e1656777046433.jpg?fit=1000%2C669&ssl=1","jetpack_sharing_enabled":true,"_links":{"self":[{"href":"https:\/\/verdadeon.com.br\/portal\/wp-json\/wp\/v2\/posts\/26263","targetHints":{"allow":["GET"]}}],"collection":[{"href":"https:\/\/verdadeon.com.br\/portal\/wp-json\/wp\/v2\/posts"}],"about":[{"href":"https:\/\/verdadeon.com.br\/portal\/wp-json\/wp\/v2\/types\/post"}],"author":[{"embeddable":true,"href":"https:\/\/verdadeon.com.br\/portal\/wp-json\/wp\/v2\/users\/10"}],"replies":[{"embeddable":true,"href":"https:\/\/verdadeon.com.br\/portal\/wp-json\/wp\/v2\/comments?post=26263"}],"version-history":[{"count":1,"href":"https:\/\/verdadeon.com.br\/portal\/wp-json\/wp\/v2\/posts\/26263\/revisions"}],"predecessor-version":[{"id":26268,"href":"https:\/\/verdadeon.com.br\/portal\/wp-json\/wp\/v2\/posts\/26263\/revisions\/26268"}],"wp:featuredmedia":[{"embeddable":true,"href":"https:\/\/verdadeon.com.br\/portal\/wp-json\/wp\/v2\/media\/26267"}],"wp:attachment":[{"href":"https:\/\/verdadeon.com.br\/portal\/wp-json\/wp\/v2\/media?parent=26263"}],"wp:term":[{"taxonomy":"category","embeddable":true,"href":"https:\/\/verdadeon.com.br\/portal\/wp-json\/wp\/v2\/categories?post=26263"},{"taxonomy":"post_tag","embeddable":true,"href":"https:\/\/verdadeon.com.br\/portal\/wp-json\/wp\/v2\/tags?post=26263"}],"curies":[{"name":"wp","href":"https:\/\/api.w.org\/{rel}","templated":true}]}}