{"id":26243,"date":"2022-07-01T20:33:02","date_gmt":"2022-07-01T23:33:02","guid":{"rendered":"https:\/\/verdadeon.com.br\/portal\/?p=26243"},"modified":"2022-07-01T20:33:02","modified_gmt":"2022-07-01T23:33:02","slug":"2-de-julho-e-dia-de-cooperar-sicredi-apoia-mobilizacao-voluntaria-de-colaboradores-em-beneficio-da-sociedade","status":"publish","type":"post","link":"https:\/\/verdadeon.com.br\/portal\/2022\/07\/01\/2-de-julho-e-dia-de-cooperar-sicredi-apoia-mobilizacao-voluntaria-de-colaboradores-em-beneficio-da-sociedade\/","title":{"rendered":"2 de julho \u00e9 Dia de Cooperar: Sicredi apoia mobiliza\u00e7\u00e3o volunt\u00e1ria de colaboradores em benef\u00edcio da sociedade"},"content":{"rendered":"<h2 style=\"text-align: left;\" align=\"center\"><i>Data conhecida como\u00a0 &#8220;Dia C&#8221; re\u00fane cooperativas de todo o Brasil para atividades solid\u00e1rias em celebra\u00e7\u00e3o ao Dia Internacional do Cooperativismo<\/i><u><\/u><u><\/u><\/h2>\n<p>No pr\u00f3ximo dia 2 de julho, o Sicredi, institui\u00e7\u00e3o financeira cooperativa com mais de 6 milh\u00f5es de associados e presen\u00e7a em todos os estados brasileiros e no Distrito Federal, se junta \u00e0 mobiliza\u00e7\u00e3o do Dia C (Dia de Cooperar), uma iniciativa nacional liderada pela Organiza\u00e7\u00e3o das Cooperativas Brasileiras (OCB), que ocorre sempre no Dia Internacional do Cooperativismo &#8211; primeiro s\u00e1bado de julho, e que busca demonstrar a for\u00e7a do cooperativismo em prol das transforma\u00e7\u00f5es sociais.<u><\/u><u><\/u><\/p>\n<p>Neste ano, o mote da data \u00e9 \u201catitudes simples, movem o mundo\u201d; as organiza\u00e7\u00f5es participantes realizar\u00e3o a\u00e7\u00f5es de responsabilidade social nas comunidades, alinhadas aos princ\u00edpios do cooperativismo, com iniciativas de voluntariado. \u201cO Dia C \u00e9 uma data muito especial para o Sicredi, pois mobiliza milhares de pessoas e promove uma s\u00e9rie de a\u00e7\u00f5es que contribuem para o desenvolvimento local. Queremos fomentar o movimento de voluntariado por meio da coopera\u00e7\u00e3o, do compartilhamento do tempo e do conhecimento das pessoas. Entendemos que assim, construiremos juntos uma sociedade mais pr\u00f3spera e solid\u00e1ria\u201d, afirma o superintendente da Funda\u00e7\u00e3o Sicredi, Romeo Balzan.<u><\/u><u><\/u><\/p>\n<p><strong>A\u00e7\u00f5es solid\u00e1rias em v\u00e1rias regi\u00f5es<\/strong><u><\/u><u><\/u><\/p>\n<p>Nos estados do Paran\u00e1, S\u00e3o Paulo e Rio de Janeiro, as cooperativas do Sicredi planejam realizar mais de 800 a\u00e7\u00f5es solid\u00e1rias nos munic\u00edpios da \u00e1rea de atua\u00e7\u00e3o. O objetivo \u00e9 colocar em pr\u00e1tica uma iniciativa por ag\u00eancia do Sicredi nos tr\u00eas estados, conectando a atua\u00e7\u00e3o dos volunt\u00e1rios com as necessidades e as possibilidades de cada comunidade. Em Curitiba (PR), por exemplo, uma das a\u00e7\u00f5es reunir\u00e1 colaboradores volunt\u00e1rios para reformar a sede de dois projetos sociais da capital paranaense: bloco Afro Pretinhosidade e Princesas do Ritmo, iniciativas culturais que valorizam e promovem talentos da cultura e da periferia.\u00a0<u><\/u><u><\/u><\/p>\n<p>Al\u00e9m disso, entre as v\u00e1rias iniciativas a serem realizadas diretamente pelas cooperativas est\u00e3o o desenvolvimento de oficinas dos mais diversos temas como compostagem, culin\u00e1ria, sa\u00fade mental, h\u00e1bitos saud\u00e1veis, gest\u00e3o de carreira para mulheres empreendedoras, consumo consciente, formas de reutilizar a \u00e1gua e inclus\u00e3o de idosos na era digital. Outras a\u00e7\u00f5es propostas s\u00e3o atividades f\u00edsicas ao ar livre e a\u00e7\u00f5es de incentivo \u00e0 leitura com a participa\u00e7\u00e3o de contadores de hist\u00f3rias.<u><\/u><u><\/u><\/p>\n<p><strong>Dia C em 2021: mais de 900 mil pessoas impactadas<\/strong><u><\/u><u><\/u><\/p>\n<p>Em 2021, a iniciativa teve como mote a frase \u201cVem Transformar\u201d. No Sicredi, uma campanha nacional de arrecada\u00e7\u00e3o monet\u00e1ria e de alimentos n\u00e3o perec\u00edveis mobilizou mais de 3,8 mil doadores em 330 munic\u00edpios e arrecadou mais de 1,2 mil toneladas de alimentos, al\u00e9m de R$ 427 mil que foram arrecadados por meio de doa\u00e7\u00e3o de valores, que beneficiaram diretamente mais de 400 mil pessoas. No total, as a\u00e7\u00f5es do Sicredi no Dia C, no ano passado, envolveram 1.108 a\u00e7\u00f5es de cunho social, que impactaram mais de 900 mil pessoas nas comunidades de 672 cidades, envolvendo o apoio de mais de 64 mil volunt\u00e1rios.<u><\/u><u><\/u><\/p>\n<p>Somente nos estados do Paran\u00e1, S\u00e3o Paulo e Rio de Janeiro foram mais de 600 a\u00e7\u00f5es realizadas pelas cooperativas que integram a Central Sicredi PR\/SP\/RJ. As iniciativas beneficiaram mais de 290 mil\u00a0 pessoas em diferentes munic\u00edpios dos tr\u00eas estados, com a ades\u00e3o\u00a0 de 12 mil volunt\u00e1rios.<u><\/u><u><\/u><\/p>\n<p><strong>Pacto com o desenvolvimento sustent\u00e1vel<\/strong><u><\/u><u><\/u><\/p>\n<p>O apoio ao Dia C \u00e9 uma das a\u00e7\u00f5es do Sicredi que materializam o seu compromisso com o Pacto Global, iniciativa da Organiza\u00e7\u00e3o das Na\u00e7\u00f5es Unidas (ONU) que visa estimular as empresas a adotarem pol\u00edticas de responsabilidade social corporativa e de sustentabilidade por meio da ades\u00e3o a dez princ\u00edpios relacionados a direitos humanos, trabalho, meio ambiente e corrup\u00e7\u00e3o. Ao aderir \u00e0 iniciativa, em 2020, o Sicredi se comprometeu a contribuir com os Objetivos de Desenvolvimento Sustent\u00e1vel (ODSs) tendo-os como norteadores para o seu desenvolvimento sustent\u00e1vel.<u><\/u><u><\/u><\/p>\n<p>Os ODSs t\u00eam o objetivo de engajar organiza\u00e7\u00f5es do mundo todo em metas como a erradica\u00e7\u00e3o da pobreza, o combate \u00e0 mudan\u00e7a do clima e a preserva\u00e7\u00e3o dos recursos naturais at\u00e9 2030. As a\u00e7\u00f5es de voluntariado realizadas pelas cooperativas no Dia C, por exemplo, s\u00e3o relacionadas ao ODS 17 \u201cParceiras e meios de implementa\u00e7\u00e3o\u201d.<\/p>\n","protected":false},"excerpt":{"rendered":"<p>Data conhecida como\u00a0 &#8220;Dia C&#8221; re\u00fane cooperativas de todo o Brasil para atividades solid\u00e1rias em celebra\u00e7\u00e3o ao Dia Internacional do Cooperativismo No pr\u00f3ximo dia 2 de<span class=\"excerpt-hellip\"> [\u2026]<\/span><\/p>\n","protected":false},"author":4,"featured_media":26245,"comment_status":"open","ping_status":"open","sticky":false,"template":"","format":"standard","meta":{"_jetpack_memberships_contains_paid_content":false,"footnotes":"","jetpack_publicize_message":"","jetpack_publicize_feature_enabled":true,"jetpack_social_post_already_shared":false,"jetpack_social_options":{"image_generator_settings":{"template":"highway","default_image_id":0,"enabled":false},"version":2}},"categories":[28],"tags":[],"class_list":["post-26243","post","type-post","status-publish","format-standard","has-post-thumbnail","hentry","category-cotidiano"],"yoast_head":"<!-- This site is optimized with the Yoast SEO plugin v25.6 - https:\/\/yoast.com\/wordpress\/plugins\/seo\/ -->\n<title>2 de julho \u00e9 Dia de Cooperar: Sicredi apoia mobiliza\u00e7\u00e3o volunt\u00e1ria de colaboradores em benef\u00edcio da sociedade - VerdadeOn<\/title>\n<meta name=\"robots\" content=\"index, follow, max-snippet:-1, max-image-preview:large, max-video-preview:-1\" \/>\n<link rel=\"canonical\" href=\"https:\/\/verdadeon.com.br\/portal\/2022\/07\/01\/2-de-julho-e-dia-de-cooperar-sicredi-apoia-mobilizacao-voluntaria-de-colaboradores-em-beneficio-da-sociedade\/\" \/>\n<meta property=\"og:locale\" content=\"pt_BR\" \/>\n<meta property=\"og:type\" content=\"article\" \/>\n<meta property=\"og:title\" content=\"2 de julho \u00e9 Dia de Cooperar: Sicredi apoia mobiliza\u00e7\u00e3o volunt\u00e1ria de colaboradores em benef\u00edcio da sociedade - VerdadeOn\" \/>\n<meta property=\"og:description\" content=\"Data conhecida como\u00a0 &#8220;Dia C&#8221; re\u00fane cooperativas de todo o Brasil para atividades solid\u00e1rias em celebra\u00e7\u00e3o ao Dia Internacional do Cooperativismo No pr\u00f3ximo dia 2 de [\u2026]\" \/>\n<meta property=\"og:url\" content=\"https:\/\/verdadeon.com.br\/portal\/2022\/07\/01\/2-de-julho-e-dia-de-cooperar-sicredi-apoia-mobilizacao-voluntaria-de-colaboradores-em-beneficio-da-sociedade\/\" \/>\n<meta property=\"og:site_name\" content=\"VerdadeOn\" \/>\n<meta property=\"article:published_time\" content=\"2022-07-01T23:33:02+00:00\" \/>\n<meta property=\"og:image\" content=\"https:\/\/verdadeon.com.br\/portal\/wp-content\/uploads\/2022\/07\/Dia-C-Sicredi-1.jpg\" \/>\n\t<meta property=\"og:image:width\" content=\"1024\" \/>\n\t<meta property=\"og:image:height\" content=\"768\" \/>\n\t<meta property=\"og:image:type\" content=\"image\/jpeg\" \/>\n<meta name=\"author\" content=\"Fernando Calixto\" \/>\n<meta name=\"twitter:card\" content=\"summary_large_image\" \/>\n<meta name=\"twitter:label1\" content=\"Escrito por\" \/>\n\t<meta name=\"twitter:data1\" content=\"Fernando Calixto\" \/>\n\t<meta name=\"twitter:label2\" content=\"Est. tempo de leitura\" \/>\n\t<meta name=\"twitter:data2\" content=\"4 minutos\" \/>\n<script type=\"application\/ld+json\" class=\"yoast-schema-graph\">{\"@context\":\"https:\/\/schema.org\",\"@graph\":[{\"@type\":\"WebPage\",\"@id\":\"https:\/\/verdadeon.com.br\/portal\/2022\/07\/01\/2-de-julho-e-dia-de-cooperar-sicredi-apoia-mobilizacao-voluntaria-de-colaboradores-em-beneficio-da-sociedade\/\",\"url\":\"https:\/\/verdadeon.com.br\/portal\/2022\/07\/01\/2-de-julho-e-dia-de-cooperar-sicredi-apoia-mobilizacao-voluntaria-de-colaboradores-em-beneficio-da-sociedade\/\",\"name\":\"2 de julho \u00e9 Dia de Cooperar: Sicredi apoia mobiliza\u00e7\u00e3o volunt\u00e1ria de colaboradores em benef\u00edcio da sociedade - VerdadeOn\",\"isPartOf\":{\"@id\":\"https:\/\/verdadeon.com.br\/portal\/#website\"},\"primaryImageOfPage\":{\"@id\":\"https:\/\/verdadeon.com.br\/portal\/2022\/07\/01\/2-de-julho-e-dia-de-cooperar-sicredi-apoia-mobilizacao-voluntaria-de-colaboradores-em-beneficio-da-sociedade\/#primaryimage\"},\"image\":{\"@id\":\"https:\/\/verdadeon.com.br\/portal\/2022\/07\/01\/2-de-julho-e-dia-de-cooperar-sicredi-apoia-mobilizacao-voluntaria-de-colaboradores-em-beneficio-da-sociedade\/#primaryimage\"},\"thumbnailUrl\":\"https:\/\/i0.wp.com\/verdadeon.com.br\/portal\/wp-content\/uploads\/2022\/07\/Dia-C-Sicredi-1.jpg?fit=1024%2C768&ssl=1\",\"datePublished\":\"2022-07-01T23:33:02+00:00\",\"author\":{\"@id\":\"https:\/\/verdadeon.com.br\/portal\/#\/schema\/person\/8994718f49ee62ba5610471e29ca1f62\"},\"breadcrumb\":{\"@id\":\"https:\/\/verdadeon.com.br\/portal\/2022\/07\/01\/2-de-julho-e-dia-de-cooperar-sicredi-apoia-mobilizacao-voluntaria-de-colaboradores-em-beneficio-da-sociedade\/#breadcrumb\"},\"inLanguage\":\"pt-BR\",\"potentialAction\":[{\"@type\":\"ReadAction\",\"target\":[\"https:\/\/verdadeon.com.br\/portal\/2022\/07\/01\/2-de-julho-e-dia-de-cooperar-sicredi-apoia-mobilizacao-voluntaria-de-colaboradores-em-beneficio-da-sociedade\/\"]}]},{\"@type\":\"ImageObject\",\"inLanguage\":\"pt-BR\",\"@id\":\"https:\/\/verdadeon.com.br\/portal\/2022\/07\/01\/2-de-julho-e-dia-de-cooperar-sicredi-apoia-mobilizacao-voluntaria-de-colaboradores-em-beneficio-da-sociedade\/#primaryimage\",\"url\":\"https:\/\/i0.wp.com\/verdadeon.com.br\/portal\/wp-content\/uploads\/2022\/07\/Dia-C-Sicredi-1.jpg?fit=1024%2C768&ssl=1\",\"contentUrl\":\"https:\/\/i0.wp.com\/verdadeon.com.br\/portal\/wp-content\/uploads\/2022\/07\/Dia-C-Sicredi-1.jpg?fit=1024%2C768&ssl=1\",\"width\":1024,\"height\":768,\"caption\":\"A\u00e7\u00f5es do Dia C est\u00e3o conectadas com os princ\u00edpios do cooperativismo como agente transformador da sociedade Cr\u00e9ditos: divulga\u00e7\u00e3o\"},{\"@type\":\"BreadcrumbList\",\"@id\":\"https:\/\/verdadeon.com.br\/portal\/2022\/07\/01\/2-de-julho-e-dia-de-cooperar-sicredi-apoia-mobilizacao-voluntaria-de-colaboradores-em-beneficio-da-sociedade\/#breadcrumb\",\"itemListElement\":[{\"@type\":\"ListItem\",\"position\":1,\"name\":\"In\u00edcio\",\"item\":\"https:\/\/verdadeon.com.br\/portal\/\"},{\"@type\":\"ListItem\",\"position\":2,\"name\":\"2 de julho \u00e9 Dia de Cooperar: Sicredi apoia mobiliza\u00e7\u00e3o volunt\u00e1ria de colaboradores em benef\u00edcio da sociedade\"}]},{\"@type\":\"WebSite\",\"@id\":\"https:\/\/verdadeon.com.br\/portal\/#website\",\"url\":\"https:\/\/verdadeon.com.br\/portal\/\",\"name\":\"VerdadeOn\",\"description\":\"Not\u00edcias di\u00e1rias sobre Franca, Regi\u00e3o, Esporte, Cultura, Cotidiano, Colunas. Cobertura nos principais eventos da cidade \u00e9 aqui - Verdadeon Franca\",\"potentialAction\":[{\"@type\":\"SearchAction\",\"target\":{\"@type\":\"EntryPoint\",\"urlTemplate\":\"https:\/\/verdadeon.com.br\/portal\/?s={search_term_string}\"},\"query-input\":{\"@type\":\"PropertyValueSpecification\",\"valueRequired\":true,\"valueName\":\"search_term_string\"}}],\"inLanguage\":\"pt-BR\"},{\"@type\":\"Person\",\"@id\":\"https:\/\/verdadeon.com.br\/portal\/#\/schema\/person\/8994718f49ee62ba5610471e29ca1f62\",\"name\":\"Fernando Calixto\",\"image\":{\"@type\":\"ImageObject\",\"inLanguage\":\"pt-BR\",\"@id\":\"https:\/\/verdadeon.com.br\/portal\/#\/schema\/person\/image\/\",\"url\":\"https:\/\/secure.gravatar.com\/avatar\/7578910c24966c0316c340f9dbd601e93ee9f9212e1033968b367af9306bd9fb?s=96&d=mm&r=g\",\"contentUrl\":\"https:\/\/secure.gravatar.com\/avatar\/7578910c24966c0316c340f9dbd601e93ee9f9212e1033968b367af9306bd9fb?s=96&d=mm&r=g\",\"caption\":\"Fernando Calixto\"},\"url\":\"https:\/\/verdadeon.com.br\/portal\/author\/fernando-calixto\/\"}]}<\/script>\n<!-- \/ Yoast SEO plugin. -->","yoast_head_json":{"title":"2 de julho \u00e9 Dia de Cooperar: Sicredi apoia mobiliza\u00e7\u00e3o volunt\u00e1ria de colaboradores em benef\u00edcio da sociedade - VerdadeOn","robots":{"index":"index","follow":"follow","max-snippet":"max-snippet:-1","max-image-preview":"max-image-preview:large","max-video-preview":"max-video-preview:-1"},"canonical":"https:\/\/verdadeon.com.br\/portal\/2022\/07\/01\/2-de-julho-e-dia-de-cooperar-sicredi-apoia-mobilizacao-voluntaria-de-colaboradores-em-beneficio-da-sociedade\/","og_locale":"pt_BR","og_type":"article","og_title":"2 de julho \u00e9 Dia de Cooperar: Sicredi apoia mobiliza\u00e7\u00e3o volunt\u00e1ria de colaboradores em benef\u00edcio da sociedade - VerdadeOn","og_description":"Data conhecida como\u00a0 &#8220;Dia C&#8221; re\u00fane cooperativas de todo o Brasil para atividades solid\u00e1rias em celebra\u00e7\u00e3o ao Dia Internacional do Cooperativismo No pr\u00f3ximo dia 2 de [\u2026]","og_url":"https:\/\/verdadeon.com.br\/portal\/2022\/07\/01\/2-de-julho-e-dia-de-cooperar-sicredi-apoia-mobilizacao-voluntaria-de-colaboradores-em-beneficio-da-sociedade\/","og_site_name":"VerdadeOn","article_published_time":"2022-07-01T23:33:02+00:00","og_image":[{"width":1024,"height":768,"url":"https:\/\/verdadeon.com.br\/portal\/wp-content\/uploads\/2022\/07\/Dia-C-Sicredi-1.jpg","type":"image\/jpeg"}],"author":"Fernando Calixto","twitter_card":"summary_large_image","twitter_misc":{"Escrito por":"Fernando Calixto","Est. tempo de leitura":"4 minutos"},"schema":{"@context":"https:\/\/schema.org","@graph":[{"@type":"WebPage","@id":"https:\/\/verdadeon.com.br\/portal\/2022\/07\/01\/2-de-julho-e-dia-de-cooperar-sicredi-apoia-mobilizacao-voluntaria-de-colaboradores-em-beneficio-da-sociedade\/","url":"https:\/\/verdadeon.com.br\/portal\/2022\/07\/01\/2-de-julho-e-dia-de-cooperar-sicredi-apoia-mobilizacao-voluntaria-de-colaboradores-em-beneficio-da-sociedade\/","name":"2 de julho \u00e9 Dia de Cooperar: Sicredi apoia mobiliza\u00e7\u00e3o volunt\u00e1ria de colaboradores em benef\u00edcio da sociedade - VerdadeOn","isPartOf":{"@id":"https:\/\/verdadeon.com.br\/portal\/#website"},"primaryImageOfPage":{"@id":"https:\/\/verdadeon.com.br\/portal\/2022\/07\/01\/2-de-julho-e-dia-de-cooperar-sicredi-apoia-mobilizacao-voluntaria-de-colaboradores-em-beneficio-da-sociedade\/#primaryimage"},"image":{"@id":"https:\/\/verdadeon.com.br\/portal\/2022\/07\/01\/2-de-julho-e-dia-de-cooperar-sicredi-apoia-mobilizacao-voluntaria-de-colaboradores-em-beneficio-da-sociedade\/#primaryimage"},"thumbnailUrl":"https:\/\/i0.wp.com\/verdadeon.com.br\/portal\/wp-content\/uploads\/2022\/07\/Dia-C-Sicredi-1.jpg?fit=1024%2C768&ssl=1","datePublished":"2022-07-01T23:33:02+00:00","author":{"@id":"https:\/\/verdadeon.com.br\/portal\/#\/schema\/person\/8994718f49ee62ba5610471e29ca1f62"},"breadcrumb":{"@id":"https:\/\/verdadeon.com.br\/portal\/2022\/07\/01\/2-de-julho-e-dia-de-cooperar-sicredi-apoia-mobilizacao-voluntaria-de-colaboradores-em-beneficio-da-sociedade\/#breadcrumb"},"inLanguage":"pt-BR","potentialAction":[{"@type":"ReadAction","target":["https:\/\/verdadeon.com.br\/portal\/2022\/07\/01\/2-de-julho-e-dia-de-cooperar-sicredi-apoia-mobilizacao-voluntaria-de-colaboradores-em-beneficio-da-sociedade\/"]}]},{"@type":"ImageObject","inLanguage":"pt-BR","@id":"https:\/\/verdadeon.com.br\/portal\/2022\/07\/01\/2-de-julho-e-dia-de-cooperar-sicredi-apoia-mobilizacao-voluntaria-de-colaboradores-em-beneficio-da-sociedade\/#primaryimage","url":"https:\/\/i0.wp.com\/verdadeon.com.br\/portal\/wp-content\/uploads\/2022\/07\/Dia-C-Sicredi-1.jpg?fit=1024%2C768&ssl=1","contentUrl":"https:\/\/i0.wp.com\/verdadeon.com.br\/portal\/wp-content\/uploads\/2022\/07\/Dia-C-Sicredi-1.jpg?fit=1024%2C768&ssl=1","width":1024,"height":768,"caption":"A\u00e7\u00f5es do Dia C est\u00e3o conectadas com os princ\u00edpios do cooperativismo como agente transformador da sociedade Cr\u00e9ditos: divulga\u00e7\u00e3o"},{"@type":"BreadcrumbList","@id":"https:\/\/verdadeon.com.br\/portal\/2022\/07\/01\/2-de-julho-e-dia-de-cooperar-sicredi-apoia-mobilizacao-voluntaria-de-colaboradores-em-beneficio-da-sociedade\/#breadcrumb","itemListElement":[{"@type":"ListItem","position":1,"name":"In\u00edcio","item":"https:\/\/verdadeon.com.br\/portal\/"},{"@type":"ListItem","position":2,"name":"2 de julho \u00e9 Dia de Cooperar: Sicredi apoia mobiliza\u00e7\u00e3o volunt\u00e1ria de colaboradores em benef\u00edcio da sociedade"}]},{"@type":"WebSite","@id":"https:\/\/verdadeon.com.br\/portal\/#website","url":"https:\/\/verdadeon.com.br\/portal\/","name":"VerdadeOn","description":"Not\u00edcias di\u00e1rias sobre Franca, Regi\u00e3o, Esporte, Cultura, Cotidiano, Colunas. Cobertura nos principais eventos da cidade \u00e9 aqui - Verdadeon Franca","potentialAction":[{"@type":"SearchAction","target":{"@type":"EntryPoint","urlTemplate":"https:\/\/verdadeon.com.br\/portal\/?s={search_term_string}"},"query-input":{"@type":"PropertyValueSpecification","valueRequired":true,"valueName":"search_term_string"}}],"inLanguage":"pt-BR"},{"@type":"Person","@id":"https:\/\/verdadeon.com.br\/portal\/#\/schema\/person\/8994718f49ee62ba5610471e29ca1f62","name":"Fernando Calixto","image":{"@type":"ImageObject","inLanguage":"pt-BR","@id":"https:\/\/verdadeon.com.br\/portal\/#\/schema\/person\/image\/","url":"https:\/\/secure.gravatar.com\/avatar\/7578910c24966c0316c340f9dbd601e93ee9f9212e1033968b367af9306bd9fb?s=96&d=mm&r=g","contentUrl":"https:\/\/secure.gravatar.com\/avatar\/7578910c24966c0316c340f9dbd601e93ee9f9212e1033968b367af9306bd9fb?s=96&d=mm&r=g","caption":"Fernando Calixto"},"url":"https:\/\/verdadeon.com.br\/portal\/author\/fernando-calixto\/"}]}},"jetpack_publicize_connections":[],"jetpack_featured_media_url":"https:\/\/i0.wp.com\/verdadeon.com.br\/portal\/wp-content\/uploads\/2022\/07\/Dia-C-Sicredi-1.jpg?fit=1024%2C768&ssl=1","jetpack_sharing_enabled":true,"_links":{"self":[{"href":"https:\/\/verdadeon.com.br\/portal\/wp-json\/wp\/v2\/posts\/26243","targetHints":{"allow":["GET"]}}],"collection":[{"href":"https:\/\/verdadeon.com.br\/portal\/wp-json\/wp\/v2\/posts"}],"about":[{"href":"https:\/\/verdadeon.com.br\/portal\/wp-json\/wp\/v2\/types\/post"}],"author":[{"embeddable":true,"href":"https:\/\/verdadeon.com.br\/portal\/wp-json\/wp\/v2\/users\/4"}],"replies":[{"embeddable":true,"href":"https:\/\/verdadeon.com.br\/portal\/wp-json\/wp\/v2\/comments?post=26243"}],"version-history":[{"count":1,"href":"https:\/\/verdadeon.com.br\/portal\/wp-json\/wp\/v2\/posts\/26243\/revisions"}],"predecessor-version":[{"id":26246,"href":"https:\/\/verdadeon.com.br\/portal\/wp-json\/wp\/v2\/posts\/26243\/revisions\/26246"}],"wp:featuredmedia":[{"embeddable":true,"href":"https:\/\/verdadeon.com.br\/portal\/wp-json\/wp\/v2\/media\/26245"}],"wp:attachment":[{"href":"https:\/\/verdadeon.com.br\/portal\/wp-json\/wp\/v2\/media?parent=26243"}],"wp:term":[{"taxonomy":"category","embeddable":true,"href":"https:\/\/verdadeon.com.br\/portal\/wp-json\/wp\/v2\/categories?post=26243"},{"taxonomy":"post_tag","embeddable":true,"href":"https:\/\/verdadeon.com.br\/portal\/wp-json\/wp\/v2\/tags?post=26243"}],"curies":[{"name":"wp","href":"https:\/\/api.w.org\/{rel}","templated":true}]}}