{"id":26174,"date":"2022-06-29T16:16:30","date_gmt":"2022-06-29T19:16:30","guid":{"rendered":"https:\/\/verdadeon.com.br\/portal\/?p=26174"},"modified":"2022-06-29T16:16:30","modified_gmt":"2022-06-29T19:16:30","slug":"pavimentacao-da-estrada-velha-franca-batatais-e-aguardada-ha-anos","status":"publish","type":"post","link":"https:\/\/verdadeon.com.br\/portal\/2022\/06\/29\/pavimentacao-da-estrada-velha-franca-batatais-e-aguardada-ha-anos\/","title":{"rendered":"Pavimenta\u00e7\u00e3o da Estrada Velha Franca-Batatais \u00e9 aguardada h\u00e1 anos"},"content":{"rendered":"<div class=\"noticiaTitle\">\n<h4>Licita\u00e7\u00e3o para investimento de R$ 52 milh\u00f5es na via est\u00e1 em andamento<\/h4>\n<\/div>\n<div id=\"noticiaTXT\">\n<div class=\"imgTXT\">\n<p>Reivindica\u00e7\u00e3o defendida pelo deputado estadual Roberto Engler (PSDB) h\u00e1 anos, a pavimenta\u00e7\u00e3o da Estrada Velha Franca-Batatais (SP-336 \u2013 Rodovia Rio Negro e Solim\u00f5es) pode estar pr\u00f3xima de se concretizar. O edital da licita\u00e7\u00e3o que prev\u00ea o investimento de R$ 52 milh\u00f5es no asfaltamento de 11,4 quil\u00f4metros da estrada est\u00e1 em andamento.<\/p>\n<\/div>\n<div class=\"texto_noticia_interna\">\n<p>O trecho a ser pavimentado est\u00e1 compreendido entre os quil\u00f4metros 387 e 398,4 (vai de Franca at\u00e9 a altura da Usina Cevasa). \u201cA ideia \u00e9 come\u00e7ar com a parcela mais usada e, depois, seguir com a o asfalto para o restante\u201d, disse o governador Rodrigo Garcia (PSDB) em recente visita a Franca.<\/p>\n<p>A licita\u00e7\u00e3o est\u00e1 aberta h\u00e1 cerca de 10 dias e as empresas interessadas em realizar as melhorias t\u00eam at\u00e9 o pr\u00f3ximo dia 15 de julho para apresentar suas propostas ao DER (Departamento de Estradas de Rodagem). O prazo para conclus\u00e3o da obra \u00e9 de 12 meses a partir da assinatura do contrato.<\/p>\n<p>O deputado estadual Roberto Engler trabalha pela pavimenta\u00e7\u00e3o da Estrada Velha h\u00e1 pelo menos 20 anos. Por duas vezes, o Governo do Estado de S\u00e3o Paulo chegou a autorizar a obra, mas imprevistos posteriores fizeram com que ela n\u00e3o se concretizasse.<\/p>\n<p>Em 2008, o deputado Roberto Engler teve resposta positiva do DER para seu pedido. O \u00f3rg\u00e3o sinalizou que, a exemplo do que est\u00e1 sendo licitado agora, 12 quil\u00f4metros da via fosse asfaltados segundo projeto executivo que j\u00e1 havia sido feito pelo departamento. A obra, no entanto, n\u00e3o saiu do papel.<\/p>\n<p>Em abril de 2013, foi a vez do ent\u00e3o superintendente do DER, Clodoaldo Pelissioni, visitar Franca e garantir melhorias na estrada. Em audi\u00eancia p\u00fablica realizada na C\u00e2mara Municipal, ele afirmou que toda a extens\u00e3o da Rodovia Rio Negro e Solim\u00f5es seria pavimentada ou repavimentada no ano seguinte.<\/p>\n<p>As interven\u00e7\u00f5es seguiriam um novo projeto, que foi feito depois de v\u00e1rios pedidos do deputado estadual Roberto Engler. Seriam 35 quil\u00f4metros de novo asfalto, com recupera\u00e7\u00e3o de outros 11 quil\u00f4metros. A obra era avaliada em R$ 86 milh\u00f5es. Novamente, os planos foram frustrados e, alegando queda de arrecada\u00e7\u00e3o, o Governo do Estado n\u00e3o conseguiu cumprir a promessa.<\/p>\n<p>O deputado Roberto Engler acredita que, desta vez, as coisas v\u00e3o acontecer de forma diferente. \u201cTemos a palavra do governador Rodrigo Garcia e vamos aguardar e colaborar para que os tr\u00e2mites que antecedem o in\u00edcio da obra ocorram da melhor maneira. \u00c9 uma realiza\u00e7\u00e3o muito aguardada por todos\u201d, diz o parlamentar.<\/p>\n<\/div>\n<\/div>\n","protected":false},"excerpt":{"rendered":"<p>Licita\u00e7\u00e3o para investimento de R$ 52 milh\u00f5es na via est\u00e1 em andamento Reivindica\u00e7\u00e3o defendida pelo deputado estadual Roberto Engler (PSDB) h\u00e1 anos, a pavimenta\u00e7\u00e3o da Estrada<span class=\"excerpt-hellip\"> [\u2026]<\/span><\/p>\n","protected":false},"author":4,"featured_media":26177,"comment_status":"open","ping_status":"open","sticky":false,"template":"","format":"standard","meta":{"_jetpack_memberships_contains_paid_content":false,"footnotes":"","jetpack_publicize_message":"","jetpack_publicize_feature_enabled":true,"jetpack_social_post_already_shared":false,"jetpack_social_options":{"image_generator_settings":{"template":"highway","default_image_id":0,"enabled":false},"version":2}},"categories":[28],"tags":[],"class_list":["post-26174","post","type-post","status-publish","format-standard","has-post-thumbnail","hentry","category-cotidiano"],"yoast_head":"<!-- This site is optimized with the Yoast SEO plugin v25.6 - https:\/\/yoast.com\/wordpress\/plugins\/seo\/ -->\n<title>Pavimenta\u00e7\u00e3o da Estrada Velha Franca-Batatais \u00e9 aguardada h\u00e1 anos - VerdadeOn<\/title>\n<meta name=\"robots\" content=\"index, follow, max-snippet:-1, max-image-preview:large, max-video-preview:-1\" \/>\n<link rel=\"canonical\" href=\"https:\/\/verdadeon.com.br\/portal\/2022\/06\/29\/pavimentacao-da-estrada-velha-franca-batatais-e-aguardada-ha-anos\/\" \/>\n<meta property=\"og:locale\" content=\"pt_BR\" \/>\n<meta property=\"og:type\" content=\"article\" \/>\n<meta property=\"og:title\" content=\"Pavimenta\u00e7\u00e3o da Estrada Velha Franca-Batatais \u00e9 aguardada h\u00e1 anos - VerdadeOn\" \/>\n<meta property=\"og:description\" content=\"Licita\u00e7\u00e3o para investimento de R$ 52 milh\u00f5es na via est\u00e1 em andamento Reivindica\u00e7\u00e3o defendida pelo deputado estadual Roberto Engler (PSDB) h\u00e1 anos, a pavimenta\u00e7\u00e3o da Estrada [\u2026]\" \/>\n<meta property=\"og:url\" content=\"https:\/\/verdadeon.com.br\/portal\/2022\/06\/29\/pavimentacao-da-estrada-velha-franca-batatais-e-aguardada-ha-anos\/\" \/>\n<meta property=\"og:site_name\" content=\"VerdadeOn\" \/>\n<meta property=\"article:published_time\" content=\"2022-06-29T19:16:30+00:00\" \/>\n<meta property=\"og:image\" content=\"https:\/\/verdadeon.com.br\/portal\/wp-content\/uploads\/2022\/06\/IMG_5168.jpg\" \/>\n\t<meta property=\"og:image:width\" content=\"800\" \/>\n\t<meta property=\"og:image:height\" content=\"548\" \/>\n\t<meta property=\"og:image:type\" content=\"image\/jpeg\" \/>\n<meta name=\"author\" content=\"Fernando Calixto\" \/>\n<meta name=\"twitter:card\" content=\"summary_large_image\" \/>\n<meta name=\"twitter:label1\" content=\"Escrito por\" \/>\n\t<meta name=\"twitter:data1\" content=\"Fernando Calixto\" \/>\n\t<meta name=\"twitter:label2\" content=\"Est. tempo de leitura\" \/>\n\t<meta name=\"twitter:data2\" content=\"3 minutos\" \/>\n<script type=\"application\/ld+json\" class=\"yoast-schema-graph\">{\"@context\":\"https:\/\/schema.org\",\"@graph\":[{\"@type\":\"WebPage\",\"@id\":\"https:\/\/verdadeon.com.br\/portal\/2022\/06\/29\/pavimentacao-da-estrada-velha-franca-batatais-e-aguardada-ha-anos\/\",\"url\":\"https:\/\/verdadeon.com.br\/portal\/2022\/06\/29\/pavimentacao-da-estrada-velha-franca-batatais-e-aguardada-ha-anos\/\",\"name\":\"Pavimenta\u00e7\u00e3o da Estrada Velha Franca-Batatais \u00e9 aguardada h\u00e1 anos - VerdadeOn\",\"isPartOf\":{\"@id\":\"https:\/\/verdadeon.com.br\/portal\/#website\"},\"primaryImageOfPage\":{\"@id\":\"https:\/\/verdadeon.com.br\/portal\/2022\/06\/29\/pavimentacao-da-estrada-velha-franca-batatais-e-aguardada-ha-anos\/#primaryimage\"},\"image\":{\"@id\":\"https:\/\/verdadeon.com.br\/portal\/2022\/06\/29\/pavimentacao-da-estrada-velha-franca-batatais-e-aguardada-ha-anos\/#primaryimage\"},\"thumbnailUrl\":\"https:\/\/i0.wp.com\/verdadeon.com.br\/portal\/wp-content\/uploads\/2022\/06\/IMG_5168.jpg?fit=800%2C548&ssl=1\",\"datePublished\":\"2022-06-29T19:16:30+00:00\",\"author\":{\"@id\":\"https:\/\/verdadeon.com.br\/portal\/#\/schema\/person\/8994718f49ee62ba5610471e29ca1f62\"},\"breadcrumb\":{\"@id\":\"https:\/\/verdadeon.com.br\/portal\/2022\/06\/29\/pavimentacao-da-estrada-velha-franca-batatais-e-aguardada-ha-anos\/#breadcrumb\"},\"inLanguage\":\"pt-BR\",\"potentialAction\":[{\"@type\":\"ReadAction\",\"target\":[\"https:\/\/verdadeon.com.br\/portal\/2022\/06\/29\/pavimentacao-da-estrada-velha-franca-batatais-e-aguardada-ha-anos\/\"]}]},{\"@type\":\"ImageObject\",\"inLanguage\":\"pt-BR\",\"@id\":\"https:\/\/verdadeon.com.br\/portal\/2022\/06\/29\/pavimentacao-da-estrada-velha-franca-batatais-e-aguardada-ha-anos\/#primaryimage\",\"url\":\"https:\/\/i0.wp.com\/verdadeon.com.br\/portal\/wp-content\/uploads\/2022\/06\/IMG_5168.jpg?fit=800%2C548&ssl=1\",\"contentUrl\":\"https:\/\/i0.wp.com\/verdadeon.com.br\/portal\/wp-content\/uploads\/2022\/06\/IMG_5168.jpg?fit=800%2C548&ssl=1\",\"width\":800,\"height\":548,\"caption\":\"Roberto Engler e Rodrigo Garcia\"},{\"@type\":\"BreadcrumbList\",\"@id\":\"https:\/\/verdadeon.com.br\/portal\/2022\/06\/29\/pavimentacao-da-estrada-velha-franca-batatais-e-aguardada-ha-anos\/#breadcrumb\",\"itemListElement\":[{\"@type\":\"ListItem\",\"position\":1,\"name\":\"In\u00edcio\",\"item\":\"https:\/\/verdadeon.com.br\/portal\/\"},{\"@type\":\"ListItem\",\"position\":2,\"name\":\"Pavimenta\u00e7\u00e3o da Estrada Velha Franca-Batatais \u00e9 aguardada h\u00e1 anos\"}]},{\"@type\":\"WebSite\",\"@id\":\"https:\/\/verdadeon.com.br\/portal\/#website\",\"url\":\"https:\/\/verdadeon.com.br\/portal\/\",\"name\":\"VerdadeOn\",\"description\":\"Not\u00edcias di\u00e1rias sobre Franca, Regi\u00e3o, Esporte, Cultura, Cotidiano, Colunas. Cobertura nos principais eventos da cidade \u00e9 aqui - Verdadeon Franca\",\"potentialAction\":[{\"@type\":\"SearchAction\",\"target\":{\"@type\":\"EntryPoint\",\"urlTemplate\":\"https:\/\/verdadeon.com.br\/portal\/?s={search_term_string}\"},\"query-input\":{\"@type\":\"PropertyValueSpecification\",\"valueRequired\":true,\"valueName\":\"search_term_string\"}}],\"inLanguage\":\"pt-BR\"},{\"@type\":\"Person\",\"@id\":\"https:\/\/verdadeon.com.br\/portal\/#\/schema\/person\/8994718f49ee62ba5610471e29ca1f62\",\"name\":\"Fernando Calixto\",\"image\":{\"@type\":\"ImageObject\",\"inLanguage\":\"pt-BR\",\"@id\":\"https:\/\/verdadeon.com.br\/portal\/#\/schema\/person\/image\/\",\"url\":\"https:\/\/secure.gravatar.com\/avatar\/7578910c24966c0316c340f9dbd601e93ee9f9212e1033968b367af9306bd9fb?s=96&d=mm&r=g\",\"contentUrl\":\"https:\/\/secure.gravatar.com\/avatar\/7578910c24966c0316c340f9dbd601e93ee9f9212e1033968b367af9306bd9fb?s=96&d=mm&r=g\",\"caption\":\"Fernando Calixto\"},\"url\":\"https:\/\/verdadeon.com.br\/portal\/author\/fernando-calixto\/\"}]}<\/script>\n<!-- \/ Yoast SEO plugin. -->","yoast_head_json":{"title":"Pavimenta\u00e7\u00e3o da Estrada Velha Franca-Batatais \u00e9 aguardada h\u00e1 anos - VerdadeOn","robots":{"index":"index","follow":"follow","max-snippet":"max-snippet:-1","max-image-preview":"max-image-preview:large","max-video-preview":"max-video-preview:-1"},"canonical":"https:\/\/verdadeon.com.br\/portal\/2022\/06\/29\/pavimentacao-da-estrada-velha-franca-batatais-e-aguardada-ha-anos\/","og_locale":"pt_BR","og_type":"article","og_title":"Pavimenta\u00e7\u00e3o da Estrada Velha Franca-Batatais \u00e9 aguardada h\u00e1 anos - VerdadeOn","og_description":"Licita\u00e7\u00e3o para investimento de R$ 52 milh\u00f5es na via est\u00e1 em andamento Reivindica\u00e7\u00e3o defendida pelo deputado estadual Roberto Engler (PSDB) h\u00e1 anos, a pavimenta\u00e7\u00e3o da Estrada [\u2026]","og_url":"https:\/\/verdadeon.com.br\/portal\/2022\/06\/29\/pavimentacao-da-estrada-velha-franca-batatais-e-aguardada-ha-anos\/","og_site_name":"VerdadeOn","article_published_time":"2022-06-29T19:16:30+00:00","og_image":[{"width":800,"height":548,"url":"https:\/\/verdadeon.com.br\/portal\/wp-content\/uploads\/2022\/06\/IMG_5168.jpg","type":"image\/jpeg"}],"author":"Fernando Calixto","twitter_card":"summary_large_image","twitter_misc":{"Escrito por":"Fernando Calixto","Est. tempo de leitura":"3 minutos"},"schema":{"@context":"https:\/\/schema.org","@graph":[{"@type":"WebPage","@id":"https:\/\/verdadeon.com.br\/portal\/2022\/06\/29\/pavimentacao-da-estrada-velha-franca-batatais-e-aguardada-ha-anos\/","url":"https:\/\/verdadeon.com.br\/portal\/2022\/06\/29\/pavimentacao-da-estrada-velha-franca-batatais-e-aguardada-ha-anos\/","name":"Pavimenta\u00e7\u00e3o da Estrada Velha Franca-Batatais \u00e9 aguardada h\u00e1 anos - VerdadeOn","isPartOf":{"@id":"https:\/\/verdadeon.com.br\/portal\/#website"},"primaryImageOfPage":{"@id":"https:\/\/verdadeon.com.br\/portal\/2022\/06\/29\/pavimentacao-da-estrada-velha-franca-batatais-e-aguardada-ha-anos\/#primaryimage"},"image":{"@id":"https:\/\/verdadeon.com.br\/portal\/2022\/06\/29\/pavimentacao-da-estrada-velha-franca-batatais-e-aguardada-ha-anos\/#primaryimage"},"thumbnailUrl":"https:\/\/i0.wp.com\/verdadeon.com.br\/portal\/wp-content\/uploads\/2022\/06\/IMG_5168.jpg?fit=800%2C548&ssl=1","datePublished":"2022-06-29T19:16:30+00:00","author":{"@id":"https:\/\/verdadeon.com.br\/portal\/#\/schema\/person\/8994718f49ee62ba5610471e29ca1f62"},"breadcrumb":{"@id":"https:\/\/verdadeon.com.br\/portal\/2022\/06\/29\/pavimentacao-da-estrada-velha-franca-batatais-e-aguardada-ha-anos\/#breadcrumb"},"inLanguage":"pt-BR","potentialAction":[{"@type":"ReadAction","target":["https:\/\/verdadeon.com.br\/portal\/2022\/06\/29\/pavimentacao-da-estrada-velha-franca-batatais-e-aguardada-ha-anos\/"]}]},{"@type":"ImageObject","inLanguage":"pt-BR","@id":"https:\/\/verdadeon.com.br\/portal\/2022\/06\/29\/pavimentacao-da-estrada-velha-franca-batatais-e-aguardada-ha-anos\/#primaryimage","url":"https:\/\/i0.wp.com\/verdadeon.com.br\/portal\/wp-content\/uploads\/2022\/06\/IMG_5168.jpg?fit=800%2C548&ssl=1","contentUrl":"https:\/\/i0.wp.com\/verdadeon.com.br\/portal\/wp-content\/uploads\/2022\/06\/IMG_5168.jpg?fit=800%2C548&ssl=1","width":800,"height":548,"caption":"Roberto Engler e Rodrigo Garcia"},{"@type":"BreadcrumbList","@id":"https:\/\/verdadeon.com.br\/portal\/2022\/06\/29\/pavimentacao-da-estrada-velha-franca-batatais-e-aguardada-ha-anos\/#breadcrumb","itemListElement":[{"@type":"ListItem","position":1,"name":"In\u00edcio","item":"https:\/\/verdadeon.com.br\/portal\/"},{"@type":"ListItem","position":2,"name":"Pavimenta\u00e7\u00e3o da Estrada Velha Franca-Batatais \u00e9 aguardada h\u00e1 anos"}]},{"@type":"WebSite","@id":"https:\/\/verdadeon.com.br\/portal\/#website","url":"https:\/\/verdadeon.com.br\/portal\/","name":"VerdadeOn","description":"Not\u00edcias di\u00e1rias sobre Franca, Regi\u00e3o, Esporte, Cultura, Cotidiano, Colunas. Cobertura nos principais eventos da cidade \u00e9 aqui - Verdadeon Franca","potentialAction":[{"@type":"SearchAction","target":{"@type":"EntryPoint","urlTemplate":"https:\/\/verdadeon.com.br\/portal\/?s={search_term_string}"},"query-input":{"@type":"PropertyValueSpecification","valueRequired":true,"valueName":"search_term_string"}}],"inLanguage":"pt-BR"},{"@type":"Person","@id":"https:\/\/verdadeon.com.br\/portal\/#\/schema\/person\/8994718f49ee62ba5610471e29ca1f62","name":"Fernando Calixto","image":{"@type":"ImageObject","inLanguage":"pt-BR","@id":"https:\/\/verdadeon.com.br\/portal\/#\/schema\/person\/image\/","url":"https:\/\/secure.gravatar.com\/avatar\/7578910c24966c0316c340f9dbd601e93ee9f9212e1033968b367af9306bd9fb?s=96&d=mm&r=g","contentUrl":"https:\/\/secure.gravatar.com\/avatar\/7578910c24966c0316c340f9dbd601e93ee9f9212e1033968b367af9306bd9fb?s=96&d=mm&r=g","caption":"Fernando Calixto"},"url":"https:\/\/verdadeon.com.br\/portal\/author\/fernando-calixto\/"}]}},"jetpack_publicize_connections":[],"jetpack_featured_media_url":"https:\/\/i0.wp.com\/verdadeon.com.br\/portal\/wp-content\/uploads\/2022\/06\/IMG_5168.jpg?fit=800%2C548&ssl=1","jetpack_sharing_enabled":true,"_links":{"self":[{"href":"https:\/\/verdadeon.com.br\/portal\/wp-json\/wp\/v2\/posts\/26174","targetHints":{"allow":["GET"]}}],"collection":[{"href":"https:\/\/verdadeon.com.br\/portal\/wp-json\/wp\/v2\/posts"}],"about":[{"href":"https:\/\/verdadeon.com.br\/portal\/wp-json\/wp\/v2\/types\/post"}],"author":[{"embeddable":true,"href":"https:\/\/verdadeon.com.br\/portal\/wp-json\/wp\/v2\/users\/4"}],"replies":[{"embeddable":true,"href":"https:\/\/verdadeon.com.br\/portal\/wp-json\/wp\/v2\/comments?post=26174"}],"version-history":[{"count":1,"href":"https:\/\/verdadeon.com.br\/portal\/wp-json\/wp\/v2\/posts\/26174\/revisions"}],"predecessor-version":[{"id":26178,"href":"https:\/\/verdadeon.com.br\/portal\/wp-json\/wp\/v2\/posts\/26174\/revisions\/26178"}],"wp:featuredmedia":[{"embeddable":true,"href":"https:\/\/verdadeon.com.br\/portal\/wp-json\/wp\/v2\/media\/26177"}],"wp:attachment":[{"href":"https:\/\/verdadeon.com.br\/portal\/wp-json\/wp\/v2\/media?parent=26174"}],"wp:term":[{"taxonomy":"category","embeddable":true,"href":"https:\/\/verdadeon.com.br\/portal\/wp-json\/wp\/v2\/categories?post=26174"},{"taxonomy":"post_tag","embeddable":true,"href":"https:\/\/verdadeon.com.br\/portal\/wp-json\/wp\/v2\/tags?post=26174"}],"curies":[{"name":"wp","href":"https:\/\/api.w.org\/{rel}","templated":true}]}}