{"id":26091,"date":"2022-06-25T14:00:37","date_gmt":"2022-06-25T17:00:37","guid":{"rendered":"https:\/\/verdadeon.com.br\/portal\/?p=26091"},"modified":"2022-06-25T12:00:22","modified_gmt":"2022-06-25T15:00:22","slug":"em-nova-disparada-franca-chega-a-173-assaltos-em-2022","status":"publish","type":"post","link":"https:\/\/verdadeon.com.br\/portal\/2022\/06\/25\/em-nova-disparada-franca-chega-a-173-assaltos-em-2022\/","title":{"rendered":"Em nova disparada, Franca chega a 173 assaltos em 2022"},"content":{"rendered":"<h2>Os n\u00fameros foram divulgados pelo Estado, desde janeiro a cidade vive uma crescente da viol\u00eancia<\/h2>\n<p>Os dados da Secretaria de Seguran\u00e7a P\u00fablica (SSP), apontam que Franca chegou a 173 assaltos em 2022, os dados s\u00e3o de janeiro at\u00e9 maio. Em janeiro foram 32, em fevereiro 26, j\u00e1 em mar\u00e7o foram 36 registros, 32 em abril e em maio 47.<\/p>\n<p>Os n\u00fameros representam um crescimento de 108% neste tipo de crime em 2022, se comparado ao mesmo per\u00edodo de 2021, quando a cidade tinha registrado 83 roubos.<\/p>\n<p>Confira os n\u00fameros da Secretaria de Seguran\u00e7a P\u00fablica de S\u00e3o Paulo:<\/p>\n<table>\n<tbody>\n<tr>\n<td width=\"189\">Roubos<\/td>\n<td width=\"189\">2022<\/td>\n<td width=\"189\">2021<\/td>\n<\/tr>\n<tr>\n<td width=\"189\">&nbsp;<\/td>\n<td width=\"189\">&nbsp;<\/td>\n<td width=\"189\">&nbsp;<\/td>\n<\/tr>\n<tr>\n<td width=\"189\">Janeiro<\/td>\n<td width=\"189\">32<\/td>\n<td width=\"189\">12<\/td>\n<\/tr>\n<tr>\n<td width=\"189\">Fevereiro<\/td>\n<td width=\"189\">26<\/td>\n<td width=\"189\">19<\/td>\n<\/tr>\n<tr>\n<td width=\"189\">Mar\u00e7o<\/td>\n<td width=\"189\">36<\/td>\n<td width=\"189\">24<\/td>\n<\/tr>\n<tr>\n<td width=\"189\">Abril<\/td>\n<td width=\"189\">32<\/td>\n<td width=\"189\">17<\/td>\n<\/tr>\n<tr>\n<td width=\"189\">Maio<\/td>\n<td width=\"189\">47<\/td>\n<td width=\"189\">11<\/td>\n<\/tr>\n<tr>\n<td width=\"189\">Total<\/td>\n<td width=\"189\">173<\/td>\n<td width=\"189\">83<\/td>\n<\/tr>\n<\/tbody>\n<\/table>\n<p>A regi\u00e3o do 2\u00b0 Distrito Policial \u00e9 a que mais registrou roubos em Franca neste ano, foram 67 em 5 meses, ela \u00e9 seguida pelo 3\u00b0 D.P., com 41. O 5\u00b0 D.P. registrou 32, j\u00e1 o 1\u00b0 registrou 18 roubos, e em \u00faltimo o 4\u00b0 Distrito, com 16 assaltos.<\/p>\n<p>O Jornal Verdade vem monitorando os dados divulgados mensalmente pelos \u00f3rg\u00e3os de seguran\u00e7a, al\u00e9m de registrar os assaltos cometidos na cidade. No dia 1\u00b0 deste m\u00eas, um entregador de uma rede de farm\u00e1cias, foi assaltado e teve a moto levada, na Vila Real na zona sul de Franca. Ele estava realizando uma entrega em uma das resid\u00eancias, quando foi abordado pelo ladr\u00e3o.<\/p>\n<p>O ve\u00edculo estava ligado e com a chave no contato, a v\u00edtima ao perceber a aproxima\u00e7\u00e3o chegou a se esconder dentro da casa do cliente. Em quest\u00e3o de segundos a moto \u00e9 levada e tamb\u00e9m o celular, que estava acoplado nela. Imagens de c\u00e2meras de seguran\u00e7a de uma resid\u00eancia flagraram a a\u00e7\u00e3o, elas foram entregues para a Pol\u00edcia Civil que vai investigar o crime.<\/p>\n<p>Em fevereiro a Pol\u00edcia Civil atrav\u00e9s da Delegacia de Investiga\u00e7\u00f5es Gerais (DIG), prendeu um auxiliar de servi\u00e7os de 37 anos, pela pr\u00e1tica de 13 assaltos \u00e0 m\u00e3o armada em estabelecimentos comerciais em Franca.\u00a0Segundo a DIG os alvos preferidos do suspeito eram postos de gasolina . Ap\u00f3s a identifica\u00e7\u00e3o e instaura\u00e7\u00e3o dos inqu\u00e9ritos policiais, ele acabou confessando todos os crimes e respondia em liberdade, mas\u00a0 entretanto tinha sido pedido a sua pris\u00e3o preventiva, a qual foi decretada pelo Ju\u00edzo da 2a Vara Criminal de Franca e como o mesmo j\u00e1 tinha conhecimento do mandado de pris\u00e3o, vinha se escondendo dos investigadores.<\/p>\n<p>Foi ap\u00f3s dilig\u00eancias que os policiais acabaram por localiz\u00e1-lo escondido no cemit\u00e9rio Santo Agostinho. Ap\u00f3s sua pris\u00e3o, ele foi encaminhado pra a Penitenci\u00e1ria de Franca onde responder\u00e1 pelos seus crimes.<\/p>\n","protected":false},"excerpt":{"rendered":"<p>Os n\u00fameros foram divulgados pelo Estado, desde janeiro a cidade vive uma crescente da viol\u00eancia Os dados da Secretaria de Seguran\u00e7a P\u00fablica (SSP), apontam que Franca<span class=\"excerpt-hellip\"> [\u2026]<\/span><\/p>\n","protected":false},"author":7,"featured_media":24906,"comment_status":"open","ping_status":"open","sticky":false,"template":"","format":"standard","meta":{"_jetpack_memberships_contains_paid_content":false,"footnotes":"","jetpack_publicize_message":"","jetpack_publicize_feature_enabled":true,"jetpack_social_post_already_shared":false,"jetpack_social_options":{"image_generator_settings":{"template":"highway","default_image_id":0,"enabled":false},"version":2}},"categories":[28,81],"tags":[],"class_list":["post-26091","post","type-post","status-publish","format-standard","has-post-thumbnail","hentry","category-cotidiano","category-manchete"],"yoast_head":"<!-- This site is optimized with the Yoast SEO plugin v25.6 - https:\/\/yoast.com\/wordpress\/plugins\/seo\/ -->\n<title>Em nova disparada, Franca chega a 173 assaltos em 2022 - VerdadeOn<\/title>\n<meta name=\"robots\" content=\"index, follow, max-snippet:-1, max-image-preview:large, max-video-preview:-1\" \/>\n<link rel=\"canonical\" href=\"https:\/\/verdadeon.com.br\/portal\/2022\/06\/25\/em-nova-disparada-franca-chega-a-173-assaltos-em-2022\/\" \/>\n<meta property=\"og:locale\" content=\"pt_BR\" \/>\n<meta property=\"og:type\" content=\"article\" \/>\n<meta property=\"og:title\" content=\"Em nova disparada, Franca chega a 173 assaltos em 2022 - VerdadeOn\" \/>\n<meta property=\"og:description\" content=\"Os n\u00fameros foram divulgados pelo Estado, desde janeiro a cidade vive uma crescente da viol\u00eancia Os dados da Secretaria de Seguran\u00e7a P\u00fablica (SSP), apontam que Franca [\u2026]\" \/>\n<meta property=\"og:url\" content=\"https:\/\/verdadeon.com.br\/portal\/2022\/06\/25\/em-nova-disparada-franca-chega-a-173-assaltos-em-2022\/\" \/>\n<meta property=\"og:site_name\" content=\"VerdadeOn\" \/>\n<meta property=\"article:published_time\" content=\"2022-06-25T17:00:37+00:00\" \/>\n<meta property=\"og:image\" content=\"https:\/\/verdadeon.com.br\/portal\/wp-content\/uploads\/2022\/05\/ASSALTO-2-e1651862514323.png\" \/>\n\t<meta property=\"og:image:width\" content=\"1001\" \/>\n\t<meta property=\"og:image:height\" content=\"668\" \/>\n\t<meta property=\"og:image:type\" content=\"image\/png\" \/>\n<meta name=\"author\" content=\"Fernando Lima\" \/>\n<meta name=\"twitter:card\" content=\"summary_large_image\" \/>\n<meta name=\"twitter:label1\" content=\"Escrito por\" \/>\n\t<meta name=\"twitter:data1\" content=\"Fernando Lima\" \/>\n\t<meta name=\"twitter:label2\" content=\"Est. tempo de leitura\" \/>\n\t<meta name=\"twitter:data2\" content=\"3 minutos\" \/>\n<script type=\"application\/ld+json\" class=\"yoast-schema-graph\">{\"@context\":\"https:\/\/schema.org\",\"@graph\":[{\"@type\":\"WebPage\",\"@id\":\"https:\/\/verdadeon.com.br\/portal\/2022\/06\/25\/em-nova-disparada-franca-chega-a-173-assaltos-em-2022\/\",\"url\":\"https:\/\/verdadeon.com.br\/portal\/2022\/06\/25\/em-nova-disparada-franca-chega-a-173-assaltos-em-2022\/\",\"name\":\"Em nova disparada, Franca chega a 173 assaltos em 2022 - VerdadeOn\",\"isPartOf\":{\"@id\":\"https:\/\/verdadeon.com.br\/portal\/#website\"},\"primaryImageOfPage\":{\"@id\":\"https:\/\/verdadeon.com.br\/portal\/2022\/06\/25\/em-nova-disparada-franca-chega-a-173-assaltos-em-2022\/#primaryimage\"},\"image\":{\"@id\":\"https:\/\/verdadeon.com.br\/portal\/2022\/06\/25\/em-nova-disparada-franca-chega-a-173-assaltos-em-2022\/#primaryimage\"},\"thumbnailUrl\":\"https:\/\/i0.wp.com\/verdadeon.com.br\/portal\/wp-content\/uploads\/2022\/05\/ASSALTO-2-e1651862514323.png?fit=1001%2C668&ssl=1\",\"datePublished\":\"2022-06-25T17:00:37+00:00\",\"author\":{\"@id\":\"https:\/\/verdadeon.com.br\/portal\/#\/schema\/person\/cc32be22b8e8599387c480bc83e1d11a\"},\"breadcrumb\":{\"@id\":\"https:\/\/verdadeon.com.br\/portal\/2022\/06\/25\/em-nova-disparada-franca-chega-a-173-assaltos-em-2022\/#breadcrumb\"},\"inLanguage\":\"pt-BR\",\"potentialAction\":[{\"@type\":\"ReadAction\",\"target\":[\"https:\/\/verdadeon.com.br\/portal\/2022\/06\/25\/em-nova-disparada-franca-chega-a-173-assaltos-em-2022\/\"]}]},{\"@type\":\"ImageObject\",\"inLanguage\":\"pt-BR\",\"@id\":\"https:\/\/verdadeon.com.br\/portal\/2022\/06\/25\/em-nova-disparada-franca-chega-a-173-assaltos-em-2022\/#primaryimage\",\"url\":\"https:\/\/i0.wp.com\/verdadeon.com.br\/portal\/wp-content\/uploads\/2022\/05\/ASSALTO-2-e1651862514323.png?fit=1001%2C668&ssl=1\",\"contentUrl\":\"https:\/\/i0.wp.com\/verdadeon.com.br\/portal\/wp-content\/uploads\/2022\/05\/ASSALTO-2-e1651862514323.png?fit=1001%2C668&ssl=1\",\"width\":1001,\"height\":668,\"caption\":\"Em maio o Jornal Verdade mostrou que ladr\u00f5es armados invadiram e assaltaram uma joalheria no centro da cidade, joias e dinheiro foram levados do local | Foto: Reprodu\u00e7\u00e3o\"},{\"@type\":\"BreadcrumbList\",\"@id\":\"https:\/\/verdadeon.com.br\/portal\/2022\/06\/25\/em-nova-disparada-franca-chega-a-173-assaltos-em-2022\/#breadcrumb\",\"itemListElement\":[{\"@type\":\"ListItem\",\"position\":1,\"name\":\"In\u00edcio\",\"item\":\"https:\/\/verdadeon.com.br\/portal\/\"},{\"@type\":\"ListItem\",\"position\":2,\"name\":\"Em nova disparada, Franca chega a 173 assaltos em 2022\"}]},{\"@type\":\"WebSite\",\"@id\":\"https:\/\/verdadeon.com.br\/portal\/#website\",\"url\":\"https:\/\/verdadeon.com.br\/portal\/\",\"name\":\"VerdadeOn\",\"description\":\"Not\u00edcias di\u00e1rias sobre Franca, Regi\u00e3o, Esporte, Cultura, Cotidiano, Colunas. Cobertura nos principais eventos da cidade \u00e9 aqui - Verdadeon Franca\",\"potentialAction\":[{\"@type\":\"SearchAction\",\"target\":{\"@type\":\"EntryPoint\",\"urlTemplate\":\"https:\/\/verdadeon.com.br\/portal\/?s={search_term_string}\"},\"query-input\":{\"@type\":\"PropertyValueSpecification\",\"valueRequired\":true,\"valueName\":\"search_term_string\"}}],\"inLanguage\":\"pt-BR\"},{\"@type\":\"Person\",\"@id\":\"https:\/\/verdadeon.com.br\/portal\/#\/schema\/person\/cc32be22b8e8599387c480bc83e1d11a\",\"name\":\"Fernando Lima\",\"image\":{\"@type\":\"ImageObject\",\"inLanguage\":\"pt-BR\",\"@id\":\"https:\/\/verdadeon.com.br\/portal\/#\/schema\/person\/image\/\",\"url\":\"https:\/\/secure.gravatar.com\/avatar\/df4c8e132080d2b3a4841d5d232045464e0eed11a1d6e43115ca0843d48768d3?s=96&d=mm&r=g\",\"contentUrl\":\"https:\/\/secure.gravatar.com\/avatar\/df4c8e132080d2b3a4841d5d232045464e0eed11a1d6e43115ca0843d48768d3?s=96&d=mm&r=g\",\"caption\":\"Fernando Lima\"},\"sameAs\":[\"http:\/\/verdadeon.com.br\/\"],\"url\":\"https:\/\/verdadeon.com.br\/portal\/author\/fernando-lima\/\"}]}<\/script>\n<!-- \/ Yoast SEO plugin. -->","yoast_head_json":{"title":"Em nova disparada, Franca chega a 173 assaltos em 2022 - VerdadeOn","robots":{"index":"index","follow":"follow","max-snippet":"max-snippet:-1","max-image-preview":"max-image-preview:large","max-video-preview":"max-video-preview:-1"},"canonical":"https:\/\/verdadeon.com.br\/portal\/2022\/06\/25\/em-nova-disparada-franca-chega-a-173-assaltos-em-2022\/","og_locale":"pt_BR","og_type":"article","og_title":"Em nova disparada, Franca chega a 173 assaltos em 2022 - VerdadeOn","og_description":"Os n\u00fameros foram divulgados pelo Estado, desde janeiro a cidade vive uma crescente da viol\u00eancia Os dados da Secretaria de Seguran\u00e7a P\u00fablica (SSP), apontam que Franca [\u2026]","og_url":"https:\/\/verdadeon.com.br\/portal\/2022\/06\/25\/em-nova-disparada-franca-chega-a-173-assaltos-em-2022\/","og_site_name":"VerdadeOn","article_published_time":"2022-06-25T17:00:37+00:00","og_image":[{"width":1001,"height":668,"url":"https:\/\/verdadeon.com.br\/portal\/wp-content\/uploads\/2022\/05\/ASSALTO-2-e1651862514323.png","type":"image\/png"}],"author":"Fernando Lima","twitter_card":"summary_large_image","twitter_misc":{"Escrito por":"Fernando Lima","Est. tempo de leitura":"3 minutos"},"schema":{"@context":"https:\/\/schema.org","@graph":[{"@type":"WebPage","@id":"https:\/\/verdadeon.com.br\/portal\/2022\/06\/25\/em-nova-disparada-franca-chega-a-173-assaltos-em-2022\/","url":"https:\/\/verdadeon.com.br\/portal\/2022\/06\/25\/em-nova-disparada-franca-chega-a-173-assaltos-em-2022\/","name":"Em nova disparada, Franca chega a 173 assaltos em 2022 - VerdadeOn","isPartOf":{"@id":"https:\/\/verdadeon.com.br\/portal\/#website"},"primaryImageOfPage":{"@id":"https:\/\/verdadeon.com.br\/portal\/2022\/06\/25\/em-nova-disparada-franca-chega-a-173-assaltos-em-2022\/#primaryimage"},"image":{"@id":"https:\/\/verdadeon.com.br\/portal\/2022\/06\/25\/em-nova-disparada-franca-chega-a-173-assaltos-em-2022\/#primaryimage"},"thumbnailUrl":"https:\/\/i0.wp.com\/verdadeon.com.br\/portal\/wp-content\/uploads\/2022\/05\/ASSALTO-2-e1651862514323.png?fit=1001%2C668&ssl=1","datePublished":"2022-06-25T17:00:37+00:00","author":{"@id":"https:\/\/verdadeon.com.br\/portal\/#\/schema\/person\/cc32be22b8e8599387c480bc83e1d11a"},"breadcrumb":{"@id":"https:\/\/verdadeon.com.br\/portal\/2022\/06\/25\/em-nova-disparada-franca-chega-a-173-assaltos-em-2022\/#breadcrumb"},"inLanguage":"pt-BR","potentialAction":[{"@type":"ReadAction","target":["https:\/\/verdadeon.com.br\/portal\/2022\/06\/25\/em-nova-disparada-franca-chega-a-173-assaltos-em-2022\/"]}]},{"@type":"ImageObject","inLanguage":"pt-BR","@id":"https:\/\/verdadeon.com.br\/portal\/2022\/06\/25\/em-nova-disparada-franca-chega-a-173-assaltos-em-2022\/#primaryimage","url":"https:\/\/i0.wp.com\/verdadeon.com.br\/portal\/wp-content\/uploads\/2022\/05\/ASSALTO-2-e1651862514323.png?fit=1001%2C668&ssl=1","contentUrl":"https:\/\/i0.wp.com\/verdadeon.com.br\/portal\/wp-content\/uploads\/2022\/05\/ASSALTO-2-e1651862514323.png?fit=1001%2C668&ssl=1","width":1001,"height":668,"caption":"Em maio o Jornal Verdade mostrou que ladr\u00f5es armados invadiram e assaltaram uma joalheria no centro da cidade, joias e dinheiro foram levados do local | Foto: Reprodu\u00e7\u00e3o"},{"@type":"BreadcrumbList","@id":"https:\/\/verdadeon.com.br\/portal\/2022\/06\/25\/em-nova-disparada-franca-chega-a-173-assaltos-em-2022\/#breadcrumb","itemListElement":[{"@type":"ListItem","position":1,"name":"In\u00edcio","item":"https:\/\/verdadeon.com.br\/portal\/"},{"@type":"ListItem","position":2,"name":"Em nova disparada, Franca chega a 173 assaltos em 2022"}]},{"@type":"WebSite","@id":"https:\/\/verdadeon.com.br\/portal\/#website","url":"https:\/\/verdadeon.com.br\/portal\/","name":"VerdadeOn","description":"Not\u00edcias di\u00e1rias sobre Franca, Regi\u00e3o, Esporte, Cultura, Cotidiano, Colunas. Cobertura nos principais eventos da cidade \u00e9 aqui - Verdadeon Franca","potentialAction":[{"@type":"SearchAction","target":{"@type":"EntryPoint","urlTemplate":"https:\/\/verdadeon.com.br\/portal\/?s={search_term_string}"},"query-input":{"@type":"PropertyValueSpecification","valueRequired":true,"valueName":"search_term_string"}}],"inLanguage":"pt-BR"},{"@type":"Person","@id":"https:\/\/verdadeon.com.br\/portal\/#\/schema\/person\/cc32be22b8e8599387c480bc83e1d11a","name":"Fernando Lima","image":{"@type":"ImageObject","inLanguage":"pt-BR","@id":"https:\/\/verdadeon.com.br\/portal\/#\/schema\/person\/image\/","url":"https:\/\/secure.gravatar.com\/avatar\/df4c8e132080d2b3a4841d5d232045464e0eed11a1d6e43115ca0843d48768d3?s=96&d=mm&r=g","contentUrl":"https:\/\/secure.gravatar.com\/avatar\/df4c8e132080d2b3a4841d5d232045464e0eed11a1d6e43115ca0843d48768d3?s=96&d=mm&r=g","caption":"Fernando Lima"},"sameAs":["http:\/\/verdadeon.com.br\/"],"url":"https:\/\/verdadeon.com.br\/portal\/author\/fernando-lima\/"}]}},"jetpack_publicize_connections":[],"jetpack_featured_media_url":"https:\/\/i0.wp.com\/verdadeon.com.br\/portal\/wp-content\/uploads\/2022\/05\/ASSALTO-2-e1651862514323.png?fit=1001%2C668&ssl=1","jetpack_sharing_enabled":true,"_links":{"self":[{"href":"https:\/\/verdadeon.com.br\/portal\/wp-json\/wp\/v2\/posts\/26091","targetHints":{"allow":["GET"]}}],"collection":[{"href":"https:\/\/verdadeon.com.br\/portal\/wp-json\/wp\/v2\/posts"}],"about":[{"href":"https:\/\/verdadeon.com.br\/portal\/wp-json\/wp\/v2\/types\/post"}],"author":[{"embeddable":true,"href":"https:\/\/verdadeon.com.br\/portal\/wp-json\/wp\/v2\/users\/7"}],"replies":[{"embeddable":true,"href":"https:\/\/verdadeon.com.br\/portal\/wp-json\/wp\/v2\/comments?post=26091"}],"version-history":[{"count":1,"href":"https:\/\/verdadeon.com.br\/portal\/wp-json\/wp\/v2\/posts\/26091\/revisions"}],"predecessor-version":[{"id":26093,"href":"https:\/\/verdadeon.com.br\/portal\/wp-json\/wp\/v2\/posts\/26091\/revisions\/26093"}],"wp:featuredmedia":[{"embeddable":true,"href":"https:\/\/verdadeon.com.br\/portal\/wp-json\/wp\/v2\/media\/24906"}],"wp:attachment":[{"href":"https:\/\/verdadeon.com.br\/portal\/wp-json\/wp\/v2\/media?parent=26091"}],"wp:term":[{"taxonomy":"category","embeddable":true,"href":"https:\/\/verdadeon.com.br\/portal\/wp-json\/wp\/v2\/categories?post=26091"},{"taxonomy":"post_tag","embeddable":true,"href":"https:\/\/verdadeon.com.br\/portal\/wp-json\/wp\/v2\/tags?post=26091"}],"curies":[{"name":"wp","href":"https:\/\/api.w.org\/{rel}","templated":true}]}}