{"id":26075,"date":"2022-06-24T15:05:06","date_gmt":"2022-06-24T18:05:06","guid":{"rendered":"https:\/\/verdadeon.com.br\/portal\/?p=26075"},"modified":"2022-06-24T15:05:06","modified_gmt":"2022-06-24T18:05:06","slug":"policia-ambiental-multa-homem-por-caca-ilegal","status":"publish","type":"post","link":"https:\/\/verdadeon.com.br\/portal\/2022\/06\/24\/policia-ambiental-multa-homem-por-caca-ilegal\/","title":{"rendered":"Pol\u00edcia Ambiental multa homem por ca\u00e7a ilegal"},"content":{"rendered":"<h2>Arma de fogo usada por ele, que n\u00e3o tinha documenta\u00e7\u00e3o foi apreendida, caso foi registrado em Igarapava<\/h2>\n<p>Um homem foi detido e multado pela Pol\u00edcia Ambiental na cidade de Igarapava, na regi\u00e3o de Franca. Segundo os militares, durante patrulhamento ambiental na regi\u00e3o da fazenda S\u00e3o Judas Tadeu, a equipe surpreendeu uma pessoa saindo de uma mata em posse de uma arma de fogo calibre 36 ,o mesmo alegou estar ca\u00e7ando javali, mas n\u00e3o possu\u00ed cadastro no \u00f3rg\u00e3o competente<\/p>\n<p>Os policiais tamb\u00e9m fizeram um levantamento e descobriram que ele n\u00e3o possui porte de arma e nem documentos referentes a arma.<\/p>\n<p>\u201cAdministrativamente infringindo o artigo 25 da Resolu\u00e7\u00e3o SIMA 2021, o autor foi autuado com san\u00e7\u00e3o de multa simples majorada pelo per\u00edodo noturno no valor de R$ 1.000,00\u201d, informou a P.A.<\/p>\n<h4>Indiciado<\/h4>\n<p>Ainda no setor policial, a Delegacia de Investiga\u00e7\u00f5es Gerais (DIG) de Franca, indiciou o autor do homic\u00eddio ocorrido na data de 24\/04\/2022, no Jd S\u00e3o Luiz II, que vitimou a dona de casa Geni Miranda. \u201cNaquela oportunidade, por volta das 13h30, o companheiro da v\u00edtima, um pedreiro de 45 anos, acionou o SAMU para socorrer a mesma, por\u00e9m quando a ambul\u00e2ncia chegou at\u00e9 a casa onde os fatos ocorreram, constaram que Geni j\u00e1 estava em \u00f3bito\u201d, informou o delegado M\u00e1rcio Murari.<\/p>\n<p>Ainda de acordo com o titular da DIG, foi ent\u00e3o acionado a Pol\u00edcia para realizar o registro da ocorr\u00eancia, quando ent\u00e3o foi verificado que a mesma apresentava ferimentos pelo corpo. O pedreiro inicialmente disse que a v\u00edtima tinha sofrido uma queda, ou ent\u00e3o alguma outra pessoa teria invadido a casa e a agredido. \u201cEntretanto durante as investiga\u00e7\u00f5es realizadas pelo Setor de Homic\u00eddio da DIG, com oitivas de testemunhas e vizinhos, bem como com chegada do laudo necrosc\u00f3pico, o qual constatou que a v\u00edtima sofrera violenta agress\u00e3o f\u00edsica com traumas por todo o corpo, principalmente com fraturas no rosto, t\u00f3rax, abdome, bra\u00e7os, n\u00e3o h\u00e1 d\u00favidas de que o Pedreiro foi o autor das agress\u00f5es f\u00edsicas que culminaram com a morte da dona de casa\u201d.<\/p>\n<p>Durante o interrogat\u00f3rio, o pedreiro acompanhado de um advogado, disse que teve uma discuss\u00e3o por causa de ci\u00fames da mulher, e assumiu que desferiu um soco contra o rosto dela, depois disse que nada mais se lembrava tendo em vista que ambos ingeriram bastante bebida alco\u00f3lica.<\/p>\n<p>Ele foi indiciado por homic\u00eddio qualificado e feminic\u00eddio, a princ\u00edpio vai responder em liberdade.<\/p>\n","protected":false},"excerpt":{"rendered":"<p>Arma de fogo usada por ele, que n\u00e3o tinha documenta\u00e7\u00e3o foi apreendida, caso foi registrado em Igarapava Um homem foi detido e multado pela Pol\u00edcia Ambiental<span class=\"excerpt-hellip\"> [\u2026]<\/span><\/p>\n","protected":false},"author":7,"featured_media":26076,"comment_status":"open","ping_status":"open","sticky":false,"template":"","format":"standard","meta":{"_jetpack_memberships_contains_paid_content":false,"footnotes":"","jetpack_publicize_message":"","jetpack_publicize_feature_enabled":true,"jetpack_social_post_already_shared":false,"jetpack_social_options":{"image_generator_settings":{"template":"highway","default_image_id":0,"enabled":false},"version":2}},"categories":[28,81],"tags":[],"class_list":["post-26075","post","type-post","status-publish","format-standard","has-post-thumbnail","hentry","category-cotidiano","category-manchete"],"yoast_head":"<!-- This site is optimized with the Yoast SEO plugin v25.6 - https:\/\/yoast.com\/wordpress\/plugins\/seo\/ -->\n<title>Pol\u00edcia Ambiental multa homem por ca\u00e7a ilegal - VerdadeOn<\/title>\n<meta name=\"robots\" content=\"index, follow, max-snippet:-1, max-image-preview:large, max-video-preview:-1\" \/>\n<link rel=\"canonical\" href=\"https:\/\/verdadeon.com.br\/portal\/2022\/06\/24\/policia-ambiental-multa-homem-por-caca-ilegal\/\" \/>\n<meta property=\"og:locale\" content=\"pt_BR\" \/>\n<meta property=\"og:type\" content=\"article\" \/>\n<meta property=\"og:title\" content=\"Pol\u00edcia Ambiental multa homem por ca\u00e7a ilegal - VerdadeOn\" \/>\n<meta property=\"og:description\" content=\"Arma de fogo usada por ele, que n\u00e3o tinha documenta\u00e7\u00e3o foi apreendida, caso foi registrado em Igarapava Um homem foi detido e multado pela Pol\u00edcia Ambiental [\u2026]\" \/>\n<meta property=\"og:url\" content=\"https:\/\/verdadeon.com.br\/portal\/2022\/06\/24\/policia-ambiental-multa-homem-por-caca-ilegal\/\" \/>\n<meta property=\"og:site_name\" content=\"VerdadeOn\" \/>\n<meta property=\"article:published_time\" content=\"2022-06-24T18:05:06+00:00\" \/>\n<meta property=\"og:image\" content=\"https:\/\/verdadeon.com.br\/portal\/wp-content\/uploads\/2022\/06\/WhatsApp-Image-2022-06-24-at-09.10.24-e1656093711168.jpeg\" \/>\n\t<meta property=\"og:image:width\" content=\"999\" \/>\n\t<meta property=\"og:image:height\" content=\"671\" \/>\n\t<meta property=\"og:image:type\" content=\"image\/jpeg\" \/>\n<meta name=\"author\" content=\"Fernando Lima\" \/>\n<meta name=\"twitter:card\" content=\"summary_large_image\" \/>\n<meta name=\"twitter:label1\" content=\"Escrito por\" \/>\n\t<meta name=\"twitter:data1\" content=\"Fernando Lima\" \/>\n\t<meta name=\"twitter:label2\" content=\"Est. tempo de leitura\" \/>\n\t<meta name=\"twitter:data2\" content=\"3 minutos\" \/>\n<script type=\"application\/ld+json\" class=\"yoast-schema-graph\">{\"@context\":\"https:\/\/schema.org\",\"@graph\":[{\"@type\":\"WebPage\",\"@id\":\"https:\/\/verdadeon.com.br\/portal\/2022\/06\/24\/policia-ambiental-multa-homem-por-caca-ilegal\/\",\"url\":\"https:\/\/verdadeon.com.br\/portal\/2022\/06\/24\/policia-ambiental-multa-homem-por-caca-ilegal\/\",\"name\":\"Pol\u00edcia Ambiental multa homem por ca\u00e7a ilegal - VerdadeOn\",\"isPartOf\":{\"@id\":\"https:\/\/verdadeon.com.br\/portal\/#website\"},\"primaryImageOfPage\":{\"@id\":\"https:\/\/verdadeon.com.br\/portal\/2022\/06\/24\/policia-ambiental-multa-homem-por-caca-ilegal\/#primaryimage\"},\"image\":{\"@id\":\"https:\/\/verdadeon.com.br\/portal\/2022\/06\/24\/policia-ambiental-multa-homem-por-caca-ilegal\/#primaryimage\"},\"thumbnailUrl\":\"https:\/\/i0.wp.com\/verdadeon.com.br\/portal\/wp-content\/uploads\/2022\/06\/WhatsApp-Image-2022-06-24-at-09.10.24-e1656093711168.jpeg?fit=999%2C671&ssl=1\",\"datePublished\":\"2022-06-24T18:05:06+00:00\",\"author\":{\"@id\":\"https:\/\/verdadeon.com.br\/portal\/#\/schema\/person\/cc32be22b8e8599387c480bc83e1d11a\"},\"breadcrumb\":{\"@id\":\"https:\/\/verdadeon.com.br\/portal\/2022\/06\/24\/policia-ambiental-multa-homem-por-caca-ilegal\/#breadcrumb\"},\"inLanguage\":\"pt-BR\",\"potentialAction\":[{\"@type\":\"ReadAction\",\"target\":[\"https:\/\/verdadeon.com.br\/portal\/2022\/06\/24\/policia-ambiental-multa-homem-por-caca-ilegal\/\"]}]},{\"@type\":\"ImageObject\",\"inLanguage\":\"pt-BR\",\"@id\":\"https:\/\/verdadeon.com.br\/portal\/2022\/06\/24\/policia-ambiental-multa-homem-por-caca-ilegal\/#primaryimage\",\"url\":\"https:\/\/i0.wp.com\/verdadeon.com.br\/portal\/wp-content\/uploads\/2022\/06\/WhatsApp-Image-2022-06-24-at-09.10.24-e1656093711168.jpeg?fit=999%2C671&ssl=1\",\"contentUrl\":\"https:\/\/i0.wp.com\/verdadeon.com.br\/portal\/wp-content\/uploads\/2022\/06\/WhatsApp-Image-2022-06-24-at-09.10.24-e1656093711168.jpeg?fit=999%2C671&ssl=1\",\"width\":999,\"height\":671,\"caption\":\"Homem afirmou que n\u00e3o tinha a documenta\u00e7\u00e3o necess\u00e1ria para portar a arma de fogo, que acabou sendo apreendida | Foto: Pol\u00edcia Ambiental\"},{\"@type\":\"BreadcrumbList\",\"@id\":\"https:\/\/verdadeon.com.br\/portal\/2022\/06\/24\/policia-ambiental-multa-homem-por-caca-ilegal\/#breadcrumb\",\"itemListElement\":[{\"@type\":\"ListItem\",\"position\":1,\"name\":\"In\u00edcio\",\"item\":\"https:\/\/verdadeon.com.br\/portal\/\"},{\"@type\":\"ListItem\",\"position\":2,\"name\":\"Pol\u00edcia Ambiental multa homem por ca\u00e7a ilegal\"}]},{\"@type\":\"WebSite\",\"@id\":\"https:\/\/verdadeon.com.br\/portal\/#website\",\"url\":\"https:\/\/verdadeon.com.br\/portal\/\",\"name\":\"VerdadeOn\",\"description\":\"Not\u00edcias di\u00e1rias sobre Franca, Regi\u00e3o, Esporte, Cultura, Cotidiano, Colunas. Cobertura nos principais eventos da cidade \u00e9 aqui - Verdadeon Franca\",\"potentialAction\":[{\"@type\":\"SearchAction\",\"target\":{\"@type\":\"EntryPoint\",\"urlTemplate\":\"https:\/\/verdadeon.com.br\/portal\/?s={search_term_string}\"},\"query-input\":{\"@type\":\"PropertyValueSpecification\",\"valueRequired\":true,\"valueName\":\"search_term_string\"}}],\"inLanguage\":\"pt-BR\"},{\"@type\":\"Person\",\"@id\":\"https:\/\/verdadeon.com.br\/portal\/#\/schema\/person\/cc32be22b8e8599387c480bc83e1d11a\",\"name\":\"Fernando Lima\",\"image\":{\"@type\":\"ImageObject\",\"inLanguage\":\"pt-BR\",\"@id\":\"https:\/\/verdadeon.com.br\/portal\/#\/schema\/person\/image\/\",\"url\":\"https:\/\/secure.gravatar.com\/avatar\/df4c8e132080d2b3a4841d5d232045464e0eed11a1d6e43115ca0843d48768d3?s=96&d=mm&r=g\",\"contentUrl\":\"https:\/\/secure.gravatar.com\/avatar\/df4c8e132080d2b3a4841d5d232045464e0eed11a1d6e43115ca0843d48768d3?s=96&d=mm&r=g\",\"caption\":\"Fernando Lima\"},\"sameAs\":[\"http:\/\/verdadeon.com.br\/\"],\"url\":\"https:\/\/verdadeon.com.br\/portal\/author\/fernando-lima\/\"}]}<\/script>\n<!-- \/ Yoast SEO plugin. -->","yoast_head_json":{"title":"Pol\u00edcia Ambiental multa homem por ca\u00e7a ilegal - VerdadeOn","robots":{"index":"index","follow":"follow","max-snippet":"max-snippet:-1","max-image-preview":"max-image-preview:large","max-video-preview":"max-video-preview:-1"},"canonical":"https:\/\/verdadeon.com.br\/portal\/2022\/06\/24\/policia-ambiental-multa-homem-por-caca-ilegal\/","og_locale":"pt_BR","og_type":"article","og_title":"Pol\u00edcia Ambiental multa homem por ca\u00e7a ilegal - VerdadeOn","og_description":"Arma de fogo usada por ele, que n\u00e3o tinha documenta\u00e7\u00e3o foi apreendida, caso foi registrado em Igarapava Um homem foi detido e multado pela Pol\u00edcia Ambiental [\u2026]","og_url":"https:\/\/verdadeon.com.br\/portal\/2022\/06\/24\/policia-ambiental-multa-homem-por-caca-ilegal\/","og_site_name":"VerdadeOn","article_published_time":"2022-06-24T18:05:06+00:00","og_image":[{"width":999,"height":671,"url":"https:\/\/verdadeon.com.br\/portal\/wp-content\/uploads\/2022\/06\/WhatsApp-Image-2022-06-24-at-09.10.24-e1656093711168.jpeg","type":"image\/jpeg"}],"author":"Fernando Lima","twitter_card":"summary_large_image","twitter_misc":{"Escrito por":"Fernando Lima","Est. tempo de leitura":"3 minutos"},"schema":{"@context":"https:\/\/schema.org","@graph":[{"@type":"WebPage","@id":"https:\/\/verdadeon.com.br\/portal\/2022\/06\/24\/policia-ambiental-multa-homem-por-caca-ilegal\/","url":"https:\/\/verdadeon.com.br\/portal\/2022\/06\/24\/policia-ambiental-multa-homem-por-caca-ilegal\/","name":"Pol\u00edcia Ambiental multa homem por ca\u00e7a ilegal - VerdadeOn","isPartOf":{"@id":"https:\/\/verdadeon.com.br\/portal\/#website"},"primaryImageOfPage":{"@id":"https:\/\/verdadeon.com.br\/portal\/2022\/06\/24\/policia-ambiental-multa-homem-por-caca-ilegal\/#primaryimage"},"image":{"@id":"https:\/\/verdadeon.com.br\/portal\/2022\/06\/24\/policia-ambiental-multa-homem-por-caca-ilegal\/#primaryimage"},"thumbnailUrl":"https:\/\/i0.wp.com\/verdadeon.com.br\/portal\/wp-content\/uploads\/2022\/06\/WhatsApp-Image-2022-06-24-at-09.10.24-e1656093711168.jpeg?fit=999%2C671&ssl=1","datePublished":"2022-06-24T18:05:06+00:00","author":{"@id":"https:\/\/verdadeon.com.br\/portal\/#\/schema\/person\/cc32be22b8e8599387c480bc83e1d11a"},"breadcrumb":{"@id":"https:\/\/verdadeon.com.br\/portal\/2022\/06\/24\/policia-ambiental-multa-homem-por-caca-ilegal\/#breadcrumb"},"inLanguage":"pt-BR","potentialAction":[{"@type":"ReadAction","target":["https:\/\/verdadeon.com.br\/portal\/2022\/06\/24\/policia-ambiental-multa-homem-por-caca-ilegal\/"]}]},{"@type":"ImageObject","inLanguage":"pt-BR","@id":"https:\/\/verdadeon.com.br\/portal\/2022\/06\/24\/policia-ambiental-multa-homem-por-caca-ilegal\/#primaryimage","url":"https:\/\/i0.wp.com\/verdadeon.com.br\/portal\/wp-content\/uploads\/2022\/06\/WhatsApp-Image-2022-06-24-at-09.10.24-e1656093711168.jpeg?fit=999%2C671&ssl=1","contentUrl":"https:\/\/i0.wp.com\/verdadeon.com.br\/portal\/wp-content\/uploads\/2022\/06\/WhatsApp-Image-2022-06-24-at-09.10.24-e1656093711168.jpeg?fit=999%2C671&ssl=1","width":999,"height":671,"caption":"Homem afirmou que n\u00e3o tinha a documenta\u00e7\u00e3o necess\u00e1ria para portar a arma de fogo, que acabou sendo apreendida | Foto: Pol\u00edcia Ambiental"},{"@type":"BreadcrumbList","@id":"https:\/\/verdadeon.com.br\/portal\/2022\/06\/24\/policia-ambiental-multa-homem-por-caca-ilegal\/#breadcrumb","itemListElement":[{"@type":"ListItem","position":1,"name":"In\u00edcio","item":"https:\/\/verdadeon.com.br\/portal\/"},{"@type":"ListItem","position":2,"name":"Pol\u00edcia Ambiental multa homem por ca\u00e7a ilegal"}]},{"@type":"WebSite","@id":"https:\/\/verdadeon.com.br\/portal\/#website","url":"https:\/\/verdadeon.com.br\/portal\/","name":"VerdadeOn","description":"Not\u00edcias di\u00e1rias sobre Franca, Regi\u00e3o, Esporte, Cultura, Cotidiano, Colunas. Cobertura nos principais eventos da cidade \u00e9 aqui - Verdadeon Franca","potentialAction":[{"@type":"SearchAction","target":{"@type":"EntryPoint","urlTemplate":"https:\/\/verdadeon.com.br\/portal\/?s={search_term_string}"},"query-input":{"@type":"PropertyValueSpecification","valueRequired":true,"valueName":"search_term_string"}}],"inLanguage":"pt-BR"},{"@type":"Person","@id":"https:\/\/verdadeon.com.br\/portal\/#\/schema\/person\/cc32be22b8e8599387c480bc83e1d11a","name":"Fernando Lima","image":{"@type":"ImageObject","inLanguage":"pt-BR","@id":"https:\/\/verdadeon.com.br\/portal\/#\/schema\/person\/image\/","url":"https:\/\/secure.gravatar.com\/avatar\/df4c8e132080d2b3a4841d5d232045464e0eed11a1d6e43115ca0843d48768d3?s=96&d=mm&r=g","contentUrl":"https:\/\/secure.gravatar.com\/avatar\/df4c8e132080d2b3a4841d5d232045464e0eed11a1d6e43115ca0843d48768d3?s=96&d=mm&r=g","caption":"Fernando Lima"},"sameAs":["http:\/\/verdadeon.com.br\/"],"url":"https:\/\/verdadeon.com.br\/portal\/author\/fernando-lima\/"}]}},"jetpack_publicize_connections":[],"jetpack_featured_media_url":"https:\/\/i0.wp.com\/verdadeon.com.br\/portal\/wp-content\/uploads\/2022\/06\/WhatsApp-Image-2022-06-24-at-09.10.24-e1656093711168.jpeg?fit=999%2C671&ssl=1","jetpack_sharing_enabled":true,"_links":{"self":[{"href":"https:\/\/verdadeon.com.br\/portal\/wp-json\/wp\/v2\/posts\/26075","targetHints":{"allow":["GET"]}}],"collection":[{"href":"https:\/\/verdadeon.com.br\/portal\/wp-json\/wp\/v2\/posts"}],"about":[{"href":"https:\/\/verdadeon.com.br\/portal\/wp-json\/wp\/v2\/types\/post"}],"author":[{"embeddable":true,"href":"https:\/\/verdadeon.com.br\/portal\/wp-json\/wp\/v2\/users\/7"}],"replies":[{"embeddable":true,"href":"https:\/\/verdadeon.com.br\/portal\/wp-json\/wp\/v2\/comments?post=26075"}],"version-history":[{"count":1,"href":"https:\/\/verdadeon.com.br\/portal\/wp-json\/wp\/v2\/posts\/26075\/revisions"}],"predecessor-version":[{"id":26077,"href":"https:\/\/verdadeon.com.br\/portal\/wp-json\/wp\/v2\/posts\/26075\/revisions\/26077"}],"wp:featuredmedia":[{"embeddable":true,"href":"https:\/\/verdadeon.com.br\/portal\/wp-json\/wp\/v2\/media\/26076"}],"wp:attachment":[{"href":"https:\/\/verdadeon.com.br\/portal\/wp-json\/wp\/v2\/media?parent=26075"}],"wp:term":[{"taxonomy":"category","embeddable":true,"href":"https:\/\/verdadeon.com.br\/portal\/wp-json\/wp\/v2\/categories?post=26075"},{"taxonomy":"post_tag","embeddable":true,"href":"https:\/\/verdadeon.com.br\/portal\/wp-json\/wp\/v2\/tags?post=26075"}],"curies":[{"name":"wp","href":"https:\/\/api.w.org\/{rel}","templated":true}]}}