{"id":2606,"date":"2020-01-24T12:45:39","date_gmt":"2020-01-24T15:45:39","guid":{"rendered":"http:\/\/verdadeon.com.br\/portal\/?p=2606"},"modified":"2020-01-24T12:45:42","modified_gmt":"2020-01-24T15:45:42","slug":"defesa-civil-alerta-para-fortes-chuvas-hoje","status":"publish","type":"post","link":"https:\/\/verdadeon.com.br\/portal\/2020\/01\/24\/defesa-civil-alerta-para-fortes-chuvas-hoje\/","title":{"rendered":"Defesa Civil alerta para fortes chuvas hoje"},"content":{"rendered":"\n<h2 class=\"wp-block-heading\"> Segundo o \u00f3rg\u00e3o as chuvas podem chegar a 50 mil\u00edmetros nesta sexta <\/h2>\n\n\n\n<p class=\"has-drop-cap\"> A sexta-feira ser\u00e1 marcada pela chuva forte em Franca, que deve se estender para o final de semana. Segundo a Defesa Civil, desde a quarta-feira (22), at\u00e9 hoje (24), chove o acumulado de 100 mil\u00edmetros, um volume de \u00e1gua que traz grandes preocupa\u00e7\u00f5es.\u00a0<br>O Gestor da Guarda Civil, Jos\u00e9 Ant\u00f4nio Neves Pimenta, afirmou que na quarta e na quinta, a estimativa \u00e9 a de que tenha chovido pelo menos 50 mil\u00edmetros, sendo esta a mesma quantidade esperada para hoje.<br>&#8220;A estimativa e que chova pelo menos 50 mil\u00edmetros, ent\u00e3o o alerta vermelho continua de p\u00e9. Isso \u00e9 preocupante pelo fato do solo de Franca ser arenoso, e algumas constru\u00e7\u00f5es que n\u00e3o foram feitas adequadamente podem vir a sofrer algum tipo de abalo, muro de arrimo pode cair tamb\u00e9m&#8221;, detalhou.\u00a0<br>Ainda de acordo com Pimenta, o risco de enchente n\u00e3o est\u00e1 descartado, principalmente nas avenidas H\u00e9lio Palermo, Ant\u00f4nio Barbosa Filho e na Ismael Alonso y Alonso. \u201cNa quarta-feira (22), j\u00e1 tivemos enchentes ali, pr\u00f3ximo ao viaduto com a Major Nic\u00e1cio, na H\u00e9lio Palermo o volume do c\u00f3rrego subiu, mas n\u00e3o chegou a ter transbordo. A recomenda\u00e7\u00e3o para comerciantes e moradores destes locais, \u00e9 a de que retire rapidamente os carros destes locais, j\u00e1 que a \u00e1gua sobe muito r\u00e1pido e pode lev\u00e1-los\u201d, afirmou.<br>No \u00faltimo dia 12 de janeiro, um ve\u00edculo chegou a ficar ilhado na Ismael Alonso, e um homem se arriscou para salvar a v\u00edtima que estava dentro do carro. Para o Gestor, a atitude n\u00e3o deve ser copiada, j\u00e1 que oferece riscos at\u00e9 mesmo de morte. &#8220;Tem que ligar nos Bombeiros, eles s\u00e3o especialistas nesse tipo de resgate. Qualquer ocorr\u00eancia, qualquer fato inesperado, a popula\u00e7\u00e3o pode acionar o 153 da Guarda Municipal, o 193 dos Bombeiros e o 190 da Pol\u00edcia Militar. O munic\u00edpio tamb\u00e9m tem um plant\u00e3o de engenheiros e arquitetos para essa finalidade durante todo este m\u00eas, qualquer necessidade a Guarda Civil aciona essa equipe&#8221;, finalizou.<br>O meteorologista do Climatempo, Marcelo Pinheiro, contou que na m\u00e9dia hist\u00f3ria o volume de chuva em janeiro fica em 323 mil\u00edmetros, por isso ele considera as chuvas normais para o per\u00edodo. &#8221; Existem \u00e1reas de instabilidade trabalhando sobre todo o sudeste do pa\u00eds, o que \u00e9 normal para o per\u00edodo. Isso acarreta riscos de temporais, al\u00e9m de chuva forte e bastante volumosa.<br>O especialista destacou ainda que para o final de semana existem riscos de pancadas r\u00e1pidas de chuva principalmente durante as tardes de s\u00e1bado e de domingo, mas sem grande volume acumulado. Al\u00e9m disso ele afirmou que o sol volta a aparecer.\u00a0<br>Franca vem sofrendo com as contantes chuvas e enchentes no \u00faltimo m\u00eas, j\u00e1 foram registradas at\u00e9 agora pelo menos quatro enchentes, que deixam um rastro de medo, preju\u00edzo e revolta nos comerciantes e moradores das proximidades dos c\u00f3rregos do Cubat\u00e3o e dos Bagres.\u00a0 <\/p>\n","protected":false},"excerpt":{"rendered":"<p>Segundo o \u00f3rg\u00e3o as chuvas podem chegar a 50 mil\u00edmetros nesta sexta A sexta-feira ser\u00e1 marcada pela chuva forte em Franca, que deve se estender para<span class=\"excerpt-hellip\"> [\u2026]<\/span><\/p>\n","protected":false},"author":3,"featured_media":2608,"comment_status":"open","ping_status":"open","sticky":false,"template":"","format":"standard","meta":{"_jetpack_memberships_contains_paid_content":false,"footnotes":"","jetpack_publicize_message":"","jetpack_publicize_feature_enabled":true,"jetpack_social_post_already_shared":false,"jetpack_social_options":{"image_generator_settings":{"template":"highway","default_image_id":0,"enabled":false},"version":2}},"categories":[28,7],"tags":[],"class_list":["post-2606","post","type-post","status-publish","format-standard","has-post-thumbnail","hentry","category-cotidiano","category-news"],"yoast_head":"<!-- This site is optimized with the Yoast SEO plugin v25.6 - https:\/\/yoast.com\/wordpress\/plugins\/seo\/ -->\n<title>Defesa Civil alerta para fortes chuvas hoje - VerdadeOn<\/title>\n<meta name=\"robots\" content=\"index, follow, max-snippet:-1, max-image-preview:large, max-video-preview:-1\" \/>\n<link rel=\"canonical\" href=\"https:\/\/verdadeon.com.br\/portal\/2020\/01\/24\/defesa-civil-alerta-para-fortes-chuvas-hoje\/\" \/>\n<meta property=\"og:locale\" content=\"pt_BR\" \/>\n<meta property=\"og:type\" content=\"article\" \/>\n<meta property=\"og:title\" content=\"Defesa Civil alerta para fortes chuvas hoje - VerdadeOn\" \/>\n<meta property=\"og:description\" content=\"Segundo o \u00f3rg\u00e3o as chuvas podem chegar a 50 mil\u00edmetros nesta sexta A sexta-feira ser\u00e1 marcada pela chuva forte em Franca, que deve se estender para [\u2026]\" \/>\n<meta property=\"og:url\" content=\"https:\/\/verdadeon.com.br\/portal\/2020\/01\/24\/defesa-civil-alerta-para-fortes-chuvas-hoje\/\" \/>\n<meta property=\"og:site_name\" content=\"VerdadeOn\" \/>\n<meta property=\"article:published_time\" content=\"2020-01-24T15:45:39+00:00\" \/>\n<meta property=\"article:modified_time\" content=\"2020-01-24T15:45:42+00:00\" \/>\n<meta property=\"og:image\" content=\"https:\/\/verdadeon.com.br\/portal\/wp-content\/uploads\/2020\/01\/news-4642.jpg\" \/>\n\t<meta property=\"og:image:width\" content=\"1000\" \/>\n\t<meta property=\"og:image:height\" content=\"668\" \/>\n\t<meta property=\"og:image:type\" content=\"image\/jpeg\" \/>\n<meta name=\"author\" content=\"Admin\" \/>\n<meta name=\"twitter:card\" content=\"summary_large_image\" \/>\n<meta name=\"twitter:label1\" content=\"Escrito por\" \/>\n\t<meta name=\"twitter:data1\" content=\"Admin\" \/>\n\t<meta name=\"twitter:label2\" content=\"Est. tempo de leitura\" \/>\n\t<meta name=\"twitter:data2\" content=\"3 minutos\" \/>\n<script type=\"application\/ld+json\" class=\"yoast-schema-graph\">{\"@context\":\"https:\/\/schema.org\",\"@graph\":[{\"@type\":\"WebPage\",\"@id\":\"https:\/\/verdadeon.com.br\/portal\/2020\/01\/24\/defesa-civil-alerta-para-fortes-chuvas-hoje\/\",\"url\":\"https:\/\/verdadeon.com.br\/portal\/2020\/01\/24\/defesa-civil-alerta-para-fortes-chuvas-hoje\/\",\"name\":\"Defesa Civil alerta para fortes chuvas hoje - VerdadeOn\",\"isPartOf\":{\"@id\":\"https:\/\/verdadeon.com.br\/portal\/#website\"},\"primaryImageOfPage\":{\"@id\":\"https:\/\/verdadeon.com.br\/portal\/2020\/01\/24\/defesa-civil-alerta-para-fortes-chuvas-hoje\/#primaryimage\"},\"image\":{\"@id\":\"https:\/\/verdadeon.com.br\/portal\/2020\/01\/24\/defesa-civil-alerta-para-fortes-chuvas-hoje\/#primaryimage\"},\"thumbnailUrl\":\"https:\/\/i0.wp.com\/verdadeon.com.br\/portal\/wp-content\/uploads\/2020\/01\/news-4642.jpg?fit=1000%2C668&ssl=1\",\"datePublished\":\"2020-01-24T15:45:39+00:00\",\"dateModified\":\"2020-01-24T15:45:42+00:00\",\"author\":{\"@id\":\"https:\/\/verdadeon.com.br\/portal\/#\/schema\/person\/31b3f1eb559e4ce9d3c1dc1f2268a70c\"},\"breadcrumb\":{\"@id\":\"https:\/\/verdadeon.com.br\/portal\/2020\/01\/24\/defesa-civil-alerta-para-fortes-chuvas-hoje\/#breadcrumb\"},\"inLanguage\":\"pt-BR\",\"potentialAction\":[{\"@type\":\"ReadAction\",\"target\":[\"https:\/\/verdadeon.com.br\/portal\/2020\/01\/24\/defesa-civil-alerta-para-fortes-chuvas-hoje\/\"]}]},{\"@type\":\"ImageObject\",\"inLanguage\":\"pt-BR\",\"@id\":\"https:\/\/verdadeon.com.br\/portal\/2020\/01\/24\/defesa-civil-alerta-para-fortes-chuvas-hoje\/#primaryimage\",\"url\":\"https:\/\/i0.wp.com\/verdadeon.com.br\/portal\/wp-content\/uploads\/2020\/01\/news-4642.jpg?fit=1000%2C668&ssl=1\",\"contentUrl\":\"https:\/\/i0.wp.com\/verdadeon.com.br\/portal\/wp-content\/uploads\/2020\/01\/news-4642.jpg?fit=1000%2C668&ssl=1\",\"width\":1000,\"height\":668},{\"@type\":\"BreadcrumbList\",\"@id\":\"https:\/\/verdadeon.com.br\/portal\/2020\/01\/24\/defesa-civil-alerta-para-fortes-chuvas-hoje\/#breadcrumb\",\"itemListElement\":[{\"@type\":\"ListItem\",\"position\":1,\"name\":\"In\u00edcio\",\"item\":\"https:\/\/verdadeon.com.br\/portal\/\"},{\"@type\":\"ListItem\",\"position\":2,\"name\":\"Defesa Civil alerta para fortes chuvas hoje\"}]},{\"@type\":\"WebSite\",\"@id\":\"https:\/\/verdadeon.com.br\/portal\/#website\",\"url\":\"https:\/\/verdadeon.com.br\/portal\/\",\"name\":\"VerdadeOn\",\"description\":\"Not\u00edcias di\u00e1rias sobre Franca, Regi\u00e3o, Esporte, Cultura, Cotidiano, Colunas. Cobertura nos principais eventos da cidade \u00e9 aqui - Verdadeon Franca\",\"potentialAction\":[{\"@type\":\"SearchAction\",\"target\":{\"@type\":\"EntryPoint\",\"urlTemplate\":\"https:\/\/verdadeon.com.br\/portal\/?s={search_term_string}\"},\"query-input\":{\"@type\":\"PropertyValueSpecification\",\"valueRequired\":true,\"valueName\":\"search_term_string\"}}],\"inLanguage\":\"pt-BR\"},{\"@type\":\"Person\",\"@id\":\"https:\/\/verdadeon.com.br\/portal\/#\/schema\/person\/31b3f1eb559e4ce9d3c1dc1f2268a70c\",\"name\":\"Admin\",\"image\":{\"@type\":\"ImageObject\",\"inLanguage\":\"pt-BR\",\"@id\":\"https:\/\/verdadeon.com.br\/portal\/#\/schema\/person\/image\/\",\"url\":\"https:\/\/secure.gravatar.com\/avatar\/e550a5b4dab3efe8ca3a8bf0fb981073a921f9a24159040707270602980dd8af?s=96&d=mm&r=g\",\"contentUrl\":\"https:\/\/secure.gravatar.com\/avatar\/e550a5b4dab3efe8ca3a8bf0fb981073a921f9a24159040707270602980dd8af?s=96&d=mm&r=g\",\"caption\":\"Admin\"},\"url\":\"https:\/\/verdadeon.com.br\/portal\/author\/admin\/\"}]}<\/script>\n<!-- \/ Yoast SEO plugin. -->","yoast_head_json":{"title":"Defesa Civil alerta para fortes chuvas hoje - VerdadeOn","robots":{"index":"index","follow":"follow","max-snippet":"max-snippet:-1","max-image-preview":"max-image-preview:large","max-video-preview":"max-video-preview:-1"},"canonical":"https:\/\/verdadeon.com.br\/portal\/2020\/01\/24\/defesa-civil-alerta-para-fortes-chuvas-hoje\/","og_locale":"pt_BR","og_type":"article","og_title":"Defesa Civil alerta para fortes chuvas hoje - VerdadeOn","og_description":"Segundo o \u00f3rg\u00e3o as chuvas podem chegar a 50 mil\u00edmetros nesta sexta A sexta-feira ser\u00e1 marcada pela chuva forte em Franca, que deve se estender para [\u2026]","og_url":"https:\/\/verdadeon.com.br\/portal\/2020\/01\/24\/defesa-civil-alerta-para-fortes-chuvas-hoje\/","og_site_name":"VerdadeOn","article_published_time":"2020-01-24T15:45:39+00:00","article_modified_time":"2020-01-24T15:45:42+00:00","og_image":[{"width":1000,"height":668,"url":"https:\/\/verdadeon.com.br\/portal\/wp-content\/uploads\/2020\/01\/news-4642.jpg","type":"image\/jpeg"}],"author":"Admin","twitter_card":"summary_large_image","twitter_misc":{"Escrito por":"Admin","Est. tempo de leitura":"3 minutos"},"schema":{"@context":"https:\/\/schema.org","@graph":[{"@type":"WebPage","@id":"https:\/\/verdadeon.com.br\/portal\/2020\/01\/24\/defesa-civil-alerta-para-fortes-chuvas-hoje\/","url":"https:\/\/verdadeon.com.br\/portal\/2020\/01\/24\/defesa-civil-alerta-para-fortes-chuvas-hoje\/","name":"Defesa Civil alerta para fortes chuvas hoje - VerdadeOn","isPartOf":{"@id":"https:\/\/verdadeon.com.br\/portal\/#website"},"primaryImageOfPage":{"@id":"https:\/\/verdadeon.com.br\/portal\/2020\/01\/24\/defesa-civil-alerta-para-fortes-chuvas-hoje\/#primaryimage"},"image":{"@id":"https:\/\/verdadeon.com.br\/portal\/2020\/01\/24\/defesa-civil-alerta-para-fortes-chuvas-hoje\/#primaryimage"},"thumbnailUrl":"https:\/\/i0.wp.com\/verdadeon.com.br\/portal\/wp-content\/uploads\/2020\/01\/news-4642.jpg?fit=1000%2C668&ssl=1","datePublished":"2020-01-24T15:45:39+00:00","dateModified":"2020-01-24T15:45:42+00:00","author":{"@id":"https:\/\/verdadeon.com.br\/portal\/#\/schema\/person\/31b3f1eb559e4ce9d3c1dc1f2268a70c"},"breadcrumb":{"@id":"https:\/\/verdadeon.com.br\/portal\/2020\/01\/24\/defesa-civil-alerta-para-fortes-chuvas-hoje\/#breadcrumb"},"inLanguage":"pt-BR","potentialAction":[{"@type":"ReadAction","target":["https:\/\/verdadeon.com.br\/portal\/2020\/01\/24\/defesa-civil-alerta-para-fortes-chuvas-hoje\/"]}]},{"@type":"ImageObject","inLanguage":"pt-BR","@id":"https:\/\/verdadeon.com.br\/portal\/2020\/01\/24\/defesa-civil-alerta-para-fortes-chuvas-hoje\/#primaryimage","url":"https:\/\/i0.wp.com\/verdadeon.com.br\/portal\/wp-content\/uploads\/2020\/01\/news-4642.jpg?fit=1000%2C668&ssl=1","contentUrl":"https:\/\/i0.wp.com\/verdadeon.com.br\/portal\/wp-content\/uploads\/2020\/01\/news-4642.jpg?fit=1000%2C668&ssl=1","width":1000,"height":668},{"@type":"BreadcrumbList","@id":"https:\/\/verdadeon.com.br\/portal\/2020\/01\/24\/defesa-civil-alerta-para-fortes-chuvas-hoje\/#breadcrumb","itemListElement":[{"@type":"ListItem","position":1,"name":"In\u00edcio","item":"https:\/\/verdadeon.com.br\/portal\/"},{"@type":"ListItem","position":2,"name":"Defesa Civil alerta para fortes chuvas hoje"}]},{"@type":"WebSite","@id":"https:\/\/verdadeon.com.br\/portal\/#website","url":"https:\/\/verdadeon.com.br\/portal\/","name":"VerdadeOn","description":"Not\u00edcias di\u00e1rias sobre Franca, Regi\u00e3o, Esporte, Cultura, Cotidiano, Colunas. Cobertura nos principais eventos da cidade \u00e9 aqui - Verdadeon Franca","potentialAction":[{"@type":"SearchAction","target":{"@type":"EntryPoint","urlTemplate":"https:\/\/verdadeon.com.br\/portal\/?s={search_term_string}"},"query-input":{"@type":"PropertyValueSpecification","valueRequired":true,"valueName":"search_term_string"}}],"inLanguage":"pt-BR"},{"@type":"Person","@id":"https:\/\/verdadeon.com.br\/portal\/#\/schema\/person\/31b3f1eb559e4ce9d3c1dc1f2268a70c","name":"Admin","image":{"@type":"ImageObject","inLanguage":"pt-BR","@id":"https:\/\/verdadeon.com.br\/portal\/#\/schema\/person\/image\/","url":"https:\/\/secure.gravatar.com\/avatar\/e550a5b4dab3efe8ca3a8bf0fb981073a921f9a24159040707270602980dd8af?s=96&d=mm&r=g","contentUrl":"https:\/\/secure.gravatar.com\/avatar\/e550a5b4dab3efe8ca3a8bf0fb981073a921f9a24159040707270602980dd8af?s=96&d=mm&r=g","caption":"Admin"},"url":"https:\/\/verdadeon.com.br\/portal\/author\/admin\/"}]}},"jetpack_publicize_connections":[],"jetpack_featured_media_url":"https:\/\/i0.wp.com\/verdadeon.com.br\/portal\/wp-content\/uploads\/2020\/01\/news-4642.jpg?fit=1000%2C668&ssl=1","jetpack_sharing_enabled":true,"_links":{"self":[{"href":"https:\/\/verdadeon.com.br\/portal\/wp-json\/wp\/v2\/posts\/2606","targetHints":{"allow":["GET"]}}],"collection":[{"href":"https:\/\/verdadeon.com.br\/portal\/wp-json\/wp\/v2\/posts"}],"about":[{"href":"https:\/\/verdadeon.com.br\/portal\/wp-json\/wp\/v2\/types\/post"}],"author":[{"embeddable":true,"href":"https:\/\/verdadeon.com.br\/portal\/wp-json\/wp\/v2\/users\/3"}],"replies":[{"embeddable":true,"href":"https:\/\/verdadeon.com.br\/portal\/wp-json\/wp\/v2\/comments?post=2606"}],"version-history":[{"count":0,"href":"https:\/\/verdadeon.com.br\/portal\/wp-json\/wp\/v2\/posts\/2606\/revisions"}],"wp:featuredmedia":[{"embeddable":true,"href":"https:\/\/verdadeon.com.br\/portal\/wp-json\/wp\/v2\/media\/2608"}],"wp:attachment":[{"href":"https:\/\/verdadeon.com.br\/portal\/wp-json\/wp\/v2\/media?parent=2606"}],"wp:term":[{"taxonomy":"category","embeddable":true,"href":"https:\/\/verdadeon.com.br\/portal\/wp-json\/wp\/v2\/categories?post=2606"},{"taxonomy":"post_tag","embeddable":true,"href":"https:\/\/verdadeon.com.br\/portal\/wp-json\/wp\/v2\/tags?post=2606"}],"curies":[{"name":"wp","href":"https:\/\/api.w.org\/{rel}","templated":true}]}}