{"id":2603,"date":"2020-01-24T11:54:31","date_gmt":"2020-01-24T14:54:31","guid":{"rendered":"http:\/\/verdadeon.com.br\/portal\/?p=2603"},"modified":"2020-01-24T19:18:37","modified_gmt":"2020-01-24T22:18:37","slug":"franca-estreia-sabado-na-superliga-de-volei","status":"publish","type":"post","link":"https:\/\/verdadeon.com.br\/portal\/2020\/01\/24\/franca-estreia-sabado-na-superliga-de-volei\/","title":{"rendered":"Franca estreia s\u00e1bado na Superliga de V\u00f4lei"},"content":{"rendered":"\n<h2 class=\"wp-block-heading\"> Equipe de S\u00e3o Jos\u00e9 dos Pinhais \u00e9 primeiro rival na competi\u00e7\u00e3o <\/h2>\n\n\n\n<p> Oito equipes come\u00e7am neste final de semana a caminhada para a conquista da Superliga Feminina de V\u00f4lei da s\u00e9rie B. Entre os times que sonham em vencer a competi\u00e7\u00e3o e garantir vaga na elite do torneio na pr\u00f3xima temporada est\u00e1 o Feac\/AFV Franca. Com uma mescla entre jovens atletas e algumas contrata\u00e7\u00f5es para trazer experi\u00eancia ao grupo, o time chega com foco total ap\u00f3s per\u00edodo de prepara\u00e7\u00e3o que contou com amistosos e torneio fora do estado de S\u00e3o Paulo.<br>Em sua segunda participa\u00e7\u00e3o no campeonato nacional, a equipe de Franca busca desenvolver o esporte na cidade que tem o basquete como paix\u00e3o e est\u00e1 vendo o futebol ganhar for\u00e7a nos \u00faltimos meses. O momento positivo em rela\u00e7\u00e3o \u00e0s outras modalidades serve de incentivo para as meninas e comiss\u00e3o t\u00e9cnica do v\u00f4lei. &nbsp;&nbsp;<br>Se em 2019 a sexta posi\u00e7\u00e3o n\u00e3o foi suficiente para a classifica\u00e7\u00e3o, o objetivo neste ano \u00e9 superar as expectativas e conquistar uma das duas primeiras coloca\u00e7\u00f5es. O primeiro desafio j\u00e1 \u00e9 na noite deste s\u00e1bado. A partir das 18 horas, a equipe treinada por Paulo Silveira entra em quadra, fora de casa, diante do time de S\u00e3o Jos\u00e9 dos Pinhais.<br>Com a base das atletas da categoria sub-20 que j\u00e1 atuam juntas h\u00e1 cerca de seis anos, Franca contar\u00e1 tamb\u00e9m com duas atletas com idade adulta da cidade, al\u00e9m de duas novas contrata\u00e7\u00f5es que chegam para refor\u00e7ar o plantel. Dessa forma, o elenco est\u00e1 fechado para a competi\u00e7\u00e3o.<br>A prepara\u00e7\u00e3o das meninas de Franca come\u00e7ou h\u00e1 alguns meses. Contando com o entrosamento do grupo que vem desde as categorias de base jogando junto, cria-se uma expectativa positiva na tentativa de resultados expressivos.&nbsp;<br>Nesse per\u00edodo foram disputados jogos amistosos como por exemplo a visita da sele\u00e7\u00e3o do Egito na cidade por uma semana, al\u00e9m de um torneio em Bras\u00edlia que recebeu as donas da casa, representantes do pa\u00eds africano e as advers\u00e1rias da estreia na Superliga, a equipe de S\u00e3o Jos\u00e9 dos Pinhais.<br>Ainda no s\u00e1bado, mais tr\u00eas partidas marcam a abertura da temporada. O primeiro jogo do dia ser\u00e1 entre Bradesco Esportes e Sport Recife, na casa dos paulistas, em Osasco, \u00e0s 16h30. A partir das 18h30, o Itaja\u00ed V\u00f4lei recebe ACV\/PMC\/Chape\/Uno, no gin\u00e1sio Ivo Silveira. Para fechar a noite, o Bras\u00edlia, um dos principais candidatos ao t\u00edtulo, recebe o Agee, de S\u00e3o Paulo, no Sesi Taguatinga, \u00e0s 19h30.<br>De acordo com a tabela de jogos divulgada pela CBV (Confedera\u00e7\u00e3o Brasileira de V\u00f4lei), a equipe de Franca ter\u00e1 a primeira partida em casa na segunda rodada da Superliga. No s\u00e1bado da semana que vem, dia 1\u00b0 de fevereiro, as francanas recebem o Itaja\u00ed V\u00f4lei, no gin\u00e1sio Champagnat, a partir das 19h30.<br>Vale lembrar que nesta semana tem in\u00edcio tamb\u00e9m a s\u00e9rie B da Superliga Masculina. Por\u00e9m, Franca n\u00e3o est\u00e1 na competi\u00e7\u00e3o que \u00e9 disputada nos mesmos moldes da feminina. <\/p>\n","protected":false},"excerpt":{"rendered":"<p>Equipe de S\u00e3o Jos\u00e9 dos Pinhais \u00e9 primeiro rival na competi\u00e7\u00e3o Oito equipes come\u00e7am neste final de semana a caminhada para a conquista da Superliga Feminina<span class=\"excerpt-hellip\"> [\u2026]<\/span><\/p>\n","protected":false},"author":3,"featured_media":2604,"comment_status":"open","ping_status":"open","sticky":false,"template":"","format":"standard","meta":{"_jetpack_memberships_contains_paid_content":false,"footnotes":"","jetpack_publicize_message":"","jetpack_publicize_feature_enabled":true,"jetpack_social_post_already_shared":false,"jetpack_social_options":{"image_generator_settings":{"template":"highway","default_image_id":0,"enabled":false},"version":2}},"categories":[29,7],"tags":[31],"class_list":["post-2603","post","type-post","status-publish","format-standard","has-post-thumbnail","hentry","category-esportes","category-news","tag-esportes"],"yoast_head":"<!-- This site is optimized with the Yoast SEO plugin v25.6 - https:\/\/yoast.com\/wordpress\/plugins\/seo\/ -->\n<title>Franca estreia s\u00e1bado na Superliga de V\u00f4lei - VerdadeOn<\/title>\n<meta name=\"robots\" content=\"index, follow, max-snippet:-1, max-image-preview:large, max-video-preview:-1\" \/>\n<link rel=\"canonical\" href=\"https:\/\/verdadeon.com.br\/portal\/2020\/01\/24\/franca-estreia-sabado-na-superliga-de-volei\/\" \/>\n<meta property=\"og:locale\" content=\"pt_BR\" \/>\n<meta property=\"og:type\" content=\"article\" \/>\n<meta property=\"og:title\" content=\"Franca estreia s\u00e1bado na Superliga de V\u00f4lei - VerdadeOn\" \/>\n<meta property=\"og:description\" content=\"Equipe de S\u00e3o Jos\u00e9 dos Pinhais \u00e9 primeiro rival na competi\u00e7\u00e3o Oito equipes come\u00e7am neste final de semana a caminhada para a conquista da Superliga Feminina [\u2026]\" \/>\n<meta property=\"og:url\" content=\"https:\/\/verdadeon.com.br\/portal\/2020\/01\/24\/franca-estreia-sabado-na-superliga-de-volei\/\" \/>\n<meta property=\"og:site_name\" content=\"VerdadeOn\" \/>\n<meta property=\"article:published_time\" content=\"2020-01-24T14:54:31+00:00\" \/>\n<meta property=\"article:modified_time\" content=\"2020-01-24T22:18:37+00:00\" \/>\n<meta property=\"og:image\" content=\"https:\/\/verdadeon.com.br\/portal\/wp-content\/uploads\/2020\/01\/news-4646.jpg\" \/>\n\t<meta property=\"og:image:width\" content=\"1000\" \/>\n\t<meta property=\"og:image:height\" content=\"667\" \/>\n\t<meta property=\"og:image:type\" content=\"image\/jpeg\" \/>\n<meta name=\"author\" content=\"Admin\" \/>\n<meta name=\"twitter:card\" content=\"summary_large_image\" \/>\n<meta name=\"twitter:label1\" content=\"Escrito por\" \/>\n\t<meta name=\"twitter:data1\" content=\"Admin\" \/>\n\t<meta name=\"twitter:label2\" content=\"Est. tempo de leitura\" \/>\n\t<meta name=\"twitter:data2\" content=\"3 minutos\" \/>\n<script type=\"application\/ld+json\" class=\"yoast-schema-graph\">{\"@context\":\"https:\/\/schema.org\",\"@graph\":[{\"@type\":\"WebPage\",\"@id\":\"https:\/\/verdadeon.com.br\/portal\/2020\/01\/24\/franca-estreia-sabado-na-superliga-de-volei\/\",\"url\":\"https:\/\/verdadeon.com.br\/portal\/2020\/01\/24\/franca-estreia-sabado-na-superliga-de-volei\/\",\"name\":\"Franca estreia s\u00e1bado na Superliga de V\u00f4lei - VerdadeOn\",\"isPartOf\":{\"@id\":\"https:\/\/verdadeon.com.br\/portal\/#website\"},\"primaryImageOfPage\":{\"@id\":\"https:\/\/verdadeon.com.br\/portal\/2020\/01\/24\/franca-estreia-sabado-na-superliga-de-volei\/#primaryimage\"},\"image\":{\"@id\":\"https:\/\/verdadeon.com.br\/portal\/2020\/01\/24\/franca-estreia-sabado-na-superliga-de-volei\/#primaryimage\"},\"thumbnailUrl\":\"https:\/\/i0.wp.com\/verdadeon.com.br\/portal\/wp-content\/uploads\/2020\/01\/news-4646.jpg?fit=1000%2C667&ssl=1\",\"datePublished\":\"2020-01-24T14:54:31+00:00\",\"dateModified\":\"2020-01-24T22:18:37+00:00\",\"author\":{\"@id\":\"https:\/\/verdadeon.com.br\/portal\/#\/schema\/person\/31b3f1eb559e4ce9d3c1dc1f2268a70c\"},\"breadcrumb\":{\"@id\":\"https:\/\/verdadeon.com.br\/portal\/2020\/01\/24\/franca-estreia-sabado-na-superliga-de-volei\/#breadcrumb\"},\"inLanguage\":\"pt-BR\",\"potentialAction\":[{\"@type\":\"ReadAction\",\"target\":[\"https:\/\/verdadeon.com.br\/portal\/2020\/01\/24\/franca-estreia-sabado-na-superliga-de-volei\/\"]}]},{\"@type\":\"ImageObject\",\"inLanguage\":\"pt-BR\",\"@id\":\"https:\/\/verdadeon.com.br\/portal\/2020\/01\/24\/franca-estreia-sabado-na-superliga-de-volei\/#primaryimage\",\"url\":\"https:\/\/i0.wp.com\/verdadeon.com.br\/portal\/wp-content\/uploads\/2020\/01\/news-4646.jpg?fit=1000%2C667&ssl=1\",\"contentUrl\":\"https:\/\/i0.wp.com\/verdadeon.com.br\/portal\/wp-content\/uploads\/2020\/01\/news-4646.jpg?fit=1000%2C667&ssl=1\",\"width\":1000,\"height\":667},{\"@type\":\"BreadcrumbList\",\"@id\":\"https:\/\/verdadeon.com.br\/portal\/2020\/01\/24\/franca-estreia-sabado-na-superliga-de-volei\/#breadcrumb\",\"itemListElement\":[{\"@type\":\"ListItem\",\"position\":1,\"name\":\"In\u00edcio\",\"item\":\"https:\/\/verdadeon.com.br\/portal\/\"},{\"@type\":\"ListItem\",\"position\":2,\"name\":\"Franca estreia s\u00e1bado na Superliga de V\u00f4lei\"}]},{\"@type\":\"WebSite\",\"@id\":\"https:\/\/verdadeon.com.br\/portal\/#website\",\"url\":\"https:\/\/verdadeon.com.br\/portal\/\",\"name\":\"VerdadeOn\",\"description\":\"Not\u00edcias di\u00e1rias sobre Franca, Regi\u00e3o, Esporte, Cultura, Cotidiano, Colunas. Cobertura nos principais eventos da cidade \u00e9 aqui - Verdadeon Franca\",\"potentialAction\":[{\"@type\":\"SearchAction\",\"target\":{\"@type\":\"EntryPoint\",\"urlTemplate\":\"https:\/\/verdadeon.com.br\/portal\/?s={search_term_string}\"},\"query-input\":{\"@type\":\"PropertyValueSpecification\",\"valueRequired\":true,\"valueName\":\"search_term_string\"}}],\"inLanguage\":\"pt-BR\"},{\"@type\":\"Person\",\"@id\":\"https:\/\/verdadeon.com.br\/portal\/#\/schema\/person\/31b3f1eb559e4ce9d3c1dc1f2268a70c\",\"name\":\"Admin\",\"image\":{\"@type\":\"ImageObject\",\"inLanguage\":\"pt-BR\",\"@id\":\"https:\/\/verdadeon.com.br\/portal\/#\/schema\/person\/image\/\",\"url\":\"https:\/\/secure.gravatar.com\/avatar\/e550a5b4dab3efe8ca3a8bf0fb981073a921f9a24159040707270602980dd8af?s=96&d=mm&r=g\",\"contentUrl\":\"https:\/\/secure.gravatar.com\/avatar\/e550a5b4dab3efe8ca3a8bf0fb981073a921f9a24159040707270602980dd8af?s=96&d=mm&r=g\",\"caption\":\"Admin\"},\"url\":\"https:\/\/verdadeon.com.br\/portal\/author\/admin\/\"}]}<\/script>\n<!-- \/ Yoast SEO plugin. -->","yoast_head_json":{"title":"Franca estreia s\u00e1bado na Superliga de V\u00f4lei - VerdadeOn","robots":{"index":"index","follow":"follow","max-snippet":"max-snippet:-1","max-image-preview":"max-image-preview:large","max-video-preview":"max-video-preview:-1"},"canonical":"https:\/\/verdadeon.com.br\/portal\/2020\/01\/24\/franca-estreia-sabado-na-superliga-de-volei\/","og_locale":"pt_BR","og_type":"article","og_title":"Franca estreia s\u00e1bado na Superliga de V\u00f4lei - VerdadeOn","og_description":"Equipe de S\u00e3o Jos\u00e9 dos Pinhais \u00e9 primeiro rival na competi\u00e7\u00e3o Oito equipes come\u00e7am neste final de semana a caminhada para a conquista da Superliga Feminina [\u2026]","og_url":"https:\/\/verdadeon.com.br\/portal\/2020\/01\/24\/franca-estreia-sabado-na-superliga-de-volei\/","og_site_name":"VerdadeOn","article_published_time":"2020-01-24T14:54:31+00:00","article_modified_time":"2020-01-24T22:18:37+00:00","og_image":[{"width":1000,"height":667,"url":"https:\/\/verdadeon.com.br\/portal\/wp-content\/uploads\/2020\/01\/news-4646.jpg","type":"image\/jpeg"}],"author":"Admin","twitter_card":"summary_large_image","twitter_misc":{"Escrito por":"Admin","Est. tempo de leitura":"3 minutos"},"schema":{"@context":"https:\/\/schema.org","@graph":[{"@type":"WebPage","@id":"https:\/\/verdadeon.com.br\/portal\/2020\/01\/24\/franca-estreia-sabado-na-superliga-de-volei\/","url":"https:\/\/verdadeon.com.br\/portal\/2020\/01\/24\/franca-estreia-sabado-na-superliga-de-volei\/","name":"Franca estreia s\u00e1bado na Superliga de V\u00f4lei - VerdadeOn","isPartOf":{"@id":"https:\/\/verdadeon.com.br\/portal\/#website"},"primaryImageOfPage":{"@id":"https:\/\/verdadeon.com.br\/portal\/2020\/01\/24\/franca-estreia-sabado-na-superliga-de-volei\/#primaryimage"},"image":{"@id":"https:\/\/verdadeon.com.br\/portal\/2020\/01\/24\/franca-estreia-sabado-na-superliga-de-volei\/#primaryimage"},"thumbnailUrl":"https:\/\/i0.wp.com\/verdadeon.com.br\/portal\/wp-content\/uploads\/2020\/01\/news-4646.jpg?fit=1000%2C667&ssl=1","datePublished":"2020-01-24T14:54:31+00:00","dateModified":"2020-01-24T22:18:37+00:00","author":{"@id":"https:\/\/verdadeon.com.br\/portal\/#\/schema\/person\/31b3f1eb559e4ce9d3c1dc1f2268a70c"},"breadcrumb":{"@id":"https:\/\/verdadeon.com.br\/portal\/2020\/01\/24\/franca-estreia-sabado-na-superliga-de-volei\/#breadcrumb"},"inLanguage":"pt-BR","potentialAction":[{"@type":"ReadAction","target":["https:\/\/verdadeon.com.br\/portal\/2020\/01\/24\/franca-estreia-sabado-na-superliga-de-volei\/"]}]},{"@type":"ImageObject","inLanguage":"pt-BR","@id":"https:\/\/verdadeon.com.br\/portal\/2020\/01\/24\/franca-estreia-sabado-na-superliga-de-volei\/#primaryimage","url":"https:\/\/i0.wp.com\/verdadeon.com.br\/portal\/wp-content\/uploads\/2020\/01\/news-4646.jpg?fit=1000%2C667&ssl=1","contentUrl":"https:\/\/i0.wp.com\/verdadeon.com.br\/portal\/wp-content\/uploads\/2020\/01\/news-4646.jpg?fit=1000%2C667&ssl=1","width":1000,"height":667},{"@type":"BreadcrumbList","@id":"https:\/\/verdadeon.com.br\/portal\/2020\/01\/24\/franca-estreia-sabado-na-superliga-de-volei\/#breadcrumb","itemListElement":[{"@type":"ListItem","position":1,"name":"In\u00edcio","item":"https:\/\/verdadeon.com.br\/portal\/"},{"@type":"ListItem","position":2,"name":"Franca estreia s\u00e1bado na Superliga de V\u00f4lei"}]},{"@type":"WebSite","@id":"https:\/\/verdadeon.com.br\/portal\/#website","url":"https:\/\/verdadeon.com.br\/portal\/","name":"VerdadeOn","description":"Not\u00edcias di\u00e1rias sobre Franca, Regi\u00e3o, Esporte, Cultura, Cotidiano, Colunas. Cobertura nos principais eventos da cidade \u00e9 aqui - Verdadeon Franca","potentialAction":[{"@type":"SearchAction","target":{"@type":"EntryPoint","urlTemplate":"https:\/\/verdadeon.com.br\/portal\/?s={search_term_string}"},"query-input":{"@type":"PropertyValueSpecification","valueRequired":true,"valueName":"search_term_string"}}],"inLanguage":"pt-BR"},{"@type":"Person","@id":"https:\/\/verdadeon.com.br\/portal\/#\/schema\/person\/31b3f1eb559e4ce9d3c1dc1f2268a70c","name":"Admin","image":{"@type":"ImageObject","inLanguage":"pt-BR","@id":"https:\/\/verdadeon.com.br\/portal\/#\/schema\/person\/image\/","url":"https:\/\/secure.gravatar.com\/avatar\/e550a5b4dab3efe8ca3a8bf0fb981073a921f9a24159040707270602980dd8af?s=96&d=mm&r=g","contentUrl":"https:\/\/secure.gravatar.com\/avatar\/e550a5b4dab3efe8ca3a8bf0fb981073a921f9a24159040707270602980dd8af?s=96&d=mm&r=g","caption":"Admin"},"url":"https:\/\/verdadeon.com.br\/portal\/author\/admin\/"}]}},"jetpack_publicize_connections":[],"jetpack_featured_media_url":"https:\/\/i0.wp.com\/verdadeon.com.br\/portal\/wp-content\/uploads\/2020\/01\/news-4646.jpg?fit=1000%2C667&ssl=1","jetpack_sharing_enabled":true,"_links":{"self":[{"href":"https:\/\/verdadeon.com.br\/portal\/wp-json\/wp\/v2\/posts\/2603","targetHints":{"allow":["GET"]}}],"collection":[{"href":"https:\/\/verdadeon.com.br\/portal\/wp-json\/wp\/v2\/posts"}],"about":[{"href":"https:\/\/verdadeon.com.br\/portal\/wp-json\/wp\/v2\/types\/post"}],"author":[{"embeddable":true,"href":"https:\/\/verdadeon.com.br\/portal\/wp-json\/wp\/v2\/users\/3"}],"replies":[{"embeddable":true,"href":"https:\/\/verdadeon.com.br\/portal\/wp-json\/wp\/v2\/comments?post=2603"}],"version-history":[{"count":0,"href":"https:\/\/verdadeon.com.br\/portal\/wp-json\/wp\/v2\/posts\/2603\/revisions"}],"wp:featuredmedia":[{"embeddable":true,"href":"https:\/\/verdadeon.com.br\/portal\/wp-json\/wp\/v2\/media\/2604"}],"wp:attachment":[{"href":"https:\/\/verdadeon.com.br\/portal\/wp-json\/wp\/v2\/media?parent=2603"}],"wp:term":[{"taxonomy":"category","embeddable":true,"href":"https:\/\/verdadeon.com.br\/portal\/wp-json\/wp\/v2\/categories?post=2603"},{"taxonomy":"post_tag","embeddable":true,"href":"https:\/\/verdadeon.com.br\/portal\/wp-json\/wp\/v2\/tags?post=2603"}],"curies":[{"name":"wp","href":"https:\/\/api.w.org\/{rel}","templated":true}]}}