{"id":26028,"date":"2022-06-23T16:01:51","date_gmt":"2022-06-23T19:01:51","guid":{"rendered":"https:\/\/verdadeon.com.br\/portal\/?p=26028"},"modified":"2022-06-23T16:01:51","modified_gmt":"2022-06-23T19:01:51","slug":"iansa-promove-dia-d-de-doacao-de-sangue-no-hemocentro-de-franca","status":"publish","type":"post","link":"https:\/\/verdadeon.com.br\/portal\/2022\/06\/23\/iansa-promove-dia-d-de-doacao-de-sangue-no-hemocentro-de-franca\/","title":{"rendered":"Iansa promove &#8216;Dia D&#8217; de doa\u00e7\u00e3o de sangue no Hemocentro de Franca"},"content":{"rendered":"<h2>A\u00e7\u00e3o \u00e9 alusiva ao Junho Vermelho, de incentivo aos doadores de sangue, e acontecer\u00e1 no dia 30, das 9h \u00e0s 14h<\/h2>\n<h4><\/h4>\n<p><span style=\"font-weight: 400;\">Junho Vermelho \u00e9 o m\u00eas de conscientiza\u00e7\u00e3o para a doa\u00e7\u00e3o de sangue e a Iansa (<\/span><span style=\"font-weight: 400;\">Institui\u00e7\u00e3o de Apoio Nossa Senhora Aparecida<\/span><span style=\"font-weight: 400;\">), casa de apoio para pacientes em tratamento contra o c\u00e2ncer em Franca, promover\u00e1 a terceira campanha para incentivar as doa\u00e7\u00f5es ao Hemocentro da cidade.<\/span><\/p>\n<p><span style=\"font-weight: 400;\">O \u201cDia D\u201d de doa\u00e7\u00e3o de sangue acontecer\u00e1 em 30 de junho, pr\u00f3xima quinta-feira, das 9h \u00e0s 14h, no Hemocentro, que fica na Avenida H\u00e9lio Palermo, 4181. Com o slogan \u201cVoc\u00ea \u00e9 o tipo certo de quem precisa. Doar sangue \u00e9 um ato solid\u00e1rio de amor! Sua atitude \u00e9 a esperan\u00e7a de muitos!\u201d, a casa de apoio Iansa convida toda comunidade para participar e aderir \u00e0 campanha de solidariedade, para ajudar pessoas com c\u00e2ncer e a salvar vidas.<\/span><\/p>\n<p><span style=\"font-weight: 400;\">\u201cNa Iansa, n\u00f3s trabalhamos muito a quest\u00e3o da preven\u00e7\u00e3o e muitos dos nossos pacientes precisam de transfus\u00e3o de sangue por estarem com as plaquetas baixas ou porque precisar\u00e3o passar por uma cirurgia mais complexa. Por isso vamos realizar pela terceira vez essa campanha para estimular doadores de sangue a contribu\u00edrem com o Hemocentro de Franca, que tem uma demanda muito alta e est\u00e1 precisando de doa\u00e7\u00f5es\u201d, afirmou a assistente social Eliane Bonine, fundadora da casa de apoio.<\/span><\/p>\n<p><span style=\"font-weight: 400;\">Segundo ela, a meta \u00e9 atingir pelo menos 50 pessoas no \u201cDia D\u201d. Essa \u00e9 a quantidade m\u00ednima de doadores que o Hemocentro necessita ter por dia para operar com seguran\u00e7a no atendimento a hospitais de Franca e regi\u00e3o. \u201cA gente fica muito feliz por realizar essa a\u00e7\u00e3o, estamos mobilizando todos os funcion\u00e1rios, volunt\u00e1rios e a comunidade em geral, com apoio da m\u00eddia e divulga\u00e7\u00e3o nas redes sociais. Estamos confiantes!\u201d, disse Eliane.<\/span><\/p>\n<h4><span style=\"font-weight: 400;\">Para doar sangue<\/span><\/h4>\n<p><span style=\"font-weight: 400;\">Podem ser doadoras pessoas entre 16 e 69 anos e para doar acima de 60 anos \u00e9 preciso ter feito a primeira doa\u00e7\u00e3o de sangue antes desta idade. Segundo o Hemocentro, no dia da doa\u00e7\u00e3o, \u00e9 necess\u00e1rio estar com o estado de sa\u00fade geral bom, sem sintomas de gripe, febre ou rinite al\u00e9rgica, por exemplo; ter dormido bem, por pelo menos seis horas; e n\u00e3o ter consumido bebidas alco\u00f3licas 12 horas antes. O peso m\u00ednimo exigido: 51 quilos.<\/span><\/p>\n<p><span style=\"font-weight: 400;\">Mais informa\u00e7\u00f5es sobre a doa\u00e7\u00e3o de sangue podem ser consultadas pelo site <\/span><a href=\"http:\/\/www.hemocentro.fmrp.usp.br\/\"><span style=\"font-weight: 400;\">www.hemocentro.fmrp.usp.br<\/span><\/a><span style=\"font-weight: 400;\">.<\/span><\/p>\n<h4><span style=\"font-weight: 400;\">O trabalho<\/span><\/h4>\n<p><span style=\"font-weight: 400;\">A Iansa oferece hospedagem para pacientes do Hospital do C\u00e2ncer de Franca e seus acompanhantes, serve 80 refei\u00e7\u00f5es por dia, realiza oficinas de perucas e de artigos de artesanato, empr\u00e9stimo de material hospitalar, al\u00e9m de apoio psicol\u00f3gico, jur\u00eddico e na \u00e1rea de assist\u00eancia social.\u00a0<\/span><\/p>\n<p>&nbsp;<\/p>\n<p><img data-recalc-dims=\"1\" loading=\"lazy\" decoding=\"async\" class=\"alignnone wp-image-26031 size-full\" src=\"https:\/\/i0.wp.com\/verdadeon.com.br\/portal\/wp-content\/uploads\/2022\/06\/WhatsApp-Image-2022-06-20-at-10.45.53.jpeg?resize=896%2C1599&#038;ssl=1\" alt=\"\" width=\"896\" height=\"1599\" srcset=\"https:\/\/i0.wp.com\/verdadeon.com.br\/portal\/wp-content\/uploads\/2022\/06\/WhatsApp-Image-2022-06-20-at-10.45.53.jpeg?w=896&amp;ssl=1 896w, https:\/\/i0.wp.com\/verdadeon.com.br\/portal\/wp-content\/uploads\/2022\/06\/WhatsApp-Image-2022-06-20-at-10.45.53.jpeg?resize=168%2C300&amp;ssl=1 168w, https:\/\/i0.wp.com\/verdadeon.com.br\/portal\/wp-content\/uploads\/2022\/06\/WhatsApp-Image-2022-06-20-at-10.45.53.jpeg?resize=574%2C1024&amp;ssl=1 574w, https:\/\/i0.wp.com\/verdadeon.com.br\/portal\/wp-content\/uploads\/2022\/06\/WhatsApp-Image-2022-06-20-at-10.45.53.jpeg?resize=768%2C1371&amp;ssl=1 768w, https:\/\/i0.wp.com\/verdadeon.com.br\/portal\/wp-content\/uploads\/2022\/06\/WhatsApp-Image-2022-06-20-at-10.45.53.jpeg?resize=861%2C1536&amp;ssl=1 861w, https:\/\/i0.wp.com\/verdadeon.com.br\/portal\/wp-content\/uploads\/2022\/06\/WhatsApp-Image-2022-06-20-at-10.45.53.jpeg?resize=82%2C146&amp;ssl=1 82w, https:\/\/i0.wp.com\/verdadeon.com.br\/portal\/wp-content\/uploads\/2022\/06\/WhatsApp-Image-2022-06-20-at-10.45.53.jpeg?resize=28%2C50&amp;ssl=1 28w, https:\/\/i0.wp.com\/verdadeon.com.br\/portal\/wp-content\/uploads\/2022\/06\/WhatsApp-Image-2022-06-20-at-10.45.53.jpeg?resize=42%2C75&amp;ssl=1 42w\" sizes=\"auto, (max-width: 896px) 100vw, 896px\" \/><\/p>\n","protected":false},"excerpt":{"rendered":"<p>A\u00e7\u00e3o \u00e9 alusiva ao Junho Vermelho, de incentivo aos doadores de sangue, e acontecer\u00e1 no dia 30, das 9h \u00e0s 14h Junho Vermelho \u00e9 o m\u00eas<span class=\"excerpt-hellip\"> [\u2026]<\/span><\/p>\n","protected":false},"author":12,"featured_media":3265,"comment_status":"open","ping_status":"open","sticky":false,"template":"","format":"standard","meta":{"_jetpack_memberships_contains_paid_content":false,"footnotes":"","jetpack_publicize_message":"","jetpack_publicize_feature_enabled":true,"jetpack_social_post_already_shared":false,"jetpack_social_options":{"image_generator_settings":{"template":"highway","default_image_id":0,"enabled":false},"version":2}},"categories":[28,81],"tags":[],"class_list":["post-26028","post","type-post","status-publish","format-standard","has-post-thumbnail","hentry","category-cotidiano","category-manchete"],"yoast_head":"<!-- This site is optimized with the Yoast SEO plugin v25.6 - https:\/\/yoast.com\/wordpress\/plugins\/seo\/ -->\n<title>Iansa promove &#039;Dia D&#039; de doa\u00e7\u00e3o de sangue no Hemocentro de Franca - VerdadeOn<\/title>\n<meta name=\"robots\" content=\"index, follow, max-snippet:-1, max-image-preview:large, max-video-preview:-1\" \/>\n<link rel=\"canonical\" href=\"https:\/\/verdadeon.com.br\/portal\/2022\/06\/23\/iansa-promove-dia-d-de-doacao-de-sangue-no-hemocentro-de-franca\/\" \/>\n<meta property=\"og:locale\" content=\"pt_BR\" \/>\n<meta property=\"og:type\" content=\"article\" \/>\n<meta property=\"og:title\" content=\"Iansa promove &#039;Dia D&#039; de doa\u00e7\u00e3o de sangue no Hemocentro de Franca - VerdadeOn\" \/>\n<meta property=\"og:description\" content=\"A\u00e7\u00e3o \u00e9 alusiva ao Junho Vermelho, de incentivo aos doadores de sangue, e acontecer\u00e1 no dia 30, das 9h \u00e0s 14h Junho Vermelho \u00e9 o m\u00eas [\u2026]\" \/>\n<meta property=\"og:url\" content=\"https:\/\/verdadeon.com.br\/portal\/2022\/06\/23\/iansa-promove-dia-d-de-doacao-de-sangue-no-hemocentro-de-franca\/\" \/>\n<meta property=\"og:site_name\" content=\"VerdadeOn\" \/>\n<meta property=\"article:published_time\" content=\"2022-06-23T19:01:51+00:00\" \/>\n<meta property=\"og:image\" content=\"https:\/\/verdadeon.com.br\/portal\/wp-content\/uploads\/2020\/02\/Eliane-Bonini-Iansa-bate-papo-de-domingo-Foto-Lindomar-Cailton-8.jpg\" \/>\n\t<meta property=\"og:image:width\" content=\"1000\" \/>\n\t<meta property=\"og:image:height\" content=\"668\" \/>\n\t<meta property=\"og:image:type\" content=\"image\/jpeg\" \/>\n<meta name=\"author\" content=\"Nelise Luques\" \/>\n<meta name=\"twitter:card\" content=\"summary_large_image\" \/>\n<meta name=\"twitter:label1\" content=\"Escrito por\" \/>\n\t<meta name=\"twitter:data1\" content=\"Nelise Luques\" \/>\n\t<meta name=\"twitter:label2\" content=\"Est. tempo de leitura\" \/>\n\t<meta name=\"twitter:data2\" content=\"3 minutos\" \/>\n<script type=\"application\/ld+json\" class=\"yoast-schema-graph\">{\"@context\":\"https:\/\/schema.org\",\"@graph\":[{\"@type\":\"WebPage\",\"@id\":\"https:\/\/verdadeon.com.br\/portal\/2022\/06\/23\/iansa-promove-dia-d-de-doacao-de-sangue-no-hemocentro-de-franca\/\",\"url\":\"https:\/\/verdadeon.com.br\/portal\/2022\/06\/23\/iansa-promove-dia-d-de-doacao-de-sangue-no-hemocentro-de-franca\/\",\"name\":\"Iansa promove 'Dia D' de doa\u00e7\u00e3o de sangue no Hemocentro de Franca - VerdadeOn\",\"isPartOf\":{\"@id\":\"https:\/\/verdadeon.com.br\/portal\/#website\"},\"primaryImageOfPage\":{\"@id\":\"https:\/\/verdadeon.com.br\/portal\/2022\/06\/23\/iansa-promove-dia-d-de-doacao-de-sangue-no-hemocentro-de-franca\/#primaryimage\"},\"image\":{\"@id\":\"https:\/\/verdadeon.com.br\/portal\/2022\/06\/23\/iansa-promove-dia-d-de-doacao-de-sangue-no-hemocentro-de-franca\/#primaryimage\"},\"thumbnailUrl\":\"https:\/\/i0.wp.com\/verdadeon.com.br\/portal\/wp-content\/uploads\/2020\/02\/Eliane-Bonini-Iansa-bate-papo-de-domingo-Foto-Lindomar-Cailton-8.jpg?fit=1000%2C668&ssl=1\",\"datePublished\":\"2022-06-23T19:01:51+00:00\",\"author\":{\"@id\":\"https:\/\/verdadeon.com.br\/portal\/#\/schema\/person\/8248726d36015c1916636fabb175d972\"},\"breadcrumb\":{\"@id\":\"https:\/\/verdadeon.com.br\/portal\/2022\/06\/23\/iansa-promove-dia-d-de-doacao-de-sangue-no-hemocentro-de-franca\/#breadcrumb\"},\"inLanguage\":\"pt-BR\",\"potentialAction\":[{\"@type\":\"ReadAction\",\"target\":[\"https:\/\/verdadeon.com.br\/portal\/2022\/06\/23\/iansa-promove-dia-d-de-doacao-de-sangue-no-hemocentro-de-franca\/\"]}]},{\"@type\":\"ImageObject\",\"inLanguage\":\"pt-BR\",\"@id\":\"https:\/\/verdadeon.com.br\/portal\/2022\/06\/23\/iansa-promove-dia-d-de-doacao-de-sangue-no-hemocentro-de-franca\/#primaryimage\",\"url\":\"https:\/\/i0.wp.com\/verdadeon.com.br\/portal\/wp-content\/uploads\/2020\/02\/Eliane-Bonini-Iansa-bate-papo-de-domingo-Foto-Lindomar-Cailton-8.jpg?fit=1000%2C668&ssl=1\",\"contentUrl\":\"https:\/\/i0.wp.com\/verdadeon.com.br\/portal\/wp-content\/uploads\/2020\/02\/Eliane-Bonini-Iansa-bate-papo-de-domingo-Foto-Lindomar-Cailton-8.jpg?fit=1000%2C668&ssl=1\",\"width\":1000,\"height\":668,\"caption\":\"Eliane Bonine, fundadora da casa de apoio Iansa, convida a popula\u00e7\u00e3o para prestigiar a Festa das Na\u00e7\u00f5es | Foto: Jornal Verdade\"},{\"@type\":\"BreadcrumbList\",\"@id\":\"https:\/\/verdadeon.com.br\/portal\/2022\/06\/23\/iansa-promove-dia-d-de-doacao-de-sangue-no-hemocentro-de-franca\/#breadcrumb\",\"itemListElement\":[{\"@type\":\"ListItem\",\"position\":1,\"name\":\"In\u00edcio\",\"item\":\"https:\/\/verdadeon.com.br\/portal\/\"},{\"@type\":\"ListItem\",\"position\":2,\"name\":\"Iansa promove &#8216;Dia D&#8217; de doa\u00e7\u00e3o de sangue no Hemocentro de Franca\"}]},{\"@type\":\"WebSite\",\"@id\":\"https:\/\/verdadeon.com.br\/portal\/#website\",\"url\":\"https:\/\/verdadeon.com.br\/portal\/\",\"name\":\"VerdadeOn\",\"description\":\"Not\u00edcias di\u00e1rias sobre Franca, Regi\u00e3o, Esporte, Cultura, Cotidiano, Colunas. Cobertura nos principais eventos da cidade \u00e9 aqui - Verdadeon Franca\",\"potentialAction\":[{\"@type\":\"SearchAction\",\"target\":{\"@type\":\"EntryPoint\",\"urlTemplate\":\"https:\/\/verdadeon.com.br\/portal\/?s={search_term_string}\"},\"query-input\":{\"@type\":\"PropertyValueSpecification\",\"valueRequired\":true,\"valueName\":\"search_term_string\"}}],\"inLanguage\":\"pt-BR\"},{\"@type\":\"Person\",\"@id\":\"https:\/\/verdadeon.com.br\/portal\/#\/schema\/person\/8248726d36015c1916636fabb175d972\",\"name\":\"Nelise Luques\",\"image\":{\"@type\":\"ImageObject\",\"inLanguage\":\"pt-BR\",\"@id\":\"https:\/\/verdadeon.com.br\/portal\/#\/schema\/person\/image\/\",\"url\":\"https:\/\/secure.gravatar.com\/avatar\/29b2a17f5bcadeb827411b66f48ac13c3e0ecaf5906c0f5745ecc5d41c24eada?s=96&d=mm&r=g\",\"contentUrl\":\"https:\/\/secure.gravatar.com\/avatar\/29b2a17f5bcadeb827411b66f48ac13c3e0ecaf5906c0f5745ecc5d41c24eada?s=96&d=mm&r=g\",\"caption\":\"Nelise Luques\"},\"url\":\"https:\/\/verdadeon.com.br\/portal\/author\/verdade\/\"}]}<\/script>\n<!-- \/ Yoast SEO plugin. -->","yoast_head_json":{"title":"Iansa promove 'Dia D' de doa\u00e7\u00e3o de sangue no Hemocentro de Franca - VerdadeOn","robots":{"index":"index","follow":"follow","max-snippet":"max-snippet:-1","max-image-preview":"max-image-preview:large","max-video-preview":"max-video-preview:-1"},"canonical":"https:\/\/verdadeon.com.br\/portal\/2022\/06\/23\/iansa-promove-dia-d-de-doacao-de-sangue-no-hemocentro-de-franca\/","og_locale":"pt_BR","og_type":"article","og_title":"Iansa promove 'Dia D' de doa\u00e7\u00e3o de sangue no Hemocentro de Franca - VerdadeOn","og_description":"A\u00e7\u00e3o \u00e9 alusiva ao Junho Vermelho, de incentivo aos doadores de sangue, e acontecer\u00e1 no dia 30, das 9h \u00e0s 14h Junho Vermelho \u00e9 o m\u00eas [\u2026]","og_url":"https:\/\/verdadeon.com.br\/portal\/2022\/06\/23\/iansa-promove-dia-d-de-doacao-de-sangue-no-hemocentro-de-franca\/","og_site_name":"VerdadeOn","article_published_time":"2022-06-23T19:01:51+00:00","og_image":[{"width":1000,"height":668,"url":"https:\/\/verdadeon.com.br\/portal\/wp-content\/uploads\/2020\/02\/Eliane-Bonini-Iansa-bate-papo-de-domingo-Foto-Lindomar-Cailton-8.jpg","type":"image\/jpeg"}],"author":"Nelise Luques","twitter_card":"summary_large_image","twitter_misc":{"Escrito por":"Nelise Luques","Est. tempo de leitura":"3 minutos"},"schema":{"@context":"https:\/\/schema.org","@graph":[{"@type":"WebPage","@id":"https:\/\/verdadeon.com.br\/portal\/2022\/06\/23\/iansa-promove-dia-d-de-doacao-de-sangue-no-hemocentro-de-franca\/","url":"https:\/\/verdadeon.com.br\/portal\/2022\/06\/23\/iansa-promove-dia-d-de-doacao-de-sangue-no-hemocentro-de-franca\/","name":"Iansa promove 'Dia D' de doa\u00e7\u00e3o de sangue no Hemocentro de Franca - VerdadeOn","isPartOf":{"@id":"https:\/\/verdadeon.com.br\/portal\/#website"},"primaryImageOfPage":{"@id":"https:\/\/verdadeon.com.br\/portal\/2022\/06\/23\/iansa-promove-dia-d-de-doacao-de-sangue-no-hemocentro-de-franca\/#primaryimage"},"image":{"@id":"https:\/\/verdadeon.com.br\/portal\/2022\/06\/23\/iansa-promove-dia-d-de-doacao-de-sangue-no-hemocentro-de-franca\/#primaryimage"},"thumbnailUrl":"https:\/\/i0.wp.com\/verdadeon.com.br\/portal\/wp-content\/uploads\/2020\/02\/Eliane-Bonini-Iansa-bate-papo-de-domingo-Foto-Lindomar-Cailton-8.jpg?fit=1000%2C668&ssl=1","datePublished":"2022-06-23T19:01:51+00:00","author":{"@id":"https:\/\/verdadeon.com.br\/portal\/#\/schema\/person\/8248726d36015c1916636fabb175d972"},"breadcrumb":{"@id":"https:\/\/verdadeon.com.br\/portal\/2022\/06\/23\/iansa-promove-dia-d-de-doacao-de-sangue-no-hemocentro-de-franca\/#breadcrumb"},"inLanguage":"pt-BR","potentialAction":[{"@type":"ReadAction","target":["https:\/\/verdadeon.com.br\/portal\/2022\/06\/23\/iansa-promove-dia-d-de-doacao-de-sangue-no-hemocentro-de-franca\/"]}]},{"@type":"ImageObject","inLanguage":"pt-BR","@id":"https:\/\/verdadeon.com.br\/portal\/2022\/06\/23\/iansa-promove-dia-d-de-doacao-de-sangue-no-hemocentro-de-franca\/#primaryimage","url":"https:\/\/i0.wp.com\/verdadeon.com.br\/portal\/wp-content\/uploads\/2020\/02\/Eliane-Bonini-Iansa-bate-papo-de-domingo-Foto-Lindomar-Cailton-8.jpg?fit=1000%2C668&ssl=1","contentUrl":"https:\/\/i0.wp.com\/verdadeon.com.br\/portal\/wp-content\/uploads\/2020\/02\/Eliane-Bonini-Iansa-bate-papo-de-domingo-Foto-Lindomar-Cailton-8.jpg?fit=1000%2C668&ssl=1","width":1000,"height":668,"caption":"Eliane Bonine, fundadora da casa de apoio Iansa, convida a popula\u00e7\u00e3o para prestigiar a Festa das Na\u00e7\u00f5es | Foto: Jornal Verdade"},{"@type":"BreadcrumbList","@id":"https:\/\/verdadeon.com.br\/portal\/2022\/06\/23\/iansa-promove-dia-d-de-doacao-de-sangue-no-hemocentro-de-franca\/#breadcrumb","itemListElement":[{"@type":"ListItem","position":1,"name":"In\u00edcio","item":"https:\/\/verdadeon.com.br\/portal\/"},{"@type":"ListItem","position":2,"name":"Iansa promove &#8216;Dia D&#8217; de doa\u00e7\u00e3o de sangue no Hemocentro de Franca"}]},{"@type":"WebSite","@id":"https:\/\/verdadeon.com.br\/portal\/#website","url":"https:\/\/verdadeon.com.br\/portal\/","name":"VerdadeOn","description":"Not\u00edcias di\u00e1rias sobre Franca, Regi\u00e3o, Esporte, Cultura, Cotidiano, Colunas. Cobertura nos principais eventos da cidade \u00e9 aqui - Verdadeon Franca","potentialAction":[{"@type":"SearchAction","target":{"@type":"EntryPoint","urlTemplate":"https:\/\/verdadeon.com.br\/portal\/?s={search_term_string}"},"query-input":{"@type":"PropertyValueSpecification","valueRequired":true,"valueName":"search_term_string"}}],"inLanguage":"pt-BR"},{"@type":"Person","@id":"https:\/\/verdadeon.com.br\/portal\/#\/schema\/person\/8248726d36015c1916636fabb175d972","name":"Nelise Luques","image":{"@type":"ImageObject","inLanguage":"pt-BR","@id":"https:\/\/verdadeon.com.br\/portal\/#\/schema\/person\/image\/","url":"https:\/\/secure.gravatar.com\/avatar\/29b2a17f5bcadeb827411b66f48ac13c3e0ecaf5906c0f5745ecc5d41c24eada?s=96&d=mm&r=g","contentUrl":"https:\/\/secure.gravatar.com\/avatar\/29b2a17f5bcadeb827411b66f48ac13c3e0ecaf5906c0f5745ecc5d41c24eada?s=96&d=mm&r=g","caption":"Nelise Luques"},"url":"https:\/\/verdadeon.com.br\/portal\/author\/verdade\/"}]}},"jetpack_publicize_connections":[],"jetpack_featured_media_url":"https:\/\/i0.wp.com\/verdadeon.com.br\/portal\/wp-content\/uploads\/2020\/02\/Eliane-Bonini-Iansa-bate-papo-de-domingo-Foto-Lindomar-Cailton-8.jpg?fit=1000%2C668&ssl=1","jetpack_sharing_enabled":true,"_links":{"self":[{"href":"https:\/\/verdadeon.com.br\/portal\/wp-json\/wp\/v2\/posts\/26028","targetHints":{"allow":["GET"]}}],"collection":[{"href":"https:\/\/verdadeon.com.br\/portal\/wp-json\/wp\/v2\/posts"}],"about":[{"href":"https:\/\/verdadeon.com.br\/portal\/wp-json\/wp\/v2\/types\/post"}],"author":[{"embeddable":true,"href":"https:\/\/verdadeon.com.br\/portal\/wp-json\/wp\/v2\/users\/12"}],"replies":[{"embeddable":true,"href":"https:\/\/verdadeon.com.br\/portal\/wp-json\/wp\/v2\/comments?post=26028"}],"version-history":[{"count":2,"href":"https:\/\/verdadeon.com.br\/portal\/wp-json\/wp\/v2\/posts\/26028\/revisions"}],"predecessor-version":[{"id":26035,"href":"https:\/\/verdadeon.com.br\/portal\/wp-json\/wp\/v2\/posts\/26028\/revisions\/26035"}],"wp:featuredmedia":[{"embeddable":true,"href":"https:\/\/verdadeon.com.br\/portal\/wp-json\/wp\/v2\/media\/3265"}],"wp:attachment":[{"href":"https:\/\/verdadeon.com.br\/portal\/wp-json\/wp\/v2\/media?parent=26028"}],"wp:term":[{"taxonomy":"category","embeddable":true,"href":"https:\/\/verdadeon.com.br\/portal\/wp-json\/wp\/v2\/categories?post=26028"},{"taxonomy":"post_tag","embeddable":true,"href":"https:\/\/verdadeon.com.br\/portal\/wp-json\/wp\/v2\/tags?post=26028"}],"curies":[{"name":"wp","href":"https:\/\/api.w.org\/{rel}","templated":true}]}}