{"id":26012,"date":"2022-06-22T16:27:15","date_gmt":"2022-06-22T19:27:15","guid":{"rendered":"https:\/\/verdadeon.com.br\/portal\/?p=26012"},"modified":"2022-06-22T16:27:15","modified_gmt":"2022-06-22T19:27:15","slug":"apos-primeira-tentativa-sem-sucesso-licitacao-para-reforma-da-estacao-e-novamente-aberta","status":"publish","type":"post","link":"https:\/\/verdadeon.com.br\/portal\/2022\/06\/22\/apos-primeira-tentativa-sem-sucesso-licitacao-para-reforma-da-estacao-e-novamente-aberta\/","title":{"rendered":"Ap\u00f3s primeira tentativa sem sucesso, licita\u00e7\u00e3o para reforma da Esta\u00e7\u00e3o \u00e9 novamente aberta"},"content":{"rendered":"<h2>Revitaliza\u00e7\u00e3o \u00e9 esperan\u00e7a para comerciantes da regi\u00e3o, que sofrem com a\u00e7\u00e3o de moradores em situa\u00e7\u00e3o de rua<\/h2>\n<div>Foi publicado no Di\u00e1rio Oficial do Munic\u00edpio, o novo edital de abertura de licita\u00e7\u00e3o para a contrata\u00e7\u00e3o de\u00a0 empresa, para a execu\u00e7\u00e3o das obras do Projeto de Revitaliza\u00e7\u00e3o do Pr\u00e9dio da Antiga Mogiana, localizado entre a avenida Integra\u00e7\u00e3o e a rua Frei Germano, no Bairro Esta\u00e7\u00e3o. A primeira tentativa na semana passada n\u00e3o teve sucesso, j\u00e1 que nenhuma empresa demonstrou interesse em assumir as obras.<\/div>\n<div>&#8220;Nesta nova concorr\u00eancia p\u00fablica, as empresas interessadas ter\u00e3o prazo para a apresenta\u00e7\u00e3o dos envelopes com as propostas at\u00e9 \u00e0s 9h, do dia 27 de julho, na Sala de Licita\u00e7\u00f5es, que fica no pr\u00e9dio da Prefeitura. A sess\u00e3o de abertura est\u00e1 prevista para o mesmo dia, \u00e0s 09h30&#8221;, informou o Executivo.<\/div>\n<div>O projeto de revitaliza\u00e7\u00e3o do pr\u00e9dio prev\u00ea investimentos de mais de R$ 3 milh\u00f5es, pelo projeto ser\u00e1 implementado um mercado popular, centro cultural e um espa\u00e7o gastron\u00f4mico tem\u00e1tico, preservando o car\u00e1ter hist\u00f3rico desta regi\u00e3o, al\u00e9m de um boulevard para a liga\u00e7\u00e3o do pr\u00e9dio a Pra\u00e7a Sabino Loureiro. Caso haja interessados, as obras devem durar um ano.<\/div>\n<div>A revitaliza\u00e7\u00e3o do local \u00e9 uma esperan\u00e7a de dias melhores para os moradores e comerciantes da regi\u00e3o da Esta\u00e7\u00e3o, que passam por um verdadeiro caos.<\/div>\n<div>Na \u00faltima semana, o Verdade mostrou que fia\u00e7\u00e3o el\u00e9trica, encanamento e at\u00e9 rel\u00f3gio medidor de energia foram levados do pr\u00e9dio da antiga Esta\u00e7\u00e3o Mogiana, foram tr\u00eas casos de furtos registrados. Em um deles, o ladr\u00e3o foi detido e preso em flagrante. Ele levou parte do encanamento do local, mas vizinhos viram a a\u00e7\u00e3o, acionaram a Guarda Civil Municipal, que deteve o suspeito. O homem foi levado para a Central de Pol\u00edcia Judici\u00e1ria (CPJ) de Franca, onde foi ouvido e ap\u00f3s foi recolhido ao Sistema Prisional.<\/div>\n<div>\n<p>Por conta da a\u00e7\u00e3o criminosa, um vazamento chegou a ser registrado, mas as manuten\u00e7\u00f5es foram realizadas segundo o poder executivo. Nos outros casos registrados , a fia\u00e7\u00e3o el\u00e9trica havia sido levada, al\u00e9m de torneiras e outros objetos que ficam expostos no pr\u00e9dio.<\/p>\n<p>A prefeitura destacou que com o in\u00edcio dos trabalhos no local, a regi\u00e3o da Esta\u00e7\u00e3o tamb\u00e9m ir\u00e1 receber as a\u00e7\u00f5es do Programa &#8216;Dignidade&#8217;, com o objetivo de amparar \u00e0s pessoas em situa\u00e7\u00e3o de rua e recuperar os espa\u00e7os p\u00fablicos, devolvendo-os para a utiliza\u00e7\u00e3o de toda a comunidade.<\/p>\n<\/div>\n","protected":false},"excerpt":{"rendered":"<p>Revitaliza\u00e7\u00e3o \u00e9 esperan\u00e7a para comerciantes da regi\u00e3o, que sofrem com a\u00e7\u00e3o de moradores em situa\u00e7\u00e3o de rua Foi publicado no Di\u00e1rio Oficial do Munic\u00edpio, o novo<span class=\"excerpt-hellip\"> [\u2026]<\/span><\/p>\n","protected":false},"author":7,"featured_media":25926,"comment_status":"open","ping_status":"open","sticky":false,"template":"","format":"standard","meta":{"_jetpack_memberships_contains_paid_content":false,"footnotes":"","jetpack_publicize_message":"","jetpack_publicize_feature_enabled":true,"jetpack_social_post_already_shared":false,"jetpack_social_options":{"image_generator_settings":{"template":"highway","default_image_id":0,"enabled":false},"version":2}},"categories":[28,81],"tags":[],"class_list":["post-26012","post","type-post","status-publish","format-standard","has-post-thumbnail","hentry","category-cotidiano","category-manchete"],"yoast_head":"<!-- This site is optimized with the Yoast SEO plugin v25.6 - https:\/\/yoast.com\/wordpress\/plugins\/seo\/ -->\n<title>Ap\u00f3s primeira tentativa sem sucesso, licita\u00e7\u00e3o para reforma da Esta\u00e7\u00e3o \u00e9 novamente aberta - VerdadeOn<\/title>\n<meta name=\"robots\" content=\"index, follow, max-snippet:-1, max-image-preview:large, max-video-preview:-1\" \/>\n<link rel=\"canonical\" href=\"https:\/\/verdadeon.com.br\/portal\/2022\/06\/22\/apos-primeira-tentativa-sem-sucesso-licitacao-para-reforma-da-estacao-e-novamente-aberta\/\" \/>\n<meta property=\"og:locale\" content=\"pt_BR\" \/>\n<meta property=\"og:type\" content=\"article\" \/>\n<meta property=\"og:title\" content=\"Ap\u00f3s primeira tentativa sem sucesso, licita\u00e7\u00e3o para reforma da Esta\u00e7\u00e3o \u00e9 novamente aberta - VerdadeOn\" \/>\n<meta property=\"og:description\" content=\"Revitaliza\u00e7\u00e3o \u00e9 esperan\u00e7a para comerciantes da regi\u00e3o, que sofrem com a\u00e7\u00e3o de moradores em situa\u00e7\u00e3o de rua Foi publicado no Di\u00e1rio Oficial do Munic\u00edpio, o novo [\u2026]\" \/>\n<meta property=\"og:url\" content=\"https:\/\/verdadeon.com.br\/portal\/2022\/06\/22\/apos-primeira-tentativa-sem-sucesso-licitacao-para-reforma-da-estacao-e-novamente-aberta\/\" \/>\n<meta property=\"og:site_name\" content=\"VerdadeOn\" \/>\n<meta property=\"article:published_time\" content=\"2022-06-22T19:27:15+00:00\" \/>\n<meta property=\"og:image\" content=\"https:\/\/verdadeon.com.br\/portal\/wp-content\/uploads\/2022\/06\/PICHACAO-VANDALISMO-EM-FRANCA-FOTOS-JORNAL-VERDADE-4-1536x746-1-e1655564405154.jpeg\" \/>\n\t<meta property=\"og:image:width\" content=\"998\" \/>\n\t<meta property=\"og:image:height\" content=\"668\" \/>\n\t<meta property=\"og:image:type\" content=\"image\/jpeg\" \/>\n<meta name=\"author\" content=\"Fernando Lima\" \/>\n<meta name=\"twitter:card\" content=\"summary_large_image\" \/>\n<meta name=\"twitter:label1\" content=\"Escrito por\" \/>\n\t<meta name=\"twitter:data1\" content=\"Fernando Lima\" \/>\n\t<meta name=\"twitter:label2\" content=\"Est. tempo de leitura\" \/>\n\t<meta name=\"twitter:data2\" content=\"3 minutos\" \/>\n<script type=\"application\/ld+json\" class=\"yoast-schema-graph\">{\"@context\":\"https:\/\/schema.org\",\"@graph\":[{\"@type\":\"WebPage\",\"@id\":\"https:\/\/verdadeon.com.br\/portal\/2022\/06\/22\/apos-primeira-tentativa-sem-sucesso-licitacao-para-reforma-da-estacao-e-novamente-aberta\/\",\"url\":\"https:\/\/verdadeon.com.br\/portal\/2022\/06\/22\/apos-primeira-tentativa-sem-sucesso-licitacao-para-reforma-da-estacao-e-novamente-aberta\/\",\"name\":\"Ap\u00f3s primeira tentativa sem sucesso, licita\u00e7\u00e3o para reforma da Esta\u00e7\u00e3o \u00e9 novamente aberta - VerdadeOn\",\"isPartOf\":{\"@id\":\"https:\/\/verdadeon.com.br\/portal\/#website\"},\"primaryImageOfPage\":{\"@id\":\"https:\/\/verdadeon.com.br\/portal\/2022\/06\/22\/apos-primeira-tentativa-sem-sucesso-licitacao-para-reforma-da-estacao-e-novamente-aberta\/#primaryimage\"},\"image\":{\"@id\":\"https:\/\/verdadeon.com.br\/portal\/2022\/06\/22\/apos-primeira-tentativa-sem-sucesso-licitacao-para-reforma-da-estacao-e-novamente-aberta\/#primaryimage\"},\"thumbnailUrl\":\"https:\/\/i0.wp.com\/verdadeon.com.br\/portal\/wp-content\/uploads\/2022\/06\/PICHACAO-VANDALISMO-EM-FRANCA-FOTOS-JORNAL-VERDADE-4-1536x746-1-e1655564405154.jpeg?fit=998%2C668&ssl=1\",\"datePublished\":\"2022-06-22T19:27:15+00:00\",\"author\":{\"@id\":\"https:\/\/verdadeon.com.br\/portal\/#\/schema\/person\/cc32be22b8e8599387c480bc83e1d11a\"},\"breadcrumb\":{\"@id\":\"https:\/\/verdadeon.com.br\/portal\/2022\/06\/22\/apos-primeira-tentativa-sem-sucesso-licitacao-para-reforma-da-estacao-e-novamente-aberta\/#breadcrumb\"},\"inLanguage\":\"pt-BR\",\"potentialAction\":[{\"@type\":\"ReadAction\",\"target\":[\"https:\/\/verdadeon.com.br\/portal\/2022\/06\/22\/apos-primeira-tentativa-sem-sucesso-licitacao-para-reforma-da-estacao-e-novamente-aberta\/\"]}]},{\"@type\":\"ImageObject\",\"inLanguage\":\"pt-BR\",\"@id\":\"https:\/\/verdadeon.com.br\/portal\/2022\/06\/22\/apos-primeira-tentativa-sem-sucesso-licitacao-para-reforma-da-estacao-e-novamente-aberta\/#primaryimage\",\"url\":\"https:\/\/i0.wp.com\/verdadeon.com.br\/portal\/wp-content\/uploads\/2022\/06\/PICHACAO-VANDALISMO-EM-FRANCA-FOTOS-JORNAL-VERDADE-4-1536x746-1-e1655564405154.jpeg?fit=998%2C668&ssl=1\",\"contentUrl\":\"https:\/\/i0.wp.com\/verdadeon.com.br\/portal\/wp-content\/uploads\/2022\/06\/PICHACAO-VANDALISMO-EM-FRANCA-FOTOS-JORNAL-VERDADE-4-1536x746-1-e1655564405154.jpeg?fit=998%2C668&ssl=1\",\"width\":998,\"height\":668,\"caption\":\"No local funciona a Biblioteca Municipal, que tamb\u00e9m \u00e9 alvo frequente de furtos, torneiras, fia\u00e7\u00e3o e at\u00e9 encanamento n\u00e3o escapam da a\u00e7\u00e3o dos v\u00e2ndalos | Foto: Nelise Luques\"},{\"@type\":\"BreadcrumbList\",\"@id\":\"https:\/\/verdadeon.com.br\/portal\/2022\/06\/22\/apos-primeira-tentativa-sem-sucesso-licitacao-para-reforma-da-estacao-e-novamente-aberta\/#breadcrumb\",\"itemListElement\":[{\"@type\":\"ListItem\",\"position\":1,\"name\":\"In\u00edcio\",\"item\":\"https:\/\/verdadeon.com.br\/portal\/\"},{\"@type\":\"ListItem\",\"position\":2,\"name\":\"Ap\u00f3s primeira tentativa sem sucesso, licita\u00e7\u00e3o para reforma da Esta\u00e7\u00e3o \u00e9 novamente aberta\"}]},{\"@type\":\"WebSite\",\"@id\":\"https:\/\/verdadeon.com.br\/portal\/#website\",\"url\":\"https:\/\/verdadeon.com.br\/portal\/\",\"name\":\"VerdadeOn\",\"description\":\"Not\u00edcias di\u00e1rias sobre Franca, Regi\u00e3o, Esporte, Cultura, Cotidiano, Colunas. Cobertura nos principais eventos da cidade \u00e9 aqui - Verdadeon Franca\",\"potentialAction\":[{\"@type\":\"SearchAction\",\"target\":{\"@type\":\"EntryPoint\",\"urlTemplate\":\"https:\/\/verdadeon.com.br\/portal\/?s={search_term_string}\"},\"query-input\":{\"@type\":\"PropertyValueSpecification\",\"valueRequired\":true,\"valueName\":\"search_term_string\"}}],\"inLanguage\":\"pt-BR\"},{\"@type\":\"Person\",\"@id\":\"https:\/\/verdadeon.com.br\/portal\/#\/schema\/person\/cc32be22b8e8599387c480bc83e1d11a\",\"name\":\"Fernando Lima\",\"image\":{\"@type\":\"ImageObject\",\"inLanguage\":\"pt-BR\",\"@id\":\"https:\/\/verdadeon.com.br\/portal\/#\/schema\/person\/image\/\",\"url\":\"https:\/\/secure.gravatar.com\/avatar\/df4c8e132080d2b3a4841d5d232045464e0eed11a1d6e43115ca0843d48768d3?s=96&d=mm&r=g\",\"contentUrl\":\"https:\/\/secure.gravatar.com\/avatar\/df4c8e132080d2b3a4841d5d232045464e0eed11a1d6e43115ca0843d48768d3?s=96&d=mm&r=g\",\"caption\":\"Fernando Lima\"},\"sameAs\":[\"http:\/\/verdadeon.com.br\/\"],\"url\":\"https:\/\/verdadeon.com.br\/portal\/author\/fernando-lima\/\"}]}<\/script>\n<!-- \/ Yoast SEO plugin. -->","yoast_head_json":{"title":"Ap\u00f3s primeira tentativa sem sucesso, licita\u00e7\u00e3o para reforma da Esta\u00e7\u00e3o \u00e9 novamente aberta - VerdadeOn","robots":{"index":"index","follow":"follow","max-snippet":"max-snippet:-1","max-image-preview":"max-image-preview:large","max-video-preview":"max-video-preview:-1"},"canonical":"https:\/\/verdadeon.com.br\/portal\/2022\/06\/22\/apos-primeira-tentativa-sem-sucesso-licitacao-para-reforma-da-estacao-e-novamente-aberta\/","og_locale":"pt_BR","og_type":"article","og_title":"Ap\u00f3s primeira tentativa sem sucesso, licita\u00e7\u00e3o para reforma da Esta\u00e7\u00e3o \u00e9 novamente aberta - VerdadeOn","og_description":"Revitaliza\u00e7\u00e3o \u00e9 esperan\u00e7a para comerciantes da regi\u00e3o, que sofrem com a\u00e7\u00e3o de moradores em situa\u00e7\u00e3o de rua Foi publicado no Di\u00e1rio Oficial do Munic\u00edpio, o novo [\u2026]","og_url":"https:\/\/verdadeon.com.br\/portal\/2022\/06\/22\/apos-primeira-tentativa-sem-sucesso-licitacao-para-reforma-da-estacao-e-novamente-aberta\/","og_site_name":"VerdadeOn","article_published_time":"2022-06-22T19:27:15+00:00","og_image":[{"width":998,"height":668,"url":"https:\/\/verdadeon.com.br\/portal\/wp-content\/uploads\/2022\/06\/PICHACAO-VANDALISMO-EM-FRANCA-FOTOS-JORNAL-VERDADE-4-1536x746-1-e1655564405154.jpeg","type":"image\/jpeg"}],"author":"Fernando Lima","twitter_card":"summary_large_image","twitter_misc":{"Escrito por":"Fernando Lima","Est. tempo de leitura":"3 minutos"},"schema":{"@context":"https:\/\/schema.org","@graph":[{"@type":"WebPage","@id":"https:\/\/verdadeon.com.br\/portal\/2022\/06\/22\/apos-primeira-tentativa-sem-sucesso-licitacao-para-reforma-da-estacao-e-novamente-aberta\/","url":"https:\/\/verdadeon.com.br\/portal\/2022\/06\/22\/apos-primeira-tentativa-sem-sucesso-licitacao-para-reforma-da-estacao-e-novamente-aberta\/","name":"Ap\u00f3s primeira tentativa sem sucesso, licita\u00e7\u00e3o para reforma da Esta\u00e7\u00e3o \u00e9 novamente aberta - VerdadeOn","isPartOf":{"@id":"https:\/\/verdadeon.com.br\/portal\/#website"},"primaryImageOfPage":{"@id":"https:\/\/verdadeon.com.br\/portal\/2022\/06\/22\/apos-primeira-tentativa-sem-sucesso-licitacao-para-reforma-da-estacao-e-novamente-aberta\/#primaryimage"},"image":{"@id":"https:\/\/verdadeon.com.br\/portal\/2022\/06\/22\/apos-primeira-tentativa-sem-sucesso-licitacao-para-reforma-da-estacao-e-novamente-aberta\/#primaryimage"},"thumbnailUrl":"https:\/\/i0.wp.com\/verdadeon.com.br\/portal\/wp-content\/uploads\/2022\/06\/PICHACAO-VANDALISMO-EM-FRANCA-FOTOS-JORNAL-VERDADE-4-1536x746-1-e1655564405154.jpeg?fit=998%2C668&ssl=1","datePublished":"2022-06-22T19:27:15+00:00","author":{"@id":"https:\/\/verdadeon.com.br\/portal\/#\/schema\/person\/cc32be22b8e8599387c480bc83e1d11a"},"breadcrumb":{"@id":"https:\/\/verdadeon.com.br\/portal\/2022\/06\/22\/apos-primeira-tentativa-sem-sucesso-licitacao-para-reforma-da-estacao-e-novamente-aberta\/#breadcrumb"},"inLanguage":"pt-BR","potentialAction":[{"@type":"ReadAction","target":["https:\/\/verdadeon.com.br\/portal\/2022\/06\/22\/apos-primeira-tentativa-sem-sucesso-licitacao-para-reforma-da-estacao-e-novamente-aberta\/"]}]},{"@type":"ImageObject","inLanguage":"pt-BR","@id":"https:\/\/verdadeon.com.br\/portal\/2022\/06\/22\/apos-primeira-tentativa-sem-sucesso-licitacao-para-reforma-da-estacao-e-novamente-aberta\/#primaryimage","url":"https:\/\/i0.wp.com\/verdadeon.com.br\/portal\/wp-content\/uploads\/2022\/06\/PICHACAO-VANDALISMO-EM-FRANCA-FOTOS-JORNAL-VERDADE-4-1536x746-1-e1655564405154.jpeg?fit=998%2C668&ssl=1","contentUrl":"https:\/\/i0.wp.com\/verdadeon.com.br\/portal\/wp-content\/uploads\/2022\/06\/PICHACAO-VANDALISMO-EM-FRANCA-FOTOS-JORNAL-VERDADE-4-1536x746-1-e1655564405154.jpeg?fit=998%2C668&ssl=1","width":998,"height":668,"caption":"No local funciona a Biblioteca Municipal, que tamb\u00e9m \u00e9 alvo frequente de furtos, torneiras, fia\u00e7\u00e3o e at\u00e9 encanamento n\u00e3o escapam da a\u00e7\u00e3o dos v\u00e2ndalos | Foto: Nelise Luques"},{"@type":"BreadcrumbList","@id":"https:\/\/verdadeon.com.br\/portal\/2022\/06\/22\/apos-primeira-tentativa-sem-sucesso-licitacao-para-reforma-da-estacao-e-novamente-aberta\/#breadcrumb","itemListElement":[{"@type":"ListItem","position":1,"name":"In\u00edcio","item":"https:\/\/verdadeon.com.br\/portal\/"},{"@type":"ListItem","position":2,"name":"Ap\u00f3s primeira tentativa sem sucesso, licita\u00e7\u00e3o para reforma da Esta\u00e7\u00e3o \u00e9 novamente aberta"}]},{"@type":"WebSite","@id":"https:\/\/verdadeon.com.br\/portal\/#website","url":"https:\/\/verdadeon.com.br\/portal\/","name":"VerdadeOn","description":"Not\u00edcias di\u00e1rias sobre Franca, Regi\u00e3o, Esporte, Cultura, Cotidiano, Colunas. Cobertura nos principais eventos da cidade \u00e9 aqui - Verdadeon Franca","potentialAction":[{"@type":"SearchAction","target":{"@type":"EntryPoint","urlTemplate":"https:\/\/verdadeon.com.br\/portal\/?s={search_term_string}"},"query-input":{"@type":"PropertyValueSpecification","valueRequired":true,"valueName":"search_term_string"}}],"inLanguage":"pt-BR"},{"@type":"Person","@id":"https:\/\/verdadeon.com.br\/portal\/#\/schema\/person\/cc32be22b8e8599387c480bc83e1d11a","name":"Fernando Lima","image":{"@type":"ImageObject","inLanguage":"pt-BR","@id":"https:\/\/verdadeon.com.br\/portal\/#\/schema\/person\/image\/","url":"https:\/\/secure.gravatar.com\/avatar\/df4c8e132080d2b3a4841d5d232045464e0eed11a1d6e43115ca0843d48768d3?s=96&d=mm&r=g","contentUrl":"https:\/\/secure.gravatar.com\/avatar\/df4c8e132080d2b3a4841d5d232045464e0eed11a1d6e43115ca0843d48768d3?s=96&d=mm&r=g","caption":"Fernando Lima"},"sameAs":["http:\/\/verdadeon.com.br\/"],"url":"https:\/\/verdadeon.com.br\/portal\/author\/fernando-lima\/"}]}},"jetpack_publicize_connections":[],"jetpack_featured_media_url":"https:\/\/i0.wp.com\/verdadeon.com.br\/portal\/wp-content\/uploads\/2022\/06\/PICHACAO-VANDALISMO-EM-FRANCA-FOTOS-JORNAL-VERDADE-4-1536x746-1-e1655564405154.jpeg?fit=998%2C668&ssl=1","jetpack_sharing_enabled":true,"_links":{"self":[{"href":"https:\/\/verdadeon.com.br\/portal\/wp-json\/wp\/v2\/posts\/26012","targetHints":{"allow":["GET"]}}],"collection":[{"href":"https:\/\/verdadeon.com.br\/portal\/wp-json\/wp\/v2\/posts"}],"about":[{"href":"https:\/\/verdadeon.com.br\/portal\/wp-json\/wp\/v2\/types\/post"}],"author":[{"embeddable":true,"href":"https:\/\/verdadeon.com.br\/portal\/wp-json\/wp\/v2\/users\/7"}],"replies":[{"embeddable":true,"href":"https:\/\/verdadeon.com.br\/portal\/wp-json\/wp\/v2\/comments?post=26012"}],"version-history":[{"count":1,"href":"https:\/\/verdadeon.com.br\/portal\/wp-json\/wp\/v2\/posts\/26012\/revisions"}],"predecessor-version":[{"id":26013,"href":"https:\/\/verdadeon.com.br\/portal\/wp-json\/wp\/v2\/posts\/26012\/revisions\/26013"}],"wp:featuredmedia":[{"embeddable":true,"href":"https:\/\/verdadeon.com.br\/portal\/wp-json\/wp\/v2\/media\/25926"}],"wp:attachment":[{"href":"https:\/\/verdadeon.com.br\/portal\/wp-json\/wp\/v2\/media?parent=26012"}],"wp:term":[{"taxonomy":"category","embeddable":true,"href":"https:\/\/verdadeon.com.br\/portal\/wp-json\/wp\/v2\/categories?post=26012"},{"taxonomy":"post_tag","embeddable":true,"href":"https:\/\/verdadeon.com.br\/portal\/wp-json\/wp\/v2\/tags?post=26012"}],"curies":[{"name":"wp","href":"https:\/\/api.w.org\/{rel}","templated":true}]}}