{"id":25987,"date":"2022-06-21T17:30:21","date_gmt":"2022-06-21T20:30:21","guid":{"rendered":"https:\/\/verdadeon.com.br\/portal\/?p=25987"},"modified":"2022-06-21T17:30:21","modified_gmt":"2022-06-21T20:30:21","slug":"assinada-autorizacao-para-a-abertura-de-licitacao-do-hospital-estadual-de-franca","status":"publish","type":"post","link":"https:\/\/verdadeon.com.br\/portal\/2022\/06\/21\/assinada-autorizacao-para-a-abertura-de-licitacao-do-hospital-estadual-de-franca\/","title":{"rendered":"Assinada autoriza\u00e7\u00e3o para a abertura de licita\u00e7\u00e3o do Hospital Estadual de Franca"},"content":{"rendered":"<h2>Mesmo sem a licita\u00e7\u00e3o aberta, constru\u00e7\u00e3o j\u00e1 foi alvo de pol\u00eamicas entre os postulantes do Pal\u00e1cio dos Bandeirantes<\/h2>\n<p>O governador Rodrigo Garcia esteve em Franca nesta ter\u00e7a-feira (21), entre os principais compromissos do pol\u00edtico, a assinatura da autoriza\u00e7\u00e3o para a abertura da licita\u00e7\u00e3o do Hospital Estadual, a mesma ser\u00e1 publicada na pr\u00f3xima ter\u00e7a-feira (28).<\/p>\n<p>A expectativa de investimentos do Governo do Estado \u00e9 de at\u00e9 R$ 200 milh\u00f5es nas obras, que ter\u00e1 dura\u00e7\u00e3o de 30 meses a partir da assinatura do contrato.<\/p>\n<p>O hospital que ser\u00e1 constru\u00eddo na avenida S\u00e3o Vicente, na zona sul de Franca, ter\u00e1 cerca de 31 mil metros quadrados, com 225 leitos que v\u00e3o atender Franca e tamb\u00e9m as cidades que fazem parte da DRS 8, uma popula\u00e7\u00e3o estimada em mais de 720 mil pessoas.<\/p>\n<p>A unidade ser\u00e1 refer\u00eancia para alta e m\u00e9dia complexidade, ser\u00e3o 150 leitos em Cl\u00ednicas M\u00e9dica e Cir\u00fargica, 20 leitos em Hospital Dia, 15 leitos de Psiquiatria, 10 pedi\u00e1tricos e 30 leitos de UTI adulto.<\/p>\n<p>Entre os atendimentos previstos est\u00e3o cl\u00ednica m\u00e9dica, cirurgias, Medicina Nuclear (Cintilografia) e a\u00e7\u00f5es assistenciais de car\u00e1ter hospitalar nas \u00e1reas de Cl\u00ednica M\u00e9dica, Psiquiatria, Pediatria, Otorrinolaringologia, Cirurgia Geral, Card\u00edaca, Pl\u00e1stica, Pedi\u00e1trica, Cabe\u00e7a e Pesco\u00e7o e Ginecol\u00f3gica, Urologia, Cardiovascular, Gastroenterologia, Urologia, Proctologia, Cardiologia, Anestesiologia, Oftalmologia, Neurologia, Nefrologia, e Traumato-Ortopedia\u201d, informou o Governo.<\/p>\n<p>Esta \u00e9 a segunda vez que o pol\u00edtico do PSDB esteve em Franca em 2022. Em abril, o pr\u00e9-candidato come\u00e7ou na cidade a sua pr\u00e9-campanha. Na ocasi\u00e3o acompanhado de prefeitos, secret\u00e1rios e outras autoridades, o pol\u00edtico assinou conv\u00eanios de mais de R$ 100 milh\u00f5es.<\/p>\n<p>Nesta ter\u00e7a-feira n\u00e3o foi diferente, al\u00e9m da assinatura da autoriza\u00e7\u00e3o da abertura de licita\u00e7\u00e3o, Garcia inaugurou as obras de capta\u00e7\u00e3o das \u00e1guas do Rio Sapuca\u00ed Mirim, na zona sul da cidade, mais uma vez acompanhando de deputados estaduais, federais, prefeitos e secret\u00e1rios, al\u00e9m de diretores da pr\u00f3pria Sabesp.<\/p>\n","protected":false},"excerpt":{"rendered":"<p>Mesmo sem a licita\u00e7\u00e3o aberta, constru\u00e7\u00e3o j\u00e1 foi alvo de pol\u00eamicas entre os postulantes do Pal\u00e1cio dos Bandeirantes O governador Rodrigo Garcia esteve em Franca nesta<span class=\"excerpt-hellip\"> [\u2026]<\/span><\/p>\n","protected":false},"author":7,"featured_media":25994,"comment_status":"open","ping_status":"open","sticky":false,"template":"","format":"standard","meta":{"_jetpack_memberships_contains_paid_content":false,"footnotes":"","jetpack_publicize_message":"","jetpack_publicize_feature_enabled":true,"jetpack_social_post_already_shared":false,"jetpack_social_options":{"image_generator_settings":{"template":"highway","default_image_id":0,"enabled":false},"version":2}},"categories":[28,81],"tags":[],"class_list":["post-25987","post","type-post","status-publish","format-standard","has-post-thumbnail","hentry","category-cotidiano","category-manchete"],"yoast_head":"<!-- This site is optimized with the Yoast SEO plugin v25.6 - https:\/\/yoast.com\/wordpress\/plugins\/seo\/ -->\n<title>Assinada autoriza\u00e7\u00e3o para a abertura de licita\u00e7\u00e3o do Hospital Estadual de Franca - VerdadeOn<\/title>\n<meta name=\"robots\" content=\"index, follow, max-snippet:-1, max-image-preview:large, max-video-preview:-1\" \/>\n<link rel=\"canonical\" href=\"https:\/\/verdadeon.com.br\/portal\/2022\/06\/21\/assinada-autorizacao-para-a-abertura-de-licitacao-do-hospital-estadual-de-franca\/\" \/>\n<meta property=\"og:locale\" content=\"pt_BR\" \/>\n<meta property=\"og:type\" content=\"article\" \/>\n<meta property=\"og:title\" content=\"Assinada autoriza\u00e7\u00e3o para a abertura de licita\u00e7\u00e3o do Hospital Estadual de Franca - VerdadeOn\" \/>\n<meta property=\"og:description\" content=\"Mesmo sem a licita\u00e7\u00e3o aberta, constru\u00e7\u00e3o j\u00e1 foi alvo de pol\u00eamicas entre os postulantes do Pal\u00e1cio dos Bandeirantes O governador Rodrigo Garcia esteve em Franca nesta [\u2026]\" \/>\n<meta property=\"og:url\" content=\"https:\/\/verdadeon.com.br\/portal\/2022\/06\/21\/assinada-autorizacao-para-a-abertura-de-licitacao-do-hospital-estadual-de-franca\/\" \/>\n<meta property=\"og:site_name\" content=\"VerdadeOn\" \/>\n<meta property=\"article:published_time\" content=\"2022-06-21T20:30:21+00:00\" \/>\n<meta property=\"og:image\" content=\"https:\/\/verdadeon.com.br\/portal\/wp-content\/uploads\/2022\/06\/WhatsApp-Image-2022-06-21-at-17.22.28-e1655843308424.jpeg\" \/>\n\t<meta property=\"og:image:width\" content=\"1000\" \/>\n\t<meta property=\"og:image:height\" content=\"672\" \/>\n\t<meta property=\"og:image:type\" content=\"image\/jpeg\" \/>\n<meta name=\"author\" content=\"Fernando Lima\" \/>\n<meta name=\"twitter:card\" content=\"summary_large_image\" \/>\n<meta name=\"twitter:label1\" content=\"Escrito por\" \/>\n\t<meta name=\"twitter:data1\" content=\"Fernando Lima\" \/>\n\t<meta name=\"twitter:label2\" content=\"Est. tempo de leitura\" \/>\n\t<meta name=\"twitter:data2\" content=\"2 minutos\" \/>\n<script type=\"application\/ld+json\" class=\"yoast-schema-graph\">{\"@context\":\"https:\/\/schema.org\",\"@graph\":[{\"@type\":\"WebPage\",\"@id\":\"https:\/\/verdadeon.com.br\/portal\/2022\/06\/21\/assinada-autorizacao-para-a-abertura-de-licitacao-do-hospital-estadual-de-franca\/\",\"url\":\"https:\/\/verdadeon.com.br\/portal\/2022\/06\/21\/assinada-autorizacao-para-a-abertura-de-licitacao-do-hospital-estadual-de-franca\/\",\"name\":\"Assinada autoriza\u00e7\u00e3o para a abertura de licita\u00e7\u00e3o do Hospital Estadual de Franca - VerdadeOn\",\"isPartOf\":{\"@id\":\"https:\/\/verdadeon.com.br\/portal\/#website\"},\"primaryImageOfPage\":{\"@id\":\"https:\/\/verdadeon.com.br\/portal\/2022\/06\/21\/assinada-autorizacao-para-a-abertura-de-licitacao-do-hospital-estadual-de-franca\/#primaryimage\"},\"image\":{\"@id\":\"https:\/\/verdadeon.com.br\/portal\/2022\/06\/21\/assinada-autorizacao-para-a-abertura-de-licitacao-do-hospital-estadual-de-franca\/#primaryimage\"},\"thumbnailUrl\":\"https:\/\/i0.wp.com\/verdadeon.com.br\/portal\/wp-content\/uploads\/2022\/06\/WhatsApp-Image-2022-06-21-at-17.22.28-e1655843308424.jpeg?fit=1000%2C672&ssl=1\",\"datePublished\":\"2022-06-21T20:30:21+00:00\",\"author\":{\"@id\":\"https:\/\/verdadeon.com.br\/portal\/#\/schema\/person\/cc32be22b8e8599387c480bc83e1d11a\"},\"breadcrumb\":{\"@id\":\"https:\/\/verdadeon.com.br\/portal\/2022\/06\/21\/assinada-autorizacao-para-a-abertura-de-licitacao-do-hospital-estadual-de-franca\/#breadcrumb\"},\"inLanguage\":\"pt-BR\",\"potentialAction\":[{\"@type\":\"ReadAction\",\"target\":[\"https:\/\/verdadeon.com.br\/portal\/2022\/06\/21\/assinada-autorizacao-para-a-abertura-de-licitacao-do-hospital-estadual-de-franca\/\"]}]},{\"@type\":\"ImageObject\",\"inLanguage\":\"pt-BR\",\"@id\":\"https:\/\/verdadeon.com.br\/portal\/2022\/06\/21\/assinada-autorizacao-para-a-abertura-de-licitacao-do-hospital-estadual-de-franca\/#primaryimage\",\"url\":\"https:\/\/i0.wp.com\/verdadeon.com.br\/portal\/wp-content\/uploads\/2022\/06\/WhatsApp-Image-2022-06-21-at-17.22.28-e1655843308424.jpeg?fit=1000%2C672&ssl=1\",\"contentUrl\":\"https:\/\/i0.wp.com\/verdadeon.com.br\/portal\/wp-content\/uploads\/2022\/06\/WhatsApp-Image-2022-06-21-at-17.22.28-e1655843308424.jpeg?fit=1000%2C672&ssl=1\",\"width\":1000,\"height\":672,\"caption\":\"Documento foi assinado durante um evento em um hotel na zona sul da cidade | Foto: Nelise Luques\"},{\"@type\":\"BreadcrumbList\",\"@id\":\"https:\/\/verdadeon.com.br\/portal\/2022\/06\/21\/assinada-autorizacao-para-a-abertura-de-licitacao-do-hospital-estadual-de-franca\/#breadcrumb\",\"itemListElement\":[{\"@type\":\"ListItem\",\"position\":1,\"name\":\"In\u00edcio\",\"item\":\"https:\/\/verdadeon.com.br\/portal\/\"},{\"@type\":\"ListItem\",\"position\":2,\"name\":\"Assinada autoriza\u00e7\u00e3o para a abertura de licita\u00e7\u00e3o do Hospital Estadual de Franca\"}]},{\"@type\":\"WebSite\",\"@id\":\"https:\/\/verdadeon.com.br\/portal\/#website\",\"url\":\"https:\/\/verdadeon.com.br\/portal\/\",\"name\":\"VerdadeOn\",\"description\":\"Not\u00edcias di\u00e1rias sobre Franca, Regi\u00e3o, Esporte, Cultura, Cotidiano, Colunas. Cobertura nos principais eventos da cidade \u00e9 aqui - Verdadeon Franca\",\"potentialAction\":[{\"@type\":\"SearchAction\",\"target\":{\"@type\":\"EntryPoint\",\"urlTemplate\":\"https:\/\/verdadeon.com.br\/portal\/?s={search_term_string}\"},\"query-input\":{\"@type\":\"PropertyValueSpecification\",\"valueRequired\":true,\"valueName\":\"search_term_string\"}}],\"inLanguage\":\"pt-BR\"},{\"@type\":\"Person\",\"@id\":\"https:\/\/verdadeon.com.br\/portal\/#\/schema\/person\/cc32be22b8e8599387c480bc83e1d11a\",\"name\":\"Fernando Lima\",\"image\":{\"@type\":\"ImageObject\",\"inLanguage\":\"pt-BR\",\"@id\":\"https:\/\/verdadeon.com.br\/portal\/#\/schema\/person\/image\/\",\"url\":\"https:\/\/secure.gravatar.com\/avatar\/df4c8e132080d2b3a4841d5d232045464e0eed11a1d6e43115ca0843d48768d3?s=96&d=mm&r=g\",\"contentUrl\":\"https:\/\/secure.gravatar.com\/avatar\/df4c8e132080d2b3a4841d5d232045464e0eed11a1d6e43115ca0843d48768d3?s=96&d=mm&r=g\",\"caption\":\"Fernando Lima\"},\"sameAs\":[\"http:\/\/verdadeon.com.br\/\"],\"url\":\"https:\/\/verdadeon.com.br\/portal\/author\/fernando-lima\/\"}]}<\/script>\n<!-- \/ Yoast SEO plugin. -->","yoast_head_json":{"title":"Assinada autoriza\u00e7\u00e3o para a abertura de licita\u00e7\u00e3o do Hospital Estadual de Franca - VerdadeOn","robots":{"index":"index","follow":"follow","max-snippet":"max-snippet:-1","max-image-preview":"max-image-preview:large","max-video-preview":"max-video-preview:-1"},"canonical":"https:\/\/verdadeon.com.br\/portal\/2022\/06\/21\/assinada-autorizacao-para-a-abertura-de-licitacao-do-hospital-estadual-de-franca\/","og_locale":"pt_BR","og_type":"article","og_title":"Assinada autoriza\u00e7\u00e3o para a abertura de licita\u00e7\u00e3o do Hospital Estadual de Franca - VerdadeOn","og_description":"Mesmo sem a licita\u00e7\u00e3o aberta, constru\u00e7\u00e3o j\u00e1 foi alvo de pol\u00eamicas entre os postulantes do Pal\u00e1cio dos Bandeirantes O governador Rodrigo Garcia esteve em Franca nesta [\u2026]","og_url":"https:\/\/verdadeon.com.br\/portal\/2022\/06\/21\/assinada-autorizacao-para-a-abertura-de-licitacao-do-hospital-estadual-de-franca\/","og_site_name":"VerdadeOn","article_published_time":"2022-06-21T20:30:21+00:00","og_image":[{"width":1000,"height":672,"url":"https:\/\/verdadeon.com.br\/portal\/wp-content\/uploads\/2022\/06\/WhatsApp-Image-2022-06-21-at-17.22.28-e1655843308424.jpeg","type":"image\/jpeg"}],"author":"Fernando Lima","twitter_card":"summary_large_image","twitter_misc":{"Escrito por":"Fernando Lima","Est. tempo de leitura":"2 minutos"},"schema":{"@context":"https:\/\/schema.org","@graph":[{"@type":"WebPage","@id":"https:\/\/verdadeon.com.br\/portal\/2022\/06\/21\/assinada-autorizacao-para-a-abertura-de-licitacao-do-hospital-estadual-de-franca\/","url":"https:\/\/verdadeon.com.br\/portal\/2022\/06\/21\/assinada-autorizacao-para-a-abertura-de-licitacao-do-hospital-estadual-de-franca\/","name":"Assinada autoriza\u00e7\u00e3o para a abertura de licita\u00e7\u00e3o do Hospital Estadual de Franca - VerdadeOn","isPartOf":{"@id":"https:\/\/verdadeon.com.br\/portal\/#website"},"primaryImageOfPage":{"@id":"https:\/\/verdadeon.com.br\/portal\/2022\/06\/21\/assinada-autorizacao-para-a-abertura-de-licitacao-do-hospital-estadual-de-franca\/#primaryimage"},"image":{"@id":"https:\/\/verdadeon.com.br\/portal\/2022\/06\/21\/assinada-autorizacao-para-a-abertura-de-licitacao-do-hospital-estadual-de-franca\/#primaryimage"},"thumbnailUrl":"https:\/\/i0.wp.com\/verdadeon.com.br\/portal\/wp-content\/uploads\/2022\/06\/WhatsApp-Image-2022-06-21-at-17.22.28-e1655843308424.jpeg?fit=1000%2C672&ssl=1","datePublished":"2022-06-21T20:30:21+00:00","author":{"@id":"https:\/\/verdadeon.com.br\/portal\/#\/schema\/person\/cc32be22b8e8599387c480bc83e1d11a"},"breadcrumb":{"@id":"https:\/\/verdadeon.com.br\/portal\/2022\/06\/21\/assinada-autorizacao-para-a-abertura-de-licitacao-do-hospital-estadual-de-franca\/#breadcrumb"},"inLanguage":"pt-BR","potentialAction":[{"@type":"ReadAction","target":["https:\/\/verdadeon.com.br\/portal\/2022\/06\/21\/assinada-autorizacao-para-a-abertura-de-licitacao-do-hospital-estadual-de-franca\/"]}]},{"@type":"ImageObject","inLanguage":"pt-BR","@id":"https:\/\/verdadeon.com.br\/portal\/2022\/06\/21\/assinada-autorizacao-para-a-abertura-de-licitacao-do-hospital-estadual-de-franca\/#primaryimage","url":"https:\/\/i0.wp.com\/verdadeon.com.br\/portal\/wp-content\/uploads\/2022\/06\/WhatsApp-Image-2022-06-21-at-17.22.28-e1655843308424.jpeg?fit=1000%2C672&ssl=1","contentUrl":"https:\/\/i0.wp.com\/verdadeon.com.br\/portal\/wp-content\/uploads\/2022\/06\/WhatsApp-Image-2022-06-21-at-17.22.28-e1655843308424.jpeg?fit=1000%2C672&ssl=1","width":1000,"height":672,"caption":"Documento foi assinado durante um evento em um hotel na zona sul da cidade | Foto: Nelise Luques"},{"@type":"BreadcrumbList","@id":"https:\/\/verdadeon.com.br\/portal\/2022\/06\/21\/assinada-autorizacao-para-a-abertura-de-licitacao-do-hospital-estadual-de-franca\/#breadcrumb","itemListElement":[{"@type":"ListItem","position":1,"name":"In\u00edcio","item":"https:\/\/verdadeon.com.br\/portal\/"},{"@type":"ListItem","position":2,"name":"Assinada autoriza\u00e7\u00e3o para a abertura de licita\u00e7\u00e3o do Hospital Estadual de Franca"}]},{"@type":"WebSite","@id":"https:\/\/verdadeon.com.br\/portal\/#website","url":"https:\/\/verdadeon.com.br\/portal\/","name":"VerdadeOn","description":"Not\u00edcias di\u00e1rias sobre Franca, Regi\u00e3o, Esporte, Cultura, Cotidiano, Colunas. Cobertura nos principais eventos da cidade \u00e9 aqui - Verdadeon Franca","potentialAction":[{"@type":"SearchAction","target":{"@type":"EntryPoint","urlTemplate":"https:\/\/verdadeon.com.br\/portal\/?s={search_term_string}"},"query-input":{"@type":"PropertyValueSpecification","valueRequired":true,"valueName":"search_term_string"}}],"inLanguage":"pt-BR"},{"@type":"Person","@id":"https:\/\/verdadeon.com.br\/portal\/#\/schema\/person\/cc32be22b8e8599387c480bc83e1d11a","name":"Fernando Lima","image":{"@type":"ImageObject","inLanguage":"pt-BR","@id":"https:\/\/verdadeon.com.br\/portal\/#\/schema\/person\/image\/","url":"https:\/\/secure.gravatar.com\/avatar\/df4c8e132080d2b3a4841d5d232045464e0eed11a1d6e43115ca0843d48768d3?s=96&d=mm&r=g","contentUrl":"https:\/\/secure.gravatar.com\/avatar\/df4c8e132080d2b3a4841d5d232045464e0eed11a1d6e43115ca0843d48768d3?s=96&d=mm&r=g","caption":"Fernando Lima"},"sameAs":["http:\/\/verdadeon.com.br\/"],"url":"https:\/\/verdadeon.com.br\/portal\/author\/fernando-lima\/"}]}},"jetpack_publicize_connections":[],"jetpack_featured_media_url":"https:\/\/i0.wp.com\/verdadeon.com.br\/portal\/wp-content\/uploads\/2022\/06\/WhatsApp-Image-2022-06-21-at-17.22.28-e1655843308424.jpeg?fit=1000%2C672&ssl=1","jetpack_sharing_enabled":true,"_links":{"self":[{"href":"https:\/\/verdadeon.com.br\/portal\/wp-json\/wp\/v2\/posts\/25987","targetHints":{"allow":["GET"]}}],"collection":[{"href":"https:\/\/verdadeon.com.br\/portal\/wp-json\/wp\/v2\/posts"}],"about":[{"href":"https:\/\/verdadeon.com.br\/portal\/wp-json\/wp\/v2\/types\/post"}],"author":[{"embeddable":true,"href":"https:\/\/verdadeon.com.br\/portal\/wp-json\/wp\/v2\/users\/7"}],"replies":[{"embeddable":true,"href":"https:\/\/verdadeon.com.br\/portal\/wp-json\/wp\/v2\/comments?post=25987"}],"version-history":[{"count":1,"href":"https:\/\/verdadeon.com.br\/portal\/wp-json\/wp\/v2\/posts\/25987\/revisions"}],"predecessor-version":[{"id":25995,"href":"https:\/\/verdadeon.com.br\/portal\/wp-json\/wp\/v2\/posts\/25987\/revisions\/25995"}],"wp:featuredmedia":[{"embeddable":true,"href":"https:\/\/verdadeon.com.br\/portal\/wp-json\/wp\/v2\/media\/25994"}],"wp:attachment":[{"href":"https:\/\/verdadeon.com.br\/portal\/wp-json\/wp\/v2\/media?parent=25987"}],"wp:term":[{"taxonomy":"category","embeddable":true,"href":"https:\/\/verdadeon.com.br\/portal\/wp-json\/wp\/v2\/categories?post=25987"},{"taxonomy":"post_tag","embeddable":true,"href":"https:\/\/verdadeon.com.br\/portal\/wp-json\/wp\/v2\/tags?post=25987"}],"curies":[{"name":"wp","href":"https:\/\/api.w.org\/{rel}","templated":true}]}}